{"id":784375,"date":"2025-01-29T18:58:13","date_gmt":"2025-01-29T14:58:13","guid":{"rendered":"https:\/\/arantv.az\/?p=784375"},"modified":"2025-01-29T18:58:13","modified_gmt":"2025-01-29T14:58:13","slug":"iqtisadcidan-z%c9%99ng%c9%99zur-d%c9%99hlizi-il%c9%99-bagli-muhum-aciqlama","status":"publish","type":"post","link":"https:\/\/arantv.az\/?p=784375","title":{"rendered":"\u0130qtisad\u00e7\u0131dan Z\u0259ng\u0259zur d\u0259hlizi il\u0259 ba\u011fl\u0131 M\u00dcH\u00dcM A\u00c7IQLAMA"},"content":{"rendered":"<p><strong>\u00d6zb\u0259kistan\u0131n xarici i\u015fl\u0259r naziri Baxtiyor Saidov Ankarada ke\u00e7iril\u0259n \u00fc\u00e7t\u0259r\u0259fli g\u00f6r\u00fc\u015fd\u0259n sonra m\u0259tbuat konfrans\u0131nda deyib ki, \u00d6zb\u0259kistan, Az\u0259rbaycan v\u0259 T\u00fcrkiy\u0259nin co\u011frafi m\u00f6vqeyi v\u0259 tranzit potensial\u0131 strateji \u0259h\u0259miyy\u0259t\u0259 malikdir.<\/strong><\/p>\n<p><strong>&#8220;Bu sah\u0259d\u0259 yax\u0131n \u0259m\u0259kda\u015fl\u0131q sad\u0259c\u0259 y\u00fckda\u015f\u0131man\u0131n sabitliyini t\u0259min etm\u0259y\u0259c\u0259k, h\u0259m d\u0259 qlobal bazar\u0131n ehtiyaclar\u0131n\u0131 qar\u015f\u0131layan yeni n\u0259qliyyat koridorlar\u0131n\u0131n yarad\u0131lmas\u0131na da s\u0259b\u0259b olacaq&#8221;.<\/strong><\/p>\n<p>Bu fikirl\u0259ri\u00a0<strong>Musavat.com<\/strong>\u00a0\u00fc\u00e7\u00fcn \u015f\u0259rh ed\u0259n iqtisad\u00e7\u0131 Eld\u0259niz \u018fmirov hesab edir ki, bu tip g\u00f6r\u00fc\u015fl\u0259r T\u00fcrkiy\u0259nin M\u0259rk\u0259zi Asiyada olan n\u00fcfuzunun ciddi artmas\u0131ndan, eyni zamanda T\u00fcrkiy\u0259nin M\u0259rk\u0259zi Asiya respublikalar\u0131na daha \u00e7ox n\u00fcfuz etm\u0259sind\u0259n qaynaqlan\u0131r.<\/p>\n<p><img loading=\"lazy\" src=\"https:\/\/cdn.musavat.com\/news\/thumbnails\/dbe11cc383787583e6ecca548ab5b23a.jpg\" alt=\"ELDEN.jpeg (283 KB)\" width=\"700\" height=\"746\" \/><\/p>\n<p><strong>E.\u018fmirov vur\u011fulay\u0131b ki, \u00d6zb\u0259kistan art\u0131q \u015e\u0259rq-Q\u0259rb d\u0259hlizinin i\u015ftirak\u00e7\u0131s\u0131d\u0131r:<\/strong><\/p>\n<p>&#8220;\u015e\u0259rq-Q\u0259rb d\u0259hlizi bar\u0259d\u0259 dan\u0131\u015fark\u0259n Qazax\u0131stan, X\u0259z\u0259r d\u0259nizi, Az\u0259rbaycan, G\u00fcrc\u00fcstan, T\u00fcrkiy\u0259nin ad\u0131n\u0131 \u00e7\u0259ks\u0259k d\u0259, \u00d6zb\u0259kistan bu d\u0259hlizin c\u0259nub hiss\u0259sind\u0259 olan \u00f6lk\u0259dir. \u00d6zb\u0259kistan Orta d\u0259hlizd\u0259n bu g\u00fcn d\u0259 yararlan\u0131r. O ki qald\u0131 yeni n\u0259qliyyat d\u0259hlizl\u0259ri bar\u0259d\u0259 fikirl\u0259r\u0259, hesab edir\u0259m ki, s\u00f6hb\u0259t Z\u0259ng\u0259zur d\u0259hlizind\u0259n gedir. \u00c7\u00fcnki b\u00fct\u00fcn hallarda X\u0259z\u0259r d\u0259nizi \u00fcz\u0259rind\u0259 M\u0259rk\u0259zi Asiya t\u0259r\u0259fd\u0259 iki b\u00f6y\u00fck liman v\u0259 X\u0259z\u0259r d\u0259nizinin q\u0259rb sahilind\u0259, y\u0259ni Az\u0259rbaycan t\u0259r\u0259fd\u0259 is\u0259 Bak\u0131 Beyn\u0259lxalq Ticar\u0259t Liman\u0131 var ki, bu liman h\u0259m Lapis Lazuli, h\u0259m \u015eimal-C\u0259nub, h\u0259m \u015e\u0259rq-Q\u0259rb n\u0259qliyyat d\u0259hlizinin, eyni zamanda Orta d\u0259hlizin birba\u015fa k\u0259si\u015fm\u0259 n\u00f6qt\u0259sidir. Bu d\u0259hlizl\u0259r, o c\u00fcml\u0259d\u0259n \u015eimal-Q\u0259rb d\u0259hlizi, C\u0259nub-Q\u0259rb d\u0259hlizi, \u015e\u0259rq-Q\u0259rb d\u0259hlizi Bak\u0131-Tbilisi-Qars d\u0259mir yolunun bir elementidir. Bu bax\u0131mdan, s\u00f6hb\u0259t \u0259g\u0259r tam yeni bir hiss\u0259d\u0259n gedirs\u0259, haz\u0131rda bu, potensial olaraq Z\u0259ng\u0259zur d\u0259hlizidir.<\/p>\n<p>M\u0259hz Z\u0259ng\u0259zur d\u0259hlizi \u00fcz\u0259rind\u0259n birba\u015fa T\u00fcrkiy\u0259y\u0259 ke\u00e7id m\u00fcmk\u00fcnd\u00fcr. Hesab edir\u0259m ki, t\u00fcrk d\u00fcnyas\u0131n\u0131n vahid inteqrasiyas\u0131 \u00fc\u00e7\u00fcn h\u0259llini g\u00f6zl\u0259y\u0259n yegan\u0259 problem Z\u0259ng\u0259zur d\u0259hlizi il\u0259 ba\u011fl\u0131d\u0131r. Bu problem h\u0259ll olunduqdan sonra h\u0259m yeni n\u0259qliyyat d\u0259hlizi yaranacaq, h\u0259m d\u0259 vahid t\u00fcrk d\u00fcnyas\u0131 inteqrasiya olunmu\u015f formada inki\u015faf ed\u0259c\u0259k&#8221;.<\/p>\n","protected":false},"excerpt":{"rendered":"<p>\u00d6zb\u0259kistan\u0131n xarici i\u015fl\u0259r naziri Baxtiyor Saidov Ankarada ke\u00e7iril\u0259n \u00fc\u00e7t\u0259r\u0259fli g\u00f6r\u00fc\u015fd\u0259n sonra m\u0259tbuat konfrans\u0131nda deyib ki, \u00d6zb\u0259kistan, Az\u0259rbaycan v\u0259 T\u00fcrkiy\u0259nin co\u011frafi m\u00f6vqeyi v\u0259 tranzit potensial\u0131 strateji \u0259h\u0259miyy\u0259t\u0259 malikdir. &#8220;Bu sah\u0259d\u0259 yax\u0131n \u0259m\u0259kda\u015fl\u0131q sad\u0259c\u0259 y\u00fckda\u015f\u0131man\u0131n sabitliyini t\u0259min etm\u0259y\u0259c\u0259k, h\u0259m d\u0259 qlobal bazar\u0131n ehtiyaclar\u0131n\u0131 qar\u015f\u0131layan yeni n\u0259qliyyat koridorlar\u0131n\u0131n yarad\u0131lmas\u0131na da s\u0259b\u0259b olacaq&#8221;. Bu fikirl\u0259ri\u00a0Musavat.com\u00a0\u00fc\u00e7\u00fcn \u015f\u0259rh ed\u0259n iqtisad\u00e7\u0131 Eld\u0259niz \u018fmirov hesab edir ki, bu tip g\u00f6r\u00fc\u015fl\u0259r T\u00fcrkiy\u0259nin M\u0259rk\u0259zi Asiyada olan n\u00fcfuzunun ciddi artmas\u0131ndan, eyni zamanda T\u00fcrkiy\u0259nin M\u0259rk\u0259zi Asiya respublikalar\u0131na daha \u00e7ox n\u00fcfuz etm\u0259sind\u0259n qaynaqlan\u0131r. E.\u018fmirov vur\u011fulay\u0131b ki, \u00d6zb\u0259kistan art\u0131q \u015e\u0259rq-Q\u0259rb d\u0259hlizinin i\u015ftirak\u00e7\u0131s\u0131d\u0131r: &#8220;\u015e\u0259rq-Q\u0259rb d\u0259hlizi&hellip;<\/p>\n","protected":false},"author":2,"featured_media":784376,"comment_status":"closed","ping_status":"closed","sticky":false,"template":"","format":"standard","meta":{"om_disable_all_campaigns":false,"_monsterinsights_skip_tracking":false,"_monsterinsights_sitenote_active":false,"_monsterinsights_sitenote_note":"","_monsterinsights_sitenote_category":0},"categories":[19],"tags":[],"aioseo_notices":[],"gutentor_comment":0,"rttpg_featured_image_url":{"full":["https:\/\/arantv.az\/wp-content\/uploads\/2025\/01\/47e022c902f2addfacc6f387e3a815a7.jpg",296,170,false],"landscape":["https:\/\/arantv.az\/wp-content\/uploads\/2025\/01\/47e022c902f2addfacc6f387e3a815a7.jpg",296,170,false],"portraits":["https:\/\/arantv.az\/wp-content\/uploads\/2025\/01\/47e022c902f2addfacc6f387e3a815a7.jpg",296,170,false],"thumbnail":["https:\/\/arantv.az\/wp-content\/uploads\/2025\/01\/47e022c902f2addfacc6f387e3a815a7.jpg",296,170,false],"medium":["https:\/\/arantv.az\/wp-content\/uploads\/2025\/01\/47e022c902f2addfacc6f387e3a815a7.jpg",296,170,false],"large":["https:\/\/arantv.az\/wp-content\/uploads\/2025\/01\/47e022c902f2addfacc6f387e3a815a7.jpg",296,170,false],"1536x1536":["https:\/\/arantv.az\/wp-content\/uploads\/2025\/01\/47e022c902f2addfacc6f387e3a815a7.jpg",296,170,false],"2048x2048":["https:\/\/arantv.az\/wp-content\/uploads\/2025\/01\/47e022c902f2addfacc6f387e3a815a7.jpg",296,170,false],"post-thumbnail":["https:\/\/arantv.az\/wp-content\/uploads\/2025\/01\/47e022c902f2addfacc6f387e3a815a7-240x170.jpg",240,170,true],"advps-thumb-one":["https:\/\/arantv.az\/wp-content\/uploads\/2025\/01\/47e022c902f2addfacc6f387e3a815a7.jpg",296,170,false]},"rttpg_author":{"display_name":"V\u00fcsal Rafiqo\u011flu","author_link":"https:\/\/arantv.az\/?author=2"},"rttpg_comment":0,"rttpg_category":"<a href=\"https:\/\/arantv.az\/?cat=19\" rel=\"category\">G\u00fcnd\u0259m<\/a>","rttpg_excerpt":"\u00d6zb\u0259kistan\u0131n xarici i\u015fl\u0259r naziri Baxtiyor Saidov Ankarada ke\u00e7iril\u0259n \u00fc\u00e7t\u0259r\u0259fli g\u00f6r\u00fc\u015fd\u0259n sonra m\u0259tbuat konfrans\u0131nda deyib ki, \u00d6zb\u0259kistan, Az\u0259rbaycan v\u0259 T\u00fcrkiy\u0259nin co\u011frafi m\u00f6vqeyi v\u0259 tranzit potensial\u0131 strateji \u0259h\u0259miyy\u0259t\u0259 malikdir. &#8220;Bu sah\u0259d\u0259 yax\u0131n \u0259m\u0259kda\u015fl\u0131q sad\u0259c\u0259 y\u00fckda\u015f\u0131man\u0131n sabitliyini t\u0259min etm\u0259y\u0259c\u0259k, h\u0259m d\u0259 qlobal bazar\u0131n ehtiyaclar\u0131n\u0131 qar\u015f\u0131layan yeni n\u0259qliyyat koridorlar\u0131n\u0131n yarad\u0131lmas\u0131na da s\u0259b\u0259b olacaq&#8221;. Bu fikirl\u0259ri\u00a0Musavat.com\u00a0\u00fc\u00e7\u00fcn \u015f\u0259rh ed\u0259n iqtisad\u00e7\u0131 Eld\u0259niz&hellip;","_links":{"self":[{"href":"https:\/\/arantv.az\/index.php?rest_route=\/wp\/v2\/posts\/784375"}],"collection":[{"href":"https:\/\/arantv.az\/index.php?rest_route=\/wp\/v2\/posts"}],"about":[{"href":"https:\/\/arantv.az\/index.php?rest_route=\/wp\/v2\/types\/post"}],"author":[{"embeddable":true,"href":"https:\/\/arantv.az\/index.php?rest_route=\/wp\/v2\/users\/2"}],"replies":[{"embeddable":true,"href":"https:\/\/arantv.az\/index.php?rest_route=%2Fwp%2Fv2%2Fcomments&post=784375"}],"version-history":[{"count":1,"href":"https:\/\/arantv.az\/index.php?rest_route=\/wp\/v2\/posts\/784375\/revisions"}],"predecessor-version":[{"id":784377,"href":"https:\/\/arantv.az\/index.php?rest_route=\/wp\/v2\/posts\/784375\/revisions\/784377"}],"wp:featuredmedia":[{"embeddable":true,"href":"https:\/\/arantv.az\/index.php?rest_route=\/wp\/v2\/media\/784376"}],"wp:attachment":[{"href":"https:\/\/arantv.az\/index.php?rest_route=%2Fwp%2Fv2%2Fmedia&parent=784375"}],"wp:term":[{"taxonomy":"category","embeddable":true,"href":"https:\/\/arantv.az\/index.php?rest_route=%2Fwp%2Fv2%2Fcategories&post=784375"},{"taxonomy":"post_tag","embeddable":true,"href":"https:\/\/arantv.az\/index.php?rest_route=%2Fwp%2Fv2%2Ftags&post=784375"}],"curies":[{"name":"wp","href":"https:\/\/api.w.org\/{rel}","templated":true}]}}