{"id":784452,"date":"2025-01-30T10:37:47","date_gmt":"2025-01-30T06:37:47","guid":{"rendered":"https:\/\/arantv.az\/?p=784452"},"modified":"2025-01-30T10:37:47","modified_gmt":"2025-01-30T06:37:47","slug":"uc-turk-dovl%c9%99ti-ankara-b%c9%99yannam%c9%99si-imzaladi-yol-x%c9%99rit%c9%99si","status":"publish","type":"post","link":"https:\/\/arantv.az\/?p=784452","title":{"rendered":"\u00dc\u00e7 t\u00fcrk d\u00f6vl\u0259ti Ankara B\u0259yannam\u0259si imzalad\u0131 &#8211; yol x\u0259rit\u0259si"},"content":{"rendered":"<p><strong>D\u00fcnyada v\u0259 b\u00f6lg\u0259mizd\u0259 ba\u015f ver\u0259n m\u00fcnaqi\u015f\u0259l\u0259r T\u00fcrkiy\u0259ni, C\u0259nubi Qafqaz\u0131, Orta Asiyan\u0131 \u0259n etibarl\u0131 ticar\u0259t mar\u015frutu hal\u0131na g\u0259tirib<\/strong><\/p>\n<p>Yanvar\u0131n 29-da Ankarada T\u00fcrkiy\u0259, Az\u0259rbaycan v\u0259 \u00d6zb\u0259kistan aras\u0131nda II \u00fc\u00e7t\u0259r\u0259fli g\u00f6r\u00fc\u015f ke\u00e7irilib. Bu bar\u0259d\u0259 Az\u0259rbaycan Xarici \u0130\u015fl\u0259r Nazirliyinin sosial media hesab\u0131nda payla\u015f\u0131m edilib. Qeyd edilib ki, iclas\u0131n g\u00fcnd\u0259liyi xarici siyas\u0259t m\u0259s\u0259l\u0259l\u0259ri v\u0259 regional \u0259m\u0259kda\u015fl\u0131q, iqtisadiyyat, ticar\u0259t v\u0259 investisiya sah\u0259l\u0259rind\u0259 \u0259m\u0259kda\u015fl\u0131\u011f\u0131n g\u00fccl\u0259ndirilm\u0259si, el\u0259c\u0259 d\u0259 \u0259laq\u0259ni inki\u015faf etdirm\u0259kl\u0259 n\u0259qliyyat v\u0259 telekommunikasiya sah\u0259sind\u0259 \u0259laq\u0259l\u0259rin geni\u015fl\u0259ndirilm\u0259sin\u0259 y\u00f6n\u0259lib.<\/p>\n<p>APA-n\u0131n T\u00fcrkiy\u0259 m\u00fcxbiri x\u0259b\u0259r verib ki, T\u00fcrkiy\u0259nin xarici i\u015fl\u0259r naziri Hakan Fidan Ankarada T\u00fcrkiy\u0259, Az\u0259rbaycan v\u0259 \u00d6zb\u0259kistan aras\u0131nda II \u00fc\u00e7t\u0259r\u0259fli g\u00f6r\u00fc\u015f\u00fcn a\u00e7\u0131l\u0131\u015f m\u0259rasimind\u0259 bildirib ki, t\u0259dar\u00fck z\u0259nciri v\u0259 b\u00f6lg\u0259mizd\u0259 ba\u015f ver\u0259n m\u00fcnaqi\u015f\u0259l\u0259r T\u00fcrkiy\u0259ni, C\u0259nubi Qafqaz\u0131, Orta d\u0259hlizi \u0259n etibarl\u0131 ticar\u0259t mar\u015frutu hal\u0131na g\u0259tirib.<\/p>\n<p>O qeyd edib ki, enerji b\u00f6hran\u0131 C\u0259nubi Qafqaz v\u0259 M\u0259rk\u0259zi Asiyan\u0131n geostrateji \u0259h\u0259miyy\u0259tini art\u0131r\u0131b v\u0259 T\u00fcrkiy\u0259ni enerji m\u0259rk\u0259zin\u0259 \u00e7evirib.<\/p>\n<p><strong>Nazirin s\u00f6zl\u0259rin\u0259 g\u00f6r\u0259, \u00fc\u00e7 \u00f6lk\u0259 iclas\u0131n n\u0259tic\u0259l\u0259rin\u0259 \u0259saslanaraq \u0259m\u0259kda\u015fl\u0131\u011f\u0131 d\u0259rinl\u0259\u015fdirm\u0259k \u00fc\u00e7\u00fcn &#8220;Yol x\u0259rit\u0259si&#8221; haz\u0131rlayacaq.<\/strong><\/p>\n<p>Hakan Fidan bu formatdak\u0131 iclaslar\u0131n T\u00fcrk\u00fcstan, C\u0259nubi Qafqaz v\u0259 Anadolunun n\u0259qliyyat v\u0259 enerji ba\u011fl\u0131l\u0131\u011f\u0131n\u0131 g\u00fccl\u0259ndir\u0259c\u0259k layih\u0259l\u0259rin \u0259l\u0259 al\u0131nmas\u0131 bax\u0131m\u0131ndan \u0259lverili\u015fli platforma oldu\u011funu da vur\u011fulay\u0131b.<\/p>\n<p>T\u00fcrkiy\u0259nin n\u0259qliyyat v\u0259 infrastruktur naziri Abdulkadir Uralo\u011flu is\u0259 qeyd edib ki, T\u00fcrkiy\u0259 Az\u0259rbaycan v\u0259 \u00d6zb\u0259kistanla birlikd\u0259 Orta d\u0259hliz \u00fczr\u0259 layih\u0259l\u0259rin icras\u0131 \u00fc\u00e7\u00fcn s\u0259y g\u00f6st\u0259rir. O bildirib ki, burada x\u00fcsusil\u0259 multimodal da\u015f\u0131nmalar istiqam\u0259tind\u0259 \u0259m\u0259kda\u015fl\u0131\u011f\u0131 art\u0131rmaq laz\u0131md\u0131r.<\/p>\n<p>Nazirin s\u00f6zl\u0259rin\u0259 g\u00f6r\u0259, T\u00fcrkiy\u0259 adl\u0131 daxil olmaqla n\u0259qliyyat d\u0259hlizl\u0259rin\u0259, o c\u00fcml\u0259d\u0259n \u201c\u0130nki\u015faf Yolu\u201d n\u0259qliyyat layih\u0259sin\u0259 x\u00fcsusi \u00f6n\u0259m verir.<\/p>\n<p><strong>T\u00fcrkiy\u0259nin ticar\u0259t naziri \u00d6m\u0259r Bolat is\u0259 deyib ki, Ankarada Az\u0259rbaycan, T\u00fcrkiy\u0259 v\u0259 \u00d6zb\u0259kistan\u0131n i\u015ftirak\u0131 il\u0259 yat\u0131r\u0131m v\u0259 forum ba\u015f tutub. O qeyd edib ki, foruma h\u0259r \u00fc\u00e7 \u00f6lk\u0259nin \u00f6z\u0259l sektorunun n\u00fcmay\u0259nd\u0259l\u0259ri qat\u0131l\u0131b. Nazir onu da \u0259lav\u0259 edib ki, 132 milyon \u0259haliy\u0259 sahib 3 \u00f6lk\u0259 toplam 1,5 trilyona yax\u0131n \u00fcmumi milli m\u0259hsul g\u00f6st\u0259ricisi il\u0259 b\u00f6lg\u0259 v\u0259 d\u00fcnya iqtisadiyyat\u0131 \u00fc\u00e7\u00fcn b\u00fcy\u00fck \u00f6n\u0259m k\u0259sb edir.<\/strong><\/p>\n<p>Az\u0259rbaycan\u0131n xarici i\u015fl\u0259r naziri Ceyhun Bayramov Az\u0259rbaycan-T\u00fcrkiy\u0259-\u00d6zb\u0259kistan xarici i\u015fl\u0259r, iqtisadiyyat, ticar\u0259t v\u0259 n\u0259qliyyat nazirl\u0259rinin II \u00fc\u00e7t\u0259r\u0259fli g\u00f6r\u00fc\u015f\u00fcnd\u0259 \u00e7\u0131x\u0131\u015f edib. Nazir \u00e7\u0131x\u0131\u015f\u0131nda Az\u0259rbaycan, T\u00fcrkiy\u0259 v\u0259 \u00d6zb\u0259kistan aras\u0131nda \u00fc\u00e7t\u0259r\u0259fli \u0259m\u0259kda\u015fl\u0131\u011f\u0131n \u00e7ox\u015fax\u0259li xarakterini vur\u011fulay\u0131b, t\u0259r\u0259fda\u015fl\u0131\u011f\u0131n \u0259sas istiqam\u0259tl\u0259rini, o c\u00fcml\u0259d\u0259n t\u0259hl\u00fck\u0259sizlik, iqtisadi inki\u015faf, ticar\u0259t, investisiya, infrastruktur v\u0259 n\u0259qliyyat-kommunikasiya sah\u0259l\u0259rini vur\u011fulay\u0131b.<\/p>\n<p><strong>C.Bayramov h\u0259m\u00e7inin \u0259m\u0259kda\u015fl\u0131\u011f\u0131n daha da inki\u015faf etdirilm\u0259si \u00fc\u00e7\u00fcn \u0259lav\u0259 imkanlar\u0131, x\u00fcsusil\u0259 d\u0259 Asiyan\u0131 Avropa il\u0259 birl\u0259\u015fdir\u0259n m\u00fch\u00fcm ticar\u0259t v\u0259 n\u0259qliyyat mar\u015frutu olan Orta d\u0259hlizin inki\u015faf\u0131 il\u0259 ba\u011fl\u0131 \u0259lav\u0259 imkanlar\u0131 qeyd edib.<\/strong><\/p>\n<p>Az\u0259rbaycan\u0131n iqtisadiyyat naziri Mikay\u0131l Cabbarov sosial \u015f\u0259b\u0259k\u0259 s\u0259hif\u0259sind\u0259 payla\u015f\u0131m\u0131nda bildirib: \u201cAnkara \u015f\u0259h\u0259rind\u0259 ke\u00e7iril\u0259n T\u00fcrkiy\u0259-Az\u0259rbaycan-\u00d6zb\u0259kistan biznes forumunda h\u0259mkarlarla birlikd\u0259 \u00f6lk\u0259l\u0259rimiz aras\u0131nda iqtisadi birliyi g\u00fccl\u0259ndirm\u0259k, biznes t\u0259r\u0259fda\u015fl\u0131\u011f\u0131n\u0131n effektivliyini art\u0131rmaq, ticar\u0259t \u0259laq\u0259l\u0259rimizi geni\u015fl\u0259ndirm\u0259k, \u00f6lk\u0259l\u0259rimiz v\u0259 region \u00fc\u00e7\u00fcn \u0259h\u0259miyy\u0259tli investisiya layih\u0259l\u0259rinin t\u0259\u015fviqi imkanlar\u0131n\u0131 m\u00fczakir\u0259 etdik\u201d.<\/p>\n<p>Ankarada T\u00fcrkiy\u0259, Az\u0259rbaycan v\u0259 \u00d6zb\u0259kistan aras\u0131nda ikinci \u00fc\u00e7t\u0259r\u0259fli g\u00f6r\u00fc\u015f\u00fcn n\u0259tic\u0259l\u0259rin\u0259 dair m\u0259tbuat konfrans\u0131 ke\u00e7irilib.<\/p>\n<p>Musavat.com-un T\u00fcrkiy\u0259 m\u0259tbuat\u0131na istinad\u0259n x\u0259b\u0259rin\u0259 g\u00f6r\u0259, Az\u0259rbaycan\u0131n xarici i\u015fl\u0259r naziri Ceyhun Bayramov bildirib ki, g\u00f6r\u00fc\u015f \u00e7\u0259r\u00e7iv\u0259sind\u0259 T\u00fcrkiy\u0259, Az\u0259rbaycan v\u0259 \u00d6zb\u0259kistan aras\u0131nda Ankara B\u0259yannam\u0259si imzalan\u0131b.<\/p>\n<p><strong>Nazir 3 \u00f6lk\u0259 aras\u0131nda \u0259m\u0259kda\u015fl\u0131\u011fa dair &#8220;Yol x\u0259rit\u0259si&#8221;nin d\u0259 m\u00fc\u0259yy\u0259nl\u0259\u015fdiyini vur\u011fulay\u0131b.<\/strong><\/p>\n<p><strong><img loading=\"lazy\" src=\"https:\/\/images.oxu.az\/2023\/09\/29\/11\/32\/10\/b86412e1-cbf9-4415-87e0-7847067c2e23\/1675446951_191:1200.jpg\" alt=\"Ayd\u0131n H\u00fcseynov: \u201cOnun \u0259ziz xatir\u0259si h\u0259r zaman an\u0131lacaq\u201d - Oxu.az\" width=\"915\" height=\"609\" \/><\/strong><\/p>\n<p><strong>Ayd\u0131n H\u00fcseynov<\/strong><\/p>\n<p><strong>Milli M\u0259clisin \u0130qtisadi siyas\u0259t, s\u0259naye v\u0259 sahibkarl\u0131q komit\u0259sinin \u00fczv\u00fc Ayd\u0131n H\u00fcseynov \u201cYeni M\u00fcsavat\u201da \u015f\u0259rhind\u0259 bildirib ki, Ankarada ke\u00e7iril\u0259n T\u00fcrkiy\u0259, Az\u0259rbaycan v\u0259 \u00d6zb\u0259kistan aras\u0131nda II \u00fc\u00e7t\u0259r\u0259fli g\u00f6r\u00fc\u015f vacib \u0259h\u0259miyy\u0259t k\u0259sb ed\u0259n g\u00f6r\u00fc\u015fd\u00fcr. Az\u0259rbaycan, T\u00fcrkiy\u0259 v\u0259 \u00d6zb\u0259kistan\u0131n \u0259laq\u0259l\u0259rinin geni\u015fl\u0259ndirilm\u0259sind\u0259 bu t\u0259dbirin \u0259h\u0259miyy\u0259tli rolu var:<\/strong>\u00a0\u201cSon ill\u0259rd\u0259 geni\u015f Avrasiya co\u011frafiyas\u0131nda, x\u00fcsus\u0259n d\u0259 \u00f6lk\u0259l\u0259rimizin yerl\u0259\u015fdiyi regionda ged\u0259n prosesl\u0259r yeni \u00e7a\u011f\u0131r\u0131\u015flar meydana g\u0259tirir. T\u00fcrkiy\u0259, Az\u0259rbaycan v\u0259 \u00d6zb\u0259kistan bu \u00e7a\u011f\u0131r\u0131\u015flardan ir\u0259li g\u0259l\u0259n add\u0131mlar\u0131 at\u0131r.\u00a0 M\u00fc\u015fahid\u0259 edil\u0259n geosiyasi prosesl\u0259r fonunda meydana \u00e7\u0131xan m\u00fch\u00fcm \u00e7a\u011f\u0131r\u0131\u015flardan biri n\u0259qliyyat, logistika m\u0259s\u0259l\u0259l\u0259ri il\u0259 ba\u011fl\u0131d\u0131r. M\u0259lum s\u0259b\u0259bl\u0259r\u0259 g\u00f6r\u0259 Qara d\u0259nizin Ukrayna sahill\u0259rind\u0259ki limanlar\u0131, h\u0259m\u00e7inin Rusiyadan ke\u00e7\u0259n mar\u015frutlar vasit\u0259sil\u0259 da\u015f\u0131malar\u0131n h\u0259cmi \u0259h\u0259miyy\u0259tli d\u0259r\u0259c\u0259d\u0259 m\u0259hdudla\u015f\u0131b. Sonu g\u00f6r\u00fcnm\u0259y\u0259n m\u00fcharib\u0259 \u00f6lk\u0259l\u0259ri v\u0259 da\u015f\u0131ma \u015firk\u0259tl\u0259rini alternativ mar\u015frutlara \u00fcz tutmaq se\u00e7imi qar\u015f\u0131s\u0131nda qoyub. Bel\u0259 bir \u015f\u0259raitd\u0259 n\u0259z\u0259rl\u0259r iki qarda\u015f \u00f6lk\u0259nin &#8211; Az\u0259rbaycan\u0131n v\u0259 T\u00fcrkiy\u0259nin m\u00fch\u00fcm halqalar t\u0259\u015fkil etdiyi Orta d\u0259hliz\u0259 y\u00f6n\u0259lib. Az\u0259rbaycan, T\u00fcrkiy\u0259 v\u0259 \u00d6zb\u0259kistan aras\u0131nda \u00fc\u00e7t\u0259r\u0259fli \u0259m\u0259kda\u015fl\u0131q \u00e7ox\u015fax\u0259lidir. Bu \u0259m\u0259kda\u015fl\u0131q Orta d\u0259hlizin inki\u015faf\u0131 \u00fc\u00e7\u00fcn x\u00fcsusi \u0259h\u0259miyy\u0259t\u0259 malikdir. Orta d\u0259hliz 2014-c\u00fc ilin fevral ay\u0131nda Az\u0259rbaycan,\u00a0 Qazax\u0131stan v\u0259 G\u00fcrc\u00fcstan\u0131n m\u00fcvafiq strukturlar\u0131n\u0131n i\u015ftirak\u0131 il\u0259 yarad\u0131l\u0131b. Sonrak\u0131 ill\u0259rd\u0259 layih\u0259 geni\u015fl\u0259nib v\u0259 i\u015ftirak\u00e7\u0131lar\u0131n\u00a0 say\u0131 Ukrayna, Rum\u0131niya v\u0259 Pol\u015fa kimi d\u00f6vl\u0259tl\u0259rin hesab\u0131na geni\u015fl\u0259nib. \u00c7in-Qazax\u0131stan s\u0259rh\u0259dind\u0259n ba\u015flayan Orta d\u0259hliz M\u0259rk\u0259zi Asiya \u00f6lk\u0259l\u0259ri v\u0259 X\u0259z\u0259r d\u0259nizi \u00fcz\u0259rind\u0259n, bundan sonra is\u0259 Az\u0259rbaycan, G\u00fcrc\u00fcstan, T\u00fcrkiy\u0259 \u0259razisind\u0259n ke\u00e7\u0259r\u0259k Avropaya q\u0259d\u0259r uzan\u0131r. Bu, Avropa il\u0259 Asiyan\u0131 birl\u0259\u015fdir\u0259n \u0259n q\u0131sa v\u0259 rahat\u00a0 mar\u015frutdur. Orta d\u0259hlizin bir s\u0131ra \u00f6n\u0259mli \u00fcst\u00fcnl\u00fckl\u0259rini sadalamaq m\u00fcmk\u00fcnd\u00fcr. \u0130lk n\u00f6vb\u0259d\u0259, onu vur\u011fulamaq yerin\u0259 d\u00fc\u015f\u0259r ki, \u0259lveri\u015fli co\u011frafi m\u00f6vqe Orta d\u0259hliz \u00fcz\u0259rind\u0259 yerl\u0259\u015f\u0259n d\u00f6vl\u0259tl\u0259ri Avropa il\u0259 Asiyan\u0131 birl\u0259\u015fdir\u0259n \u0259sas tranzit \u00f6lk\u0259l\u0259ri kimi g\u00fcnd\u0259m\u0259 g\u0259tirib. D\u0259hliz boyunca yerl\u0259\u015f\u0259n \u00f6lk\u0259l\u0259r aras\u0131nda ikit\u0259r\u0259fli v\u0259 \u00e7oxt\u0259r\u0259fli formatlarda \u0259m\u0259kda\u015fl\u0131q getdikc\u0259 geni\u015fl\u0259nir ki, bu da da\u015f\u0131malar, y\u00fckl\u0259rin c\u0259lb edilm\u0259si, logistika il\u0259 ba\u011fl\u0131 m\u0259s\u0259l\u0259l\u0259rin uzla\u015fd\u0131r\u0131lmas\u0131na geni\u015f imkanlar yarad\u0131r. B\u00fct\u00fcn mar\u015frut boyunca vahid tarif, &#8220;bir p\u0259nc\u0259r\u0259&#8221; prinsipi t\u0259tbiq olunur. Orta d\u0259hlizin funksionall\u0131\u011f\u0131n\u0131n artmas\u0131nda yeni platformada birl\u0259\u015f\u0259n Az\u0259rbaycan, T\u00fcrkiy\u0259, Qazax\u0131stan v\u0259 \u00d6zb\u0259kistan m\u00fch\u00fcm rol oynay\u0131rlar&#8221;.<\/p>\n<p><strong>Deputat\u0131n s\u00f6zl\u0259rin\u0259 g\u00f6r\u0259, qlobal miqyasda Orta d\u0259hliz\u0259 mara\u011f\u0131n artmas\u0131nda Az\u0259rbaycan m\u00fcst\u0259sna rola malikdir:<\/strong>\u00a0\u201cUzunm\u00fcdd\u0259tli siyasi sabitlik, m\u00fck\u0259mm\u0259l qanunvericilik bazas\u0131, t\u0259hl\u00fck\u0259sizliy\u0259 veril\u0259n z\u0259man\u0259tl\u0259r, optimal qiym\u0259tl\u0259r, ke\u00e7id prosedurlar\u0131n\u0131n sad\u0259liyi, m\u0259saf\u0259nin q\u0131sal\u0131\u011f\u0131, relyefin \u0259sas\u0259n d\u00fcz\u0259n olmas\u0131 v\u0259 s. amill\u0259r transmilli \u015firk\u0259tl\u0259rin \u00f6lk\u0259miz\u0259 mara\u011f\u0131n\u0131 art\u0131ran s\u0259b\u0259bl\u0259r s\u0131ras\u0131nda yer al\u0131r. Burada \u0259n \u0259sas amill\u0259rd\u0259n biri is\u0259 m\u00fcasir infrastrukturla ba\u011fl\u0131d\u0131r. Respublikam\u0131z\u0131n \u0259razisind\u0259n bir-birin\u0259 inteqrasiya edilmi\u015f \u015e\u0259rq-Q\u0259rb v\u0259 \u015eimal-C\u0259nub kimi iki m\u00fch\u00fcm d\u0259hliz ke\u00e7ir. Son ill\u0259rd\u0259 h\u0259m b\u00fct\u00fcn respublika \u00fczr\u0259, h\u0259m d\u0259 b\u0259hs olunan d\u0259hlizl\u0259r boyunca avtomobil yollar\u0131n\u0131n yenid\u0259n qurulmas\u0131 istiqam\u0259tind\u0259 \u00e7oxsayl\u0131 layih\u0259l\u0259r realla\u015fd\u0131r\u0131l\u0131b. H\u0259r iki d\u0259hliz \u00fczr\u0259 yollar \u0259n m\u00fcasir standartlar s\u0259viyy\u0259sin\u0259 \u00e7atd\u0131r\u0131l\u0131b\u201d.<\/p>\n","protected":false},"excerpt":{"rendered":"<p>D\u00fcnyada v\u0259 b\u00f6lg\u0259mizd\u0259 ba\u015f ver\u0259n m\u00fcnaqi\u015f\u0259l\u0259r T\u00fcrkiy\u0259ni, C\u0259nubi Qafqaz\u0131, Orta Asiyan\u0131 \u0259n etibarl\u0131 ticar\u0259t mar\u015frutu hal\u0131na g\u0259tirib Yanvar\u0131n 29-da Ankarada T\u00fcrkiy\u0259, Az\u0259rbaycan v\u0259 \u00d6zb\u0259kistan aras\u0131nda II \u00fc\u00e7t\u0259r\u0259fli g\u00f6r\u00fc\u015f ke\u00e7irilib. Bu bar\u0259d\u0259 Az\u0259rbaycan Xarici \u0130\u015fl\u0259r Nazirliyinin sosial media hesab\u0131nda payla\u015f\u0131m edilib. Qeyd edilib ki, iclas\u0131n g\u00fcnd\u0259liyi xarici siyas\u0259t m\u0259s\u0259l\u0259l\u0259ri v\u0259 regional \u0259m\u0259kda\u015fl\u0131q, iqtisadiyyat, ticar\u0259t v\u0259 investisiya sah\u0259l\u0259rind\u0259 \u0259m\u0259kda\u015fl\u0131\u011f\u0131n g\u00fccl\u0259ndirilm\u0259si, el\u0259c\u0259 d\u0259 \u0259laq\u0259ni inki\u015faf etdirm\u0259kl\u0259 n\u0259qliyyat v\u0259 telekommunikasiya sah\u0259sind\u0259 \u0259laq\u0259l\u0259rin geni\u015fl\u0259ndirilm\u0259sin\u0259 y\u00f6n\u0259lib. APA-n\u0131n T\u00fcrkiy\u0259 m\u00fcxbiri x\u0259b\u0259r verib ki, T\u00fcrkiy\u0259nin xarici i\u015fl\u0259r naziri Hakan Fidan Ankarada T\u00fcrkiy\u0259, Az\u0259rbaycan v\u0259 \u00d6zb\u0259kistan aras\u0131nda II \u00fc\u00e7t\u0259r\u0259fli&hellip;<\/p>\n","protected":false},"author":2,"featured_media":784453,"comment_status":"closed","ping_status":"closed","sticky":false,"template":"","format":"standard","meta":{"om_disable_all_campaigns":false,"_monsterinsights_skip_tracking":false,"_monsterinsights_sitenote_active":false,"_monsterinsights_sitenote_note":"","_monsterinsights_sitenote_category":0},"categories":[4],"tags":[],"aioseo_notices":[],"gutentor_comment":0,"rttpg_featured_image_url":{"full":["https:\/\/arantv.az\/wp-content\/uploads\/2025\/01\/b997a799c76ebcc06cfd07e86c196e9c.jpg",700,466,false],"landscape":["https:\/\/arantv.az\/wp-content\/uploads\/2025\/01\/b997a799c76ebcc06cfd07e86c196e9c.jpg",700,466,false],"portraits":["https:\/\/arantv.az\/wp-content\/uploads\/2025\/01\/b997a799c76ebcc06cfd07e86c196e9c.jpg",700,466,false],"thumbnail":["https:\/\/arantv.az\/wp-content\/uploads\/2025\/01\/b997a799c76ebcc06cfd07e86c196e9c-500x280.jpg",500,280,true],"medium":["https:\/\/arantv.az\/wp-content\/uploads\/2025\/01\/b997a799c76ebcc06cfd07e86c196e9c-548x365.jpg",548,365,true],"large":["https:\/\/arantv.az\/wp-content\/uploads\/2025\/01\/b997a799c76ebcc06cfd07e86c196e9c.jpg",640,426,false],"1536x1536":["https:\/\/arantv.az\/wp-content\/uploads\/2025\/01\/b997a799c76ebcc06cfd07e86c196e9c.jpg",700,466,false],"2048x2048":["https:\/\/arantv.az\/wp-content\/uploads\/2025\/01\/b997a799c76ebcc06cfd07e86c196e9c.jpg",700,466,false],"post-thumbnail":["https:\/\/arantv.az\/wp-content\/uploads\/2025\/01\/b997a799c76ebcc06cfd07e86c196e9c-240x172.jpg",240,172,true],"advps-thumb-one":["https:\/\/arantv.az\/wp-content\/uploads\/2025\/01\/b997a799c76ebcc06cfd07e86c196e9c.jpg",700,466,false]},"rttpg_author":{"display_name":"V\u00fcsal Rafiqo\u011flu","author_link":"https:\/\/arantv.az\/?author=2"},"rttpg_comment":0,"rttpg_category":"<a href=\"https:\/\/arantv.az\/?cat=4\" rel=\"category\">Siyas\u0259t<\/a>","rttpg_excerpt":"D\u00fcnyada v\u0259 b\u00f6lg\u0259mizd\u0259 ba\u015f ver\u0259n m\u00fcnaqi\u015f\u0259l\u0259r T\u00fcrkiy\u0259ni, C\u0259nubi Qafqaz\u0131, Orta Asiyan\u0131 \u0259n etibarl\u0131 ticar\u0259t mar\u015frutu hal\u0131na g\u0259tirib Yanvar\u0131n 29-da Ankarada T\u00fcrkiy\u0259, Az\u0259rbaycan v\u0259 \u00d6zb\u0259kistan aras\u0131nda II \u00fc\u00e7t\u0259r\u0259fli g\u00f6r\u00fc\u015f ke\u00e7irilib. Bu bar\u0259d\u0259 Az\u0259rbaycan Xarici \u0130\u015fl\u0259r Nazirliyinin sosial media hesab\u0131nda payla\u015f\u0131m edilib. Qeyd edilib ki, iclas\u0131n g\u00fcnd\u0259liyi xarici siyas\u0259t m\u0259s\u0259l\u0259l\u0259ri v\u0259 regional \u0259m\u0259kda\u015fl\u0131q, iqtisadiyyat, ticar\u0259t v\u0259 investisiya&hellip;","_links":{"self":[{"href":"https:\/\/arantv.az\/index.php?rest_route=\/wp\/v2\/posts\/784452"}],"collection":[{"href":"https:\/\/arantv.az\/index.php?rest_route=\/wp\/v2\/posts"}],"about":[{"href":"https:\/\/arantv.az\/index.php?rest_route=\/wp\/v2\/types\/post"}],"author":[{"embeddable":true,"href":"https:\/\/arantv.az\/index.php?rest_route=\/wp\/v2\/users\/2"}],"replies":[{"embeddable":true,"href":"https:\/\/arantv.az\/index.php?rest_route=%2Fwp%2Fv2%2Fcomments&post=784452"}],"version-history":[{"count":2,"href":"https:\/\/arantv.az\/index.php?rest_route=\/wp\/v2\/posts\/784452\/revisions"}],"predecessor-version":[{"id":784455,"href":"https:\/\/arantv.az\/index.php?rest_route=\/wp\/v2\/posts\/784452\/revisions\/784455"}],"wp:featuredmedia":[{"embeddable":true,"href":"https:\/\/arantv.az\/index.php?rest_route=\/wp\/v2\/media\/784453"}],"wp:attachment":[{"href":"https:\/\/arantv.az\/index.php?rest_route=%2Fwp%2Fv2%2Fmedia&parent=784452"}],"wp:term":[{"taxonomy":"category","embeddable":true,"href":"https:\/\/arantv.az\/index.php?rest_route=%2Fwp%2Fv2%2Fcategories&post=784452"},{"taxonomy":"post_tag","embeddable":true,"href":"https:\/\/arantv.az\/index.php?rest_route=%2Fwp%2Fv2%2Ftags&post=784452"}],"curies":[{"name":"wp","href":"https:\/\/api.w.org\/{rel}","templated":true}]}}