{"id":784609,"date":"2025-01-30T20:01:27","date_gmt":"2025-01-30T16:01:27","guid":{"rendered":"https:\/\/arantv.az\/?p=784609"},"modified":"2025-01-30T20:01:27","modified_gmt":"2025-01-30T16:01:27","slug":"prezident-muhum-s%c9%99r%c9%99ncam-imzaladi","status":"publish","type":"post","link":"https:\/\/arantv.az\/?p=784609","title":{"rendered":"Prezident M\u00dcH\u00dcM s\u0259r\u0259ncam imzalad\u0131"},"content":{"rendered":"<p><strong>Bak\u0131 \u015f\u0259h\u0259rind\u0259 v\u0259 \u0259traf \u0259razil\u0259rd\u0259 n\u0259qliyyat infrastrukturunun t\u0259kmill\u0259\u015fdirilm\u0259sin\u0259 dair 2025\u20132030-cu ill\u0259r \u00fc\u00e7\u00fcn\u00a0<a href=\"https:\/\/static.president.az\/upload\/Files\/2025\/01\/30\/43f94b6c04a0a641801825e9b02009f6_8145345.pdf\" target=\"_blank\" rel=\"noopener\">D\u00f6vl\u0259t Proqram\u0131<\/a>\u00a0t\u0259sdiql\u0259nib.<\/strong><\/p>\n<p><strong>ARANTV.AZ <\/strong>\u00a0x\u0259b\u0259r verir ki, Az\u0259rbaycan Prezidenti \u0130lham \u018fliyev bununla ba\u011fl\u0131 S\u0259r\u0259ncam imzalay\u0131b.<\/p>\n<p>S\u0259r\u0259ncama \u0259sas\u0259n, Nazirl\u0259r Kabinetin\u0259 D\u00f6vl\u0259t Proqram\u0131nda n\u0259z\u0259rd\u0259 tutulmu\u015f t\u0259dbirl\u0259rin \u0259laq\u0259l\u0259ndirilm\u0259sini v\u0259 icras\u0131na n\u0259zar\u0259ti h\u0259yata ke\u00e7irm\u0259k, orada n\u0259z\u0259rd\u0259 tutulmu\u015f t\u0259dbirl\u0259rin icras\u0131 bar\u0259d\u0259 ild\u0259 bir d\u0259f\u0259 Az\u0259rbaycan Respublikas\u0131n\u0131n Prezidentin\u0259 m\u0259lumat verm\u0259k, bu s\u0259n\u0259dd\u0259n ir\u0259li g\u0259l\u0259n dig\u0259r m\u0259s\u0259l\u0259l\u0259ri h\u0259ll etm\u0259k tap\u015f\u0131r\u0131l\u0131b.<\/p>\n<p>D\u00f6vl\u0259t Proqram\u0131nda n\u0259z\u0259rd\u0259 tutulmu\u015f t\u0259dbirl\u0259rin icras\u0131n\u0131n monitorinqini v\u0259 qiym\u0259tl\u0259ndirilm\u0259sini Nazirl\u0259r Kabinetinin sifari\u015fi \u0259sas\u0131nda \u0130qtisadi \u0130slahatlar\u0131n T\u0259hlili v\u0259 Kommunikasiya M\u0259rk\u0259zi h\u0259yata ke\u00e7ir\u0259c\u0259k.<\/p>\n<p>Maliyy\u0259 Nazirliyi v\u0259 \u0130qtisadiyyat Nazirliyi D\u00f6vl\u0259t Proqram\u0131nda n\u0259z\u0259rd\u0259 tutulmu\u015f t\u0259dbirl\u0259rin maliyy\u0259l\u0259\u015fdirilm\u0259si m\u0259qs\u0259dil\u0259 h\u0259r il Az\u0259rbaycan Respublikas\u0131 d\u00f6vl\u0259t b\u00fcdc\u0259sinin, d\u00f6vl\u0259t investisiya proqramlar\u0131n\u0131n t\u0259rtibi prosesind\u0259 z\u0259ruri maliyy\u0259 v\u0259saitinin n\u0259z\u0259rd\u0259 tutulmas\u0131 \u00fc\u00e7\u00fcn m\u00fcvafiq t\u0259dbirl\u0259r g\u00f6rm\u0259lidirl\u0259r.<\/p>\n","protected":false},"excerpt":{"rendered":"<p>Bak\u0131 \u015f\u0259h\u0259rind\u0259 v\u0259 \u0259traf \u0259razil\u0259rd\u0259 n\u0259qliyyat infrastrukturunun t\u0259kmill\u0259\u015fdirilm\u0259sin\u0259 dair 2025\u20132030-cu ill\u0259r \u00fc\u00e7\u00fcn\u00a0D\u00f6vl\u0259t Proqram\u0131\u00a0t\u0259sdiql\u0259nib. ARANTV.AZ \u00a0x\u0259b\u0259r verir ki, Az\u0259rbaycan Prezidenti \u0130lham \u018fliyev bununla ba\u011fl\u0131 S\u0259r\u0259ncam imzalay\u0131b. S\u0259r\u0259ncama \u0259sas\u0259n, Nazirl\u0259r Kabinetin\u0259 D\u00f6vl\u0259t Proqram\u0131nda n\u0259z\u0259rd\u0259 tutulmu\u015f t\u0259dbirl\u0259rin \u0259laq\u0259l\u0259ndirilm\u0259sini v\u0259 icras\u0131na n\u0259zar\u0259ti h\u0259yata ke\u00e7irm\u0259k, orada n\u0259z\u0259rd\u0259 tutulmu\u015f t\u0259dbirl\u0259rin icras\u0131 bar\u0259d\u0259 ild\u0259 bir d\u0259f\u0259 Az\u0259rbaycan Respublikas\u0131n\u0131n Prezidentin\u0259 m\u0259lumat verm\u0259k, bu s\u0259n\u0259dd\u0259n ir\u0259li g\u0259l\u0259n dig\u0259r m\u0259s\u0259l\u0259l\u0259ri h\u0259ll etm\u0259k tap\u015f\u0131r\u0131l\u0131b. D\u00f6vl\u0259t Proqram\u0131nda n\u0259z\u0259rd\u0259 tutulmu\u015f t\u0259dbirl\u0259rin icras\u0131n\u0131n monitorinqini v\u0259 qiym\u0259tl\u0259ndirilm\u0259sini Nazirl\u0259r Kabinetinin sifari\u015fi \u0259sas\u0131nda \u0130qtisadi \u0130slahatlar\u0131n T\u0259hlili v\u0259 Kommunikasiya M\u0259rk\u0259zi h\u0259yata ke\u00e7ir\u0259c\u0259k. Maliyy\u0259 Nazirliyi v\u0259 \u0130qtisadiyyat Nazirliyi D\u00f6vl\u0259t&hellip;<\/p>\n","protected":false},"author":2,"featured_media":784610,"comment_status":"closed","ping_status":"closed","sticky":false,"template":"","format":"standard","meta":{"om_disable_all_campaigns":false,"_monsterinsights_skip_tracking":false,"_monsterinsights_sitenote_active":false,"_monsterinsights_sitenote_note":"","_monsterinsights_sitenote_category":0},"categories":[4],"tags":[],"aioseo_notices":[],"gutentor_comment":0,"rttpg_featured_image_url":{"full":["https:\/\/arantv.az\/wp-content\/uploads\/2025\/01\/474d96ed66cec288566d6ce6bfa60013.jpg",850,500,false],"landscape":["https:\/\/arantv.az\/wp-content\/uploads\/2025\/01\/474d96ed66cec288566d6ce6bfa60013.jpg",850,500,false],"portraits":["https:\/\/arantv.az\/wp-content\/uploads\/2025\/01\/474d96ed66cec288566d6ce6bfa60013.jpg",850,500,false],"thumbnail":["https:\/\/arantv.az\/wp-content\/uploads\/2025\/01\/474d96ed66cec288566d6ce6bfa60013-500x280.jpg",500,280,true],"medium":["https:\/\/arantv.az\/wp-content\/uploads\/2025\/01\/474d96ed66cec288566d6ce6bfa60013-621x365.jpg",621,365,true],"large":["https:\/\/arantv.az\/wp-content\/uploads\/2025\/01\/474d96ed66cec288566d6ce6bfa60013-840x494.jpg",640,376,true],"1536x1536":["https:\/\/arantv.az\/wp-content\/uploads\/2025\/01\/474d96ed66cec288566d6ce6bfa60013.jpg",850,500,false],"2048x2048":["https:\/\/arantv.az\/wp-content\/uploads\/2025\/01\/474d96ed66cec288566d6ce6bfa60013.jpg",850,500,false],"post-thumbnail":["https:\/\/arantv.az\/wp-content\/uploads\/2025\/01\/474d96ed66cec288566d6ce6bfa60013-240x172.jpg",240,172,true],"advps-thumb-one":["https:\/\/arantv.az\/wp-content\/uploads\/2025\/01\/474d96ed66cec288566d6ce6bfa60013.jpg",850,500,false]},"rttpg_author":{"display_name":"V\u00fcsal Rafiqo\u011flu","author_link":"https:\/\/arantv.az\/?author=2"},"rttpg_comment":0,"rttpg_category":"<a href=\"https:\/\/arantv.az\/?cat=4\" rel=\"category\">Siyas\u0259t<\/a>","rttpg_excerpt":"Bak\u0131 \u015f\u0259h\u0259rind\u0259 v\u0259 \u0259traf \u0259razil\u0259rd\u0259 n\u0259qliyyat infrastrukturunun t\u0259kmill\u0259\u015fdirilm\u0259sin\u0259 dair 2025\u20132030-cu ill\u0259r \u00fc\u00e7\u00fcn\u00a0D\u00f6vl\u0259t Proqram\u0131\u00a0t\u0259sdiql\u0259nib. ARANTV.AZ \u00a0x\u0259b\u0259r verir ki, Az\u0259rbaycan Prezidenti \u0130lham \u018fliyev bununla ba\u011fl\u0131 S\u0259r\u0259ncam imzalay\u0131b. S\u0259r\u0259ncama \u0259sas\u0259n, Nazirl\u0259r Kabinetin\u0259 D\u00f6vl\u0259t Proqram\u0131nda n\u0259z\u0259rd\u0259 tutulmu\u015f t\u0259dbirl\u0259rin \u0259laq\u0259l\u0259ndirilm\u0259sini v\u0259 icras\u0131na n\u0259zar\u0259ti h\u0259yata ke\u00e7irm\u0259k, orada n\u0259z\u0259rd\u0259 tutulmu\u015f t\u0259dbirl\u0259rin icras\u0131 bar\u0259d\u0259 ild\u0259 bir d\u0259f\u0259 Az\u0259rbaycan Respublikas\u0131n\u0131n Prezidentin\u0259 m\u0259lumat verm\u0259k, bu&hellip;","_links":{"self":[{"href":"https:\/\/arantv.az\/index.php?rest_route=\/wp\/v2\/posts\/784609"}],"collection":[{"href":"https:\/\/arantv.az\/index.php?rest_route=\/wp\/v2\/posts"}],"about":[{"href":"https:\/\/arantv.az\/index.php?rest_route=\/wp\/v2\/types\/post"}],"author":[{"embeddable":true,"href":"https:\/\/arantv.az\/index.php?rest_route=\/wp\/v2\/users\/2"}],"replies":[{"embeddable":true,"href":"https:\/\/arantv.az\/index.php?rest_route=%2Fwp%2Fv2%2Fcomments&post=784609"}],"version-history":[{"count":1,"href":"https:\/\/arantv.az\/index.php?rest_route=\/wp\/v2\/posts\/784609\/revisions"}],"predecessor-version":[{"id":784611,"href":"https:\/\/arantv.az\/index.php?rest_route=\/wp\/v2\/posts\/784609\/revisions\/784611"}],"wp:featuredmedia":[{"embeddable":true,"href":"https:\/\/arantv.az\/index.php?rest_route=\/wp\/v2\/media\/784610"}],"wp:attachment":[{"href":"https:\/\/arantv.az\/index.php?rest_route=%2Fwp%2Fv2%2Fmedia&parent=784609"}],"wp:term":[{"taxonomy":"category","embeddable":true,"href":"https:\/\/arantv.az\/index.php?rest_route=%2Fwp%2Fv2%2Fcategories&post=784609"},{"taxonomy":"post_tag","embeddable":true,"href":"https:\/\/arantv.az\/index.php?rest_route=%2Fwp%2Fv2%2Ftags&post=784609"}],"curies":[{"name":"wp","href":"https:\/\/api.w.org\/{rel}","templated":true}]}}