{"id":784612,"date":"2025-01-30T20:02:55","date_gmt":"2025-01-30T16:02:55","guid":{"rendered":"https:\/\/arantv.az\/?p=784612"},"modified":"2025-01-30T20:02:55","modified_gmt":"2025-01-30T16:02:55","slug":"xin-fransa-nazirinin-iddialarina-cavab-verdi","status":"publish","type":"post","link":"https:\/\/arantv.az\/?p=784612","title":{"rendered":"X\u0130N Fransa nazirinin iddialar\u0131na CAVAB VERD\u0130"},"content":{"rendered":"<div class=\"text-content\" data-id=\"\" data-url=\"\">\n<p><strong>&#8220;Biz t\u0259\u0259ss\u00fcf edirik ki, 29 yanvar 2025-ci il tarixind\u0259 Senatda m\u00fczakir\u0259l\u0259r zaman\u0131 Fransan\u0131n Avropa v\u0259 xarici i\u015fl\u0259r naziri Jan Noel Baro n\u00f6vb\u0259ti d\u0259f\u0259 Az\u0259rbaycan\u0131n Fransan\u0131n d\u0259niza\u015f\u0131r\u0131 \u0259razil\u0259rin\u0259 qondarma m\u00fcdaxil\u0259si il\u0259 ba\u011fl\u0131 iddialar yayma\u011fa c\u0259hd edib&#8221;.<\/strong><\/p>\n<p><strong>ARANTV.AZ <\/strong>\u00a0x\u0259b\u0259r verir ki, bu bar\u0259d\u0259 Xarici \u0130\u015fl\u0259r Nazirliyinin m\u0259tbuat katibi Ayxan Hac\u0131zad\u0259nin Fransan\u0131n Avropa v\u0259 xarici i\u015fl\u0259r naziri Jan Noel Baro t\u0259r\u0259find\u0259n Az\u0259rbaycan\u0131n Fransan\u0131n d\u0259niza\u015f\u0131r\u0131 \u0259razil\u0259rind\u0259 m\u00fcdaxil\u0259 il\u0259 ba\u011fl\u0131 Fransa Senat\u0131nda s\u0259sl\u0259ndirdiyi iddialara dair \u015f\u0259rhind\u0259 deyilir.<\/p>\n<p>Fransan\u0131n xarici i\u015fl\u0259r naziri Jan Noel Baronun Az\u0259rbaycan\u0131 d\u0259niza\u015f\u0131r\u0131 \u0259razil\u0259r\u0259 m\u00fcdaxil\u0259d\u0259 ittiham ed\u0259n \u015f\u0259rhi Fransan\u0131n Yeni Kaledoniya yerli \u0259halisinin t\u0259l\u0259bl\u0259rin\u0259 qar\u015f\u0131 h\u0259r\u0259k\u0259tsizliyini \u00f6rt-basd\u0131r etm\u0259k c\u0259hdi oldu\u011funu bir daha diqq\u0259t\u0259 \u00e7atd\u0131r\u0131r\u0131q.<\/p>\n<p>M\u0259hz Fransa h\u0259r zaman regional m\u0259s\u0259l\u0259l\u0259r\u0259 qar\u0131\u015faraq, Az\u0259rbaycan\u0131n s\u00fclh v\u0259 sabitliyi b\u0259rpa etm\u0259k istiqam\u0259tind\u0259 apard\u0131\u011f\u0131 prosesi pozma\u011fa \u00e7al\u0131\u015f\u0131b.<\/p>\n<p>Bak\u0131 T\u0259\u015f\u0259bb\u00fcs Qrupu bir QHT kimi Fransan\u0131n m\u00fcst\u0259ml\u0259k\u0259 siyas\u0259tini v\u0259 d\u0259niza\u015f\u0131r\u0131 \u0259razil\u0259rd\u0259ki probleml\u0259rini ictimaiyy\u0259t\u0259 \u00e7atd\u0131rma\u011f\u0131 h\u0259d\u0259fl\u0259yir. Bu c\u00fcr qruplar\u0131n i\u015fini g\u00f6zd\u0259n salmaq c\u0259hdl\u0259ri dekolonizasiya prosesini sars\u0131d\u0131r.<\/p>\n<p>Yaln\u0131z ke\u00e7\u0259n il g\u00fcc t\u0259tbiqi n\u0259tic\u0259sind\u0259 az\u0131 14 n\u0259f\u0259rin h\u0259lak oldu\u011fu v\u0259 bir \u00e7ox insan\u0131n yaraland\u0131\u011f\u0131 Yeni Kaledoniyan\u0131n yerli \u0259halisin\u0259 qar\u015f\u0131 repressiya siyas\u0259tin\u0259 son qoymaq \u0259v\u0259zin\u0259, Az\u0259rbaycana qar\u015f\u0131 \u015fantaj Fransan\u0131n xarici siyas\u0259t strategiyas\u0131n\u0131n n\u0259 q\u0259d\u0259r faydas\u0131z oldu\u011funu n\u00fcmayi\u015f etdirir.<\/p>\n<p>Bundan \u0259lav\u0259, Fransan\u0131n m\u00fcxt\u0259lif beyn\u0259lxalq t\u0259\u015fkilatlardak\u0131 rol v\u0259 resurslar\u0131ndan neom\u00fcst\u0259ml\u0259k\u0259 siyas\u0259tin\u0259 qar\u015f\u0131 t\u0259bli\u011fat aparma\u011f\u0131 h\u0259d\u0259fl\u0259y\u0259n beyn\u0259lxalq QHT m\u00fcdafi\u0259\u00e7il\u0259rin\u0259 t\u0259zyiq g\u00f6st\u0259rm\u0259k \u00fc\u00e7\u00fcn sui-istifad\u0259 etm\u0259si m\u0259nas\u0131zd\u0131r v\u0259 he\u00e7 bir n\u0259tic\u0259 verm\u0259y\u0259c\u0259k.<\/p>\n<p>Fransa xarici i\u015fl\u0259r nazirinin anti-Az\u0259rbaycan iddialar\u0131n\u0131 q\u0259tiyy\u0259tl\u0259 r\u0259dd edir v\u0259 pisl\u0259yirik.<\/p>\n<\/div>\n<div><\/div>\n<div><\/div>\n<div class=\"inner-social-box\">\n<div class=\"subs-in-social subs-whatsapp\"><\/div>\n<\/div>\n","protected":false},"excerpt":{"rendered":"<p>&#8220;Biz t\u0259\u0259ss\u00fcf edirik ki, 29 yanvar 2025-ci il tarixind\u0259 Senatda m\u00fczakir\u0259l\u0259r zaman\u0131 Fransan\u0131n Avropa v\u0259 xarici i\u015fl\u0259r naziri Jan Noel Baro n\u00f6vb\u0259ti d\u0259f\u0259 Az\u0259rbaycan\u0131n Fransan\u0131n d\u0259niza\u015f\u0131r\u0131 \u0259razil\u0259rin\u0259 qondarma m\u00fcdaxil\u0259si il\u0259 ba\u011fl\u0131 iddialar yayma\u011fa c\u0259hd edib&#8221;. ARANTV.AZ \u00a0x\u0259b\u0259r verir ki, bu bar\u0259d\u0259 Xarici \u0130\u015fl\u0259r Nazirliyinin m\u0259tbuat katibi Ayxan Hac\u0131zad\u0259nin Fransan\u0131n Avropa v\u0259 xarici i\u015fl\u0259r naziri Jan Noel Baro t\u0259r\u0259find\u0259n Az\u0259rbaycan\u0131n Fransan\u0131n d\u0259niza\u015f\u0131r\u0131 \u0259razil\u0259rind\u0259 m\u00fcdaxil\u0259 il\u0259 ba\u011fl\u0131 Fransa Senat\u0131nda s\u0259sl\u0259ndirdiyi iddialara dair \u015f\u0259rhind\u0259 deyilir. Fransan\u0131n xarici i\u015fl\u0259r naziri Jan Noel Baronun Az\u0259rbaycan\u0131 d\u0259niza\u015f\u0131r\u0131 \u0259razil\u0259r\u0259 m\u00fcdaxil\u0259d\u0259 ittiham ed\u0259n \u015f\u0259rhi Fransan\u0131n Yeni Kaledoniya yerli&hellip;<\/p>\n","protected":false},"author":2,"featured_media":784613,"comment_status":"closed","ping_status":"closed","sticky":false,"template":"","format":"standard","meta":{"om_disable_all_campaigns":false,"_monsterinsights_skip_tracking":false,"_monsterinsights_sitenote_active":false,"_monsterinsights_sitenote_note":"","_monsterinsights_sitenote_category":0},"categories":[4],"tags":[],"aioseo_notices":[],"gutentor_comment":0,"rttpg_featured_image_url":{"full":["https:\/\/arantv.az\/wp-content\/uploads\/2025\/01\/684656e6b4d0700e6cb59bdc5e185c72.jpg",850,500,false],"landscape":["https:\/\/arantv.az\/wp-content\/uploads\/2025\/01\/684656e6b4d0700e6cb59bdc5e185c72.jpg",850,500,false],"portraits":["https:\/\/arantv.az\/wp-content\/uploads\/2025\/01\/684656e6b4d0700e6cb59bdc5e185c72.jpg",850,500,false],"thumbnail":["https:\/\/arantv.az\/wp-content\/uploads\/2025\/01\/684656e6b4d0700e6cb59bdc5e185c72-500x280.jpg",500,280,true],"medium":["https:\/\/arantv.az\/wp-content\/uploads\/2025\/01\/684656e6b4d0700e6cb59bdc5e185c72-621x365.jpg",621,365,true],"large":["https:\/\/arantv.az\/wp-content\/uploads\/2025\/01\/684656e6b4d0700e6cb59bdc5e185c72-840x494.jpg",640,376,true],"1536x1536":["https:\/\/arantv.az\/wp-content\/uploads\/2025\/01\/684656e6b4d0700e6cb59bdc5e185c72.jpg",850,500,false],"2048x2048":["https:\/\/arantv.az\/wp-content\/uploads\/2025\/01\/684656e6b4d0700e6cb59bdc5e185c72.jpg",850,500,false],"post-thumbnail":["https:\/\/arantv.az\/wp-content\/uploads\/2025\/01\/684656e6b4d0700e6cb59bdc5e185c72-240x172.jpg",240,172,true],"advps-thumb-one":["https:\/\/arantv.az\/wp-content\/uploads\/2025\/01\/684656e6b4d0700e6cb59bdc5e185c72.jpg",850,500,false]},"rttpg_author":{"display_name":"V\u00fcsal Rafiqo\u011flu","author_link":"https:\/\/arantv.az\/?author=2"},"rttpg_comment":0,"rttpg_category":"<a href=\"https:\/\/arantv.az\/?cat=4\" rel=\"category\">Siyas\u0259t<\/a>","rttpg_excerpt":"&#8220;Biz t\u0259\u0259ss\u00fcf edirik ki, 29 yanvar 2025-ci il tarixind\u0259 Senatda m\u00fczakir\u0259l\u0259r zaman\u0131 Fransan\u0131n Avropa v\u0259 xarici i\u015fl\u0259r naziri Jan Noel Baro n\u00f6vb\u0259ti d\u0259f\u0259 Az\u0259rbaycan\u0131n Fransan\u0131n d\u0259niza\u015f\u0131r\u0131 \u0259razil\u0259rin\u0259 qondarma m\u00fcdaxil\u0259si il\u0259 ba\u011fl\u0131 iddialar yayma\u011fa c\u0259hd edib&#8221;. ARANTV.AZ \u00a0x\u0259b\u0259r verir ki, bu bar\u0259d\u0259 Xarici \u0130\u015fl\u0259r Nazirliyinin m\u0259tbuat katibi Ayxan Hac\u0131zad\u0259nin Fransan\u0131n Avropa v\u0259 xarici i\u015fl\u0259r naziri Jan&hellip;","_links":{"self":[{"href":"https:\/\/arantv.az\/index.php?rest_route=\/wp\/v2\/posts\/784612"}],"collection":[{"href":"https:\/\/arantv.az\/index.php?rest_route=\/wp\/v2\/posts"}],"about":[{"href":"https:\/\/arantv.az\/index.php?rest_route=\/wp\/v2\/types\/post"}],"author":[{"embeddable":true,"href":"https:\/\/arantv.az\/index.php?rest_route=\/wp\/v2\/users\/2"}],"replies":[{"embeddable":true,"href":"https:\/\/arantv.az\/index.php?rest_route=%2Fwp%2Fv2%2Fcomments&post=784612"}],"version-history":[{"count":1,"href":"https:\/\/arantv.az\/index.php?rest_route=\/wp\/v2\/posts\/784612\/revisions"}],"predecessor-version":[{"id":784614,"href":"https:\/\/arantv.az\/index.php?rest_route=\/wp\/v2\/posts\/784612\/revisions\/784614"}],"wp:featuredmedia":[{"embeddable":true,"href":"https:\/\/arantv.az\/index.php?rest_route=\/wp\/v2\/media\/784613"}],"wp:attachment":[{"href":"https:\/\/arantv.az\/index.php?rest_route=%2Fwp%2Fv2%2Fmedia&parent=784612"}],"wp:term":[{"taxonomy":"category","embeddable":true,"href":"https:\/\/arantv.az\/index.php?rest_route=%2Fwp%2Fv2%2Fcategories&post=784612"},{"taxonomy":"post_tag","embeddable":true,"href":"https:\/\/arantv.az\/index.php?rest_route=%2Fwp%2Fv2%2Ftags&post=784612"}],"curies":[{"name":"wp","href":"https:\/\/api.w.org\/{rel}","templated":true}]}}