{"id":784651,"date":"2025-01-30T21:00:02","date_gmt":"2025-01-30T17:00:02","guid":{"rendered":"https:\/\/arantv.az\/?p=784651"},"modified":"2025-01-30T21:00:02","modified_gmt":"2025-01-30T17:00:02","slug":"yeni-insa-olunacaq-metro-stansiyalari-il%c9%99-bagli-aciqlama-video","status":"publish","type":"post","link":"https:\/\/arantv.az\/?p=784651","title":{"rendered":"Yeni in\u015fa olunacaq metro stansiyalar\u0131 il\u0259 ba\u011fl\u0131 a\u00e7\u0131qlama &#8211; V\u0130DEO"},"content":{"rendered":"<div class=\"text-content\" data-id=\"\" data-url=\"\">\n<p><strong>&#8220;Bak\u0131 Metropoliteni&#8221; \u00fc\u00e7\u00fcn vacib m\u0259s\u0259l\u0259l\u0259rd\u0259n biri b\u0259n\u00f6v\u015f\u0259yi x\u0259ttin uzad\u0131lmas\u0131 il\u0259 ba\u011fl\u0131d\u0131r. Bu istiqam\u0259td\u0259 6 stansiya in\u015fa olunacaq&#8221;.<\/strong><\/p>\n<p>Bunu &#8220;Bak\u0131 Metropoliteni&#8221;nin s\u00f6z\u00e7\u00fcs\u00fc B\u0259xtiyar M\u0259mm\u0259dov yeni in\u015fa olunacaq metro stansiyalar\u0131 il\u0259 ba\u011fl\u0131 a\u00e7\u0131qlamas\u0131nda deyib.<\/p>\n<p>O bildirib ki, Prezident\u00a0\u0130lham \u018fliyevin\u00a0tap\u015f\u0131r\u0131\u011f\u0131na \u0259sas\u0259n, h\u0259min stansiyalar\u0131n yerl\u0259\u015fm\u0259si il\u0259 ba\u011fl\u0131 m\u0259s\u0259l\u0259l\u0259r d\u0259 h\u0259llini tapacaq:<\/p>\n<p>&#8220;\u0130n\u015fa olunacaq stansiyalardan &#8220;Nizami&#8221; v\u0259 &#8220;X\u0259tai&#8221; stansiyalar\u0131 ya\u015f\u0131l x\u0259tt\u0259, &#8220;Sahil&#8221; stansiyas\u0131nda ke\u00e7id verilm\u0259kl\u0259 q\u0131rm\u0131z\u0131 x\u0259tt\u0259 b\u0259n\u00f6v\u015f\u0259yi x\u0259ttin ke\u00e7idi t\u0259min olunacaq&#8221;.<\/p>\n<p>B.M\u0259mm\u0259dov \u0259lav\u0259 edib ki, b\u0259n\u00f6v\u015f\u0259yi x\u0259ttin \u0259sas istiqam\u0259ti X\u0131rdalan, Masaz\u0131r, Sumqay\u0131t, Bak\u0131-\u015eamax\u0131 yolu \u00fcz\u0259rind\u0259 yerl\u0259\u015f\u0259n q\u0259s\u0259b\u0259l\u0259r v\u0259 ya\u015fay\u0131\u015f m\u0259nt\u0259q\u0259l\u0259ridir:<\/p>\n<p>&#8220;H\u0259min istiqam\u0259td\u0259n g\u0259l\u0259n insanlar\u0131n b\u00fct\u00fcn x\u0259tl\u0259r\u0259 inteqrasiya olunmaqla rahat h\u0259r\u0259k\u0259ti t\u0259min olunacaq. Eyni zamanda s\u0259rni\u015finl\u0259rimiz bununla vaxtlar\u0131na da q\u0259na\u0259t etmi\u015f olacaqlar&#8221;.<\/p>\n<p><strong>\u018ftrafl\u0131 Baku TV-nin s\u00fcjetind\u0259:<\/strong><\/p>\n<p><iframe title=\"Yeni in\u015fa olunacaq metro stansiyalar\u0131 il\u0259 ba\u011fl\u0131 a\u00e7\u0131qlama\" src=\"https:\/\/www.youtube.com\/embed\/g_dOq4dpbks\" frameborder=\"0\" allowfullscreen=\"allowfullscreen\" data-mce-fragment=\"1\"><\/iframe><\/p>\n<\/div>\n<div><\/div>\n<div><\/div>\n<div class=\"inner-social-box\">\n<div class=\"subs-in-social subs-whatsapp\"><\/div>\n<\/div>\n","protected":false},"excerpt":{"rendered":"<p>&#8220;Bak\u0131 Metropoliteni&#8221; \u00fc\u00e7\u00fcn vacib m\u0259s\u0259l\u0259l\u0259rd\u0259n biri b\u0259n\u00f6v\u015f\u0259yi x\u0259ttin uzad\u0131lmas\u0131 il\u0259 ba\u011fl\u0131d\u0131r. Bu istiqam\u0259td\u0259 6 stansiya in\u015fa olunacaq&#8221;. Bunu &#8220;Bak\u0131 Metropoliteni&#8221;nin s\u00f6z\u00e7\u00fcs\u00fc B\u0259xtiyar M\u0259mm\u0259dov yeni in\u015fa olunacaq metro stansiyalar\u0131 il\u0259 ba\u011fl\u0131 a\u00e7\u0131qlamas\u0131nda deyib. O bildirib ki, Prezident\u00a0\u0130lham \u018fliyevin\u00a0tap\u015f\u0131r\u0131\u011f\u0131na \u0259sas\u0259n, h\u0259min stansiyalar\u0131n yerl\u0259\u015fm\u0259si il\u0259 ba\u011fl\u0131 m\u0259s\u0259l\u0259l\u0259r d\u0259 h\u0259llini tapacaq: &#8220;\u0130n\u015fa olunacaq stansiyalardan &#8220;Nizami&#8221; v\u0259 &#8220;X\u0259tai&#8221; stansiyalar\u0131 ya\u015f\u0131l x\u0259tt\u0259, &#8220;Sahil&#8221; stansiyas\u0131nda ke\u00e7id verilm\u0259kl\u0259 q\u0131rm\u0131z\u0131 x\u0259tt\u0259 b\u0259n\u00f6v\u015f\u0259yi x\u0259ttin ke\u00e7idi t\u0259min olunacaq&#8221;. B.M\u0259mm\u0259dov \u0259lav\u0259 edib ki, b\u0259n\u00f6v\u015f\u0259yi x\u0259ttin \u0259sas istiqam\u0259ti X\u0131rdalan, Masaz\u0131r, Sumqay\u0131t, Bak\u0131-\u015eamax\u0131 yolu \u00fcz\u0259rind\u0259 yerl\u0259\u015f\u0259n q\u0259s\u0259b\u0259l\u0259r v\u0259 ya\u015fay\u0131\u015f m\u0259nt\u0259q\u0259l\u0259ridir: &#8220;H\u0259min istiqam\u0259td\u0259n g\u0259l\u0259n insanlar\u0131n&hellip;<\/p>\n","protected":false},"author":2,"featured_media":784652,"comment_status":"closed","ping_status":"closed","sticky":false,"template":"","format":"standard","meta":{"om_disable_all_campaigns":false,"_monsterinsights_skip_tracking":false,"_monsterinsights_sitenote_active":false,"_monsterinsights_sitenote_note":"","_monsterinsights_sitenote_category":0},"categories":[1],"tags":[],"aioseo_notices":[],"gutentor_comment":0,"rttpg_featured_image_url":{"full":["https:\/\/arantv.az\/wp-content\/uploads\/2025\/01\/d2aa90553fc8dba610800329b65454d6.jpg",620,413,false],"landscape":["https:\/\/arantv.az\/wp-content\/uploads\/2025\/01\/d2aa90553fc8dba610800329b65454d6.jpg",620,413,false],"portraits":["https:\/\/arantv.az\/wp-content\/uploads\/2025\/01\/d2aa90553fc8dba610800329b65454d6.jpg",620,413,false],"thumbnail":["https:\/\/arantv.az\/wp-content\/uploads\/2025\/01\/d2aa90553fc8dba610800329b65454d6-500x280.jpg",500,280,true],"medium":["https:\/\/arantv.az\/wp-content\/uploads\/2025\/01\/d2aa90553fc8dba610800329b65454d6-548x365.jpg",548,365,true],"large":["https:\/\/arantv.az\/wp-content\/uploads\/2025\/01\/d2aa90553fc8dba610800329b65454d6.jpg",620,413,false],"1536x1536":["https:\/\/arantv.az\/wp-content\/uploads\/2025\/01\/d2aa90553fc8dba610800329b65454d6.jpg",620,413,false],"2048x2048":["https:\/\/arantv.az\/wp-content\/uploads\/2025\/01\/d2aa90553fc8dba610800329b65454d6.jpg",620,413,false],"post-thumbnail":["https:\/\/arantv.az\/wp-content\/uploads\/2025\/01\/d2aa90553fc8dba610800329b65454d6-240x172.jpg",240,172,true],"advps-thumb-one":["https:\/\/arantv.az\/wp-content\/uploads\/2025\/01\/d2aa90553fc8dba610800329b65454d6.jpg",620,413,false]},"rttpg_author":{"display_name":"V\u00fcsal Rafiqo\u011flu","author_link":"https:\/\/arantv.az\/?author=2"},"rttpg_comment":0,"rttpg_category":"<a href=\"https:\/\/arantv.az\/?cat=1\" rel=\"category\">C\u0259miyy\u0259t<\/a>","rttpg_excerpt":"&#8220;Bak\u0131 Metropoliteni&#8221; \u00fc\u00e7\u00fcn vacib m\u0259s\u0259l\u0259l\u0259rd\u0259n biri b\u0259n\u00f6v\u015f\u0259yi x\u0259ttin uzad\u0131lmas\u0131 il\u0259 ba\u011fl\u0131d\u0131r. Bu istiqam\u0259td\u0259 6 stansiya in\u015fa olunacaq&#8221;. Bunu &#8220;Bak\u0131 Metropoliteni&#8221;nin s\u00f6z\u00e7\u00fcs\u00fc B\u0259xtiyar M\u0259mm\u0259dov yeni in\u015fa olunacaq metro stansiyalar\u0131 il\u0259 ba\u011fl\u0131 a\u00e7\u0131qlamas\u0131nda deyib. O bildirib ki, Prezident\u00a0\u0130lham \u018fliyevin\u00a0tap\u015f\u0131r\u0131\u011f\u0131na \u0259sas\u0259n, h\u0259min stansiyalar\u0131n yerl\u0259\u015fm\u0259si il\u0259 ba\u011fl\u0131 m\u0259s\u0259l\u0259l\u0259r d\u0259 h\u0259llini tapacaq: &#8220;\u0130n\u015fa olunacaq stansiyalardan &#8220;Nizami&#8221; v\u0259 &#8220;X\u0259tai&#8221; stansiyalar\u0131 ya\u015f\u0131l&hellip;","_links":{"self":[{"href":"https:\/\/arantv.az\/index.php?rest_route=\/wp\/v2\/posts\/784651"}],"collection":[{"href":"https:\/\/arantv.az\/index.php?rest_route=\/wp\/v2\/posts"}],"about":[{"href":"https:\/\/arantv.az\/index.php?rest_route=\/wp\/v2\/types\/post"}],"author":[{"embeddable":true,"href":"https:\/\/arantv.az\/index.php?rest_route=\/wp\/v2\/users\/2"}],"replies":[{"embeddable":true,"href":"https:\/\/arantv.az\/index.php?rest_route=%2Fwp%2Fv2%2Fcomments&post=784651"}],"version-history":[{"count":1,"href":"https:\/\/arantv.az\/index.php?rest_route=\/wp\/v2\/posts\/784651\/revisions"}],"predecessor-version":[{"id":784653,"href":"https:\/\/arantv.az\/index.php?rest_route=\/wp\/v2\/posts\/784651\/revisions\/784653"}],"wp:featuredmedia":[{"embeddable":true,"href":"https:\/\/arantv.az\/index.php?rest_route=\/wp\/v2\/media\/784652"}],"wp:attachment":[{"href":"https:\/\/arantv.az\/index.php?rest_route=%2Fwp%2Fv2%2Fmedia&parent=784651"}],"wp:term":[{"taxonomy":"category","embeddable":true,"href":"https:\/\/arantv.az\/index.php?rest_route=%2Fwp%2Fv2%2Fcategories&post=784651"},{"taxonomy":"post_tag","embeddable":true,"href":"https:\/\/arantv.az\/index.php?rest_route=%2Fwp%2Fv2%2Ftags&post=784651"}],"curies":[{"name":"wp","href":"https:\/\/api.w.org\/{rel}","templated":true}]}}