{"id":784849,"date":"2025-01-31T19:19:05","date_gmt":"2025-01-31T15:19:05","guid":{"rendered":"https:\/\/arantv.az\/?p=784849"},"modified":"2025-01-31T19:19:05","modified_gmt":"2025-01-31T15:19:05","slug":"ceyhun-bayramov-komanesku-il%c9%99-n%c9%99l%c9%99ri-muzakir%c9%99-etdi-foto","status":"publish","type":"post","link":"https:\/\/arantv.az\/?p=784849","title":{"rendered":"Ceyhun Bayramov Komanesku il\u0259 n\u0259l\u0259ri m\u00fczakir\u0259 etdi? &#8211; FOTO"},"content":{"rendered":"<div class=\"text-content\" data-id=\"\" data-url=\"\">\n<p><strong>Az\u0259rbaycan\u0131n xarici i\u015fl\u0259r naziri Ceyhun Bayramov Qara D\u0259niz \u0130qtisadi \u018fm\u0259kda\u015fl\u0131q T\u0259\u015fkilat\u0131n\u0131n (QD\u0130\u018fT) ba\u015f katibi Lazar Komanesku il\u0259 g\u00f6r\u00fc\u015f\u00fcb.<\/strong><\/p>\n<p><b>ARANTV.AZ <\/b>x\u0259b\u0259r verir ki, bu bar\u0259d\u0259 Az\u0259rbaycan X\u0130N m\u0259lumat yay\u0131b.<\/p>\n<p>Bildirilib ki, g\u00f6r\u00fc\u015fd\u0259 Az\u0259rbaycan-QD\u0130\u018fT \u0259m\u0259kda\u015fl\u0131\u011f\u0131, 2025-ci ilin birinci yar\u0131s\u0131nda Az\u0259rbaycan\u0131n T\u0259\u015fkilata s\u0259drliyi, habel\u0259 qar\u015f\u0131l\u0131ql\u0131 maraq do\u011furan regional v\u0259 beyn\u0259lxalq m\u0259s\u0259l\u0259l\u0259r \u0259traf\u0131nda fikir m\u00fcbadil\u0259si apar\u0131l\u0131b.<\/p>\n<p>Ceyhun Bayramov QD\u0130\u018fT-in regional \u0259m\u0259kda\u015fl\u0131\u011f\u0131n t\u0259\u015fviqi v\u0259 ir\u0259lil\u0259dilm\u0259si bax\u0131m\u0131ndan \u0259h\u0259miyy\u0259tli platformalardan biri oldu\u011funu qeyd ed\u0259r\u0259k Az\u0259rbaycan\u0131n T\u0259\u015fkilat \u00e7\u0259r\u00e7iv\u0259sind\u0259 m\u00f6vcud \u0259m\u0259kda\u015fl\u0131\u011f\u0131n daha da g\u00fccl\u0259ndirilm\u0259sinin t\u0259r\u0259fdar\u0131 oldu\u011funu diqq\u0259t\u0259 \u00e7atd\u0131r\u0131b.<\/p>\n<p>Az\u0259rbaycan\u0131n regional iqtisadi, ticar\u0259t, enerji t\u0259hl\u00fck\u0259sizliyi, n\u0259qliyyat, kommunikasiyalar, turizm istiqam\u0259tind\u0259 t\u0259\u015f\u0259bb\u00fcsl\u0259rind\u0259n b\u0259hs olunub, x\u00fcsusil\u0259 X\u0259z\u0259r-Qara-Aral\u0131q d\u0259nizl\u0259ri b\u00f6lg\u0259l\u0259rini birl\u0259\u015fdir\u0259n \u201cya\u015f\u0131l enerji\u201d d\u0259hlizi layih\u0259sinin, habel\u0259 \u201cOrta D\u0259hliz\u201din inki\u015faf etdirilm\u0259si \u00fczr\u0259 s\u0259yl\u0259rin \u0259sas istiqam\u0259tl\u0259rd\u0259n oldu\u011fu qeyd edilib.<\/p>\n<p>T\u0259\u015fkilat \u00e7\u0259r\u00e7iv\u0259sind\u0259 enerji, yax\u015f\u0131 idar\u0259\u00e7ilik v\u0259 dig\u0259r i\u015f\u00e7i qruplar \u00e7\u0259r\u00e7iv\u0259sind\u0259 birg\u0259 s\u0259yl\u0259rin art\u0131r\u0131lmas\u0131 m\u0259s\u0259l\u0259l\u0259ri n\u0259z\u0259rd\u0259n ke\u00e7irilib.<\/p>\n<p>Az\u0259rbaycan\u0131n BMT-nin \u0130qlim D\u0259yi\u015fm\u0259l\u0259ri \u00fczr\u0259 \u00c7\u0259r\u00e7iv\u0259 Konvensiyas\u0131n\u0131n T\u0259r\u0259fl\u0259r Konfrans\u0131n\u0131n 29-cu sessiyas\u0131na (COP29) s\u0259drliyind\u0259n b\u0259hs ed\u0259n t\u0259r\u0259fl\u0259r, \u00f6t\u0259n il Az\u0259rbaycanda ke\u00e7iril\u0259n bu m\u00f6t\u0259b\u0259r t\u0259dbir \u00e7\u0259r\u00e7iv\u0259sind\u0259 yeni iqlim maliyy\u0259si h\u0259d\u0259fi, karbon bazarlar\u0131, \u0130tki v\u0259 Z\u0259r\u0259r Fondu il\u0259 ba\u011fl\u0131 bir s\u0131ra vacib q\u0259rarlar\u0131n q\u0259bulunun \u0259h\u0259miyy\u0259ti, iqlim f\u0259aliyy\u0259ti \u00fczr\u0259 QD\u0130\u018fT-d\u0259 birg\u0259 f\u0259aliyy\u0259tin vacibliyi vur\u011fulan\u0131b.<\/p>\n<p>G\u00f6r\u00fc\u015f zaman\u0131, h\u0259m\u00e7inin qar\u015f\u0131l\u0131ql\u0131 maraq do\u011furan regional m\u0259s\u0259l\u0259l\u0259r m\u00fczakir\u0259 olunub.<\/p>\n<\/div>\n<div>\n<div class=\"form-group\"><img class=\"img-responsive\" src=\"https:\/\/cdn.musavat.com\/news\/images\/Ayten\/KOMAN%201.jpeg\" \/><\/div>\n<div class=\"form-group\"><img class=\"img-responsive\" src=\"https:\/\/cdn.musavat.com\/news\/images\/Ayten\/KOMAN.jpeg\" \/><\/div>\n<\/div>\n","protected":false},"excerpt":{"rendered":"<p>Az\u0259rbaycan\u0131n xarici i\u015fl\u0259r naziri Ceyhun Bayramov Qara D\u0259niz \u0130qtisadi \u018fm\u0259kda\u015fl\u0131q T\u0259\u015fkilat\u0131n\u0131n (QD\u0130\u018fT) ba\u015f katibi Lazar Komanesku il\u0259 g\u00f6r\u00fc\u015f\u00fcb. ARANTV.AZ x\u0259b\u0259r verir ki, bu bar\u0259d\u0259 Az\u0259rbaycan X\u0130N m\u0259lumat yay\u0131b. Bildirilib ki, g\u00f6r\u00fc\u015fd\u0259 Az\u0259rbaycan-QD\u0130\u018fT \u0259m\u0259kda\u015fl\u0131\u011f\u0131, 2025-ci ilin birinci yar\u0131s\u0131nda Az\u0259rbaycan\u0131n T\u0259\u015fkilata s\u0259drliyi, habel\u0259 qar\u015f\u0131l\u0131ql\u0131 maraq do\u011furan regional v\u0259 beyn\u0259lxalq m\u0259s\u0259l\u0259l\u0259r \u0259traf\u0131nda fikir m\u00fcbadil\u0259si apar\u0131l\u0131b. Ceyhun Bayramov QD\u0130\u018fT-in regional \u0259m\u0259kda\u015fl\u0131\u011f\u0131n t\u0259\u015fviqi v\u0259 ir\u0259lil\u0259dilm\u0259si bax\u0131m\u0131ndan \u0259h\u0259miyy\u0259tli platformalardan biri oldu\u011funu qeyd ed\u0259r\u0259k Az\u0259rbaycan\u0131n T\u0259\u015fkilat \u00e7\u0259r\u00e7iv\u0259sind\u0259 m\u00f6vcud \u0259m\u0259kda\u015fl\u0131\u011f\u0131n daha da g\u00fccl\u0259ndirilm\u0259sinin t\u0259r\u0259fdar\u0131 oldu\u011funu diqq\u0259t\u0259 \u00e7atd\u0131r\u0131b. Az\u0259rbaycan\u0131n regional iqtisadi, ticar\u0259t, enerji t\u0259hl\u00fck\u0259sizliyi, n\u0259qliyyat, kommunikasiyalar, turizm istiqam\u0259tind\u0259 t\u0259\u015f\u0259bb\u00fcsl\u0259rind\u0259n&hellip;<\/p>\n","protected":false},"author":2,"featured_media":784850,"comment_status":"closed","ping_status":"closed","sticky":false,"template":"","format":"standard","meta":{"om_disable_all_campaigns":false,"_monsterinsights_skip_tracking":false,"_monsterinsights_sitenote_active":false,"_monsterinsights_sitenote_note":"","_monsterinsights_sitenote_category":0},"categories":[4],"tags":[],"aioseo_notices":[],"gutentor_comment":0,"rttpg_featured_image_url":{"full":["https:\/\/arantv.az\/wp-content\/uploads\/2025\/01\/a8256752038bc51b291816697cfcabaf.jpg",850,500,false],"landscape":["https:\/\/arantv.az\/wp-content\/uploads\/2025\/01\/a8256752038bc51b291816697cfcabaf.jpg",850,500,false],"portraits":["https:\/\/arantv.az\/wp-content\/uploads\/2025\/01\/a8256752038bc51b291816697cfcabaf.jpg",850,500,false],"thumbnail":["https:\/\/arantv.az\/wp-content\/uploads\/2025\/01\/a8256752038bc51b291816697cfcabaf-500x280.jpg",500,280,true],"medium":["https:\/\/arantv.az\/wp-content\/uploads\/2025\/01\/a8256752038bc51b291816697cfcabaf-621x365.jpg",621,365,true],"large":["https:\/\/arantv.az\/wp-content\/uploads\/2025\/01\/a8256752038bc51b291816697cfcabaf-840x494.jpg",640,376,true],"1536x1536":["https:\/\/arantv.az\/wp-content\/uploads\/2025\/01\/a8256752038bc51b291816697cfcabaf.jpg",850,500,false],"2048x2048":["https:\/\/arantv.az\/wp-content\/uploads\/2025\/01\/a8256752038bc51b291816697cfcabaf.jpg",850,500,false],"post-thumbnail":["https:\/\/arantv.az\/wp-content\/uploads\/2025\/01\/a8256752038bc51b291816697cfcabaf-240x172.jpg",240,172,true],"advps-thumb-one":["https:\/\/arantv.az\/wp-content\/uploads\/2025\/01\/a8256752038bc51b291816697cfcabaf.jpg",850,500,false]},"rttpg_author":{"display_name":"V\u00fcsal Rafiqo\u011flu","author_link":"https:\/\/arantv.az\/?author=2"},"rttpg_comment":0,"rttpg_category":"<a href=\"https:\/\/arantv.az\/?cat=4\" rel=\"category\">Siyas\u0259t<\/a>","rttpg_excerpt":"Az\u0259rbaycan\u0131n xarici i\u015fl\u0259r naziri Ceyhun Bayramov Qara D\u0259niz \u0130qtisadi \u018fm\u0259kda\u015fl\u0131q T\u0259\u015fkilat\u0131n\u0131n (QD\u0130\u018fT) ba\u015f katibi Lazar Komanesku il\u0259 g\u00f6r\u00fc\u015f\u00fcb. ARANTV.AZ x\u0259b\u0259r verir ki, bu bar\u0259d\u0259 Az\u0259rbaycan X\u0130N m\u0259lumat yay\u0131b. Bildirilib ki, g\u00f6r\u00fc\u015fd\u0259 Az\u0259rbaycan-QD\u0130\u018fT \u0259m\u0259kda\u015fl\u0131\u011f\u0131, 2025-ci ilin birinci yar\u0131s\u0131nda Az\u0259rbaycan\u0131n T\u0259\u015fkilata s\u0259drliyi, habel\u0259 qar\u015f\u0131l\u0131ql\u0131 maraq do\u011furan regional v\u0259 beyn\u0259lxalq m\u0259s\u0259l\u0259l\u0259r \u0259traf\u0131nda fikir m\u00fcbadil\u0259si apar\u0131l\u0131b. Ceyhun Bayramov QD\u0130\u018fT-in&hellip;","_links":{"self":[{"href":"https:\/\/arantv.az\/index.php?rest_route=\/wp\/v2\/posts\/784849"}],"collection":[{"href":"https:\/\/arantv.az\/index.php?rest_route=\/wp\/v2\/posts"}],"about":[{"href":"https:\/\/arantv.az\/index.php?rest_route=\/wp\/v2\/types\/post"}],"author":[{"embeddable":true,"href":"https:\/\/arantv.az\/index.php?rest_route=\/wp\/v2\/users\/2"}],"replies":[{"embeddable":true,"href":"https:\/\/arantv.az\/index.php?rest_route=%2Fwp%2Fv2%2Fcomments&post=784849"}],"version-history":[{"count":1,"href":"https:\/\/arantv.az\/index.php?rest_route=\/wp\/v2\/posts\/784849\/revisions"}],"predecessor-version":[{"id":784851,"href":"https:\/\/arantv.az\/index.php?rest_route=\/wp\/v2\/posts\/784849\/revisions\/784851"}],"wp:featuredmedia":[{"embeddable":true,"href":"https:\/\/arantv.az\/index.php?rest_route=\/wp\/v2\/media\/784850"}],"wp:attachment":[{"href":"https:\/\/arantv.az\/index.php?rest_route=%2Fwp%2Fv2%2Fmedia&parent=784849"}],"wp:term":[{"taxonomy":"category","embeddable":true,"href":"https:\/\/arantv.az\/index.php?rest_route=%2Fwp%2Fv2%2Fcategories&post=784849"},{"taxonomy":"post_tag","embeddable":true,"href":"https:\/\/arantv.az\/index.php?rest_route=%2Fwp%2Fv2%2Ftags&post=784849"}],"curies":[{"name":"wp","href":"https:\/\/api.w.org\/{rel}","templated":true}]}}