{"id":784859,"date":"2025-01-31T19:22:41","date_gmt":"2025-01-31T15:22:41","guid":{"rendered":"https:\/\/arantv.az\/?p=784859"},"modified":"2025-01-31T19:22:41","modified_gmt":"2025-01-31T15:22:41","slug":"informasiya-muharib%c9%99sinin-on-c%c9%99bh%c9%99sind%c9%99","status":"publish","type":"post","link":"https:\/\/arantv.az\/?p=784859","title":{"rendered":"\u0130nformasiya m\u00fcharib\u0259sinin \u00f6n c\u0259bh\u0259sind\u0259"},"content":{"rendered":"<h5>M\u00fcasir c\u0259miyy\u0259timizin h\u0259rt\u0259r\u0259fli t\u0259r\u0259qqisind\u0259, qazand\u0131\u011f\u0131m\u0131z u\u011furlarda v\u0259 d\u00f6vl\u0259t\u00e7iliyimizin daha da m\u00f6hk\u0259ml\u0259ndirilm\u0259sind\u0259 milli g\u0259ncliyimizin rolu \u00e7ox b\u00f6y\u00fckd\u00fcr. Az\u0259rbaycan g\u0259ncliyi xalqa, milli-m\u0259n\u0259vi d\u0259y\u0259rl\u0259r\u0259 sadiqliyi, y\u00fcks\u0259k v\u0259t\u0259np\u0259rv\u0259rlik ruhu il\u0259 se\u00e7ilmi\u015fdir v\u0259 se\u00e7ilm\u0259kd\u0259dir. G\u0259ncl\u0259rimiz s\u00f6zs\u00fcz ki, xalq\u0131m\u0131z\u0131n g\u0259l\u0259c\u0259yidir. \u018fsas\u0131 \u00dcmummilli Lider Heyd\u0259r \u018fliyev t\u0259r\u0259find\u0259n qoyulmu\u015f d\u00f6vl\u0259t g\u0259ncl\u0259r siyas\u0259ti Az\u0259rbaycan g\u0259ncliyinin milli ruhda formala\u015fmas\u0131nda m\u00fch\u00fcm rol oynay\u0131r. Ulu \u00d6nd\u0259r g\u0259ncl\u0259rimiz haqq\u0131nda y\u00fcks\u0259k fikirl\u0259r bildir\u0259r\u0259k qeyd edirdi ki, onlar fiziki sa\u011flaml\u0131\u011fa, y\u00fcks\u0259k \u015f\u00fcura, y\u00fcks\u0259k biliy\u0259, y\u00fcks\u0259k \u0259xlaqa, y\u00fcks\u0259k t\u0259rbiy\u0259y\u0259, y\u00fcks\u0259k elm\u0259 malik olmal\u0131d\u0131rlar. M\u00fcst\u0259qil Az\u0259rbaycan\u0131n g\u0259l\u0259c\u0259yi g\u0259ncl\u0259rin \u0259lind\u0259dir, g\u0259ncl\u0259r\u0259 veril\u0259c\u0259kdir. Ona g\u00f6r\u0259 d\u0259 m\u0259kt\u0259bd\u0259 g\u0259ncl\u0259rimizi n\u0259 q\u0259d\u0259r yax\u015f\u0131, h\u0259rt\u0259r\u0259fli haz\u0131rlasalar, m\u00fcst\u0259qil Az\u0259rbaycan\u0131n g\u0259l\u0259c\u0259yi d\u0259 o q\u0259d\u0259r m\u00fcv\u0259ff\u0259qiyy\u0259tli, u\u011furlu, parlaq olacaqd\u0131r. H\u0259r g\u00fcnd\u0259n, d\u0259qiq\u0259d\u0259n s\u0259m\u0259r\u0259li istifad\u0259 olunmal\u0131d\u0131r ki, g\u0259nc n\u0259slimiz yax\u015f\u0131 bilik, t\u0259hsil als\u0131n, elmin, h\u0259yat\u0131n b\u00fct\u00fcn sah\u0259l\u0259rind\u0259 olan t\u0259cr\u00fcb\u0259ni m\u0259nims\u0259sin, h\u0259yatda, c\u0259miyy\u0259td\u0259 h\u0259m \u00f6z\u00fc, h\u0259m d\u0259 \u00f6lk\u0259 xalq \u00fc\u00e7\u00fcn faydal\u0131 olsun. G\u0259ncl\u0259rimizin \u0259sas v\u0259zif\u0259si \u00f6z\u00fcn\u00fc m\u00fcst\u0259qil Az\u0259rbaycan Respublikas\u0131n\u0131n inki\u015faf\u0131na h\u0259sr etm\u0259kd\u0259n, m\u00fcst\u0259qil Az\u0259rbaycan Respublikas\u0131n\u0131n ya\u015famas\u0131na v\u0259 \u0259b\u0259di olmas\u0131na h\u0259sr etm\u0259kd\u0259n ibar\u0259t olmal\u0131d\u0131r.<\/h5>\n<p>Ulu \u00d6nd\u0259r Heyd\u0259r \u018fliyevin 1997-ci il fevral\u0131n 2-d\u0259 imzalad\u0131\u011f\u0131 F\u0259rmana \u0259sas\u0259n, fevral\u0131n 2-si Az\u0259rbaycan G\u0259ncl\u0259ri G\u00fcn\u00fc elan edilib v\u0259 h\u0259r ilin bu g\u00fcn\u00fc \u00f6lk\u0259mizd\u0259 x\u00fcsusi co\u015f\u011fu il\u0259 qeyd edilir. \u00d6lk\u0259mizd\u0259 g\u0259ncl\u0259r forumlar\u0131n\u0131n t\u0259\u015fkili onlar\u0131n h\u0259rt\u0259r\u0259fli inki\u015faf\u0131na \u00f6z t\u00f6hf\u0259l\u0259rini verir. C\u0259nab \u0130lham \u018fliyev t\u0259r\u0259find\u0259n 2007-ci ilin \u201cG\u0259ncl\u0259r ili\u201d elan edilm\u0259si \u0259lam\u0259tdar hadis\u0259 v\u0259 \u0259sas\u0131 \u00dcmummilli Lider Heyd\u0259r \u018fliyev t\u0259r\u0259find\u0259n qoyulmu\u015f d\u00f6vl\u0259t g\u0259ncl\u0259r siyas\u0259tinin u\u011furlu davam\u0131 idi. D\u00f6vl\u0259t ba\u015f\u00e7\u0131m\u0131z\u0131n g\u0259ncl\u0259r\u0259 d\u0259st\u0259k y\u00f6n\u00fcnd\u0259 verdiyi m\u00fch\u00fcm q\u0259rarlardan biri d\u0259 2013-c\u00fc il 2 iyul tarixind\u0259 \u00f6lk\u0259d\u0259 ilk d\u0259f\u0259 \u201cG\u0259ncl\u0259r \u00fc\u00e7\u00fcn Prezident M\u00fckafat\u0131\u201dn\u0131n t\u0259sis edilm\u0259si oldu. Bu istedadl\u0131 g\u0259ncl\u0259r\u0259 d\u00f6vl\u0259t qay\u011f\u0131s\u0131n\u0131n bariz g\u00f6st\u0259ricisi idi. X\u00fcsusi olaraq vur\u011fulamaq yerin\u0259 d\u00fc\u015f\u0259r ki, M\u00fcz\u0259ff\u0259r Ali Ba\u015f Komandan C\u0259nab \u0130lham \u018fliyevin \u00f6lk\u0259miz\u0259 r\u0259hb\u0259rliyi d\u00f6vr\u00fcnd\u0259 formala\u015fan Az\u0259rbaycan g\u0259ncliyi 44 g\u00fcnl\u00fck V\u0259t\u0259n m\u00fcharib\u0259sind\u0259 d\u00fcnya h\u0259rb tarixin\u0259 q\u0131z\u0131l h\u0259rfl\u0259rl\u0259 yaz\u0131lacaq misilsiz \u015f\u00fcca\u0259t v\u0259 tay\u0131-b\u0259rab\u0259ri olmayan q\u0259hr\u0259manl\u0131qlar g\u00f6st\u0259rdi. \u00d6lk\u0259 ba\u015f\u00e7\u0131m\u0131z 2 fevral 2022-ci il tarixind\u0259 g\u0259ncl\u0259r g\u00fcn\u00fc il\u0259 \u0259laq\u0259dar etdiyi \u00e7\u0131x\u0131\u015f\u0131nda qeyd edirdi: \u201c\u0130ndiki g\u0259ncl\u0259r \u00fc\u00e7\u00fcn imkanlar t\u0259bii ki, daha geni\u015fdir v\u0259 g\u0259ncl\u0259r bu imkanlardan istifad\u0259 etm\u0259lidirl\u0259r. Biz azad \u00f6lk\u0259d\u0259 ya\u015fay\u0131r\u0131q, sabitlik olan \u00f6lk\u0259d\u0259 ya\u015fay\u0131r\u0131q, \u00f6z\u00fcn\u0259 g\u00fcv\u0259n\u0259n \u00f6lk\u0259d\u0259 ya\u015fay\u0131r\u0131q. Biz haql\u0131 olaraq f\u0259xr edirik ki, Az\u0259rbaycan v\u0259t\u0259nda\u015flar\u0131y\u0131q v\u0259 g\u0259ncl\u0259r h\u0259m \u00f6z g\u0259l\u0259c\u0259k h\u0259yat\u0131n\u0131 d\u00fczg\u00fcn m\u00fc\u0259yy\u0259n etm\u0259k \u00fc\u00e7\u00fcn v\u0259 eyni zamanda, d\u00f6vl\u0259t\u0259 maksimum xeyir verm\u0259k \u00fc\u00e7\u00fcn f\u0259al olmal\u0131d\u0131rlar\u201d.<\/p>\n<p>M\u00fcasir d\u00f6vrd\u0259 informasiya m\u00fcharib\u0259sinin \u00f6n\u00a0 c\u0259bh\u0259sind\u0259 Az\u0259rbaycan g\u0259ncliyi m\u0259tin dayan\u0131r. Art\u0131q h\u0259r birimiz q\u00fcrur hissi il\u0259 qeyd edirik ki, m\u00fcxt\u0259lif \u015f\u0259h\u0259rl\u0259rimizd\u0259 v\u0259 rayonlar\u0131m\u0131zda g\u0259ncl\u0259r evl\u0259ri v\u0259 m\u0259rk\u0259zl\u0259ri s\u0259m\u0259r\u0259li \u015f\u0259kild\u0259 f\u0259aliyy\u0259t g\u00f6st\u0259rm\u0259kd\u0259dir. Yenilikl\u0259r\u0259 daim a\u00e7\u0131q olan Az\u0259rbaycan g\u0259ncliyi D\u00f6rd\u00fcnc\u00fc S\u0259naye \u0130nqilab\u0131 d\u00f6vr\u00fcn\u00fcn \u00e7a\u011f\u0131r\u0131\u015flar\u0131na \u0259zml\u0259 cavab verir. G\u0259ncl\u0259rimizin rifah\u0131na xidm\u0259t ed\u0259n \u0259sas D\u00f6vl\u0259t Proqramlar\u0131 bu proses\u0259 \u00f6z m\u00fcsb\u0259t t\u0259sirl\u0259rini g\u00f6st\u0259rir v\u0259 xalq\u0131m\u0131z tam \u0259mindir ki, Az\u0259rbaycan g\u0259ncliyi V\u0259t\u0259nimizin parlaq g\u0259l\u0259c\u0259yin\u0259 \u00f6z layiqli t\u00f6hf\u0259l\u0259rini ver\u0259c\u0259k.<\/p>\n<p><img src=\"https:\/\/ikisahil.az\/upload\/\/2025\/01\/31\/\/-04fcc654173833187670723736110132727.jpeg\" alt=\"\" \/><\/p>\n<p><strong>Emin \u018fliyev,<\/strong><\/p>\n<p><em>YAP Sumqay\u0131t \u015f\u0259h\u0259r t\u0259\u015fkilat\u0131n\u0131n m\u0259sl\u0259h\u0259t\u00e7isi<\/em><\/p>\n","protected":false},"excerpt":{"rendered":"<p>M\u00fcasir c\u0259miyy\u0259timizin h\u0259rt\u0259r\u0259fli t\u0259r\u0259qqisind\u0259, qazand\u0131\u011f\u0131m\u0131z u\u011furlarda v\u0259 d\u00f6vl\u0259t\u00e7iliyimizin daha da m\u00f6hk\u0259ml\u0259ndirilm\u0259sind\u0259 milli g\u0259ncliyimizin rolu \u00e7ox b\u00f6y\u00fckd\u00fcr. Az\u0259rbaycan g\u0259ncliyi xalqa, milli-m\u0259n\u0259vi d\u0259y\u0259rl\u0259r\u0259 sadiqliyi, y\u00fcks\u0259k v\u0259t\u0259np\u0259rv\u0259rlik ruhu il\u0259 se\u00e7ilmi\u015fdir v\u0259 se\u00e7ilm\u0259kd\u0259dir. G\u0259ncl\u0259rimiz s\u00f6zs\u00fcz ki, xalq\u0131m\u0131z\u0131n g\u0259l\u0259c\u0259yidir. \u018fsas\u0131 \u00dcmummilli Lider Heyd\u0259r \u018fliyev t\u0259r\u0259find\u0259n qoyulmu\u015f d\u00f6vl\u0259t g\u0259ncl\u0259r siyas\u0259ti Az\u0259rbaycan g\u0259ncliyinin milli ruhda formala\u015fmas\u0131nda m\u00fch\u00fcm rol oynay\u0131r. Ulu \u00d6nd\u0259r g\u0259ncl\u0259rimiz haqq\u0131nda y\u00fcks\u0259k fikirl\u0259r bildir\u0259r\u0259k qeyd edirdi ki, onlar fiziki sa\u011flaml\u0131\u011fa, y\u00fcks\u0259k \u015f\u00fcura, y\u00fcks\u0259k biliy\u0259, y\u00fcks\u0259k \u0259xlaqa, y\u00fcks\u0259k t\u0259rbiy\u0259y\u0259, y\u00fcks\u0259k elm\u0259 malik olmal\u0131d\u0131rlar. M\u00fcst\u0259qil Az\u0259rbaycan\u0131n g\u0259l\u0259c\u0259yi g\u0259ncl\u0259rin \u0259lind\u0259dir, g\u0259ncl\u0259r\u0259 veril\u0259c\u0259kdir. Ona g\u00f6r\u0259 d\u0259 m\u0259kt\u0259bd\u0259 g\u0259ncl\u0259rimizi n\u0259&hellip;<\/p>\n","protected":false},"author":2,"featured_media":784860,"comment_status":"closed","ping_status":"closed","sticky":false,"template":"","format":"standard","meta":{"om_disable_all_campaigns":false,"_monsterinsights_skip_tracking":false,"_monsterinsights_sitenote_active":false,"_monsterinsights_sitenote_note":"","_monsterinsights_sitenote_category":0},"categories":[19],"tags":[],"aioseo_notices":[],"gutentor_comment":0,"rttpg_featured_image_url":{"full":["https:\/\/arantv.az\/wp-content\/uploads\/2025\/01\/2d969e2c163282409789902044611031472.jpg",975,540,false],"landscape":["https:\/\/arantv.az\/wp-content\/uploads\/2025\/01\/2d969e2c163282409789902044611031472.jpg",975,540,false],"portraits":["https:\/\/arantv.az\/wp-content\/uploads\/2025\/01\/2d969e2c163282409789902044611031472.jpg",975,540,false],"thumbnail":["https:\/\/arantv.az\/wp-content\/uploads\/2025\/01\/2d969e2c163282409789902044611031472-500x280.jpg",500,280,true],"medium":["https:\/\/arantv.az\/wp-content\/uploads\/2025\/01\/2d969e2c163282409789902044611031472-660x365.jpg",660,365,true],"large":["https:\/\/arantv.az\/wp-content\/uploads\/2025\/01\/2d969e2c163282409789902044611031472-840x465.jpg",640,354,true],"1536x1536":["https:\/\/arantv.az\/wp-content\/uploads\/2025\/01\/2d969e2c163282409789902044611031472.jpg",975,540,false],"2048x2048":["https:\/\/arantv.az\/wp-content\/uploads\/2025\/01\/2d969e2c163282409789902044611031472.jpg",975,540,false],"post-thumbnail":["https:\/\/arantv.az\/wp-content\/uploads\/2025\/01\/2d969e2c163282409789902044611031472-240x172.jpg",240,172,true],"advps-thumb-one":["https:\/\/arantv.az\/wp-content\/uploads\/2025\/01\/2d969e2c163282409789902044611031472.jpg",975,540,false]},"rttpg_author":{"display_name":"V\u00fcsal Rafiqo\u011flu","author_link":"https:\/\/arantv.az\/?author=2"},"rttpg_comment":0,"rttpg_category":"<a href=\"https:\/\/arantv.az\/?cat=19\" rel=\"category\">G\u00fcnd\u0259m<\/a>","rttpg_excerpt":"M\u00fcasir c\u0259miyy\u0259timizin h\u0259rt\u0259r\u0259fli t\u0259r\u0259qqisind\u0259, qazand\u0131\u011f\u0131m\u0131z u\u011furlarda v\u0259 d\u00f6vl\u0259t\u00e7iliyimizin daha da m\u00f6hk\u0259ml\u0259ndirilm\u0259sind\u0259 milli g\u0259ncliyimizin rolu \u00e7ox b\u00f6y\u00fckd\u00fcr. Az\u0259rbaycan g\u0259ncliyi xalqa, milli-m\u0259n\u0259vi d\u0259y\u0259rl\u0259r\u0259 sadiqliyi, y\u00fcks\u0259k v\u0259t\u0259np\u0259rv\u0259rlik ruhu il\u0259 se\u00e7ilmi\u015fdir v\u0259 se\u00e7ilm\u0259kd\u0259dir. G\u0259ncl\u0259rimiz s\u00f6zs\u00fcz ki, xalq\u0131m\u0131z\u0131n g\u0259l\u0259c\u0259yidir. \u018fsas\u0131 \u00dcmummilli Lider Heyd\u0259r \u018fliyev t\u0259r\u0259find\u0259n qoyulmu\u015f d\u00f6vl\u0259t g\u0259ncl\u0259r siyas\u0259ti Az\u0259rbaycan g\u0259ncliyinin milli ruhda formala\u015fmas\u0131nda m\u00fch\u00fcm rol oynay\u0131r. Ulu \u00d6nd\u0259r g\u0259ncl\u0259rimiz&hellip;","_links":{"self":[{"href":"https:\/\/arantv.az\/index.php?rest_route=\/wp\/v2\/posts\/784859"}],"collection":[{"href":"https:\/\/arantv.az\/index.php?rest_route=\/wp\/v2\/posts"}],"about":[{"href":"https:\/\/arantv.az\/index.php?rest_route=\/wp\/v2\/types\/post"}],"author":[{"embeddable":true,"href":"https:\/\/arantv.az\/index.php?rest_route=\/wp\/v2\/users\/2"}],"replies":[{"embeddable":true,"href":"https:\/\/arantv.az\/index.php?rest_route=%2Fwp%2Fv2%2Fcomments&post=784859"}],"version-history":[{"count":2,"href":"https:\/\/arantv.az\/index.php?rest_route=\/wp\/v2\/posts\/784859\/revisions"}],"predecessor-version":[{"id":784862,"href":"https:\/\/arantv.az\/index.php?rest_route=\/wp\/v2\/posts\/784859\/revisions\/784862"}],"wp:featuredmedia":[{"embeddable":true,"href":"https:\/\/arantv.az\/index.php?rest_route=\/wp\/v2\/media\/784860"}],"wp:attachment":[{"href":"https:\/\/arantv.az\/index.php?rest_route=%2Fwp%2Fv2%2Fmedia&parent=784859"}],"wp:term":[{"taxonomy":"category","embeddable":true,"href":"https:\/\/arantv.az\/index.php?rest_route=%2Fwp%2Fv2%2Fcategories&post=784859"},{"taxonomy":"post_tag","embeddable":true,"href":"https:\/\/arantv.az\/index.php?rest_route=%2Fwp%2Fv2%2Ftags&post=784859"}],"curies":[{"name":"wp","href":"https:\/\/api.w.org\/{rel}","templated":true}]}}