{"id":784873,"date":"2025-01-31T19:59:50","date_gmt":"2025-01-31T15:59:50","guid":{"rendered":"https:\/\/arantv.az\/?p=784873"},"modified":"2025-01-31T19:59:50","modified_gmt":"2025-01-31T15:59:50","slug":"ceyhun-bayramov-turkiy%c9%99nin-yeni-s%c9%99firi-il%c9%99-gorusdu-fotolar","status":"publish","type":"post","link":"https:\/\/arantv.az\/?p=784873","title":{"rendered":"Ceyhun Bayramov T\u00fcrkiy\u0259nin yeni s\u0259firi il\u0259 g\u00f6r\u00fc\u015fd\u00fc- FOTOLAR"},"content":{"rendered":"<p><strong>Az\u0259rbaycan\u0131n xarici i\u015fl\u0259r naziri Ceyhun Bayramov T\u00fcrkiy\u0259nin \u00f6lk\u0259miz\u0259 yeni t\u0259yin olunmu\u015f s\u0259firi Birol Akg\u00fcnl\u0259 g\u00f6r\u00fc\u015f\u00fcb.<\/strong><\/p>\n<p>Bu bar\u0259d\u0259 Musavat.com-a Xarici \u0130\u015fl\u0259r Nazirliyind\u0259n m\u0259lumat verilib.<\/p>\n<p>Bildirilib ki, g\u00f6r\u00fc\u015f zaman\u0131 s\u0259fir Birol Akg\u00fcn etimadnam\u0259sinin sur\u0259tini nazir C.Bayramova t\u0259qdim edib.<\/p>\n<p>G\u00f6r\u00fc\u015fd\u0259 iki \u00f6lk\u0259nin m\u00fctt\u0259fiqliyind\u0259n ir\u0259li g\u0259l\u0259n m\u00f6vzular, habel\u0259, regional v\u0259 beyn\u0259lxalq t\u0259hl\u00fck\u0259sizlik m\u0259s\u0259l\u0259l\u0259ri m\u00fczakir\u0259 olunub.<\/p>\n<p>C.Bayramov Az\u0259rbaycan v\u0259 T\u00fcrkiy\u0259nin m\u00fctt\u0259fiqlik m\u00fcnasib\u0259tl\u0259rini t\u0259sbit ed\u0259n tarixi \u015eu\u015fa B\u0259yannam\u0259sinin m\u00f6vcud qarda\u015fl\u0131q v\u0259 dostluq \u0259laq\u0259l\u0259rimizin t\u0259c\u0259ss\u00fcm\u00fc oldu\u011fu bildirilib. Liderl\u0259rimizin t\u0259limat\u0131 il\u0259 \u00e7ox\u00f6l\u00e7\u00fcl\u00fc m\u00fctt\u0259fiqlik m\u00fcnasib\u0259tl\u0259rimizin siyasi, t\u0259hl\u00fck\u0259sizlik, iqtisadi, ticar\u0259t, enerji, n\u0259qliyyat, kommunikasiyalar, m\u0259d\u0259ni-humanitar v\u0259 s. aspektl\u0259ri \u00fczr\u0259 \u0259m\u0259kda\u015fl\u0131\u011f\u0131n daha da g\u00fccl\u0259ndirilm\u0259si istiqam\u0259tind\u0259 f\u0259aliyy\u0259tin bundan sonra da davam etdirilm\u0259sinin vacibliyi vur\u011fulan\u0131b.<\/p>\n<p>Birol Akg\u00fcn Az\u0259rbaycanda s\u0259firi qismind\u0259 f\u0259aliyy\u0259ti zaman\u0131 m\u00f6vcud m\u00fctt\u0259fiqlik m\u00fcnasib\u0259tl\u0259rinin daha da m\u00f6hk\u0259ml\u0259ndirilm\u0259si istiqam\u0259tind\u0259 s\u0259yl\u0259rini \u0259sirg\u0259m\u0259y\u0259c\u0259yini bildirib.<\/p>\n<p>Qeyd ed\u0259k ki, Birol Akg\u00fcnd\u0259n \u00f6nc\u0259 T\u00fcrkiy\u0259nin \u00f6lk\u0259mizd\u0259ki s\u0259firi Cahit Ba\u011fc\u0131 idi.<\/p>\n<div><img class=\"img-responsive\" title=\"\" src=\"https:\/\/qafqazinfo.az\/uploads\/1738337057\/08b191fd-46e4-3eaf-8a0d-684c94692d39.jpg\" alt=\"\" \/><br \/>\n<img class=\"img-responsive\" title=\"\" src=\"https:\/\/qafqazinfo.az\/uploads\/1738337057\/133e9fe4-4a5c-35f0-9529-2e53d4ca1125.jpg\" alt=\"\" \/><br \/>\n<img class=\"img-responsive\" title=\"\" src=\"https:\/\/qafqazinfo.az\/uploads\/1738337057\/6c313a77-bc01-3353-bf04-ffcb65e1730f.jpg\" alt=\"\" \/><\/div>\n","protected":false},"excerpt":{"rendered":"<p>Az\u0259rbaycan\u0131n xarici i\u015fl\u0259r naziri Ceyhun Bayramov T\u00fcrkiy\u0259nin \u00f6lk\u0259miz\u0259 yeni t\u0259yin olunmu\u015f s\u0259firi Birol Akg\u00fcnl\u0259 g\u00f6r\u00fc\u015f\u00fcb. Bu bar\u0259d\u0259 Musavat.com-a Xarici \u0130\u015fl\u0259r Nazirliyind\u0259n m\u0259lumat verilib. Bildirilib ki, g\u00f6r\u00fc\u015f zaman\u0131 s\u0259fir Birol Akg\u00fcn etimadnam\u0259sinin sur\u0259tini nazir C.Bayramova t\u0259qdim edib. G\u00f6r\u00fc\u015fd\u0259 iki \u00f6lk\u0259nin m\u00fctt\u0259fiqliyind\u0259n ir\u0259li g\u0259l\u0259n m\u00f6vzular, habel\u0259, regional v\u0259 beyn\u0259lxalq t\u0259hl\u00fck\u0259sizlik m\u0259s\u0259l\u0259l\u0259ri m\u00fczakir\u0259 olunub. C.Bayramov Az\u0259rbaycan v\u0259 T\u00fcrkiy\u0259nin m\u00fctt\u0259fiqlik m\u00fcnasib\u0259tl\u0259rini t\u0259sbit ed\u0259n tarixi \u015eu\u015fa B\u0259yannam\u0259sinin m\u00f6vcud qarda\u015fl\u0131q v\u0259 dostluq \u0259laq\u0259l\u0259rimizin t\u0259c\u0259ss\u00fcm\u00fc oldu\u011fu bildirilib. Liderl\u0259rimizin t\u0259limat\u0131 il\u0259 \u00e7ox\u00f6l\u00e7\u00fcl\u00fc m\u00fctt\u0259fiqlik m\u00fcnasib\u0259tl\u0259rimizin siyasi, t\u0259hl\u00fck\u0259sizlik, iqtisadi, ticar\u0259t, enerji, n\u0259qliyyat, kommunikasiyalar, m\u0259d\u0259ni-humanitar v\u0259 s. aspektl\u0259ri \u00fczr\u0259 \u0259m\u0259kda\u015fl\u0131\u011f\u0131n daha&hellip;<\/p>\n","protected":false},"author":2,"featured_media":784874,"comment_status":"closed","ping_status":"closed","sticky":false,"template":"","format":"standard","meta":{"om_disable_all_campaigns":false,"_monsterinsights_skip_tracking":false,"_monsterinsights_sitenote_active":false,"_monsterinsights_sitenote_note":"","_monsterinsights_sitenote_category":0},"categories":[4],"tags":[],"aioseo_notices":[],"gutentor_comment":0,"rttpg_featured_image_url":{"full":["https:\/\/arantv.az\/wp-content\/uploads\/2025\/01\/80038117b5b27d82cdd7ffbf9016b914.jpg",637,400,false],"landscape":["https:\/\/arantv.az\/wp-content\/uploads\/2025\/01\/80038117b5b27d82cdd7ffbf9016b914.jpg",637,400,false],"portraits":["https:\/\/arantv.az\/wp-content\/uploads\/2025\/01\/80038117b5b27d82cdd7ffbf9016b914.jpg",637,400,false],"thumbnail":["https:\/\/arantv.az\/wp-content\/uploads\/2025\/01\/80038117b5b27d82cdd7ffbf9016b914-500x280.jpg",500,280,true],"medium":["https:\/\/arantv.az\/wp-content\/uploads\/2025\/01\/80038117b5b27d82cdd7ffbf9016b914-581x365.jpg",581,365,true],"large":["https:\/\/arantv.az\/wp-content\/uploads\/2025\/01\/80038117b5b27d82cdd7ffbf9016b914.jpg",637,400,false],"1536x1536":["https:\/\/arantv.az\/wp-content\/uploads\/2025\/01\/80038117b5b27d82cdd7ffbf9016b914.jpg",637,400,false],"2048x2048":["https:\/\/arantv.az\/wp-content\/uploads\/2025\/01\/80038117b5b27d82cdd7ffbf9016b914.jpg",637,400,false],"post-thumbnail":["https:\/\/arantv.az\/wp-content\/uploads\/2025\/01\/80038117b5b27d82cdd7ffbf9016b914-240x172.jpg",240,172,true],"advps-thumb-one":["https:\/\/arantv.az\/wp-content\/uploads\/2025\/01\/80038117b5b27d82cdd7ffbf9016b914.jpg",637,400,false]},"rttpg_author":{"display_name":"V\u00fcsal Rafiqo\u011flu","author_link":"https:\/\/arantv.az\/?author=2"},"rttpg_comment":0,"rttpg_category":"<a href=\"https:\/\/arantv.az\/?cat=4\" rel=\"category\">Siyas\u0259t<\/a>","rttpg_excerpt":"Az\u0259rbaycan\u0131n xarici i\u015fl\u0259r naziri Ceyhun Bayramov T\u00fcrkiy\u0259nin \u00f6lk\u0259miz\u0259 yeni t\u0259yin olunmu\u015f s\u0259firi Birol Akg\u00fcnl\u0259 g\u00f6r\u00fc\u015f\u00fcb. Bu bar\u0259d\u0259 Musavat.com-a Xarici \u0130\u015fl\u0259r Nazirliyind\u0259n m\u0259lumat verilib. Bildirilib ki, g\u00f6r\u00fc\u015f zaman\u0131 s\u0259fir Birol Akg\u00fcn etimadnam\u0259sinin sur\u0259tini nazir C.Bayramova t\u0259qdim edib. G\u00f6r\u00fc\u015fd\u0259 iki \u00f6lk\u0259nin m\u00fctt\u0259fiqliyind\u0259n ir\u0259li g\u0259l\u0259n m\u00f6vzular, habel\u0259, regional v\u0259 beyn\u0259lxalq t\u0259hl\u00fck\u0259sizlik m\u0259s\u0259l\u0259l\u0259ri m\u00fczakir\u0259 olunub. C.Bayramov Az\u0259rbaycan v\u0259 T\u00fcrkiy\u0259nin&hellip;","_links":{"self":[{"href":"https:\/\/arantv.az\/index.php?rest_route=\/wp\/v2\/posts\/784873"}],"collection":[{"href":"https:\/\/arantv.az\/index.php?rest_route=\/wp\/v2\/posts"}],"about":[{"href":"https:\/\/arantv.az\/index.php?rest_route=\/wp\/v2\/types\/post"}],"author":[{"embeddable":true,"href":"https:\/\/arantv.az\/index.php?rest_route=\/wp\/v2\/users\/2"}],"replies":[{"embeddable":true,"href":"https:\/\/arantv.az\/index.php?rest_route=%2Fwp%2Fv2%2Fcomments&post=784873"}],"version-history":[{"count":1,"href":"https:\/\/arantv.az\/index.php?rest_route=\/wp\/v2\/posts\/784873\/revisions"}],"predecessor-version":[{"id":784876,"href":"https:\/\/arantv.az\/index.php?rest_route=\/wp\/v2\/posts\/784873\/revisions\/784876"}],"wp:featuredmedia":[{"embeddable":true,"href":"https:\/\/arantv.az\/index.php?rest_route=\/wp\/v2\/media\/784874"}],"wp:attachment":[{"href":"https:\/\/arantv.az\/index.php?rest_route=%2Fwp%2Fv2%2Fmedia&parent=784873"}],"wp:term":[{"taxonomy":"category","embeddable":true,"href":"https:\/\/arantv.az\/index.php?rest_route=%2Fwp%2Fv2%2Fcategories&post=784873"},{"taxonomy":"post_tag","embeddable":true,"href":"https:\/\/arantv.az\/index.php?rest_route=%2Fwp%2Fv2%2Ftags&post=784873"}],"curies":[{"name":"wp","href":"https:\/\/api.w.org\/{rel}","templated":true}]}}