{"id":784878,"date":"2025-01-31T20:31:18","date_gmt":"2025-01-31T16:31:18","guid":{"rendered":"https:\/\/arantv.az\/?p=784878"},"modified":"2025-01-31T20:31:18","modified_gmt":"2025-01-31T16:31:18","slug":"cagiris-yasinin-azaldilmasi-bu-s%c9%99xsl%c9%99r%c9%99-aid-deyil","status":"publish","type":"post","link":"https:\/\/arantv.az\/?p=784878","title":{"rendered":"\u00c7a\u011f\u0131r\u0131\u015f ya\u015f\u0131n\u0131n azald\u0131lmas\u0131 bu \u015f\u0259xsl\u0259r\u0259 aid deyil"},"content":{"rendered":"<div class=\"text-content\" data-id=\"\" data-url=\"\">\n<p>H\u0259rbi xidm\u0259t\u0259 \u00e7a\u011f\u0131r\u0131\u015f ya\u015f\u0131n\u0131n azald\u0131lmas\u0131 haz\u0131rda Az\u0259rbaycan Ordusunda xidm\u0259t ed\u0259nl\u0259r\u0259 \u015famil olunmur.<\/p>\n<p><strong>ARANTV.AZ\u00a0<\/strong> x\u0259b\u0259r verir ki, bunu Report-a &#8220;Konstitusiya Ara\u015fd\u0131rmalar\u0131 Fondu&#8221;nun s\u0259dri, h\u00fcquq\u015f\u00fcnas \u018flim\u0259mm\u0259d Nuriyev deyib.<\/p>\n<p>Ekspert &#8220;Az\u0259rbaycan Respublikas\u0131nda s\u0259f\u0259rb\u0259rlik haz\u0131rl\u0131\u011f\u0131 v\u0259 s\u0259f\u0259rb\u0259rlik haqq\u0131nda&#8221; v\u0259 &#8220;H\u0259rbi v\u0259zif\u0259 v\u0259 h\u0259rbi xidm\u0259t haqq\u0131nda&#8221; qanunlar\u0131nda d\u0259yi\u015fiklikl\u0259rd\u0259n sonra yaranan bir s\u0131ra suallara ayd\u0131nl\u0131q g\u0259tirib.<\/p>\n<p>\u018f.Nuriyev xat\u0131rlad\u0131b ki, qanunun geriy\u0259 q\u00fcvv\u0259si yoxdur v\u0259 d\u0259yi\u015fiklikl\u0259r bundan sonrak\u0131 m\u00fcdd\u0259td\u0259 olacaq \u00e7a\u011f\u0131r\u0131\u015f\u00e7\u0131lara \u015famil edil\u0259c\u0259k.<\/p>\n<p>&#8220;D\u0259yi\u015fiklikl\u0259r imzalanandan sonra h\u0259rbi xidm\u0259t\u0259 \u00e7a\u011f\u0131r\u0131lan \u015f\u0259xsl\u0259r\u0259 \u015famil olunur. Y\u0259ni, qanun q\u0259bul edil\u0259nd\u0259 \u0259vv\u0259ld\u0259n xidm\u0259t\u0259 \u00e7a\u011f\u0131r\u0131lm\u0131\u015f \u015f\u0259xsl\u0259r \u00e7a\u011f\u0131r\u0131\u015f\u00e7\u0131 yox, h\u0259rbi qulluq\u00e7u idil\u0259r. Qanunun subyekti h\u0259rbi qulluq\u00e7ular yox, \u00e7a\u011f\u0131r\u0131\u015f\u00e7\u0131lar oldu\u011fundan d\u0259yi\u015fiklik h\u0259rbi qulluq\u00e7ulara aid edilm\u0259y\u0259c\u0259k&#8221;.<\/p>\n<p>H\u00fcquq\u015f\u00fcnas \u0259lav\u0259 edib ki, Prezident qanuna d\u0259yi\u015fikliyi t\u0259sdiql\u0259dikd\u0259n sonra v\u0259 onun icra mexanizml\u0259ri haz\u0131rlanan m\u00fcdd\u0259td\u0259 31-35 ya\u015fl\u0131 \u015f\u0259xs h\u0259rbi xidm\u0259t\u0259 \u00e7a\u011f\u0131r\u0131l\u0131b v\u0259 xidm\u0259t\u0259 ba\u015flay\u0131bsa, bunu m\u0259hk\u0259m\u0259 qaydas\u0131nda m\u00fcbahis\u0259l\u0259ndir\u0259 bil\u0259r.<\/p>\n<p>Qeyd ed\u0259k ki, ad\u0131\u00e7\u0259kil\u0259n qanunlara d\u0259yi\u015fiklikl\u0259r\u0259 \u0259sas\u0259n, h\u0259rbi xidm\u0259t\u0259 \u00e7a\u011f\u0131r\u0131\u015f ya\u015f\u0131 35-d\u0259n 30-a endirilib. Buna m\u00fcvafiq olaraq h\u0259rbi xidm\u0259td\u0259 olma ya\u015f\u0131 36,5-dan 31,5-a q\u0259d\u0259r azald\u0131l\u0131b. M\u0259hz bu d\u0259yi\u015fiklik haz\u0131rda h\u0259rbi xidm\u0259t ke\u00e7\u0259n 31,5 ya\u015fdan yuxar\u0131 \u015f\u0259xsl\u0259rd\u0259 v\u0259 onlar\u0131n ail\u0259 \u00fczvl\u0259rind\u0259 suallar yarad\u0131b. Bel\u0259 ki, h\u0259min \u015f\u0259xsl\u0259rin qanunda d\u0259yi\u015fiklikl\u0259r t\u0259sdiql\u0259ndikd\u0259n sonra t\u0259rxis olunmalar\u0131 g\u00f6zl\u0259nilirdi.<\/p>\n<\/div>\n<div><\/div>\n<div><\/div>\n<div class=\"inner-social-box\">\n<div class=\"subs-in-social subs-whatsapp\"><\/div>\n<\/div>\n","protected":false},"excerpt":{"rendered":"<p>H\u0259rbi xidm\u0259t\u0259 \u00e7a\u011f\u0131r\u0131\u015f ya\u015f\u0131n\u0131n azald\u0131lmas\u0131 haz\u0131rda Az\u0259rbaycan Ordusunda xidm\u0259t ed\u0259nl\u0259r\u0259 \u015famil olunmur. ARANTV.AZ\u00a0 x\u0259b\u0259r verir ki, bunu Report-a &#8220;Konstitusiya Ara\u015fd\u0131rmalar\u0131 Fondu&#8221;nun s\u0259dri, h\u00fcquq\u015f\u00fcnas \u018flim\u0259mm\u0259d Nuriyev deyib. Ekspert &#8220;Az\u0259rbaycan Respublikas\u0131nda s\u0259f\u0259rb\u0259rlik haz\u0131rl\u0131\u011f\u0131 v\u0259 s\u0259f\u0259rb\u0259rlik haqq\u0131nda&#8221; v\u0259 &#8220;H\u0259rbi v\u0259zif\u0259 v\u0259 h\u0259rbi xidm\u0259t haqq\u0131nda&#8221; qanunlar\u0131nda d\u0259yi\u015fiklikl\u0259rd\u0259n sonra yaranan bir s\u0131ra suallara ayd\u0131nl\u0131q g\u0259tirib. \u018f.Nuriyev xat\u0131rlad\u0131b ki, qanunun geriy\u0259 q\u00fcvv\u0259si yoxdur v\u0259 d\u0259yi\u015fiklikl\u0259r bundan sonrak\u0131 m\u00fcdd\u0259td\u0259 olacaq \u00e7a\u011f\u0131r\u0131\u015f\u00e7\u0131lara \u015famil edil\u0259c\u0259k. &#8220;D\u0259yi\u015fiklikl\u0259r imzalanandan sonra h\u0259rbi xidm\u0259t\u0259 \u00e7a\u011f\u0131r\u0131lan \u015f\u0259xsl\u0259r\u0259 \u015famil olunur. Y\u0259ni, qanun q\u0259bul edil\u0259nd\u0259 \u0259vv\u0259ld\u0259n xidm\u0259t\u0259 \u00e7a\u011f\u0131r\u0131lm\u0131\u015f \u015f\u0259xsl\u0259r \u00e7a\u011f\u0131r\u0131\u015f\u00e7\u0131 yox, h\u0259rbi qulluq\u00e7u idil\u0259r. Qanunun subyekti&hellip;<\/p>\n","protected":false},"author":2,"featured_media":784879,"comment_status":"closed","ping_status":"closed","sticky":false,"template":"","format":"standard","meta":{"om_disable_all_campaigns":false,"_monsterinsights_skip_tracking":false,"_monsterinsights_sitenote_active":false,"_monsterinsights_sitenote_note":"","_monsterinsights_sitenote_category":0},"categories":[19],"tags":[],"aioseo_notices":[],"gutentor_comment":0,"rttpg_featured_image_url":{"full":["https:\/\/arantv.az\/wp-content\/uploads\/2025\/01\/ebe12a01a79d78ff87be3836b817ccf7.jpg",800,500,false],"landscape":["https:\/\/arantv.az\/wp-content\/uploads\/2025\/01\/ebe12a01a79d78ff87be3836b817ccf7.jpg",800,500,false],"portraits":["https:\/\/arantv.az\/wp-content\/uploads\/2025\/01\/ebe12a01a79d78ff87be3836b817ccf7.jpg",800,500,false],"thumbnail":["https:\/\/arantv.az\/wp-content\/uploads\/2025\/01\/ebe12a01a79d78ff87be3836b817ccf7-500x280.jpg",500,280,true],"medium":["https:\/\/arantv.az\/wp-content\/uploads\/2025\/01\/ebe12a01a79d78ff87be3836b817ccf7-584x365.jpg",584,365,true],"large":["https:\/\/arantv.az\/wp-content\/uploads\/2025\/01\/ebe12a01a79d78ff87be3836b817ccf7.jpg",640,400,false],"1536x1536":["https:\/\/arantv.az\/wp-content\/uploads\/2025\/01\/ebe12a01a79d78ff87be3836b817ccf7.jpg",800,500,false],"2048x2048":["https:\/\/arantv.az\/wp-content\/uploads\/2025\/01\/ebe12a01a79d78ff87be3836b817ccf7.jpg",800,500,false],"post-thumbnail":["https:\/\/arantv.az\/wp-content\/uploads\/2025\/01\/ebe12a01a79d78ff87be3836b817ccf7-240x172.jpg",240,172,true],"advps-thumb-one":["https:\/\/arantv.az\/wp-content\/uploads\/2025\/01\/ebe12a01a79d78ff87be3836b817ccf7.jpg",800,500,false]},"rttpg_author":{"display_name":"V\u00fcsal Rafiqo\u011flu","author_link":"https:\/\/arantv.az\/?author=2"},"rttpg_comment":0,"rttpg_category":"<a href=\"https:\/\/arantv.az\/?cat=19\" rel=\"category\">G\u00fcnd\u0259m<\/a>","rttpg_excerpt":"H\u0259rbi xidm\u0259t\u0259 \u00e7a\u011f\u0131r\u0131\u015f ya\u015f\u0131n\u0131n azald\u0131lmas\u0131 haz\u0131rda Az\u0259rbaycan Ordusunda xidm\u0259t ed\u0259nl\u0259r\u0259 \u015famil olunmur. ARANTV.AZ\u00a0 x\u0259b\u0259r verir ki, bunu Report-a &#8220;Konstitusiya Ara\u015fd\u0131rmalar\u0131 Fondu&#8221;nun s\u0259dri, h\u00fcquq\u015f\u00fcnas \u018flim\u0259mm\u0259d Nuriyev deyib. Ekspert &#8220;Az\u0259rbaycan Respublikas\u0131nda s\u0259f\u0259rb\u0259rlik haz\u0131rl\u0131\u011f\u0131 v\u0259 s\u0259f\u0259rb\u0259rlik haqq\u0131nda&#8221; v\u0259 &#8220;H\u0259rbi v\u0259zif\u0259 v\u0259 h\u0259rbi xidm\u0259t haqq\u0131nda&#8221; qanunlar\u0131nda d\u0259yi\u015fiklikl\u0259rd\u0259n sonra yaranan bir s\u0131ra suallara ayd\u0131nl\u0131q g\u0259tirib. \u018f.Nuriyev xat\u0131rlad\u0131b ki, qanunun geriy\u0259&hellip;","_links":{"self":[{"href":"https:\/\/arantv.az\/index.php?rest_route=\/wp\/v2\/posts\/784878"}],"collection":[{"href":"https:\/\/arantv.az\/index.php?rest_route=\/wp\/v2\/posts"}],"about":[{"href":"https:\/\/arantv.az\/index.php?rest_route=\/wp\/v2\/types\/post"}],"author":[{"embeddable":true,"href":"https:\/\/arantv.az\/index.php?rest_route=\/wp\/v2\/users\/2"}],"replies":[{"embeddable":true,"href":"https:\/\/arantv.az\/index.php?rest_route=%2Fwp%2Fv2%2Fcomments&post=784878"}],"version-history":[{"count":1,"href":"https:\/\/arantv.az\/index.php?rest_route=\/wp\/v2\/posts\/784878\/revisions"}],"predecessor-version":[{"id":784880,"href":"https:\/\/arantv.az\/index.php?rest_route=\/wp\/v2\/posts\/784878\/revisions\/784880"}],"wp:featuredmedia":[{"embeddable":true,"href":"https:\/\/arantv.az\/index.php?rest_route=\/wp\/v2\/media\/784879"}],"wp:attachment":[{"href":"https:\/\/arantv.az\/index.php?rest_route=%2Fwp%2Fv2%2Fmedia&parent=784878"}],"wp:term":[{"taxonomy":"category","embeddable":true,"href":"https:\/\/arantv.az\/index.php?rest_route=%2Fwp%2Fv2%2Fcategories&post=784878"},{"taxonomy":"post_tag","embeddable":true,"href":"https:\/\/arantv.az\/index.php?rest_route=%2Fwp%2Fv2%2Ftags&post=784878"}],"curies":[{"name":"wp","href":"https:\/\/api.w.org\/{rel}","templated":true}]}}