{"id":784888,"date":"2025-02-01T10:06:35","date_gmt":"2025-02-01T06:06:35","guid":{"rendered":"https:\/\/arantv.az\/?p=784888"},"modified":"2025-02-01T10:06:35","modified_gmt":"2025-02-01T06:06:35","slug":"pasinyan-yen%c9%99-ati-arabanin-dalina-bagladi-bakidan-reaksiya","status":"publish","type":"post","link":"https:\/\/arantv.az\/?p=784888","title":{"rendered":"Pa\u015finyan yen\u0259 \u201cat\u0131 araban\u0131n dal\u0131na\u201d ba\u011flad\u0131 &#8211; Bak\u0131dan reaksiya"},"content":{"rendered":"<p><strong>Erm\u0259nistan Az\u0259rbaycan\u0131n moderator oldu\u011fu layih\u0259y\u0259 qo\u015fulma\u011fa haz\u0131rd\u0131r; Natiq C\u0259f\u0259rli: \u201cPa\u015finyan bu b\u0259yanatla dem\u0259k ist\u0259yir ki&#8230;\u201d<\/strong><\/p>\n<p><em>Erm\u0259nistan\u0131n Ba\u015f naziri Nikol Pa\u015finyan \u00f6lk\u0259nin Qara d\u0259nizin dibi il\u0259 elektrik kabeli \u00e7\u0259kilm\u0259si layih\u0259sin\u0259 qo\u015fulma\u011fa haz\u0131r oldu\u011funu bildirib. \u201cYeni M\u00fcsavat\u201d xat\u0131rlad\u0131r ki, bu bar\u0259d\u0259 o, yanvar\u0131n 30-da Erm\u0259nistan-G\u00fcrc\u00fcstan iqtisadi \u0259m\u0259kda\u015fl\u0131q \u00fczr\u0259 h\u00f6kum\u0259tl\u0259raras\u0131 komissiyan\u0131n iclas\u0131n\u0131n yekunlar\u0131na dair g\u00fcrc\u00fcstanl\u0131 h\u0259mkar\u0131 \u0130rakli Kobaxidze il\u0259 \u0130\u0259rvanda ke\u00e7iril\u0259n birg\u0259 m\u0259tbuat konfrans\u0131nda deyib. Pa\u015finyan regional v\u0259 regional olmayan layih\u0259l\u0259rd\u0259 inkl\u00fczivliyin t\u0259min edilm\u0259sinin vacibliyini qeyd edib: \u201cBu kontekstd\u0259 Erm\u0259nistan\u0131n Qara d\u0259nizin dibi il\u0259 elektrik kabeli \u00e7\u0259kilm\u0259si layih\u0259sin\u0259 qo\u015fulmaqda maraql\u0131 v\u0259 haz\u0131r oldu\u011funu vur\u011fulay\u0131r\u0131q\u201d.<\/em><\/p>\n<p>Qeyd ed\u0259k ki, 2022-ci ilin dekabr\u0131nda Az\u0259rbaycan, Macar\u0131stan, G\u00fcrc\u00fcstan v\u0259 Rum\u0131niya h\u00f6kum\u0259tl\u0259ri 1 QVt g\u00fcc\u00fcnd\u0259 elektrik enerjisinin \u00f6t\u00fcr\u00fclm\u0259si \u00fc\u00e7\u00fcn Qara d\u0259nizin dibi il\u0259 1,2 min kilometr uzunlu\u011funda kabelin \u00e7\u0259kilm\u0259sini n\u0259z\u0259rd\u0259 tutan sazi\u015f imzalay\u0131blar. Bu x\u0259tt Az\u0259rbaycanda istehsal olunan elektrik enerjisini G\u00fcrc\u00fcstan v\u0259 Qara d\u0259niz vasit\u0259sil\u0259 Rum\u0131niyaya, sonradan Macar\u0131stana v\u0259 Avropan\u0131n qalan hiss\u0259sin\u0259 n\u0259ql etm\u0259k \u00fc\u00e7\u00fcn n\u0259z\u0259rd\u0259 tutulub. B\u0259s s\u00fclh m\u00fcqavil\u0259si imzalanmadan, yaxud Z\u0259ng\u0259zur d\u0259hlizi a\u00e7\u0131lmadan Bak\u0131 \u0130r\u0259van\u0131n bu layih\u0259d\u0259 i\u015ftirak\u0131na raz\u0131l\u0131q ver\u0259 bil\u0259rmi? N\u0259z\u0259r\u0259 alaq ki, Erm\u0259nistan son add\u0131mlar\u0131 il\u0259 regional \u0259m\u0259kda\u015fl\u0131q perspektivl\u0259rin\u0259 x\u0259l\u0259l g\u0259tirir. Halbuki b\u00f6lg\u0259d\u0259 \u201c3+3\u201d platformas\u0131 \u00e7\u0259r\u00e7iv\u0259sind\u0259 imkanlar m\u00f6vcuddur. Ancaq Erm\u0259nistan regiona k\u0259nar g\u00fccl\u0259ri c\u0259lb etm\u0259kl\u0259 v\u0259ziyy\u0259ti g\u0259rginl\u0259\u015fdirir, k\u00f6vr\u0259k sabitliy\u0259 t\u00fcnd \u00e7alarlar qatmaqdad\u0131r. Bu m\u0259nada, Pa\u015finyan h\u0259m \u201cat\u0131 araban\u0131n dal\u0131na&#8221; qo\u015fub iqtisadi c\u0259h\u0259td\u0259n qaba\u011fa d\u00fc\u015fm\u0259k ist\u0259yir, h\u0259m d\u0259 C\u0259nubi Qafqazda s\u00fclh\u0259 z\u0259r\u0259r vuran siyas\u0259t y\u00fcr\u00fcd\u00fcr. B\u0259s, m\u00fct\u0259x\u0259ssisl\u0259r mnec\u0259 d\u00fc\u015f\u00fcn\u00fcrl\u0259r?<\/p>\n<p><img src=\"https:\/\/cebheinfo.az\/uploads\/images\/2024\/09\/720x400\/172612453095972783866e291f230e28.jpeg\" alt=\"Natiq C\u0259f\u0259rli ReAL-\u0131n s\u0259dri olacaq? - &quot;Bu ax\u015fam...&quot; - A\u00c7IQLAMA\" \/><\/p>\n<p><strong>Natiq C\u0259f\u0259rli\u00a0<\/strong><\/p>\n<p><strong>REAL Partiyas\u0131n\u0131n s\u0259dri, iqtisad\u00e7\u0131 Natiq C\u0259f\u0259rli \u201cYeni M\u00fcsavat\u201da bildirdi ki, Erm\u0259nistan\u0131n bu layih\u0259y\u0259 qo\u015fulmas\u0131n\u0131n s\u00fclh m\u00fcqavil\u0259sinin imzalanmas\u0131ndan sonra ba\u015f verm\u0259si daha yax\u015f\u0131 olard\u0131. Onun s\u00f6zl\u0259rin\u0259 g\u00f6r\u0259, Az\u0259rbaycan bu layih\u0259d\u0259 \u0259sas moderatordur:<\/strong>\u00a0\u201cOna g\u00f6r\u0259 d\u0259 Az\u0259rbaycann icaz\u0259si olmadan Erm\u0259nistan qo\u015fula bilm\u0259z. Erm\u0259nistan Z\u0259ng\u0259zur d\u0259hlizi v\u0259 dig\u0259r probleml\u0259rin h\u0259llin\u0259 \u015f\u0259rait yaratmal\u0131d\u0131r ki, layih\u0259d\u0259 i\u015ftirak etsin\u201d. N.C\u0259f\u0259rli hesab edir ki, Pa\u015finyan bu b\u0259yanatla erm\u0259ni c\u0259miyy\u0259tini s\u00fclh\u0259 haz\u0131rlad\u0131\u011f\u0131n\u0131 g\u00f6st\u0259rir: \u201cXalqa dem\u0259k ist\u0259yir ki, bel\u0259 layih\u0259l\u0259r\u0259 qo\u015fula bil\u0259rik. Amma bunun \u00fc\u00e7\u00fcn Az\u0259rbaycanla s\u00fclh laz\u0131md\u0131r. Y\u0259ni ictimai r\u0259y\u0259 t\u0259sir etm\u0259k niyy\u0259ti g\u00fcd\u00fcr. S\u00f6zs\u00fcz ki, yekun s\u00fclh s\u0259n\u0259di imzaland\u0131qdan sonra Az\u0259rbaycanla Erm\u0259nistan aras\u0131nda diplomatik \u0259laq\u0259l\u0259rin d\u0259 qurulmas\u0131 m\u00fcmk\u00fcnd\u00fcr, m\u00fcxt\u0259lif enerji, logistik layih\u0259l\u0259rd\u0259 i\u015ftirak da realla\u015fa bil\u0259r\u201d.<\/p>\n<p><img src=\"https:\/\/images.oxu.az\/2021\/11\/22\/11\/45\/16\/c146eb51-8b68-45b4-854d-19b98cd1d479\/229888021_1238263233276906_2969648566021951706_n:1200.jpg\" alt=\"Ramiy\u0259 M\u0259mm\u0259dova: \u201cTehran \u00f6z davran\u0131\u015f\u0131n\u0131n yanl\u0131\u015f oldu\u011funu anlad\u0131\u201d - Oxu.az\" \/><\/p>\n<p><strong>Ramiy\u0259 M\u0259mm\u0259dova<\/strong><\/p>\n<p><strong>Siyasi ekspert Ramiy\u0259 M\u0259mm\u0259dovan\u0131n s\u00f6zl\u0259rin\u0259 g\u00f6r\u0259, Erm\u0259nistan Az\u0259rbaycandan neft-qaz almaq niyy\u0259tini d\u0259 gizl\u0259tm\u0259yib:<\/strong>\u00a0\u201cPa\u015finyan komandas\u0131 anlay\u0131r ki, Az\u0259rbaycanla bar\u0131\u015f\u0131q, \u0259laq\u0259l\u0259r olmadan regionda blokada \u015f\u0259raitind\u0259n \u00e7\u0131xmaq m\u00fcmk\u00fcn deyil. Eyni zamanda, T\u00fcrkiy\u0259 il\u0259 normalla\u015fma prosesi ba\u015fa \u00e7atmal\u0131d\u0131r. Ona g\u00f6r\u0259 \u0130r\u0259vandan bel\u0259 siqnallar \u00f6t\u00fcr\u00fcl\u00fcr. Erm\u0259nistan enerji m\u0259hsullar\u0131 olmayan \u00f6lk\u0259dir. Bu m\u0259nada, Az\u0259rbaycana b\u00f6y\u00fck ehtiyac\u0131 var. O bax\u0131mdan Bak\u0131n\u0131n \u0259lind\u0259 t\u0259zyiq r\u0131\u00e7aqlar\u0131 oldu\u011funu h\u0259r zaman bildirm\u0259liyik. \u018fg\u0259r \u0130r\u0259van n\u0259qliyyat kommunikasiyalar\u0131n\u0131n a\u00e7\u0131lmas\u0131 prosesini uzadacaqsa, biz d\u0259 onu regional layih\u0259l\u0259rd\u0259n m\u0259hrum ed\u0259c\u0259yik. Pa\u015finyan bunu d\u0259rk edir ki, Az\u0259rbaycan\u0131n t\u0259l\u0259bl\u0259rini yerin\u0259 yetirm\u0259m\u0259k Erm\u0259nistan\u0131n \u00f6z\u00fcn\u00fct\u0259crid prosesini uzatmas\u0131 dem\u0259kdir\u201d.<\/p>\n<p><strong>Ekspert s\u00f6z\u00fcged\u0259n layih\u0259nin \u00f6n\u0259mli oldu\u011funu d\u00fc\u015f\u00fcn\u00fcr:<\/strong>\u00a0\u201cAz\u0259rbaycan prezidenti bu m\u0259s\u0259l\u0259ni x\u00fcsusi vur\u011fulay\u0131b. S\u00f6hb\u0259t ya\u015f\u0131l enerjid\u0259n gedir. Erm\u0259nistan is\u0259 i\u015f\u011fal\u00e7\u0131l\u0131\u011f\u0131 ucbat\u0131ndan \u00f6z\u00fcn\u00fc iqtisadi dividendl\u0259rd\u0259n uzaqla\u015fd\u0131r\u0131b. \u0130ndiki hakimiyy\u0259t is\u0259 \u0259m\u0259kda\u015fl\u0131qda maraql\u0131 g\u00f6r\u00fcn\u00fcr. Sad\u0259c\u0259, ir\u0259li s\u00fcr\u00fcl\u0259n t\u0259l\u0259bl\u0259rin h\u0259yata ke\u00e7m\u0259si gecikir. Biz s\u00fclh s\u0259n\u0259di imzalamadan, Erm\u0259nistan \u0259razi iddialar\u0131na qanunvericilik aktlar\u0131nda son qoymadan onu bu layih\u0259y\u0259 qo\u015fa bilm\u0259rik. \u00dcmumiyy\u0259tl\u0259, Erm\u0259nistan Konstitusiyaya d\u00fcz\u0259li\u015f etm\u0259s\u0259, onunla h\u0259r hans\u0131 platformada olmaq laz\u0131m deyil. \u00c7\u00fcnki bu zaman \u0130r\u0259van s\u00fclh prosesini yubatma\u011fa davam ed\u0259c\u0259k. Bundan \u0259vv\u0259l d\u0259 spiker Simonyan Az\u0259rbaycan qaz\u0131n\u0131n al\u0131nmas\u0131ndan dan\u0131\u015fm\u0131\u015fd\u0131. Onlar ba\u015fa d\u00fc\u015f\u00fcrl\u0259r ki, Rusiya v\u0259 \u0130ran\u0131n neft-qaz m\u0259hsullar\u0131ndan as\u0131l\u0131l\u0131\u011f\u0131 azaltma\u011f\u0131n yollar\u0131ndan biri d\u0259 budur. Amma Az\u0259rbaycan bu m\u0259s\u0259l\u0259d\u0259 d\u0259 \u015f\u0259rtl\u0259rinin yerin\u0259 yetirilm\u0259sini g\u00f6zl\u0259m\u0259kd\u0259dir\u201d.<\/p>\n<p><strong>Yada salaq ki, Prezident \u0130lham \u018fliyev noyabr\u0131n 12-d\u0259 Bak\u0131da COP29-un Liderl\u0259r Sammitinin a\u00e7\u0131l\u0131\u015f m\u0259rasimind\u0259ki \u00e7\u0131x\u0131\u015f\u0131nda bu m\u00f6vzuda dan\u0131\u015fm\u0131\u015fd\u0131:<\/strong>\u00a0\u201cBiz h\u0259m\u00e7inin ixrac bazarlar\u0131na diqq\u0259t yetiririk v\u0259 \u00f6z t\u0259r\u0259fda\u015flar\u0131m\u0131zla birg\u0259 \u00e7al\u0131\u015f\u0131r\u0131q ki, dig\u0259r m\u00fch\u00fcm enerji t\u0259hl\u00fck\u0259sizliyi layih\u0259l\u0259rini h\u0259yata ke\u00e7ir\u0259k. Bunlardan birinin Qara d\u0259nizin dibi il\u0259 enerji kabelinin \u00e7\u0259kilm\u0259si oldu\u011funu s\u00f6yl\u0259y\u0259n d\u00f6vl\u0259timizin ba\u015f\u00e7\u0131s\u0131 qeyd edib: \u201dBunun say\u0259sind\u0259 biz ya\u015f\u0131l enerjini Avropaya n\u0259ql ed\u0259c\u0259yik. Bu kabelin texniki potensial\u0131 v\u0259 yeri g\u0259lmi\u015fk\u0259n, texniki \u0259sasland\u0131rma i\u015fl\u0259ri bu yax\u0131nlarda bit\u0259c\u0259kdir. Onun imkanlar\u0131 iki giqavat olacaqd\u0131r. Bu, yaln\u0131z ba\u015flan\u011f\u0131cd\u0131r&#8221;.<\/p>\n","protected":false},"excerpt":{"rendered":"<p>Erm\u0259nistan Az\u0259rbaycan\u0131n moderator oldu\u011fu layih\u0259y\u0259 qo\u015fulma\u011fa haz\u0131rd\u0131r; Natiq C\u0259f\u0259rli: \u201cPa\u015finyan bu b\u0259yanatla dem\u0259k ist\u0259yir ki&#8230;\u201d Erm\u0259nistan\u0131n Ba\u015f naziri Nikol Pa\u015finyan \u00f6lk\u0259nin Qara d\u0259nizin dibi il\u0259 elektrik kabeli \u00e7\u0259kilm\u0259si layih\u0259sin\u0259 qo\u015fulma\u011fa haz\u0131r oldu\u011funu bildirib. \u201cYeni M\u00fcsavat\u201d xat\u0131rlad\u0131r ki, bu bar\u0259d\u0259 o, yanvar\u0131n 30-da Erm\u0259nistan-G\u00fcrc\u00fcstan iqtisadi \u0259m\u0259kda\u015fl\u0131q \u00fczr\u0259 h\u00f6kum\u0259tl\u0259raras\u0131 komissiyan\u0131n iclas\u0131n\u0131n yekunlar\u0131na dair g\u00fcrc\u00fcstanl\u0131 h\u0259mkar\u0131 \u0130rakli Kobaxidze il\u0259 \u0130\u0259rvanda ke\u00e7iril\u0259n birg\u0259 m\u0259tbuat konfrans\u0131nda deyib. Pa\u015finyan regional v\u0259 regional olmayan layih\u0259l\u0259rd\u0259 inkl\u00fczivliyin t\u0259min edilm\u0259sinin vacibliyini qeyd edib: \u201cBu kontekstd\u0259 Erm\u0259nistan\u0131n Qara d\u0259nizin dibi il\u0259 elektrik kabeli \u00e7\u0259kilm\u0259si layih\u0259sin\u0259 qo\u015fulmaqda maraql\u0131 v\u0259 haz\u0131r oldu\u011funu&hellip;<\/p>\n","protected":false},"author":2,"featured_media":784889,"comment_status":"closed","ping_status":"closed","sticky":false,"template":"","format":"standard","meta":{"om_disable_all_campaigns":false,"_monsterinsights_skip_tracking":false,"_monsterinsights_sitenote_active":false,"_monsterinsights_sitenote_note":"","_monsterinsights_sitenote_category":0},"categories":[4],"tags":[],"aioseo_notices":[],"gutentor_comment":0,"rttpg_featured_image_url":{"full":["https:\/\/arantv.az\/wp-content\/uploads\/2025\/02\/10219b6f572216ccf54c1603f0104915.jpg",810,500,false],"landscape":["https:\/\/arantv.az\/wp-content\/uploads\/2025\/02\/10219b6f572216ccf54c1603f0104915.jpg",810,500,false],"portraits":["https:\/\/arantv.az\/wp-content\/uploads\/2025\/02\/10219b6f572216ccf54c1603f0104915.jpg",810,500,false],"thumbnail":["https:\/\/arantv.az\/wp-content\/uploads\/2025\/02\/10219b6f572216ccf54c1603f0104915-500x280.jpg",500,280,true],"medium":["https:\/\/arantv.az\/wp-content\/uploads\/2025\/02\/10219b6f572216ccf54c1603f0104915-591x365.jpg",591,365,true],"large":["https:\/\/arantv.az\/wp-content\/uploads\/2025\/02\/10219b6f572216ccf54c1603f0104915.jpg",640,395,false],"1536x1536":["https:\/\/arantv.az\/wp-content\/uploads\/2025\/02\/10219b6f572216ccf54c1603f0104915.jpg",810,500,false],"2048x2048":["https:\/\/arantv.az\/wp-content\/uploads\/2025\/02\/10219b6f572216ccf54c1603f0104915.jpg",810,500,false],"post-thumbnail":["https:\/\/arantv.az\/wp-content\/uploads\/2025\/02\/10219b6f572216ccf54c1603f0104915-240x172.jpg",240,172,true],"advps-thumb-one":["https:\/\/arantv.az\/wp-content\/uploads\/2025\/02\/10219b6f572216ccf54c1603f0104915.jpg",810,500,false]},"rttpg_author":{"display_name":"V\u00fcsal Rafiqo\u011flu","author_link":"https:\/\/arantv.az\/?author=2"},"rttpg_comment":0,"rttpg_category":"<a href=\"https:\/\/arantv.az\/?cat=4\" rel=\"category\">Siyas\u0259t<\/a>","rttpg_excerpt":"Erm\u0259nistan Az\u0259rbaycan\u0131n moderator oldu\u011fu layih\u0259y\u0259 qo\u015fulma\u011fa haz\u0131rd\u0131r; Natiq C\u0259f\u0259rli: \u201cPa\u015finyan bu b\u0259yanatla dem\u0259k ist\u0259yir ki&#8230;\u201d Erm\u0259nistan\u0131n Ba\u015f naziri Nikol Pa\u015finyan \u00f6lk\u0259nin Qara d\u0259nizin dibi il\u0259 elektrik kabeli \u00e7\u0259kilm\u0259si layih\u0259sin\u0259 qo\u015fulma\u011fa haz\u0131r oldu\u011funu bildirib. \u201cYeni M\u00fcsavat\u201d xat\u0131rlad\u0131r ki, bu bar\u0259d\u0259 o, yanvar\u0131n 30-da Erm\u0259nistan-G\u00fcrc\u00fcstan iqtisadi \u0259m\u0259kda\u015fl\u0131q \u00fczr\u0259 h\u00f6kum\u0259tl\u0259raras\u0131 komissiyan\u0131n iclas\u0131n\u0131n yekunlar\u0131na dair g\u00fcrc\u00fcstanl\u0131 h\u0259mkar\u0131 \u0130rakli Kobaxidze&hellip;","_links":{"self":[{"href":"https:\/\/arantv.az\/index.php?rest_route=\/wp\/v2\/posts\/784888"}],"collection":[{"href":"https:\/\/arantv.az\/index.php?rest_route=\/wp\/v2\/posts"}],"about":[{"href":"https:\/\/arantv.az\/index.php?rest_route=\/wp\/v2\/types\/post"}],"author":[{"embeddable":true,"href":"https:\/\/arantv.az\/index.php?rest_route=\/wp\/v2\/users\/2"}],"replies":[{"embeddable":true,"href":"https:\/\/arantv.az\/index.php?rest_route=%2Fwp%2Fv2%2Fcomments&post=784888"}],"version-history":[{"count":1,"href":"https:\/\/arantv.az\/index.php?rest_route=\/wp\/v2\/posts\/784888\/revisions"}],"predecessor-version":[{"id":784890,"href":"https:\/\/arantv.az\/index.php?rest_route=\/wp\/v2\/posts\/784888\/revisions\/784890"}],"wp:featuredmedia":[{"embeddable":true,"href":"https:\/\/arantv.az\/index.php?rest_route=\/wp\/v2\/media\/784889"}],"wp:attachment":[{"href":"https:\/\/arantv.az\/index.php?rest_route=%2Fwp%2Fv2%2Fmedia&parent=784888"}],"wp:term":[{"taxonomy":"category","embeddable":true,"href":"https:\/\/arantv.az\/index.php?rest_route=%2Fwp%2Fv2%2Fcategories&post=784888"},{"taxonomy":"post_tag","embeddable":true,"href":"https:\/\/arantv.az\/index.php?rest_route=%2Fwp%2Fv2%2Ftags&post=784888"}],"curies":[{"name":"wp","href":"https:\/\/api.w.org\/{rel}","templated":true}]}}