{"id":784910,"date":"2025-02-01T10:14:17","date_gmt":"2025-02-01T06:14:17","guid":{"rendered":"https:\/\/arantv.az\/?p=784910"},"modified":"2025-02-01T10:14:17","modified_gmt":"2025-02-01T06:14:17","slug":"kunc%c9%99-sixilmis-irandan-bolg%c9%99y%c9%99-santaj","status":"publish","type":"post","link":"https:\/\/arantv.az\/?p=784910","title":{"rendered":"K\u00fcnc\u0259 s\u0131x\u0131lm\u0131\u015f \u0130randan b\u00f6lg\u0259y\u0259 \u015fantaj"},"content":{"rendered":"<p><strong>\u0130ran\u0131n xarici i\u015fl\u0259r naziri n\u0259y\u0259, hans\u0131 cavab z\u0259rb\u0259sin\u0259 i\u015far\u0259 edir?<\/strong><\/p>\n<p>AB\u015e-\u0131n yeni prezidenti Donald Tramp\u0131n \u0130ranla ba\u011fl\u0131 hans\u0131 siyas\u0259ti y\u00fcr\u00fcd\u0259c\u0259yi h\u0259l\u0259 ki, tam m\u00fc\u0259yy\u0259n deyil. M\u0259lumatlara g\u00f6r\u0259, Tehran rejimin\u0259 qar\u015f\u0131 h\u0259rbi variant da istisna edilmir. Bu arada \u0130ran\u0131n xarici i\u015fl\u0259r naziri Abbas \u018fraq\u00e7i deyib ki, \u201c\u0130srail v\u0259 AB\u015e g\u0259r\u0259k a\u011f\u0131llar\u0131n\u0131 itirsin ki, \u0130ran\u0131n n\u00fcv\u0259 obyektl\u0259rin\u0259 z\u0259rb\u0259 vursun\u201d.<\/p>\n<p>\u0130ran\u0131n y\u00fcks\u0259kr\u00fctb\u0259li diplomat\u0131 bu bar\u0259d\u0259 \u0130ran paytaxt\u0131nda \u201cSky News\u201da ekskl\u00fcziv m\u00fcsahib\u0259sind\u0259 bildirib. Onun s\u00f6zl\u0259rin\u0259 g\u00f6r\u0259, bel\u0259 bir h\u00fccum region \u00fc\u00e7\u00fcn \u201c\u00e7ox ciddi f\u0259lak\u0259t\u201d dem\u0259k olacaq v\u0259 cavabs\u0131z qalmayacaq: \u201cBiz a\u00e7\u0131q \u015f\u0259kild\u0259 bildirdik ki, n\u00fcv\u0259 obyektl\u0259rimiz\u0259 edil\u0259n ist\u0259nil\u0259n h\u00fccum d\u0259rhal v\u0259 q\u0259ti cavabla n\u0259tic\u0259l\u0259n\u0259c\u0259k. Amma onlar\u0131n bel\u0259 d\u0259lilik ed\u0259c\u0259kl\u0259rini d\u00fc\u015f\u00fcnm\u00fcr\u0259m. Bu, h\u0259qiq\u0259t\u0259n d\u0259lilikdir. V\u0259 bu, b\u00fct\u00fcn b\u00f6lg\u0259ni \u00e7ox ciddi f\u0259lak\u0259t\u0259 d\u00fc\u00e7ar ed\u0259rdi\u201d.<\/p>\n<p>\u0130ran r\u0259smisi n\u0259y\u0259, hans\u0131 cavab z\u0259rb\u0259sin\u0259 i\u015far\u0259 edir? O halda konkret olaraq, Az\u0259rbaycan hans\u0131 riskl\u0259 \u00fczl\u0259\u015f\u0259 bil\u0259r? \u018fg\u0259r n\u0259z\u0259r\u0259 alsaq ki, \u0130srail bizim strateji m\u00fctt\u0259fiql\u0259rimizd\u0259n biridir.<\/p>\n<p><img loading=\"lazy\" src=\"https:\/\/cdn.musavat.com\/news\/thumbnails\/132c7bd4d491ffd8507ce0a817f13799.jpg\" alt=\"fikret.jpeg (167 KB)\" width=\"1280\" height=\"800\" \/><\/p>\n<p><strong>\u00a0Fikr\u0259t Yusifov<\/strong><\/p>\n<p>Sabiq maliyy\u0259 naziri, siyasi v\u0259 iqtisadi m\u0259s\u0259l\u0259l\u0259r \u00fczr\u0259 ekspert Fikr\u0259t Yusifov \u201cYeni M\u00fcsavat\u201da a\u00e7\u0131qlamas\u0131nda \u0130ran\u0131n s\u00f6z g\u00fcl\u0259\u015fdirm\u0259kl\u0259 m\u0259\u015f\u011ful oldu\u011funu s\u00f6yl\u0259di: \u201cBu \u0130ran\u0131n n\u00f6vb\u0259ti blefidir. \u0130ran h\u00f6kum\u0259ti ill\u0259rdir ki, \u0130sraili yer \u00fcz\u00fcnd\u0259n sil\u0259c\u0259yi il\u0259 h\u0259d\u0259l\u0259yirdi. Sonda n\u0259 ba\u015f verdi? \u0130srail \u0130ran\u0131n son onillikl\u0259r \u0259rzind\u0259 300 milyard dollardan \u00e7ox v\u0259sait x\u0259rcl\u0259y\u0259r\u0259k yaratd\u0131\u011f\u0131 proksil\u0259rini say\u0131l\u0131 g\u00fcnl\u0259r \u0259rzind\u0259 m\u0259hv etdi. \u0130ran\u0131n bunun qar\u015f\u0131l\u0131\u011f\u0131nda \u0130srail\u0259 \u201draket h\u00fccumlar\u0131&#8221; is\u0259 onun h\u0259rbi \u201cq\u00fcdr\u0259tinin\u201d s\u0259viyy\u0259sini b\u00fct\u00fcn d\u00fcnyaya s\u00fcbut etdi. \u0130ran yax\u015f\u0131 anlay\u0131r ki, n\u0259 AB\u015e, n\u0259 d\u0259 \u0130srail onun n\u00fcv\u0259 silah\u0131na sahibl\u0259nm\u0259sin\u0259 imkan verm\u0259y\u0259c\u0259kdir. Biz yax\u0131n zaman k\u0259siyind\u0259 bu y\u00f6nd\u0259 ba\u015f ver\u0259c\u0259k ciddi hadis\u0259l\u0259rin \u015fahidi olaca\u011f\u0131q. \u018fg\u0259r \u0130ran\u0131n h\u0259rbi arsenal\u0131nda h\u0259r hans\u0131 bir ciddi silah olsayd\u0131, he\u00e7 \u015f\u00fcbh\u0259siz onu \u00e7oxdan qar\u015f\u0131 t\u0259r\u0259f\u0259 t\u0259tbiq etmi\u015fdi.\u00a0 \u0130ran Q\u0259rbin v\u0259 \u0130srailin basq\u0131lar\u0131 fonunda \u00f6z\u00fcn\u0259 tay olan Rusiya il\u0259 bir araya g\u0259l\u0259 bildi. \u018fslind\u0259 bu ilin yanvar ay\u0131n\u0131n 17-d\u0259 Moskvada Rusiya il\u0259 \u0130ran aras\u0131nda ba\u011flanm\u0131\u015f strateji t\u0259r\u0259fda\u015fl\u0131q sazi\u015find\u0259 k\u0259nar h\u0259rbi m\u00fcdaxil\u0259l\u0259r zaman\u0131 bir-birin\u0259 h\u0259rbi yard\u0131m etm\u0259m\u0259k kimi m\u00fcdd\u0259a var. Y\u0259ni bu sazi\u015f d\u0259 Q\u0259rbin v\u0259 \u0130srailin m\u00fcmk\u00fcn h\u0259rbi basq\u0131lar\u0131ndan m\u00fcdafi\u0259 olunmaq \u00fc\u00e7\u00fcn \u0130rana he\u00e7 n\u0259 v\u0259d etmir&#8221;.<\/p>\n<p><img src=\"https:\/\/pravda.az\/cdn\/2019\/november\/24\/sona1.jpg\" alt=\"Sona \u018fliyeva: \u201cD\u00fcnyan\u0131n apar\u0131c\u0131 d\u00f6vl\u0259tl\u0259ri Az\u0259rbaycan\u0131n t\u0259cr\u00fcb\u0259sini  \u00f6yr\u0259nm\u0259y\u0259 h\u0259v\u0259sli g\u00f6r\u00fcn\u00fcrl\u0259r\u201d Pravda.az\" \/><\/p>\n<p><strong>Sona \u018fliyeva\u00a0<\/strong><\/p>\n<p><strong>Sabiq deputat, siyasi t\u0259hlil\u00e7i Sona \u018fliyeva bu b\u0259yanat\u0131 ciddi hesab etmir:<\/strong>\u00a0\u201c\u0130ran t\u0259r\u0259fi yen\u0259 d\u0259 h\u0259mi\u015f\u0259ki kimi quru v\u0259 bo\u015f b\u0259yanatlarla h\u0259d\u0259-qorxu g\u0259lm\u0259y\u0259, vaxt udma\u011fa \u00e7al\u0131\u015f\u0131r. \u0130ran\u0131n h\u0259rbi-texniki imkanlar\u0131 \u0130srail v\u0259 AB\u015e-\u0131n qar\u015f\u0131s\u0131nda dayanma\u011fa imkan vermir. S\u0259b\u0259bi sad\u0259dir, n\u00fcv\u0259 aliml\u0259rinin b\u00f6y\u00fck \u0259ks\u0259riyy\u0259ti \u0130srail k\u0259\u015ffiyyat\u0131 t\u0259r\u0259find\u0259n m\u0259hv edilib. N\u00fcv\u0259 resurslar\u0131n\u0131 saxlayan anbarlar da son be\u015f ild\u0259 ciddi z\u0259r\u0259r g\u00f6r\u00fcb. Onlar\u0131n \u00e7ox hiss\u0259si ya partlad\u0131l\u0131b, ya da f\u0259aliyy\u0259ti k\u0259nar imkanlar hesab\u0131na m\u0259hdudla\u015fd\u0131r\u0131l\u0131b. Bu bax\u0131mdan \u018fraq\u00e7inin b\u0259yanatlar\u0131 ciddi hesab olunmamal\u0131d\u0131r. \u0130ran \u0130srail\u0259 d\u0259 son iki il \u0259rzind\u0259 tutarl\u0131 cavab ver\u0259 bilm\u0259yib. Az\u0259rbaycana g\u0259ldikd\u0259 is\u0259 Bak\u0131 h\u0259m Tel-\u018fvivl\u0259, h\u0259m d\u0259 Tehranla \u0259m\u0259kda\u015fl\u0131q ed\u0259n v\u0259 onlarla m\u00fc\u0259yy\u0259n m\u0259saf\u0259 saxlayan siyas\u0259t y\u00fcr\u00fcd\u00fcr. \u0130ran Az\u0259rbaycan\u0131 sad\u0259c\u0259 quru dill\u0259 h\u0259d\u0259l\u0259y\u0259 bil\u0259r. \u018fg\u0259r real h\u00fccum olarsa, Ankara v\u0259 Tel-\u018fvivl\u0259 yana\u015f\u0131, \u0130ran\u0131n \u015f\u0259rq qon\u015fusu \u0130slamabad da bizim yan\u0131m\u0131zda yer alacaq. \u00dcst\u0259lik, Moskva il\u0259 Bak\u0131 aras\u0131nda da strateji sazi\u015f var. Y\u0259ni Az\u0259rbaycana barmaq silk\u0259l\u0259m\u0259k indiki halda Tehran h\u00f6kum\u0259tin\u0259 \u00e7ox baha ba\u015fa g\u0259l\u0259 bil\u0259r. H\u0259tta 35 milyonluq G\u00fcney Az\u0259rbaycan aya\u011fa qalxar v\u0259 \u0130ran \u00f6z i\u00e7ind\u0259n par\u00e7alanar. Bunu iranl\u0131 strateql\u0259r d\u0259 yax\u015f\u0131 ba\u015fa d\u00fc\u015f\u00fcrl\u0259r. Bu bax\u0131mdan, \u0130ran Az\u0259rbaycana yox, Erm\u0259nistana baxmal\u0131d\u0131r. \u00c7\u00fcnki AB\u015e-la Erm\u0259nistan aras\u0131nda imzalanan son\u00a0 xartiya h\u0259m d\u0259 \u0130rana qar\u015f\u0131 Q\u0259rb blokunun n\u00f6vb\u0259ti strateji h\u0259ml\u0259sidir\u201d.<\/p>\n<p><img loading=\"lazy\" src=\"https:\/\/cdn.musavat.com\/news\/thumbnails\/e4f07148a074049a24868af19982ba93.jpg\" alt=\"Niyameddin 11.jpeg (96 KB)\" width=\"1210\" height=\"1280\" \/><\/p>\n<p><strong>Niyam\u0259ddin Orduxanl\u0131<\/strong><\/p>\n<p><strong>\u018fdal\u0259t, H\u00fcquq v\u0259 Demokratiya Partiyas\u0131n\u0131n s\u0259dr m\u00fcavini, politoloq Niyam\u0259ddin Orduxanl\u0131 b\u00f6lg\u0259d\u0259 Az\u0259rbaycan \u00fc\u00e7\u00fcn arzuolunan prosesl\u0259rin getm\u0259diyini vur\u011fulad\u0131:<\/strong>\u00a0\u201cBu g\u00fcn Amerikan\u0131n \u0130ran\u0131 raketl\u0259rl\u0259 vurmas\u0131\u00a0 arzuolunan deyil. B\u00f6lg\u0259d\u0259 yeni bir m\u00fcharib\u0259nin ba\u015flanmas\u0131na g\u0259tirib \u00e7\u0131xar\u0131r. T\u0259bii ki, \u0130ran da \u0130srail\u0259 qar\u015f\u0131 raket h\u00fccumunu ba\u015flayacaq. Az\u0259rbaycan h\u0259r zaman \u0130ran\u0131n raketl\u0259 vurulmas\u0131n\u0131 ist\u0259m\u0259yib. Birincisi, \u0130ran qeyri-r\u0259smi t\u00fcrk d\u00f6vl\u0259tidir. \u018fhalinin 40 milyondan art\u0131\u011f\u0131 Az\u0259rbaycan t\u00fcrkl\u0259ridir. \u0130ran-Amerika m\u00fcharib\u0259si ba\u015f vers\u0259, qon\u015fu \u00f6lk\u0259l\u0259r \u00fc\u00e7\u00fcn d\u0259 \u00e7ox ciddi probleml\u0259r yarada bil\u0259r. Y\u00fcz minl\u0259rl\u0259, h\u0259tta milyonlarla insan qon\u015fu \u00f6lk\u0259l\u0259r\u0259 qa\u00e7q\u0131n d\u00fc\u015f\u0259 bil\u0259r. O c\u00fcml\u0259d\u0259n d\u0259 Az\u0259rbaycana milyonlarla soyda\u015f\u0131m\u0131z Az\u0259rbaycana ke\u00e7m\u0259k arzusunda ola bil\u0259r, Bu da t\u0259bii ki, region d\u00f6vl\u0259tl\u0259ri \u00fc\u00e7\u00fcn \u00e7ox ciddi n\u0259tic\u0259l\u0259r\u0259 s\u0259b\u0259b olar. Konkret olaraq f\u0259lak\u0259t\u0259 s\u0259b\u0259b olar. Amerika-Suriya m\u00fcharib\u0259sind\u0259 milyonlarla insan T\u00fcrkiy\u0259 d\u00f6vl\u0259tin\u0259 ke\u00e7m\u0259di? Az\u0259rbaycan h\u0259r zaman h\u0259r iki \u00f6lk\u0259 il\u0259, ist\u0259r \u0130sraill\u0259, ist\u0259rs\u0259 d\u0259 \u0130ranla ikit\u0259r\u0259fli v\u0259 qar\u015f\u0131l\u0131ql\u0131 m\u00fcnasib\u0259tl\u0259rin qurulmas\u0131nda maraql\u0131 olub. \u0130srail Az\u0259rbaycan\u0131n \u0259n yax\u0131n m\u00fctt\u0259fiql\u0259rind\u0259n biridir. Uzun ill\u0259rdir ki, \u00e7ox y\u00fcks\u0259k s\u0259viyy\u0259li \u0259laq\u0259l\u0259r formala\u015f\u0131b. 44 g\u00fcnl\u00fck V\u0259t\u0259n m\u00fcharib\u0259sind\u0259 Q\u0259rb \u00f6lk\u0259l\u0259ri Erm\u0259nistana g\u00f6r\u0259 Az\u0259rbaycana \u0259n m\u00fcasir silahlar\u0131 pulu il\u0259 verm\u0259dil\u0259r. Ancaq \u0130srail d\u00f6vl\u0259ti h\u0259r c\u00fcr d\u0259st\u0259yini n\u00fcmayi\u015f etdirdi. Erm\u0259nistan 40 ildir ki, Az\u0259rbaycanla d\u00fc\u015fm\u0259n\u00e7ilik edir. On minl\u0259rl\u0259 insan\u0131m\u0131z\u0131 q\u0259tl\u0259 yetirib. Ancaq \u0130ran Erm\u0259nistanla dostluq, qarda\u015fl\u0131q edir. Nec\u0259 dey\u0259rl\u0259r, h\u0259r d\u00f6vl\u0259t \u00f6z\u00fc h\u0259m dostunu, h\u0259m d\u0259 d\u00fc\u015fm\u0259nini m\u00fc\u0259yy\u0259n edir. Az\u0259rbaycan is\u0259 Amerika-\u0130srail-\u0130ran m\u00fcharib\u0259sinin ba\u015f verm\u0259m\u0259si arzusundad\u0131r\u201d.<\/p>\n","protected":false},"excerpt":{"rendered":"<p>\u0130ran\u0131n xarici i\u015fl\u0259r naziri n\u0259y\u0259, hans\u0131 cavab z\u0259rb\u0259sin\u0259 i\u015far\u0259 edir? AB\u015e-\u0131n yeni prezidenti Donald Tramp\u0131n \u0130ranla ba\u011fl\u0131 hans\u0131 siyas\u0259ti y\u00fcr\u00fcd\u0259c\u0259yi h\u0259l\u0259 ki, tam m\u00fc\u0259yy\u0259n deyil. M\u0259lumatlara g\u00f6r\u0259, Tehran rejimin\u0259 qar\u015f\u0131 h\u0259rbi variant da istisna edilmir. Bu arada \u0130ran\u0131n xarici i\u015fl\u0259r naziri Abbas \u018fraq\u00e7i deyib ki, \u201c\u0130srail v\u0259 AB\u015e g\u0259r\u0259k a\u011f\u0131llar\u0131n\u0131 itirsin ki, \u0130ran\u0131n n\u00fcv\u0259 obyektl\u0259rin\u0259 z\u0259rb\u0259 vursun\u201d. \u0130ran\u0131n y\u00fcks\u0259kr\u00fctb\u0259li diplomat\u0131 bu bar\u0259d\u0259 \u0130ran paytaxt\u0131nda \u201cSky News\u201da ekskl\u00fcziv m\u00fcsahib\u0259sind\u0259 bildirib. Onun s\u00f6zl\u0259rin\u0259 g\u00f6r\u0259, bel\u0259 bir h\u00fccum region \u00fc\u00e7\u00fcn \u201c\u00e7ox ciddi f\u0259lak\u0259t\u201d dem\u0259k olacaq v\u0259 cavabs\u0131z qalmayacaq: \u201cBiz a\u00e7\u0131q \u015f\u0259kild\u0259 bildirdik ki,&hellip;<\/p>\n","protected":false},"author":2,"featured_media":784911,"comment_status":"closed","ping_status":"closed","sticky":false,"template":"","format":"standard","meta":{"om_disable_all_campaigns":false,"_monsterinsights_skip_tracking":false,"_monsterinsights_sitenote_active":false,"_monsterinsights_sitenote_note":"","_monsterinsights_sitenote_category":0},"categories":[19],"tags":[],"aioseo_notices":[],"gutentor_comment":0,"rttpg_featured_image_url":{"full":["https:\/\/arantv.az\/wp-content\/uploads\/2025\/02\/65063bac41ed731fe7285271e802a258.jpg",870,500,false],"landscape":["https:\/\/arantv.az\/wp-content\/uploads\/2025\/02\/65063bac41ed731fe7285271e802a258.jpg",870,500,false],"portraits":["https:\/\/arantv.az\/wp-content\/uploads\/2025\/02\/65063bac41ed731fe7285271e802a258.jpg",870,500,false],"thumbnail":["https:\/\/arantv.az\/wp-content\/uploads\/2025\/02\/65063bac41ed731fe7285271e802a258-500x280.jpg",500,280,true],"medium":["https:\/\/arantv.az\/wp-content\/uploads\/2025\/02\/65063bac41ed731fe7285271e802a258-635x365.jpg",635,365,true],"large":["https:\/\/arantv.az\/wp-content\/uploads\/2025\/02\/65063bac41ed731fe7285271e802a258-840x483.jpg",640,368,true],"1536x1536":["https:\/\/arantv.az\/wp-content\/uploads\/2025\/02\/65063bac41ed731fe7285271e802a258.jpg",870,500,false],"2048x2048":["https:\/\/arantv.az\/wp-content\/uploads\/2025\/02\/65063bac41ed731fe7285271e802a258.jpg",870,500,false],"post-thumbnail":["https:\/\/arantv.az\/wp-content\/uploads\/2025\/02\/65063bac41ed731fe7285271e802a258-240x172.jpg",240,172,true],"advps-thumb-one":["https:\/\/arantv.az\/wp-content\/uploads\/2025\/02\/65063bac41ed731fe7285271e802a258.jpg",870,500,false]},"rttpg_author":{"display_name":"V\u00fcsal Rafiqo\u011flu","author_link":"https:\/\/arantv.az\/?author=2"},"rttpg_comment":0,"rttpg_category":"<a href=\"https:\/\/arantv.az\/?cat=19\" rel=\"category\">G\u00fcnd\u0259m<\/a>","rttpg_excerpt":"\u0130ran\u0131n xarici i\u015fl\u0259r naziri n\u0259y\u0259, hans\u0131 cavab z\u0259rb\u0259sin\u0259 i\u015far\u0259 edir? AB\u015e-\u0131n yeni prezidenti Donald Tramp\u0131n \u0130ranla ba\u011fl\u0131 hans\u0131 siyas\u0259ti y\u00fcr\u00fcd\u0259c\u0259yi h\u0259l\u0259 ki, tam m\u00fc\u0259yy\u0259n deyil. M\u0259lumatlara g\u00f6r\u0259, Tehran rejimin\u0259 qar\u015f\u0131 h\u0259rbi variant da istisna edilmir. Bu arada \u0130ran\u0131n xarici i\u015fl\u0259r naziri Abbas \u018fraq\u00e7i deyib ki, \u201c\u0130srail v\u0259 AB\u015e g\u0259r\u0259k a\u011f\u0131llar\u0131n\u0131 itirsin ki, \u0130ran\u0131n n\u00fcv\u0259 obyektl\u0259rin\u0259&hellip;","_links":{"self":[{"href":"https:\/\/arantv.az\/index.php?rest_route=\/wp\/v2\/posts\/784910"}],"collection":[{"href":"https:\/\/arantv.az\/index.php?rest_route=\/wp\/v2\/posts"}],"about":[{"href":"https:\/\/arantv.az\/index.php?rest_route=\/wp\/v2\/types\/post"}],"author":[{"embeddable":true,"href":"https:\/\/arantv.az\/index.php?rest_route=\/wp\/v2\/users\/2"}],"replies":[{"embeddable":true,"href":"https:\/\/arantv.az\/index.php?rest_route=%2Fwp%2Fv2%2Fcomments&post=784910"}],"version-history":[{"count":1,"href":"https:\/\/arantv.az\/index.php?rest_route=\/wp\/v2\/posts\/784910\/revisions"}],"predecessor-version":[{"id":784912,"href":"https:\/\/arantv.az\/index.php?rest_route=\/wp\/v2\/posts\/784910\/revisions\/784912"}],"wp:featuredmedia":[{"embeddable":true,"href":"https:\/\/arantv.az\/index.php?rest_route=\/wp\/v2\/media\/784911"}],"wp:attachment":[{"href":"https:\/\/arantv.az\/index.php?rest_route=%2Fwp%2Fv2%2Fmedia&parent=784910"}],"wp:term":[{"taxonomy":"category","embeddable":true,"href":"https:\/\/arantv.az\/index.php?rest_route=%2Fwp%2Fv2%2Fcategories&post=784910"},{"taxonomy":"post_tag","embeddable":true,"href":"https:\/\/arantv.az\/index.php?rest_route=%2Fwp%2Fv2%2Ftags&post=784910"}],"curies":[{"name":"wp","href":"https:\/\/api.w.org\/{rel}","templated":true}]}}