{"id":784950,"date":"2025-02-01T10:32:00","date_gmt":"2025-02-01T06:32:00","guid":{"rendered":"https:\/\/arantv.az\/?p=784950"},"modified":"2025-02-01T10:32:00","modified_gmt":"2025-02-01T06:32:00","slug":"c%c9%99nubi-qafqazda-az%c9%99rbaycan-aparici-iqtisadiyyatdir-aparici-h%c9%99rbi-gucdur-v%c9%99-aparici-dovl%c9%99tdir-t%c9%99hlil","status":"publish","type":"post","link":"https:\/\/arantv.az\/?p=784950","title":{"rendered":"C\u0259nubi Qafqazda Az\u0259rbaycan apar\u0131c\u0131 iqtisadiyyatd\u0131r, apar\u0131c\u0131 h\u0259rbi g\u00fccd\u00fcr v\u0259 apar\u0131c\u0131 d\u00f6vl\u0259tdir &#8211; T\u018fHL\u0130L"},"content":{"rendered":"<p><em><strong>Prezident \u0130lham \u018fliyev bildirir ki, s\u00fclh m\u00fcqavil\u0259si il\u0259 ba\u011fl\u0131 b\u00fct\u00fcn \u015f\u0259rtl\u0259rimiz q\u0259bul edil\u0259c\u0259k<\/strong><\/em><\/p>\n<p>&#8220;\u00dcmid edir\u0259m ki, s\u00fclh m\u00fcqavil\u0259si il\u0259 ba\u011fl\u0131 bizim b\u00fct\u00fcn \u015f\u0259rtl\u0259rimiz d\u0259 q\u0259bul edil\u0259c\u0259k. \u00c7\u00fcnki bu \u015f\u0259rtl\u0259rd\u0259 h\u0259r hans\u0131 bir f\u00f6vq\u0259lad\u0259 m\u0259s\u0259l\u0259 yoxdur. Minsk qrupunun l\u0259\u011fv edilm\u0259si, konstitusiyan\u0131n d\u0259yi\u015fdirilm\u0259si \u2013 bunlars\u0131z s\u00fclh m\u00fcqavil\u0259si m\u00fcmk\u00fcn deyil. \u018fg\u0259r Erm\u0259nistana s\u00fclh m\u00fcqavil\u0259si laz\u0131m deyils\u0259, biz\u0259 d\u0259 laz\u0131m deyil. Bu imzalanmadan da biz ya\u015faya v\u0259 \u00f6z siyas\u0259timizi apara bil\u0259rik. Y\u0259ni, m\u0259n yen\u0259 d\u0259 Erm\u0259nistan t\u0259r\u0259fin\u0259 m\u0259sl\u0259h\u0259t g\u00f6r\u0259rdim ki, h\u0259r \u015feyi yax\u015f\u0131 \u00f6l\u00e7\u00fcb-bi\u00e7sin, o c\u00fcml\u0259d\u0259n d\u00fcnyadak\u0131 geosiyasi d\u0259yi\u015fiklikl\u0259ri. Onlar\u0131n yax\u0131n dostlar\u0131 siyasi s\u0259hn\u0259d\u0259n biab\u0131r\u00e7\u0131l\u0131qla silinirl\u0259r.\u00bb D\u00f6vl\u0259t ba\u015f\u00e7\u0131s\u0131 \u0130lham \u018fliyevin yanvar\u0131n 7-d\u0259 yerli televiziya kanallar\u0131na m\u00fcsahib\u0259sind\u0259 s\u00f6yl\u0259diyi bu fikirl\u0259r son d\u00f6rd ild\u0259\u00a0 s\u00fclh m\u00fcqavil\u0259sinin imzalanmas\u0131 prosesinin uzanmas\u0131na s\u0259b\u0259b olan amill\u0259rin t\u0259qdimat\u0131 oldu. \u00a0D\u00fc\u015f\u00fcn\u00fcr\u00fck ki, Erm\u0259nistan\u00a0 s\u00fclh m\u00fcqavil\u0259sinin imzalanmas\u0131n\u0131 ists\u0259ydi, Minsk qrupunun l\u0259\u011fv edilm\u0259sin\u0259 t\u0259r\u0259fdar oldu\u011funu an\u0131nda t\u0259sdiql\u0259y\u0259 bil\u0259r. 30 illik i\u015f\u011fal d\u00f6vr\u00fcnd\u0259 bu qurumun f\u0259aliyy\u0259ti g\u00f6r\u00fcnm\u0259dis\u0259, postm\u00fcnaqi\u015f\u0259 m\u0259rh\u0259l\u0259sind\u0259 yenid\u0259n dir\u00e7\u0259ldilm\u0259sin\u0259 n\u0259 ehtiyac olmas\u0131 sual do\u011furmaya bilm\u0259z. T\u0259bii ki, Erm\u0259nistan \u00fc\u00e7\u00fcn m\u0259qbuldur. Bu bax\u0131mdan ki, qurum tarix\u0259 qovu\u015fan Qaraba\u011f m\u00fcnaqi\u015f\u0259sinin nizamlanmas\u0131 prosesind\u0259 vasit\u0259\u00e7ilik missiyas\u0131n\u0131 yerin\u0259 yetirm\u0259k m\u0259qs\u0259dil\u0259 yarad\u0131lsa da bu g\u00fcn\u0259d\u0259k missiyas\u0131n\u0131n n\u0259d\u0259r ibar\u0259t oldu\u011funu anlamay\u0131b des\u0259k, s\u0259hv etm\u0259rik. Vasit\u0259\u00e7iliyi Erm\u0259nistana d\u0259st\u0259kd\u0259n ba\u015fqa bir \u015fey olmayan AT\u018fT-in Minsk qrupunun h\u0259ms\u0259dr \u00f6lk\u0259l\u0259ri problemin h\u0259llind\u0259 \u0259sas m\u0259suliyy\u0259tin t\u0259r\u0259fl\u0259rin \u00f6z\u00fcn\u00fcn \u00fcz\u0259rin\u0259 d\u00fc\u015fd\u00fcy\u00fcn\u00fc bildir\u0259r\u0259k\u00a0 \u00f6zl\u0259rin\u0259 qar\u015f\u0131 bir inams\u0131zl\u0131q m\u00fchiti yaratd\u0131lar. T\u0259r\u0259fl\u0259r \u00f6z\u00fc \u00e7\u00f6z\u0259 bil\u0259c\u0259kdil\u0259rs\u0259, onda\u00a0 Minsk qrupunun yarad\u0131lmas\u0131na ehtiyac var idimi? \u0130lk g\u00fcnd\u0259n neytrall\u0131\u011f\u0131 qorumayan Minsk qrupunun h\u0259ms\u0259drl\u0259ri sonad\u0259k bu yanl\u0131\u015f, \u0259n \u0259sas\u0131 Erm\u0259nistana d\u0259st\u0259k\u00a0 m\u00f6vqel\u0259rind\u0259 qald\u0131lar ki, i\u015f\u011fal\u00e7\u0131n\u0131n ad\u0131 il\u0259 \u00e7a\u011f\u0131r\u0131lmas\u0131 m\u0259s\u0259l\u0259nin h\u0259llin\u0259 m\u0259nfi t\u0259sir g\u00f6st\u0259r\u0259 bil\u0259r. Bu, bit\u0259r\u0259flilik kimi d\u0259y\u0259rl\u0259ndirilir. Amma maraql\u0131d\u0131r, ist\u0259r i\u015f\u011fal, ist\u0259rs\u0259 d\u0259 postm\u00fcnaqi\u015f\u0259 m\u0259rh\u0259l\u0259sind\u0259 Erm\u0259nistan\u0131n qurumun h\u0259ms\u0259dr \u00f6lk\u0259l\u0259ri olan Fransa v\u0259 AB\u015e t\u0259r\u0259find\u0259n maddi v\u0259 m\u0259n\u0259vi d\u0259st\u0259k almas\u0131, silahland\u0131r\u0131lmas\u0131 birt\u0259r\u0259flilik deyil, beyn\u0259lxalq h\u00fcququn \u00abnorma v\u0259 prinsipidir&#8221;mi?<\/p>\n<p>\u018fdal\u0259tin v\u0259 beyn\u0259lxalq h\u00fcququn maraqlar\u0131n arxas\u0131nda \u0259rim\u0259si d\u00fcnyada etimads\u0131zl\u0131q m\u00fchitinin yaranmas\u0131na s\u0259b\u0259b oldu. Az\u0259rbaycan d\u00f6vl\u0259ti \u0259n y\u00fcks\u0259k tribunalardan b\u0259yan etdi ki, beyn\u0259lxalq h\u00fcququn norma v\u0259 prinsipl\u0259rinin, BMT q\u0259tnam\u0259l\u0259rinin t\u0259tbiqi \u00fc\u00e7\u00fcn vahid mexanizm olmal\u0131d\u0131r. 44 g\u00fcnl\u00fck \u0130kinci Qaraba\u011f m\u00fcharib\u0259sind\u0259 tarixi Z\u0259f\u0259ri il\u0259 d\u00fcnyaya \u0259dal\u0259tin, beyn\u0259lxalq h\u00fcququn norma v\u0259 prinsipl\u0259rinin m\u00f6vcudlu\u011funu q\u0259bul etdir\u0259n Az\u0259rbaycan\u0131n s\u00f6z\u00fcn\u00fcn imzas\u0131 q\u0259d\u0259r \u0259h\u0259miyy\u0259tli oldu\u011fu g\u00fcn\u00fcm\u00fcz\u00fcn reall\u0131qlar\u0131nda \u00f6z\u00fcn\u00fcn ayd\u0131n ifad\u0259sini tap\u0131r. Regionda dayan\u0131ql\u0131 s\u00fclh\u00fcn v\u0259 t\u0259hl\u00fck\u0259sizliyin t\u0259min edilm\u0259sin\u0259, Erm\u0259nistanla m\u00fcnasib\u0259tl\u0259rind\u0259 yeni s\u0259hif\u0259nin a\u00e7\u0131lmas\u0131na s\u0259y g\u00f6st\u0259r\u0259n Az\u0259rbaycan tarixi Z\u0259f\u0259rimizin ilk g\u00fcn\u00fcnd\u0259n i\u015f\u011fal\u00e7\u0131 d\u00f6vl\u0259t\u0259 s\u00fclh m\u00fcqavil\u0259sinin imzalanmas\u0131n\u0131 t\u0259klif etdi. D\u00f6vl\u0259t ba\u015f\u00e7\u0131s\u0131 \u0130lham \u018fliyev bu \u00e7a\u011f\u0131r\u0131\u015fla \u00e7\u0131x\u0131\u015f etdi ki, Az\u0259rbaycanla Erm\u0259nistan aras\u0131nda s\u00fclh\u0259 do\u011fru ir\u0259lil\u0259m\u0259liyik, m\u00fcmk\u00fcn oldu\u011fu q\u0259d\u0259r q\u0131sa m\u00fcdd\u0259td\u0259 s\u00fclh sazi\u015fini imzalamal\u0131y\u0131q.<\/p>\n<p>Bu g\u00fcn i\u015f\u011faldan azad edilmi\u015f \u0259razil\u0259rimiz erm\u0259ni v\u0259h\u015filikl\u0259rinin, vandalizminin g\u00f6st\u0259ricisidir. 30 ild\u0259 bu \u0259razil\u0259rimizi yerl\u0259-yeksan ed\u0259n, b\u00fct\u00fcn tikilil\u0259ri da\u011f\u0131dan erm\u0259nil\u0259r bu g\u00fcn h\u0259min torpaqlarda apar\u0131lan b\u0259rpa-quruculuq i\u015fl\u0259rini b\u00f6y\u00fck narahatl\u0131q hissi il\u0259 izl\u0259yirl\u0259r. Bir s\u00f6zl\u0259, 30 il da\u011f\u0131nt\u0131 h\u0259yat\u0131n\u0131 ya\u015fayan \u0259razil\u0259rimiz d\u00f6rd ildir ki, quruculuq m\u0259rh\u0259l\u0259sin\u0259 q\u0259d\u0259m qoyub. Erm\u0259nil\u0259rin zaman-zaman Az\u0259rbaycan xalq\u0131na qar\u015f\u0131 h\u0259yata ke\u00e7irdikl\u0259ri soyq\u0131r\u0131m\u0131 v\u0259 deportasiya siyas\u0259ti d\u0259 tarixin yadda\u015fl\u0131\u011f\u0131, zaman\u0131n hakimliyi \u0259sas\u0131nda geni\u015f t\u0259hlil olunur, ill\u0259rdir nec\u0259 v\u0259h\u015fi mill\u0259tl\u0259 \u00fcz-\u00fcz\u0259 oldu\u011fumuzu b\u00fct\u00fcn d\u00fcnya g\u00f6r\u00fcr. Erm\u0259nil\u0259rin h\u0259tta tarixi Z\u0259f\u0259rimizd\u0259n sonra K\u0259lb\u0259c\u0259ri, La\u00e7\u0131n\u0131 bo\u015faldan zaman hans\u0131 v\u0259h\u015filikl\u0259ri t\u00f6r\u0259tdikl\u0259ri d\u0259 d\u00fcnyan\u0131n g\u00f6z\u00fc qar\u015f\u0131s\u0131nda ba\u015f verdi. Erm\u0259ni v\u0259h\u015filiyinin d\u00fcnyaya t\u0259qdimat\u0131 olan Xocal\u0131 soyq\u0131r\u0131m\u0131n\u0131 unuda bil\u0259rikmi? Eyni zamanda, \u00e7ox da uzaq olmayan tarixi, 44 g\u00fcnl\u00fck \u0130kinci Qaraba\u011f m\u00fcharib\u0259sind\u0259 canlar\u0131, qanlar\u0131 il\u0259 tarix yazan \u015f\u0259hidl\u0259rimizi unutma\u011fa haqq\u0131m\u0131z varm\u0131? Erm\u0259nil\u0259rin bu v\u0259h\u015filikl\u0259rin\u0259 r\u0259\u011fm\u0259n Az\u0259rbaycan Erm\u0259nistana s\u00fclh m\u00fcqavil\u0259sinin imzalanmas\u0131n\u0131 t\u0259klif etdi. \u0130lk g\u00fcnd\u0259n bu \u00e7a\u011f\u0131r\u0131\u015f edildi ki, bu t\u0259klif masa \u00fcz\u0259rind\u0259 uzun m\u00fcdd\u0259t qala bilm\u0259z. \u0130st\u0259mirl\u0259r he\u00e7 laz\u0131m da deyil.<\/p>\n<p>D\u00f6vl\u0259t ba\u015f\u00e7\u0131s\u0131 \u0130lham \u018fliyevin \u00e7\u0131x\u0131\u015flar\u0131nda bu reall\u0131q x\u00fcsusi yer tutur ki, \u00a0erm\u0259nil\u0259r \u00fcmumiyy\u0259tl\u0259, hesab edirl\u0259r ki, b\u00fct\u00fcn d\u00fcnya bunlara borcludur: \u00abOnlar bu ziyanl\u0131 v\u0259 x\u0259st\u0259 t\u0259f\u0259kk\u00fcrl\u0259 \u00f6z \u00f6lk\u0259sini idar\u0259 etm\u0259k ist\u0259yirl\u0259r ki, kims\u0259 g\u0259lm\u0259lidir, bunlara m\u00fctl\u0259q k\u00f6m\u0259k g\u00f6st\u0259rm\u0259lidir. B\u0259s, siz \u00f6z\u00fcn\u00fcz n\u0259y\u0259 qadirsiniz? \u018fg\u0259r h\u0259r zaman kimins\u0259 \u0259t\u0259yind\u0259n yap\u0131\u015f\u0131b hans\u0131sa imtiyaz umursunuzsa, b\u0259s, \u00f6z\u00fcn\u00fcz n\u0259y\u0259 qadirsiniz? Bax, bu t\u0259f\u0259kk\u00fcr onlar\u0131n c\u0259miyy\u0259tini d\u0259 dem\u0259k olar ki, yanl\u0131\u015f istiqam\u0259t\u0259 apar\u0131b.\u00bb<\/p>\n<p>\u0130kinci Qaraba\u011f m\u00fcharib\u0259si onlar\u0131n bu yanl\u0131\u015f d\u00fc\u015f\u00fcnc\u0259l\u0259rini bir daha d\u00fcnyaya \u00e7atd\u0131rd\u0131. Erm\u0259nistan\u0131n ba\u015f naziri Nikol Pa\u015finyan\u0131n m\u00fcharib\u0259 d\u00f6vr\u00fcnd\u0259 havadarlar\u0131ndan nec\u0259 incik d\u00fc\u015fd\u00fcy\u00fc s\u0259rs\u0259m b\u0259yanatlar\u0131ndan da ayd\u0131n g\u00f6r\u00fcnd\u00fc. H\u0259r k\u0259s\u0259 qar\u015f\u0131 iddialarla \u00e7\u0131x\u0131\u015f etm\u0259kl\u0259 sanki bug\u00fcn\u0259d\u0259k beyn\u0259lxalq h\u00fcququ kobud \u015f\u0259kild\u0259 pozan, h\u0259tta m\u00fcsahib\u0259l\u0259rind\u0259 a\u00e7\u0131q-a\u015fkar onun m\u00f6vcudlu\u011funu inkar ed\u0259n Nikol Pa\u015finyan deyil, ba\u015fqas\u0131 idi. Pa\u015finyan el\u0259 d\u00fc\u015f\u00fcn\u00fcrd\u00fc ki, m\u00fcst\u0259qilliyi formal xarakter da\u015f\u0131yan Erm\u0259nistan\u0131 maraqlar\u0131n\u0131n icras\u0131nda bir vasit\u0259\u00e7i kimi q\u0259bul ed\u0259n d\u00f6vl\u0259tl\u0259r b\u00fct\u00fcn hallarda onu d\u0259st\u0259kl\u0259m\u0259k imkan\u0131ndad\u0131rlar.<\/p>\n<p>G\u00fcn\u00fcm\u00fcz\u00fcn reall\u0131qlar\u0131 h\u0259r zaman tarixin m\u00fc\u0259yy\u0259n s\u0259hif\u0259l\u0259rini v\u0259r\u0259ql\u0259m\u0259y\u0259 \u00e7a\u011f\u0131r\u0131\u015f edir. Beyn\u0259lxalq h\u00fcquq, tarixi faktlar, real h\u0259qiq\u0259tl\u0259r deyil\u0259n m\u0259fhumlar vard\u0131r. Tarixi inkar edib saxta tarix yazmaq, qon\u015fu d\u00f6vl\u0259tl\u0259r\u0259 qar\u015f\u0131 \u0259sass\u0131z torpaq iddias\u0131 il\u0259 \u00e7\u0131x\u0131\u015f edib buna nail olmaq \u0259b\u0259di qalib olmaq dem\u0259k deyil. Erm\u0259nistan hakimiyy\u0259ti d\u0259 \u00e7ox yax\u015f\u0131 bilirdi ki, torpaqlar\u0131m\u0131z d\u00f6y\u00fc\u015f meydan\u0131nda m\u0259\u011flub olmaqla d\u00fc\u015fm\u0259n\u0259 verilm\u0259yib. H\u0259min ill\u0259rd\u0259 \u00f6lk\u0259miz\u0259 r\u0259hb\u0259rlik ed\u0259n AXC-M\u00fcsavat c\u00fctl\u00fcy\u00fcn\u00fcn \u00f6lk\u0259d\u0259 yaratd\u0131\u011f\u0131 a\u011f\u0131r durum ordu quruculu\u011funda da \u00f6z\u00fcn\u00fc qabar\u0131q \u015f\u0259kild\u0259 b\u00fcruz\u0259 verirdi. Ordu torpaqlar\u0131m\u0131z\u0131n deyil, ayr\u0131-ayr\u0131 dair\u0259l\u0259rin maraqlar\u0131n\u0131n m\u00fcdafi\u0259sin\u0259 xidm\u0259t edirdi. Erm\u0259nistan bu v\u0259ziyy\u0259td\u0259n istifad\u0259 ed\u0259r\u0259k torpaqlar\u0131m\u0131z\u0131 i\u015f\u011fal etmi\u015fdi. D\u00f6vl\u0259t ba\u015f\u00e7\u0131s\u0131 \u0130lham \u018fliyev xalqa b\u00fct\u00fcn m\u00fcraci\u0259tl\u0259rind\u0259 bu m\u0259qam\u0131 x\u00fcsusi qeyd edir ki, b\u00fct\u00f6vl\u00fckd\u0259 torpaqlar\u0131m\u0131z\u0131n i\u015f\u011fal alt\u0131na d\u00fc\u015fm\u0259sind\u0259 \u0259sas g\u00fcnahkar Az\u0259rbaycan Xalq C\u0259bh\u0259sidir. \u00c7\u00fcnki \u0259g\u0259r 1992-ci ild\u0259 onlar qanunsuz yollarla hakimiyy\u0259t\u0259 g\u0259lm\u0259s\u0259ydil\u0259r, \u0259g\u0259r d\u00f6vl\u0259t \u00e7evrili\u015fi etm\u0259s\u0259ydil\u0259r, b\u0259lk\u0259 d\u0259 torpaqlar\u0131m\u0131z i\u015f\u011fal alt\u0131na d\u00fc\u015fm\u0259y\u0259 bil\u0259rdi. \u018flb\u0259tt\u0259 ki, tarix\u0259 qay\u0131d\u0131b n\u0259 ola bil\u0259rdi, n\u0259 olmaya bil\u0259rdi dem\u0259k \u00e7ox \u00e7\u0259tindir. Ancaq h\u0259r halda, torpaqlar\u0131m\u0131z\u0131n i\u015f\u011fal alt\u0131na d\u00fc\u015fm\u0259sind\u0259 onlar\u0131n birba\u015fa i\u015ftirak\u0131, \u0259li var v\u0259 bu m\u0259suliyy\u0259ti onlar da\u015f\u0131y\u0131r. Bu tarixi xat\u0131rlamaqda m\u0259qs\u0259dimiz budur ki, 20 faiz torpa\u011f\u0131m\u0131z d\u00f6y\u00fc\u015f meydan\u0131nda m\u0259\u011flub olmaqla d\u00fc\u015fm\u0259n\u0259 verilm\u0259yib. Az\u0259rbaycan xalq\u0131 daim m\u0259\u011frurlu\u011fu, yenilm\u0259zliyi, torpaqlar\u0131na, tarixin\u0259 sahib \u00e7\u0131xan xalq kimi tan\u0131n\u0131b v\u0259 bu g\u00fcn d\u0259 tan\u0131n\u0131r. 44 g\u00fcnl\u00fck tarixi Z\u0259f\u0259rimiz, bir g\u00fcnl\u00fck antiterror t\u0259dbirl\u0259ri bir daha bu reall\u0131\u011fa i\u015f\u0131q sald\u0131.<\/p>\n<p>Tarixi Z\u0259f\u0259rimizd\u0259n \u00f6t\u0259n d\u00f6vrd\u0259 hadis\u0259l\u0259rin gedi\u015fin\u0259 diqq\u0259t yetirdikd\u0259 Erm\u0259nistan\u0131n tez-tez t\u0259xribatlar t\u00f6r\u0259tdiyi, b\u00f6lg\u0259d\u0259 dayan\u0131ql\u0131 s\u00fclh\u00fcn v\u0259 t\u0259hl\u00fck\u0259sizliyin t\u0259min olunmas\u0131, Az\u0259rbaycan v\u0259 Erm\u0259nistan aras\u0131nda m\u00fcnasib\u0259tl\u0259rin normalla\u015fd\u0131r\u0131lmas\u0131 istiqam\u0259tind\u0259\u00a0m\u00fcxt\u0259lif formatlarda v\u0259 m\u0259kanlarda g\u00f6r\u00fc\u015fl\u0259rin ke\u00e7irildiyi \u0259r\u0259f\u0259l\u0259rd\u0259, yaxud ba\u015fa \u00e7atd\u0131qdan sonra t\u0259xribatlara daha \u00e7ox can atd\u0131qlar\u0131 diqq\u0259td\u0259n k\u0259narda qalmay\u0131b. Bunun \u00fc\u00e7\u00fcn \u00abQisas\u00bb, \u00abQ\u0259tiyy\u0259tli cavab\u00bb \u0259m\u0259liyyatlar\u0131n\u0131 yada salmaq kifay\u0259tdir. \u00d6lk\u0259mizin \u0259razi b\u00fct\u00f6vl\u00fcy\u00fcn\u0259, suverenliyin\u0259 qar\u015f\u0131 h\u0259r bir add\u0131m\u0131n qar\u015f\u0131s\u0131 q\u0259tiyy\u0259tl\u0259 al\u0131n\u0131r. D\u00f6vl\u0259t ba\u015f\u00e7\u0131s\u0131 \u0130lham \u018fliyev \u0259n y\u00fcks\u0259k tribunalardan b\u0259yan edir ki, \u00abd\u0259mir yumruq\u00bb yerind\u0259dir. Erm\u0259nistanda revan\u015fist q\u00fcvv\u0259l\u0259r ba\u015f qald\u0131rarsa 44 g\u00fcnl\u00fck \u0130kinci Qaraba\u011f m\u00fcharib\u0259sind\u0259 ald\u0131qlar\u0131 d\u0259rsi unutmamal\u0131d\u0131rlar. Erm\u0259nistan v\u0259 ona havadarl\u0131q ed\u0259n d\u00f6vl\u0259tl\u0259r Az\u0259rbaycan Ordusunun g\u00fcc\u00fcn\u00fc, q\u00fcdr\u0259tini, h\u0259r zaman \u0259razi b\u00fct\u00f6vl\u00fcy\u00fcm\u00fcz\u00fcn, suverenliyimizin qarant\u0131 kimi torpaqlar\u0131m\u0131z\u0131n m\u00fcdafi\u0259sinin ke\u015fiyind\u0259 ay\u0131q-say\u0131q dayand\u0131\u011f\u0131n\u0131n \u015fahidi olurlar. Az\u0259rbaycan\u0131n Erm\u0259nistana s\u00fclh m\u00fcqavil\u0259sini t\u0259klif etm\u0259kl\u0259 ona son \u015fans verdiyi i\u015f\u011fal\u00e7\u0131 d\u00f6vl\u0259t\u0259 v\u0259 onun d\u0259st\u0259k\u00e7il\u0259rin\u0259 \u00e7ox yax\u015f\u0131 b\u0259llidir. S\u00fclh m\u00fcqavil\u0259sinin imzalanmas\u0131 il\u0259 yeni \u0259m\u0259kda\u015fl\u0131q formatlar\u0131 yaranacaq ki, i\u015f\u011fal\u00e7\u0131 d\u00f6vl\u0259t bundan b\u0259hr\u0259l\u0259n\u0259r\u0259k \u00f6z iqtisadi durumunu yax\u015f\u0131la\u015fd\u0131ra bil\u0259r.<\/p>\n<p>30 ilin i\u015f\u011fal\u0131na 44 g\u00fcnd\u0259 son qoymaq v\u0259 bu g\u00fcn Z\u0259f\u0259rin reall\u0131qlar\u0131 fonunda Qaraba\u011fda, \u015e\u0259rqi Z\u0259ng\u0259zurda geni\u015fmiqyasl\u0131 b\u0259rpa-quruculuq i\u015fl\u0259rini, soyda\u015flar\u0131m\u0131z\u0131n qay\u0131d\u0131\u015f\u0131n\u0131 g\u00f6rm\u0259k b\u00f6y\u00fck xo\u015fb\u0259xtlikdir. M\u00fcz\u0259ff\u0259r Ali Ba\u015f Komandan \u0130lham \u018fliyev \u00abAzad edilmi\u015f \u0259razil\u0259r\u0259 h\u0259r g\u0259l\u0259n insan \u00f6z g\u00f6zl\u0259ri il\u0259 erm\u0259ni v\u0259h\u015filiyinin t\u0259zah\u00fcrl\u0259rini g\u00f6r\u00fcr. \u018fg\u0259r bu torpaq onlara m\u0259xsus idis\u0259, n\u0259 \u00fc\u00e7\u00fcn \u015f\u0259h\u0259rl\u0259r, k\u0259ndl\u0259r viran qoyulub, n\u0259 \u00fc\u00e7\u00fcn b\u00fct\u00fcn tarixi abid\u0259l\u0259r da\u011f\u0131d\u0131l\u0131b? Onlar da bilirdil\u0259r ki, gec-tez biz g\u0259l\u0259c\u0259yik, biz d\u0259 bilirdik ki, gec-tez biz g\u0259l\u0259c\u0259yik. \u0130\u015f\u011fal d\u00f6vr\u00fcnd\u0259 ke\u00e7mi\u015f k\u00f6\u00e7k\u00fcnl\u0259rl\u0259 \u00e7oxsayl\u0131 g\u00f6r\u00fc\u015fl\u0259rd\u0259 m\u0259n deyirdim ki, g\u00fcn g\u0259l\u0259c\u0259k biz \u00f6z bayra\u011f\u0131m\u0131z\u0131 La\u00e7\u0131nda, \u015eu\u015fada, o vaxt i\u015f\u011fal olunan dig\u0259r \u015f\u0259h\u0259rl\u0259rd\u0259 qald\u0131raca\u011f\u0131q\u00bb s\u00f6yl\u0259m\u0259kl\u0259 h\u0259r bir m\u0259s\u0259l\u0259nin h\u0259llind\u0259 zaman amilini x\u00fcsusi qeyd edir.<\/p>\n<p>Erm\u0259nistan hakimiyy\u0259ti \u00a0Prezident \u0130lham \u018fliyevin ir\u0259li s\u00fcrd\u00fcy\u00fc \u015f\u0259rtl\u0259ri ciddi \u015f\u0259kild\u0259 diqq\u0259t\u0259 almal\u0131 v\u0259 birm\u0259nal\u0131 \u015f\u0259kild\u0259 bilm\u0259lidirl\u0259r ki, h\u0259min \u015f\u0259rtl\u0259r yerin\u0259 yetirilm\u0259y\u0259c\u0259yi t\u0259qdird\u0259, s\u00fclh m\u00fcqavil\u0259si imzalanmayacaq. \u015e\u0259rtl\u0259r is\u0259 sad\u0259dir. Birincisi, Erm\u0259nistan Konstitusiyas\u0131na d\u0259yi\u015fikliyin edilm\u0259si. \u0130kincisi, AT\u018fT-in Minsk qrupunun r\u0259smi \u015f\u0259kild\u0259 l\u0259\u011fvi. D\u00f6vl\u0259timizin ba\u015f\u00e7\u0131s\u0131 bildirir ki, bu m\u0259s\u0259l\u0259 konsensusla h\u0259ll edildiyin\u0259 g\u00f6r\u0259, formal olaraq bunu Erm\u0259nistan\u0131n raz\u0131l\u0131\u011f\u0131 olmadan etm\u0259k m\u00fcmk\u00fcn deyil. H\u0259r\u00e7\u0259nd AT\u018fT-in Minsk qrupu art\u0131q \u00e7oxdand\u0131r f\u0259aliyy\u0259tsizdir, amma formal olaraq m\u00f6vcuddur v\u0259 bizim m\u0259s\u0259l\u0259miz ondan ibar\u0259tdir ki, \u0259g\u0259r Erm\u0259nistan Qaraba\u011f\u0131 Az\u0259rbaycan\u0131n bir hiss\u0259si olaraq tan\u0131y\u0131bsa, Minsk qrupu is\u0259 Qaraba\u011f m\u0259s\u0259l\u0259sinin h\u0259lli \u00fc\u00e7\u00fcn yarad\u0131l\u0131bsa, onda o n\u0259y\u0259 laz\u0131md\u0131r? Y\u0259ni, Erm\u0259nistan\u0131n onun l\u0259\u011fv edilm\u0259sini, AT\u018fT-in Minsk qrupunun l\u0259\u011fv edilm\u0259si \u00fc\u00e7\u00fcn biziml\u0259 birlikd\u0259 AT\u018fT-\u0259 m\u00fcraci\u0259t etm\u0259yi ist\u0259m\u0259m\u0259si onu g\u00f6st\u0259rir ki, revan\u015fistl\u0259rin planlar\u0131 kifay\u0259t q\u0259d\u0259r ciddidir\u201d.<\/p>\n<p>\u0130kinci Qaraba\u011f m\u00fcharib\u0259sini \u015fanl\u0131 tariximiz kimi d\u0259y\u0259rl\u0259ndir\u0259n d\u00f6vl\u0259timizin ba\u015f\u00e7\u0131s\u0131 \u0130lham \u018fliyev bu \u00e7a\u011f\u0131r\u0131\u015f\u0131 da edir ki, ancaq m\u00fcharib\u0259 olmaya bil\u0259rdi. \u018fg\u0259r Erm\u0259nistan v\u0259 onun r\u0259hb\u0259rliyi, i\u015f\u011fal\u00e7\u0131n\u0131n \u00a0arxas\u0131nda dayanan q\u00fcvv\u0259l\u0259r beyn\u0259lxalq h\u00fcquqa, BMT T\u0259hl\u00fck\u0259sizlik \u015euras\u0131n\u0131n d\u00f6rd q\u0259tnam\u0259sin\u0259 \u0259m\u0259l,\u00a0 b\u00f6y\u00fck d\u00f6vl\u0259tl\u0259r Erm\u0259nistana onun i\u015f\u011fal\u00e7\u0131l\u0131q siyas\u0259tin\u0259 g\u00f6r\u0259 sanksiyalar t\u0259tbiq ets\u0259ydil\u0259r, he\u00e7 olmasa, onlar\u0131n i\u015f\u011fal\u00e7\u0131l\u0131q siyas\u0259tini pisl\u0259s\u0259ydil\u0259r, b\u0259lk\u0259 d\u0259 m\u00fcharib\u0259y\u0259 ehtiyac qalmazd\u0131. Az\u0259rbaycan d\u00f6vl\u0259ti uzun ill\u0259r \u0259rzind\u0259 t\u0259mkinlilik, eyni zamanda, apar\u0131lan dan\u0131\u015f\u0131qlara sadiqlik g\u00f6st\u0259rirdi. Baxmayaraq ki, ill\u0259r ke\u00e7dikc\u0259 bizim \u00fcmidl\u0259rimiz d\u0259 t\u00fck\u0259nirdi, i\u015f\u011fal\u00e7\u0131 d\u00f6vl\u0259t daha da az\u011f\u0131nla\u015f\u0131rd\u0131. Hesab edirdi ki, bizim torpaqlar\u0131m\u0131z\u0131 \u0259b\u0259di i\u015f\u011fal alt\u0131nda saxlaya bil\u0259r: \u00abM\u0259n d\u0259f\u0259l\u0259rl\u0259 m\u00fcxt\u0259lif t\u0259dbirl\u0259rd\u0259, eyni zamanda, Erm\u0259nistan r\u0259hb\u0259rliyi il\u0259, onlara d\u0259st\u0259k ver\u0259n b\u00f6y\u00fck d\u00f6vl\u0259tl\u0259rin r\u0259hb\u0259rl\u0259ri il\u0259 s\u00f6hb\u0259tl\u0259r \u0259snas\u0131nda deyirdim ki, Az\u0259rbaycan he\u00e7 vaxt bu v\u0259ziyy\u0259tl\u0259 bar\u0131\u015fmayacaq. Deyirdim ki, n\u0259 q\u0259d\u0259r gec deyil, Erm\u0259nistan\u0131 inand\u0131r\u0131n v\u0259 \u00f6z\u00fcn\u00fcz d\u0259 laz\u0131mi add\u0131mlar at\u0131n ki, bu i\u015f\u011fala son qoyulsun. Ancaq \u0259fsuslar olsun ki, b\u00fct\u00fcn \u00e7a\u011f\u0131r\u0131\u015flar\u0131m, b\u00fct\u00fcn x\u0259b\u0259rdarl\u0131qlar\u0131m havada qald\u0131. Sanki kims\u0259 hesab edirdi ki, Az\u0259rbaycan xalq\u0131 bu i\u015f\u011falla bar\u0131\u015fmal\u0131 olacaq. Biz is\u0259 d\u00f6y\u00fc\u015f meydan\u0131nda g\u00f6st\u0259rdik ki, n\u0259y\u0259 qadirik.\u00bb 44 g\u00fcnl\u00fck V\u0259t\u0259n m\u00fcharib\u0259si \u00a0\u0259yilm\u0259z ruhumuzu, \u00a0\u00a0Az\u0259rbaycan xalq\u0131n\u0131n irad\u0259sini, \u00a0d\u00f6vl\u0259tin g\u00fcc\u00fcn\u00fc g\u00f6st\u0259rdi. Xalq bir yumruq kimi birl\u0259\u015fdi v\u0259 c\u0259mi 44 g\u00fcn \u0259rzind\u0259 b\u00fct\u00fcn tarixi v\u0259 strateji v\u0259zif\u0259l\u0259r t\u0259min edildi. 2023-c\u00fc ilin sentyabr\u0131nda is\u0259 suverenliyimizi b\u0259rpa etdik. B\u00fct\u00fcn bunlar d\u00f6vl\u0259timizin ba\u015f\u00e7\u0131s\u0131 \u0130lham \u018fliyevin \u00abC\u0259nubi Qafqazda Az\u0259rbaycan apar\u0131c\u0131 iqtisadiyyatd\u0131r, apar\u0131c\u0131 h\u0259rbi g\u00fccd\u00fcr v\u0259 apar\u0131c\u0131 d\u00f6vl\u0259tdir\u00bb fikirl\u0259rinin t\u0259sdiqidir.<\/p>\n<p>\u00d6lk\u0259 Prezidenti bu g\u00fcnl\u0259rd\u0259 n\u0259qliyyat m\u0259s\u0259l\u0259l\u0259rin\u0259 h\u0259sr olunmu\u015f m\u00fc\u015favir\u0259d\u0259 diqq\u0259ti \u00a0\u0130kinci Qaraba\u011f m\u00fcharib\u0259sind\u0259 tarixi Z\u0259f\u0259rimizd\u0259n sonra beyn\u0259lxalq g\u00fcnd\u0259liy\u0259 sal\u0131n\u0131n Z\u0259ng\u0259zur d\u0259hlizin\u0259 y\u00f6n\u0259ld\u0259r\u0259k bildirdi ki, Erm\u0259nistan t\u0259r\u0259fi d\u00f6rd ild\u0259n \u00e7oxdur ki, bu m\u0259s\u0259l\u0259 il\u0259 ba\u011fl\u0131 qeyri-konstruktiv m\u00f6vqe s\u0259rgil\u0259yir, faktiki olaraq 10 noyabr kapitulyasiyas\u0131ndan sonra \u00fcz\u0259rin\u0259 g\u00f6t\u00fcrd\u00fcy\u00fc \u00f6hd\u0259likl\u0259ri yerin\u0259 yetirmir. Orada a\u00e7\u0131q-ayd\u0131n g\u00f6st\u0259rilirdi ki, Az\u0259rbaycan\u0131n \u0259sas hiss\u0259si il\u0259 onun ayr\u0131lmaz hiss\u0259si olan Nax\u00e7\u0131van Muxtar Respublikas\u0131 aras\u0131nda n\u0259qliyyat ba\u011flant\u0131s\u0131 olmal\u0131d\u0131r. Erm\u0259nistan is\u0259 buna \u0259m\u0259l etmir, m\u00fcxt\u0259lif b\u0259han\u0259l\u0259r g\u0259tir\u0259r\u0259k, m\u00fcxt\u0259lif qeyri-real v\u0259 c\u0259f\u0259ng layih\u0259l\u0259ri ortaya ataraq, sad\u0259c\u0259 olaraq, beyn\u0259lxalq ictimaiyy\u0259tin fikrini \u00e7a\u015fd\u0131rmaq ist\u0259yir, manipulyasiyalarla m\u0259\u015f\u011fuldur: \u00abErm\u0259nistan r\u0259hb\u0259rliyin\u0259 bir daha m\u0259sl\u0259h\u0259t g\u00f6r\u0259rdim ki, 10 noyabr kapitulyasiya akt\u0131n\u0131 diqq\u0259tl\u0259 oxusun v\u0259 orada x\u00fcsusil\u0259 dediyim o b\u0259nd\u0259 diqq\u0259t yetirsin. Yen\u0259 d\u0259 deyir\u0259m, onlar\u0131n d\u0131rnaqaras\u0131 layih\u0259si Az\u0259rbaycans\u0131z tamamil\u0259 \u0259h\u0259miyy\u0259tsizdir. Sad\u0259c\u0259 olaraq, vaxt uzatmaqla m\u0259\u015f\u011fuldurlar, beyn\u0259lxalq ictimaiyy\u0259ti \u00e7a\u015fd\u0131rmaqla m\u0259\u015f\u011fuldurlar. Yen\u0259 d\u0259 Az\u0259rbaycana qar\u015f\u0131 m\u00fcxt\u0259lif dair\u0259l\u0259rd\u0259 \u00e7irkin kampaniyalar\u0131n apar\u0131lmas\u0131na r\u0259vac veribl\u0259r. Bunun n\u0259tic\u0259sind\u0259 faktiki olaraq bu g\u00fcn\u0259 q\u0259d\u0259r Az\u0259rbaycan\u0131n ayr\u0131lmaz hiss\u0259si &#8211; Nax\u00e7\u0131van Muxtar Respublikas\u0131 il\u0259 bizim \u0259n q\u0131sa v\u0259 \u0259n rahat ba\u011flant\u0131m\u0131z yoxdur.\u00bb C\u0259nab \u0130lham \u018fliyev bu m\u0259s\u0259l\u0259y\u0259 yerli televiziya kanallar\u0131na m\u00fcsahib\u0259sind\u0259 d\u0259 x\u00fcsusi diqq\u0259t y\u00f6n\u0259ltmi\u015fdir. \u00abZ\u0259ng\u0259zur d\u0259hlizi a\u00e7\u0131lmal\u0131d\u0131r v\u0259 a\u00e7\u0131lacaqd\u0131r\u00bb s\u00f6yl\u0259y\u0259r\u0259k onu da bildirmi\u015fdir ki, \u00a0onlar bunu n\u0259 q\u0259d\u0259r tez ba\u015fa d\u00fc\u015fs\u0259l\u0259r, o q\u0259d\u0259r d\u0259 yax\u015f\u0131d\u0131r. Biz bel\u0259 v\u0259ziyy\u0259td\u0259 qala bilm\u0259rik. Biz Az\u0259rbaycan\u0131n ayr\u0131lmaz hiss\u0259si olan Nax\u00e7\u0131vana niy\u0259 m\u00fcxt\u0259lif, ba\u015fqa yollarla getm\u0259liyik? Bizim birba\u015fa \u0259laq\u0259miz olmal\u0131d\u0131r v\u0259 bu \u0259laq\u0259 Erm\u0259nistan\u0131n suverenliyini \u015f\u00fcbh\u0259 alt\u0131na qoymur. Sad\u0259c\u0259 olaraq, onlar 10 noyabr B\u0259yanat\u0131n\u0131n m\u00fcdd\u0259alar\u0131n\u0131 yerin\u0259 yetirm\u0259lidirl\u0259r: \u00abOrada h\u0259r \u015fey a\u00e7\u0131q-ayd\u0131n g\u00f6st\u0259rilib. Biz d\u00f6rd ild\u0259n \u00e7oxdur ki, s\u0259bir g\u00f6st\u0259ririk. D\u00f6rd ild\u0259n \u00e7oxdur ist\u0259yirik ki, bu, dan\u0131\u015f\u0131qlar yolu il\u0259 h\u0259ll olunsun. Biz n\u0259 q\u0259d\u0259r g\u00f6zl\u0259m\u0259li olaca\u011f\u0131q v\u0259 n\u0259 \u00fc\u00e7\u00fcn g\u00f6zl\u0259m\u0259liyik? Y\u0259ni, onlar b\u00fct\u00fcn bunlar\u0131 n\u0259z\u0259r\u0259 almal\u0131d\u0131rlar. M\u0259n bir d\u0259f\u0259 demi\u015f\u0259m, onlar g\u0259r\u0259k bizi \u0259s\u0259bl\u0259\u015fdirm\u0259sinl\u0259r v\u0259 ba\u015fa d\u00fc\u015fs\u00fcnl\u0259r ki, burada s\u00f6z sahibi bizik.\u00bb<\/p>\n<p>G\u00f6r\u00fcnd\u00fcy\u00fc kimi, Erm\u0259nistan\u0131n himay\u0259darlar\u0131n\u0131n tap\u015f\u0131r\u0131\u011f\u0131 il\u0259 add\u0131m atmas\u0131, daha d\u0259qiq des\u0259k, g\u00fcnd\u0259 day\u0131 axtar\u0131\u015f\u0131, onlar\u0131n maraqlar\u0131n\u0131n ifad\u0259\u00e7isin\u0259 \u00e7evrilm\u0259si s\u00fclh m\u00fcqavil\u0259sinin imzalanmas\u0131 prosesinin uzanmas\u0131na s\u0259b\u0259b olur. D\u00f6vl\u0259timizin ba\u015f\u00e7\u0131s\u0131n\u0131n b\u0259yan etdiyi kimi, Erm\u0259nistan\u0131n havadarlar\u0131 daim bu m\u0259s\u0259l\u0259ni m\u00fczakir\u0259 etm\u0259k, \u00f6z s\u0259yl\u0259rini g\u00f6st\u0259rm\u0259k, dem\u0259li, yor\u011fan\u0131 \u00f6z t\u0259r\u0259fl\u0259rin\u0259 \u00e7\u0259km\u0259k, vasit\u0259\u00e7i olmaq ist\u0259yirl\u0259r. Birincisi, vasit\u0259\u00e7i olmaq \u00fc\u00e7\u00fcn s\u0259n g\u0259r\u0259k he\u00e7 olmasa \u00fczd\u0259 bit\u0259r\u0259f olasan. S\u0259nin q\u0259lbind\u0259 n\u0259 var,\u00a0 bilirik. Amma he\u00e7 olmasa \u00fczd\u0259, diplomatik qaydalara riay\u0259t etm\u0259lis\u0259n. Biz\u0259 bu m\u0259s\u0259l\u0259d\u0259 vasit\u0259\u00e7i laz\u0131m deyil. Biz \u00f6z m\u0259s\u0259l\u0259mizi h\u0259ll etmi\u015fik. Erm\u0259nistanla s\u00fclh m\u00fcqavil\u0259sinin imzalanmas\u0131n\u0131n da t\u0259\u015f\u0259bb\u00fcskar\u0131 biz olmu\u015fuq. Be\u015f m\u0259lum prinsipin d\u0259 m\u00fc\u0259llifi biz olmu\u015fuq. S\u00fclh m\u00fcqavil\u0259sinin m\u0259tnini d\u0259 biz yazm\u0131\u015f\u0131q, Erm\u0259nistan t\u0259r\u0259fin\u0259 g\u00f6nd\u0259rmi\u015fik. \u0130ndi Erm\u0259nistan beyn\u0259lxalq h\u00fcququn normalar\u0131na riay\u0259t etm\u0259k ist\u0259yirs\u0259, bu m\u00fcqavil\u0259 imzalanacaq. \u0130st\u0259mirs\u0259, yen\u0259 d\u0259 biz\u0259 qar\u015f\u0131 \u0259sass\u0131z iddialar ir\u0259li s\u00fcr\u00fcl\u0259c\u0259ks\u0259, bu m\u00fcqavil\u0259 imzalanmayacaq, ancaq Az\u0259rbaycan \u00fc\u00e7\u00fcn he\u00e7 n\u0259 d\u0259yi\u015fm\u0259y\u0259c\u0259k.<\/p>\n<p><em><strong>Yegan\u0259 \u018fliyeva, &#8220;\u0130ki sahil&#8221;<\/strong><\/em><\/p>\n","protected":false},"excerpt":{"rendered":"<p>Prezident \u0130lham \u018fliyev bildirir ki, s\u00fclh m\u00fcqavil\u0259si il\u0259 ba\u011fl\u0131 b\u00fct\u00fcn \u015f\u0259rtl\u0259rimiz q\u0259bul edil\u0259c\u0259k &#8220;\u00dcmid edir\u0259m ki, s\u00fclh m\u00fcqavil\u0259si il\u0259 ba\u011fl\u0131 bizim b\u00fct\u00fcn \u015f\u0259rtl\u0259rimiz d\u0259 q\u0259bul edil\u0259c\u0259k. \u00c7\u00fcnki bu \u015f\u0259rtl\u0259rd\u0259 h\u0259r hans\u0131 bir f\u00f6vq\u0259lad\u0259 m\u0259s\u0259l\u0259 yoxdur. Minsk qrupunun l\u0259\u011fv edilm\u0259si, konstitusiyan\u0131n d\u0259yi\u015fdirilm\u0259si \u2013 bunlars\u0131z s\u00fclh m\u00fcqavil\u0259si m\u00fcmk\u00fcn deyil. \u018fg\u0259r Erm\u0259nistana s\u00fclh m\u00fcqavil\u0259si laz\u0131m deyils\u0259, biz\u0259 d\u0259 laz\u0131m deyil. Bu imzalanmadan da biz ya\u015faya v\u0259 \u00f6z siyas\u0259timizi apara bil\u0259rik. Y\u0259ni, m\u0259n yen\u0259 d\u0259 Erm\u0259nistan t\u0259r\u0259fin\u0259 m\u0259sl\u0259h\u0259t g\u00f6r\u0259rdim ki, h\u0259r \u015feyi yax\u015f\u0131 \u00f6l\u00e7\u00fcb-bi\u00e7sin, o c\u00fcml\u0259d\u0259n d\u00fcnyadak\u0131 geosiyasi d\u0259yi\u015fiklikl\u0259ri. Onlar\u0131n yax\u0131n dostlar\u0131 siyasi s\u0259hn\u0259d\u0259n&hellip;<\/p>\n","protected":false},"author":2,"featured_media":784951,"comment_status":"closed","ping_status":"closed","sticky":false,"template":"","format":"standard","meta":{"om_disable_all_campaigns":false,"_monsterinsights_skip_tracking":false,"_monsterinsights_sitenote_active":false,"_monsterinsights_sitenote_note":"","_monsterinsights_sitenote_category":0},"categories":[8],"tags":[],"aioseo_notices":[],"gutentor_comment":0,"rttpg_featured_image_url":{"full":["https:\/\/arantv.az\/wp-content\/uploads\/2025\/02\/61bfdc16173625958487892916610722531.jpg",975,540,false],"landscape":["https:\/\/arantv.az\/wp-content\/uploads\/2025\/02\/61bfdc16173625958487892916610722531.jpg",975,540,false],"portraits":["https:\/\/arantv.az\/wp-content\/uploads\/2025\/02\/61bfdc16173625958487892916610722531.jpg",975,540,false],"thumbnail":["https:\/\/arantv.az\/wp-content\/uploads\/2025\/02\/61bfdc16173625958487892916610722531-500x280.jpg",500,280,true],"medium":["https:\/\/arantv.az\/wp-content\/uploads\/2025\/02\/61bfdc16173625958487892916610722531-660x365.jpg",660,365,true],"large":["https:\/\/arantv.az\/wp-content\/uploads\/2025\/02\/61bfdc16173625958487892916610722531-840x465.jpg",640,354,true],"1536x1536":["https:\/\/arantv.az\/wp-content\/uploads\/2025\/02\/61bfdc16173625958487892916610722531.jpg",975,540,false],"2048x2048":["https:\/\/arantv.az\/wp-content\/uploads\/2025\/02\/61bfdc16173625958487892916610722531.jpg",975,540,false],"post-thumbnail":["https:\/\/arantv.az\/wp-content\/uploads\/2025\/02\/61bfdc16173625958487892916610722531-240x172.jpg",240,172,true],"advps-thumb-one":["https:\/\/arantv.az\/wp-content\/uploads\/2025\/02\/61bfdc16173625958487892916610722531.jpg",975,540,false]},"rttpg_author":{"display_name":"V\u00fcsal Rafiqo\u011flu","author_link":"https:\/\/arantv.az\/?author=2"},"rttpg_comment":0,"rttpg_category":"<a href=\"https:\/\/arantv.az\/?cat=8\" rel=\"category\">\u018fsas s\u0259hif\u0259<\/a>","rttpg_excerpt":"Prezident \u0130lham \u018fliyev bildirir ki, s\u00fclh m\u00fcqavil\u0259si il\u0259 ba\u011fl\u0131 b\u00fct\u00fcn \u015f\u0259rtl\u0259rimiz q\u0259bul edil\u0259c\u0259k &#8220;\u00dcmid edir\u0259m ki, s\u00fclh m\u00fcqavil\u0259si il\u0259 ba\u011fl\u0131 bizim b\u00fct\u00fcn \u015f\u0259rtl\u0259rimiz d\u0259 q\u0259bul edil\u0259c\u0259k. \u00c7\u00fcnki bu \u015f\u0259rtl\u0259rd\u0259 h\u0259r hans\u0131 bir f\u00f6vq\u0259lad\u0259 m\u0259s\u0259l\u0259 yoxdur. Minsk qrupunun l\u0259\u011fv edilm\u0259si, konstitusiyan\u0131n d\u0259yi\u015fdirilm\u0259si \u2013 bunlars\u0131z s\u00fclh m\u00fcqavil\u0259si m\u00fcmk\u00fcn deyil. \u018fg\u0259r Erm\u0259nistana s\u00fclh m\u00fcqavil\u0259si laz\u0131m deyils\u0259, biz\u0259 d\u0259&hellip;","_links":{"self":[{"href":"https:\/\/arantv.az\/index.php?rest_route=\/wp\/v2\/posts\/784950"}],"collection":[{"href":"https:\/\/arantv.az\/index.php?rest_route=\/wp\/v2\/posts"}],"about":[{"href":"https:\/\/arantv.az\/index.php?rest_route=\/wp\/v2\/types\/post"}],"author":[{"embeddable":true,"href":"https:\/\/arantv.az\/index.php?rest_route=\/wp\/v2\/users\/2"}],"replies":[{"embeddable":true,"href":"https:\/\/arantv.az\/index.php?rest_route=%2Fwp%2Fv2%2Fcomments&post=784950"}],"version-history":[{"count":2,"href":"https:\/\/arantv.az\/index.php?rest_route=\/wp\/v2\/posts\/784950\/revisions"}],"predecessor-version":[{"id":784953,"href":"https:\/\/arantv.az\/index.php?rest_route=\/wp\/v2\/posts\/784950\/revisions\/784953"}],"wp:featuredmedia":[{"embeddable":true,"href":"https:\/\/arantv.az\/index.php?rest_route=\/wp\/v2\/media\/784951"}],"wp:attachment":[{"href":"https:\/\/arantv.az\/index.php?rest_route=%2Fwp%2Fv2%2Fmedia&parent=784950"}],"wp:term":[{"taxonomy":"category","embeddable":true,"href":"https:\/\/arantv.az\/index.php?rest_route=%2Fwp%2Fv2%2Fcategories&post=784950"},{"taxonomy":"post_tag","embeddable":true,"href":"https:\/\/arantv.az\/index.php?rest_route=%2Fwp%2Fv2%2Ftags&post=784950"}],"curies":[{"name":"wp","href":"https:\/\/api.w.org\/{rel}","templated":true}]}}