{"id":784957,"date":"2025-02-01T10:33:45","date_gmt":"2025-02-01T06:33:45","guid":{"rendered":"https:\/\/arantv.az\/?p=784957"},"modified":"2025-02-01T10:33:45","modified_gmt":"2025-02-01T06:33:45","slug":"ozunu-n%c9%99-sayir-kanada","status":"publish","type":"post","link":"https:\/\/arantv.az\/?p=784957","title":{"rendered":"\u00d6z\u00fcn\u00fc n\u0259 say\u0131r Kanada?"},"content":{"rendered":"<p>T\u0259cav\u00fczkar Erm\u0259nistan \u00fc\u00e7\u00fcn d\u0259rid\u0259n-qab\u0131qdan \u00e7\u0131xan \u00f6lk\u0259l\u0259rd\u0259n biri d\u0259 haylar\u0131n qondarma \u201csoyq\u0131r\u0131m\u0131\u201dn\u0131 tan\u0131yan Kanadad\u0131r. H\u0259l\u0259 44 g\u00fcnl\u00fck \u0130kinci Qaraba\u011f m\u00fcharib\u0259si v\u0259 lokal xarakterli antiterror t\u0259dbirl\u0259ri zaman\u0131 erm\u0259ni lobbisinin \u0259siri olan Kanadan\u0131n erm\u0259nip\u0259r\u0259st m\u00f6vqe s\u0259rgil\u0259m\u0259si, b\u00f6htanlarla dolu b\u0259yanatlar s\u0259sl\u0259ndirm\u0259si bunun n\u0259tic\u0259si idi. T\u0259\u0259ss\u00fcf ki, bu g\u00fcn d\u0259 bu \u00f6lk\u0259 Hayastan \u201cnamin\u0259\u201d Az\u0259rbaycana qar\u015f\u0131 m\u00fcbariz\u0259sini davam etdirir. Bel\u0259 ki, \u00f6lk\u0259miz\u0259 qar\u015f\u0131 h\u0259r zaman q\u0259r\u0259zli m\u00f6vqeyi il\u0259 se\u00e7il\u0259n Kanadan\u0131n xarici i\u015fl\u0259r naziri Melani Coli yen\u0259 \u0259vv\u0259lki kimi erm\u0259nip\u0259r\u0259st fikirl\u0259ri il\u0259 g\u00fcnd\u0259m\u0259 g\u0259lib.\u00a0 \u00d6z i\u015fini Fransa Prezidenti Emmanuel Makronun t\u0259limatlar\u0131 \u0259sas\u0131nda quran kanadal\u0131 nazir Az\u0259rbaycanda m\u00fchakim\u0259 olunan separat\u00e7\u0131lar\u0131n qeyd-\u015f\u0259rtsiz azad edilm\u0259si il\u0259 ba\u011fl\u0131 \u00e7a\u011f\u0131r\u0131\u015f edib. O, h\u0259m\u00e7inin<\/p>\n<p>erm\u0259ni m\u00fclki \u0259halinin t\u0259hl\u00fck\u0259siz v\u0259 l\u0259yaq\u0259tl\u0259 \u00f6z v\u0259t\u0259nl\u0259rin\u0259 qay\u0131tmas\u0131n\u0131n, erm\u0259ni m\u0259d\u0259ni irsinin qorunmas\u0131n\u0131n vacibliyini d\u0259 vur\u011fulay\u0131b.<\/p>\n<p>\u015e\u00fcbh\u0259siz, Colinin bu \u015f\u0259kild\u0259 say\u0131qlamas\u0131 onun qat\u0131 erm\u0259nip\u0259r\u0259stliyind\u0259n qaynaqlan\u0131r. G\u00f6r\u0259s\u0259n, bu xan\u0131m nazir n\u0259 vaxtsa he\u00e7 olmasa bir d\u0259f\u0259 Az\u0259rbaycan h\u0259qiq\u0259tl\u0259rini dil\u0259 g\u0259tir\u0259c\u0259kmi? Ba\u015fqa s\u00f6zl\u0259 des\u0259k, \u00f6z yurd-yuvalar\u0131ndan zorla qovulmu\u015f Q\u0259rbi az\u0259rbaycanl\u0131lar\u0131n tarixi v\u0259t\u0259nl\u0259rin\u0259 qay\u0131d\u0131\u015f h\u00fcququndan, yaxud\u00a0 1990-c\u0131 ill\u0259rin \u0259vv\u0259ll\u0259rind\u0259 Erm\u0259nistan\u0131n h\u0259rbi t\u0259cav\u00fcz\u00fc n\u0259tic\u0259sind\u0259 itkin d\u00fc\u015fm\u00fc\u015f 4000-\u0259 yax\u0131n soyda\u015f\u0131m\u0131z\u0131n talel\u0259rind\u0259n s\u00f6z a\u00e7acaqm\u0131?<\/p>\n<p>B\u00fct\u00fcn bunlar g\u00f6st\u0259rir ki, Kanada Az\u0259rbaycan\u0131n \u00f6z suverenliyini v\u0259 \u0259razi b\u00fct\u00f6vl\u00fcy\u00fcn\u00fc tam b\u0259rpa ed\u0259r\u0259k beyn\u0259lxalq h\u00fcququn aliliyini t\u0259min etm\u0259sini q\u0259bul etm\u0259k ist\u0259mir v\u0259 b\u00f6lg\u0259d\u0259 yenid\u0259n m\u00fcnaqi\u015f\u0259 yaratma\u011fa \u00e7al\u0131\u015f\u0131r. \u015e\u00fcbh\u0259siz, Erm\u0259nistandak\u0131 Avropa \u0130ttifaq\u0131n\u0131n \u201cm\u00fclki\u201d missiyas\u0131na m\u00fc\u015fahid\u0259\u00e7i g\u00f6nd\u0259r\u0259n, t\u0259cav\u00fczkar \u00f6lk\u0259y\u0259\u00a0 maliyy\u0259 yard\u0131mlar\u0131 ay\u0131ran qeyri-Avropa \u00f6lk\u0259sinin, daha do\u011frusu, r\u0259smi Ottavan\u0131n r\u0259smi Bak\u0131ya qar\u015f\u0131 q\u0259r\u0259zli add\u0131mlar\u0131n\u0131n arxas\u0131nda\u00a0 d\u00fcnyaya demokratiya \u201cd\u0259rs\u201di ke\u00e7\u0259n Makron Fransas\u0131\u00a0 dayan\u0131r.<\/p>\n<p>Dig\u0259r t\u0259r\u0259fd\u0259n, yax\u015f\u0131 olard\u0131 ki, bu xan\u0131m nazir\u00a0 \u00f6lk\u0259sinin AB\u015e-\u0131n 51-ci \u015ftat\u0131na \u00e7evril\u0259 bilm\u0259si t\u0259hl\u00fcks\u0259si il\u0259 \u0259laq\u0259dar \u00e7a\u011f\u0131r\u0131\u015f ed\u0259ydi. O da yax\u015f\u0131 olard\u0131 ki, o, bir m\u00fcdd\u0259t \u0259vv\u0259l Donald Tramp\u0131n Kanadan\u0131n Ba\u015f naziri v\u0259zif\u0259sind\u0259 qalan Castin Tr\u00fcdonu &#8220;Kanadan\u0131n qubernatoru&#8221; adland\u0131rmas\u0131na reaksiya ver\u0259ydi. Y\u0259ni, \u00f6lk\u0259sinin daxili i\u015fl\u0259ri il\u0259 ba\u011fl\u0131 a\u00e7\u0131qlamalarla g\u00fcnd\u0259m\u0259 g\u0259l\u0259ydi.<\/p>\n<p>Yeri g\u0259lmi\u015fk\u0259n, siyas\u0259t\u00e7il\u0259rin s\u00f6zl\u0259rin\u0259 g\u00f6r\u0259, AB\u015e Kanadan\u0131n b\u00fct\u00fcn sah\u0259l\u0259r \u00fczr\u0259 himay\u0259\u00e7isi v\u0259 m\u00fcdafi\u0259\u00e7isi rolunda \u00e7\u0131x\u0131\u015f edir. Bu bax\u0131mdan, onun siyasi hakimiyy\u0259tin\u0259 r\u0259smi Va\u015finqton \u0259sasl\u0131 t\u0259siretm\u0259 g\u00fcc\u00fcn\u0259 malikdir. Onu m\u00fcdafi\u0259 etm\u0259k \u00fc\u00e7\u00fcn \u0259lav\u0259 x\u0259rcl\u0259r s\u0259rf etm\u0259kd\u0259ns\u0259, AB\u015e \u00f6lk\u0259ni t\u0259rkibin\u0259 qataraq s\u0259rfiyyat\u0131 azaltmaq niyy\u0259tind\u0259dir.\u00a0 Bu m\u0259nada AB\u015e-a s\u0131\u011f\u0131nan, onun k\u00f6lg\u0259sind\u0259 \u00f6z\u00fcn\u00fc t\u0259hl\u00fck\u0259siz hiss ed\u0259n Kanadan\u0131n r\u0259smisinin m\u00fcst\u0259qillikd\u0259n dan\u0131\u015fmas\u0131, Az\u0259rbaycan kimi g\u00fccl\u00fc bir d\u00f6vl\u0259t\u0259 \u201cyol\u201d g\u00f6st\u0259rm\u0259y\u0259 \u00e7al\u0131\u015fmas\u0131 absurddur.<\/p>\n<p>Prezident \u0130lham \u018fliyev yanvar\u0131n 7-d\u0259 yerli televiziya kanallar\u0131na m\u00fcsahib\u0259sind\u0259 Kanadan\u0131n m\u00fcst\u0259qilliyi m\u0259s\u0259l\u0259sin\u0259 toxunark\u0259n\u00a0 bildirmi\u015fdi ki, g\u00f6r\u00fcn, bunlar\u0131n iqtisadiyyat\u0131 n\u0259 q\u0259d\u0259r b\u0259rbad v\u0259ziyy\u0259td\u0259dir ki, Amerika \u0259g\u0259r onlara \u0259lav\u0259 r\u00fcsum t\u0259tbiq ets\u0259, bunun iqtisadiyyat\u0131 \u00e7\u00f6k\u0259c\u0259k v\u0259 c\u0259nab Tramp dey\u0259nd\u0259 ki, Kanada 51-ci \u015ftat olmal\u0131d\u0131r v\u0259 c\u0259nab Tr\u00fcdo qubernator olmal\u0131d\u0131r, bu, \u0259lb\u0259tt\u0259 trollinq kimi say\u0131la bil\u0259r: \u201cAmma, \u0259slind\u0259, bu s\u00f6zl\u0259rd\u0259 b\u0259lk\u0259 d\u0259 m\u0259ntiq var\u201d .<\/p>\n<p>Bu m\u0259qamda Prezident\u00a0 \u0130lham \u018fliyevin bir ne\u00e7\u0259 il \u00f6nc\u0259 Kanada il\u0259 ba\u011fl\u0131 s\u00f6yl\u0259diyi bu fikri d\u0259 xat\u0131rlatmaq yerin\u0259 d\u00fc\u015f\u0259r: &#8220;&#8230;Kanadan\u0131n Xarici \u0130\u015fl\u0259r Nazirliyi Az\u0259rbaycanla, bizim daxili i\u015fl\u0259rimizl\u0259 ba\u011fl\u0131 b\u0259yanat verir. N\u0259 haqq\u0131 var? Kim buna bel\u0259 bir haqq verib? \u00d6z\u00fcn\u00fc n\u0259 say\u0131r Kanada? B\u0259lk\u0259 bu, superd\u00f6vl\u0259tdir, biz bilm\u0259mi\u015fik. Bu, b\u0259lk\u0259 ikinci L\u00fcksemburqdur, ikinci superd\u00f6vl\u0259t yaran\u0131b, bunu bilm\u0259mi\u015fik. Otursun \u00f6z i\u015fl\u0259ri il\u0259 m\u0259\u015f\u011ful olsun\u201d.<\/p>\n<p><strong>Qvami M\u0259h\u0259bb\u0259to\u011flu, \u201c\u0130ki sahil\u201d<\/strong><\/p>\n","protected":false},"excerpt":{"rendered":"<p>T\u0259cav\u00fczkar Erm\u0259nistan \u00fc\u00e7\u00fcn d\u0259rid\u0259n-qab\u0131qdan \u00e7\u0131xan \u00f6lk\u0259l\u0259rd\u0259n biri d\u0259 haylar\u0131n qondarma \u201csoyq\u0131r\u0131m\u0131\u201dn\u0131 tan\u0131yan Kanadad\u0131r. H\u0259l\u0259 44 g\u00fcnl\u00fck \u0130kinci Qaraba\u011f m\u00fcharib\u0259si v\u0259 lokal xarakterli antiterror t\u0259dbirl\u0259ri zaman\u0131 erm\u0259ni lobbisinin \u0259siri olan Kanadan\u0131n erm\u0259nip\u0259r\u0259st m\u00f6vqe s\u0259rgil\u0259m\u0259si, b\u00f6htanlarla dolu b\u0259yanatlar s\u0259sl\u0259ndirm\u0259si bunun n\u0259tic\u0259si idi. T\u0259\u0259ss\u00fcf ki, bu g\u00fcn d\u0259 bu \u00f6lk\u0259 Hayastan \u201cnamin\u0259\u201d Az\u0259rbaycana qar\u015f\u0131 m\u00fcbariz\u0259sini davam etdirir. Bel\u0259 ki, \u00f6lk\u0259miz\u0259 qar\u015f\u0131 h\u0259r zaman q\u0259r\u0259zli m\u00f6vqeyi il\u0259 se\u00e7il\u0259n Kanadan\u0131n xarici i\u015fl\u0259r naziri Melani Coli yen\u0259 \u0259vv\u0259lki kimi erm\u0259nip\u0259r\u0259st fikirl\u0259ri il\u0259 g\u00fcnd\u0259m\u0259 g\u0259lib.\u00a0 \u00d6z i\u015fini Fransa Prezidenti Emmanuel Makronun t\u0259limatlar\u0131 \u0259sas\u0131nda quran kanadal\u0131 nazir Az\u0259rbaycanda&hellip;<\/p>\n","protected":false},"author":2,"featured_media":784958,"comment_status":"closed","ping_status":"closed","sticky":false,"template":"","format":"standard","meta":{"om_disable_all_campaigns":false,"_monsterinsights_skip_tracking":false,"_monsterinsights_sitenote_active":false,"_monsterinsights_sitenote_note":"","_monsterinsights_sitenote_category":0},"categories":[19],"tags":[],"aioseo_notices":[],"gutentor_comment":0,"rttpg_featured_image_url":{"full":["https:\/\/arantv.az\/wp-content\/uploads\/2025\/02\/f3f1b7fc163427007899145691310984929.jpg",975,540,false],"landscape":["https:\/\/arantv.az\/wp-content\/uploads\/2025\/02\/f3f1b7fc163427007899145691310984929.jpg",975,540,false],"portraits":["https:\/\/arantv.az\/wp-content\/uploads\/2025\/02\/f3f1b7fc163427007899145691310984929.jpg",975,540,false],"thumbnail":["https:\/\/arantv.az\/wp-content\/uploads\/2025\/02\/f3f1b7fc163427007899145691310984929-500x280.jpg",500,280,true],"medium":["https:\/\/arantv.az\/wp-content\/uploads\/2025\/02\/f3f1b7fc163427007899145691310984929-660x365.jpg",660,365,true],"large":["https:\/\/arantv.az\/wp-content\/uploads\/2025\/02\/f3f1b7fc163427007899145691310984929-840x465.jpg",640,354,true],"1536x1536":["https:\/\/arantv.az\/wp-content\/uploads\/2025\/02\/f3f1b7fc163427007899145691310984929.jpg",975,540,false],"2048x2048":["https:\/\/arantv.az\/wp-content\/uploads\/2025\/02\/f3f1b7fc163427007899145691310984929.jpg",975,540,false],"post-thumbnail":["https:\/\/arantv.az\/wp-content\/uploads\/2025\/02\/f3f1b7fc163427007899145691310984929-240x172.jpg",240,172,true],"advps-thumb-one":["https:\/\/arantv.az\/wp-content\/uploads\/2025\/02\/f3f1b7fc163427007899145691310984929.jpg",975,540,false]},"rttpg_author":{"display_name":"V\u00fcsal Rafiqo\u011flu","author_link":"https:\/\/arantv.az\/?author=2"},"rttpg_comment":0,"rttpg_category":"<a href=\"https:\/\/arantv.az\/?cat=19\" rel=\"category\">G\u00fcnd\u0259m<\/a>","rttpg_excerpt":"T\u0259cav\u00fczkar Erm\u0259nistan \u00fc\u00e7\u00fcn d\u0259rid\u0259n-qab\u0131qdan \u00e7\u0131xan \u00f6lk\u0259l\u0259rd\u0259n biri d\u0259 haylar\u0131n qondarma \u201csoyq\u0131r\u0131m\u0131\u201dn\u0131 tan\u0131yan Kanadad\u0131r. H\u0259l\u0259 44 g\u00fcnl\u00fck \u0130kinci Qaraba\u011f m\u00fcharib\u0259si v\u0259 lokal xarakterli antiterror t\u0259dbirl\u0259ri zaman\u0131 erm\u0259ni lobbisinin \u0259siri olan Kanadan\u0131n erm\u0259nip\u0259r\u0259st m\u00f6vqe s\u0259rgil\u0259m\u0259si, b\u00f6htanlarla dolu b\u0259yanatlar s\u0259sl\u0259ndirm\u0259si bunun n\u0259tic\u0259si idi. T\u0259\u0259ss\u00fcf ki, bu g\u00fcn d\u0259 bu \u00f6lk\u0259 Hayastan \u201cnamin\u0259\u201d Az\u0259rbaycana qar\u015f\u0131 m\u00fcbariz\u0259sini davam etdirir. Bel\u0259&hellip;","_links":{"self":[{"href":"https:\/\/arantv.az\/index.php?rest_route=\/wp\/v2\/posts\/784957"}],"collection":[{"href":"https:\/\/arantv.az\/index.php?rest_route=\/wp\/v2\/posts"}],"about":[{"href":"https:\/\/arantv.az\/index.php?rest_route=\/wp\/v2\/types\/post"}],"author":[{"embeddable":true,"href":"https:\/\/arantv.az\/index.php?rest_route=\/wp\/v2\/users\/2"}],"replies":[{"embeddable":true,"href":"https:\/\/arantv.az\/index.php?rest_route=%2Fwp%2Fv2%2Fcomments&post=784957"}],"version-history":[{"count":1,"href":"https:\/\/arantv.az\/index.php?rest_route=\/wp\/v2\/posts\/784957\/revisions"}],"predecessor-version":[{"id":784959,"href":"https:\/\/arantv.az\/index.php?rest_route=\/wp\/v2\/posts\/784957\/revisions\/784959"}],"wp:featuredmedia":[{"embeddable":true,"href":"https:\/\/arantv.az\/index.php?rest_route=\/wp\/v2\/media\/784958"}],"wp:attachment":[{"href":"https:\/\/arantv.az\/index.php?rest_route=%2Fwp%2Fv2%2Fmedia&parent=784957"}],"wp:term":[{"taxonomy":"category","embeddable":true,"href":"https:\/\/arantv.az\/index.php?rest_route=%2Fwp%2Fv2%2Fcategories&post=784957"},{"taxonomy":"post_tag","embeddable":true,"href":"https:\/\/arantv.az\/index.php?rest_route=%2Fwp%2Fv2%2Ftags&post=784957"}],"curies":[{"name":"wp","href":"https:\/\/api.w.org\/{rel}","templated":true}]}}