{"id":784960,"date":"2025-02-01T10:34:21","date_gmt":"2025-02-01T06:34:21","guid":{"rendered":"https:\/\/arantv.az\/?p=784960"},"modified":"2025-02-01T10:34:21","modified_gmt":"2025-02-01T06:34:21","slug":"sulh-k%c9%99sism%c9%99si-az%c9%99rbaycansiz-hec-iki-q%c9%99piy%c9%99-d%c9%99-d%c9%99ym%c9%99z","status":"publish","type":"post","link":"https:\/\/arantv.az\/?p=784960","title":{"rendered":"\u201cS\u00fclh k\u0259si\u015fm\u0259si\u201d Az\u0259rbaycans\u0131z he\u00e7 iki q\u0259piy\u0259 d\u0259 d\u0259ym\u0259z"},"content":{"rendered":"<p>C\u0259nubi Qafqazda v\u0259 M\u0259rk\u0259zi Asiyada uzunm\u00fcdd\u0259tli t\u0259r\u0259qqiy\u0259, sabitliy\u0259, qar\u015f\u0131l\u0131ql\u0131 faydal\u0131 \u0259m\u0259kda\u015fl\u0131\u011fa m\u00fch\u00fcm t\u00f6hf\u0259l\u0259r ver\u0259n Az\u0259rbaycanda son ill\u0259r n\u0259qliyyat infrastrukturunu inki\u015faf etdirm\u0259k \u00fc\u00e7\u00fcn b\u00f6y\u00fck layih\u0259l\u0259r h\u0259yata ke\u00e7irilib. Yeni avtomobil yollar\u0131 \u00e7\u0259kilib v\u0259 ya yenid\u0259n qurulub. \u015e\u0259rql\u0259 Q\u0259rbi, Asiya il\u0259 Avropan\u0131 birl\u0259\u015fdir\u0259n strateji v\u0259 b\u00f6y\u00fck iqtisadi \u0259h\u0259miyy\u0259tli\u00a0Bak\u0131-Tbilisi-Qars d\u0259mir yolu x\u0259tti\u00a0in\u015fa edilib. Bir s\u00f6zl\u0259, Az\u0259rbaycan \u015e\u0259rq-Q\u0259rb v\u0259 \u015eimal-C\u0259nub n\u0259qliyyat d\u0259hlizl\u0259rinin formala\u015fmas\u0131nda m\u00fch\u00fcm rol oynay\u0131r.<\/p>\n<p>Bu g\u00fcn Az\u0259rbaycanla Erm\u0259nistan aras\u0131nda m\u00fcnasib\u0259tl\u0259rin normalla\u015fmas\u0131 \u00fc\u00e7\u00fcn \u0259sas \u015f\u0259rtl\u0259rd\u0259n biri d\u0259 n\u0259qliyyat v\u0259 kommunikasiyalar\u0131n a\u00e7\u0131lmas\u0131, dig\u0259r m\u00fcvafiq kommunikasiyalar\u0131n qurulmas\u0131 v\u0259 qar\u015f\u0131l\u0131ql\u0131 maraq do\u011furan sah\u0259l\u0259rd\u0259 \u0259m\u0259kda\u015fl\u0131\u011f\u0131n qurulmas\u0131d\u0131r. Az\u0259rbaycan b\u00f6lg\u0259d\u0259 n\u0259qliyyat-kommunikasiya x\u0259tl\u0259rinin a\u00e7\u0131lmas\u0131 b\u0259r\u0259d\u0259 \u015f\u0259rtl\u0259rini t\u0259qdim edib. T\u0259\u0259ss\u00fcfl\u0259r olsun ki, Erm\u0259nistan t\u0259r\u0259fi bu \u015f\u0259rtl\u0259ri q\u0259bul etm\u0259k ist\u0259mir, \u00fc\u00e7t\u0259r\u0259fli birg\u0259 komissiyan\u0131n f\u0259aliyy\u0259tin\u0259 mane olma\u011fa \u00e7al\u0131\u015f\u0131r.<\/p>\n<p>M\u0259s\u0259l\u0259 ondad\u0131r ki, Erm\u0259nistan s\u00fclh prosesi v\u0259 n\u0259qliyyat-kommunikasiya x\u0259tl\u0259rinin a\u00e7\u0131lmas\u0131 haqq\u0131nda h\u0259l\u0259 d\u0259 vahid bir q\u0259rar ver\u0259 bilmir. Bel\u0259 ki,\u00a0r\u0259smi \u0130r\u0259van Q\u0259rbd\u0259ki havadarlar\u0131n\u0131n t\u0259limatlar\u0131n\u0131 yerin\u0259 yetir\u0259r\u0259k inadla Z\u0259ng\u0259zur d\u0259hlizin a\u00e7\u0131lmas\u0131na qar\u015f\u0131 \u00e7\u0131x\u0131r. Halbuki Az\u0259rbaycan, Rusiya v\u0259 Erm\u0259nistan liderl\u0259rinin 2020-ci il 10 noyabr tarixli \u00fc\u00e7t\u0259r\u0259fli B\u0259yanat\u0131nda Erm\u0259nistan v\u0259t\u0259nda\u015flar\u0131n, n\u0259qliyyat vasit\u0259l\u0259rinin v\u0259 y\u00fckl\u0259rin h\u0259r iki istiqam\u0259td\u0259 mane\u0259siz h\u0259r\u0259k\u0259tini t\u0259\u015fkil etm\u0259k m\u0259qs\u0259dil\u0259 Az\u0259rbaycan Respublikas\u0131n\u0131n q\u0259rb rayonlar\u0131 il\u0259 onun Nax\u00e7\u0131van Muxtar Respublikas\u0131 aras\u0131nda n\u0259qliyyat \u0259laq\u0259l\u0259rinin t\u0259hl\u00fck\u0259sizliyin\u0259 z\u0259man\u0259t verm\u0259k bar\u0259d\u0259 \u00f6hd\u0259lik g\u00f6t\u00fcr\u00fcb.<\/p>\n<p>Erm\u0259nistana da m\u00fch\u00fcm siyasi v\u0259 iqtisadi dividendl\u0259r qazand\u0131racaq Z\u0259ng\u0259zur d\u0259hlizi Q\u0259rbl\u0259 \u015e\u0259rqin, C\u0259nubla \u015eimal\u0131n daha s\u0131x birl\u0259\u015fm\u0259sinin geosiyasi \u0259h\u0259miyy\u0259tini art\u0131racaq, Az\u0259rbaycan\u0131 Nax\u00e7\u0131van vasit\u0259sil\u0259 T\u00fcrkiy\u0259, Orta Asiyan\u0131 Avropa il\u0259 birl\u0259\u015fdir\u0259c\u0259k. Aral\u0131q d\u0259nizind\u0259n d\u00fcnyan\u0131n ikinci b\u00f6y\u00fck iqtisadiyyat\u0131na sahib olan \u00c7in\u0259 q\u0259d\u0259r n\u0259h\u0259ng bir \u0259razini \u0259hat\u0259 ed\u0259c\u0259k d\u0259hliz regionda s\u00fclh\u00fcn, \u0259m\u0259kda\u015fl\u0131\u011f\u0131n v\u0259 t\u0259hl\u00fck\u0259sizliyin t\u0259minat\u0131na b\u00f6y\u00fck t\u00f6hf\u0259l\u0259r ver\u0259c\u0259k. D\u0259hlizin realla\u015fmas\u0131 n\u0259tic\u0259sind\u0259 Asiya il\u0259 Avropa aras\u0131ndak\u0131 Orta D\u0259hlizin d\u0259mir yolu v\u0259 avtomobil yolu il\u0259 y\u00fckda\u015f\u0131ma g\u00fcc\u00fc artacaq ki, bu da Pekind\u0259n Londonad\u0259k uzanan \u015e\u0259rq-Q\u0259rb ticar\u0259tinin y\u00fcks\u0259lm\u0259sin\u0259 ciddi t\u0259kan ver\u0259c\u0259k. Orta D\u0259hlizin potensial\u0131 g\u00fcnd\u0259n-g\u00fcn\u0259 art\u0131r. Z\u0259ng\u0259zur d\u0259hlizinin a\u00e7\u0131lmas\u0131 is\u0259 onun g\u0259l\u0259c\u0259k inki\u015faf\u0131 v\u0259 geni\u015fl\u0259nm\u0259sind\u0259 m\u00fch\u00fcm amil olacaq.<\/p>\n<p>\u0130kinci Qaraba\u011f m\u00fcharib\u0259sind\u0259ki tarixi Z\u0259f\u0259rd\u0259n sonra Az\u0259rbaycan t\u0259r\u0259find\u0259n ir\u0259li s\u00fcr\u00fcl\u0259n bu n\u0259h\u0259ng layih\u0259 art\u0131q beyn\u0259lxalq al\u0259min diqq\u0259tind\u0259dir. Z\u0259ng\u0259zur d\u0259hlizinin realla\u015fmas\u0131 Az\u0259rbaycan\u0131n \u0259sas h\u0259d\u0259\u00f6fl\u0259rind\u0259ndir. Prezident \u0130lham \u018fliyev \u00a0yanvar\u0131n 28-d\u0259 n\u0259qliyyat m\u0259s\u0259l\u0259l\u0259rin\u0259 h\u0259sr olunmu\u015f m\u00fc\u015favir\u0259d\u0259 Z\u0259ng\u0259zur d\u0259hlizi il\u0259 ba\u011fl\u0131 m\u0259s\u0259l\u0259l\u0259ri x\u00fcsusi qeyd ed\u0259r\u0259k bildirb: \u201cZ\u0259ng\u0259zur d\u0259hlizi layih\u0259si Az\u0259rbaycan t\u0259r\u0259find\u0259n ir\u0259li s\u00fcr\u00fcl\u00fcb. \u0130kinci Qaraba\u011f m\u00fcharib\u0259sind\u0259ki Z\u0259f\u0259rimizd\u0259n sonra bu m\u0259s\u0259l\u0259 beyn\u0259lxalq g\u00fcnd\u0259liy\u0259, beyn\u0259lxalq leksikona sal\u0131nd\u0131 v\u0259 bu g\u00fcn Z\u0259ng\u0259zur d\u0259hlizi art\u0131q d\u00fcnyada q\u0259bul edilmi\u015f ifad\u0259dir, q\u0259bul edilmi\u015f termindir. \u018flb\u0259tt\u0259 ki, biz bu d\u0259hlizin a\u00e7\u0131lmas\u0131 \u00fc\u00e7\u00fcn praktiki add\u0131mlar at\u0131r\u0131q.\u00a0 H\u0259m beyn\u0259lxalq m\u00fcst\u0259vid\u0259, h\u0259m Erm\u0259nistanla ikit\u0259r\u0259fli t\u0259maslar \u0259snas\u0131nda biz daim bir m\u0259s\u0259l\u0259ni qeyd edirik ki, Az\u0259rbaycandan Az\u0259rbaycana mane\u0259siz ke\u00e7id olmal\u0131d\u0131r. He\u00e7 bir yoxlamadan ke\u00e7m\u0259d\u0259n, he\u00e7 bir mane\u0259 il\u0259 \u00fczl\u0259\u015fm\u0259d\u0259n Az\u0259rbaycandan Az\u0259rbaycana rahat v\u0259 azad ke\u00e7id olmal\u0131d\u0131r. Bu, bizim t\u0259l\u0259bimizdir\u201d.<\/p>\n<p>D\u00f6vl\u0259timizin ba\u015f\u00e7\u0131s\u0131 \u00a0bird aha b\u0259yan edib ki, bizim Erm\u0259nistana \u0259razi iddiam\u0131z yoxdur. Ancaq Erm\u0259nistan \u00f6z \u00fcz\u0259rin\u0259 g\u00f6t\u00fcrd\u00fcy\u00fc \u00f6hd\u0259likl\u0259ri yerin\u0259 yetir\u0259r\u0259k Az\u0259rbaycandan Az\u0259rbaycana mane\u0259siz ke\u00e7id verm\u0259lidir. Erm\u0259nistan t\u0259r\u0259fi d\u00f6rd ild\u0259n \u00e7oxdur ki, bu m\u0259s\u0259l\u0259 il\u0259 ba\u011fl\u0131 qeyri-konstruktiv m\u00f6vqe s\u0259rgil\u0259yir, faktiki olaraq 10 noyabr kapitulyasiyas\u0131ndan sonra \u00fcz\u0259rin\u0259 g\u00f6t\u00fcrd\u00fcy\u00fc \u00f6hd\u0259likl\u0259ri yerin\u0259 yetirmir. Bunun n\u0259tic\u0259sind\u0259 faktiki olaraq bu g\u00fcn\u0259 q\u0259d\u0259r Az\u0259rbaycan\u0131n ayr\u0131lmaz hiss\u0259si-Nax\u00e7\u0131van Muxtar Respublikas\u0131 il\u0259 \u00f6lk\u0259mizin \u0259n q\u0131sa v\u0259 \u0259n rahat ba\u011flant\u0131s\u0131 yoxdur: \u201cOrada a\u00e7\u0131q-ayd\u0131n g\u00f6st\u0259rilirdi ki, Az\u0259rbaycan\u0131n \u0259sas hiss\u0259si il\u0259 onun ayr\u0131lmaz hiss\u0259si olan Nax\u00e7\u0131van Muxtar Respublikas\u0131 aras\u0131nda n\u0259qliyyat ba\u011flant\u0131s\u0131 olmal\u0131d\u0131r. Erm\u0259nistan is\u0259 buna \u0259m\u0259l etmir, m\u00fcxt\u0259lif b\u0259han\u0259l\u0259r g\u0259tir\u0259r\u0259k, m\u00fcxt\u0259lif qeyri-real v\u0259 c\u0259f\u0259ng layih\u0259l\u0259ri ortaya ataraq, sad\u0259c\u0259 olaraq, beyn\u0259lxalq ictimaiyy\u0259tin fikrini \u00e7a\u015fd\u0131rmaq ist\u0259yir, manipulyasiyalarla m\u0259\u015f\u011fuldur. Y\u0259qin ki, siz d\u0259 e\u015fitmisiniz, \u201cS\u00fclh k\u0259si\u015fm\u0259si\u201d layih\u0259sini ortal\u0131\u011fa at\u0131b v\u0259 indi d\u00fcnyada bir \u00f6lk\u0259 qalmay\u0131b ki, o \u00f6lk\u0259y\u0259 bu layih\u0259 t\u0259qdim edilm\u0259sin. Halbuki bu \u201clayih\u0259\u201dnin Az\u0259rbaycans\u0131z iki q\u0259piklik d\u0259 qiym\u0259ti yoxdur v\u0259 biz bunu d\u0259f\u0259l\u0259rl\u0259 Erm\u0259nistan t\u0259r\u0259fin\u0259 m\u00fcxt\u0259lif kanallar vasit\u0259sil\u0259 \u00e7atd\u0131rm\u0131\u015f\u0131q. \u018fg\u0259r siz bu layih\u0259ni do\u011frudan da, h\u0259yata ke\u00e7irm\u0259k ist\u0259yirsinizs\u0259, ilk n\u00f6vb\u0259d\u0259, Az\u0259rbaycana m\u00fcraci\u0259t etm\u0259lisiniz. \u00c7\u00fcnki bizsiz bu, sad\u0259c\u0259 olaraq, ka\u011f\u0131z par\u00e7as\u0131d\u0131r, bizim \u015f\u0259rtl\u0259rimiz is\u0259 \u0259dal\u0259tlidir, beyn\u0259lxalq h\u00fcquqa \u0259saslan\u0131r v\u0259 Erm\u0259nistan\u0131n \u00f6z\u00fcn\u00fcn g\u00f6t\u00fcrd\u00fcy\u00fc \u00f6hd\u0259likl\u0259rin\u0259 \u0259saslan\u0131r. Erm\u0259nistan r\u0259hb\u0259rliyin\u0259 bir daha m\u0259sl\u0259h\u0259t g\u00f6r\u0259rdim ki, 10 noyabr kapitulyasiya akt\u0131n\u0131 diqq\u0259tl\u0259 oxusun v\u0259 orada x\u00fcsusil\u0259 dediyim o b\u0259nd\u0259 diqq\u0259t yetirsin. Yen\u0259 d\u0259 deyir\u0259m, onlar\u0131n d\u0131rnaqaras\u0131 layih\u0259si Az\u0259rbaycans\u0131z tamamil\u0259 \u0259h\u0259miyy\u0259tsizdir\u201d.<\/p>\n<p>Beyn\u0259lxalq logistikan\u0131n t\u0259rkib hiss\u0259si olan Z\u0259ng\u0259zur d\u0259hlizi layih\u0259d\u0259 i\u015ftirak ed\u0259n b\u00fct\u00fcn \u00f6lk\u0259l\u0259rin, o c\u00fcml\u0259d\u0259n d\u0259 Erm\u0259nistan\u0131n \u0259h\u0259miyy\u0259tli iqtisadi art\u0131m\u0131na t\u00f6hf\u0259 ver\u0259c\u0259k. Bu m\u0259nada r\u0259smi \u0130r\u0259van m\u0259nas\u0131z, d\u0131rnaqaras\u0131 s\u00fclh k\u0259si\u015fm\u0259si \u201clayih\u0259sini\u201d bir k\u0259nara qoymal\u0131, Az\u0259rbaycan\u0131n ir\u0259li s\u00fcrd\u00fcy\u00fc \u0259dal\u0259tli, beyn\u0259lxalq h\u00fcquqa \u0259saslanan \u015f\u0259rtl\u0259rin\u0259 \u0259m\u0259l ed\u0259r\u0259k Z\u0259ng\u0259zur d\u0259hlizinin a\u00e7\u0131lmas\u0131na raz\u0131l\u0131q verm\u0259lidir. \u018fks t\u0259qdird\u0259, Erm\u0259nistan yen\u0259 d\u0259 regional v\u0259 qlobal layih\u0259l\u0259rd\u0259n k\u0259narda qalacaq.<\/p>\n<p><strong>Zahid Rza, \u201c\u0130ki sahil\u201d<\/strong><\/p>\n","protected":false},"excerpt":{"rendered":"<p>C\u0259nubi Qafqazda v\u0259 M\u0259rk\u0259zi Asiyada uzunm\u00fcdd\u0259tli t\u0259r\u0259qqiy\u0259, sabitliy\u0259, qar\u015f\u0131l\u0131ql\u0131 faydal\u0131 \u0259m\u0259kda\u015fl\u0131\u011fa m\u00fch\u00fcm t\u00f6hf\u0259l\u0259r ver\u0259n Az\u0259rbaycanda son ill\u0259r n\u0259qliyyat infrastrukturunu inki\u015faf etdirm\u0259k \u00fc\u00e7\u00fcn b\u00f6y\u00fck layih\u0259l\u0259r h\u0259yata ke\u00e7irilib. Yeni avtomobil yollar\u0131 \u00e7\u0259kilib v\u0259 ya yenid\u0259n qurulub. \u015e\u0259rql\u0259 Q\u0259rbi, Asiya il\u0259 Avropan\u0131 birl\u0259\u015fdir\u0259n strateji v\u0259 b\u00f6y\u00fck iqtisadi \u0259h\u0259miyy\u0259tli\u00a0Bak\u0131-Tbilisi-Qars d\u0259mir yolu x\u0259tti\u00a0in\u015fa edilib. Bir s\u00f6zl\u0259, Az\u0259rbaycan \u015e\u0259rq-Q\u0259rb v\u0259 \u015eimal-C\u0259nub n\u0259qliyyat d\u0259hlizl\u0259rinin formala\u015fmas\u0131nda m\u00fch\u00fcm rol oynay\u0131r. Bu g\u00fcn Az\u0259rbaycanla Erm\u0259nistan aras\u0131nda m\u00fcnasib\u0259tl\u0259rin normalla\u015fmas\u0131 \u00fc\u00e7\u00fcn \u0259sas \u015f\u0259rtl\u0259rd\u0259n biri d\u0259 n\u0259qliyyat v\u0259 kommunikasiyalar\u0131n a\u00e7\u0131lmas\u0131, dig\u0259r m\u00fcvafiq kommunikasiyalar\u0131n qurulmas\u0131 v\u0259 qar\u015f\u0131l\u0131ql\u0131 maraq do\u011furan sah\u0259l\u0259rd\u0259 \u0259m\u0259kda\u015fl\u0131\u011f\u0131n qurulmas\u0131d\u0131r. Az\u0259rbaycan b\u00f6lg\u0259d\u0259&hellip;<\/p>\n","protected":false},"author":2,"featured_media":784961,"comment_status":"closed","ping_status":"closed","sticky":false,"template":"","format":"standard","meta":{"om_disable_all_campaigns":false,"_monsterinsights_skip_tracking":false,"_monsterinsights_sitenote_active":false,"_monsterinsights_sitenote_note":"","_monsterinsights_sitenote_category":0},"categories":[19],"tags":[],"aioseo_notices":[],"gutentor_comment":0,"rttpg_featured_image_url":{"full":["https:\/\/arantv.az\/wp-content\/uploads\/2025\/02\/63c6598e167412338669741575010286512.jpg",975,540,false],"landscape":["https:\/\/arantv.az\/wp-content\/uploads\/2025\/02\/63c6598e167412338669741575010286512.jpg",975,540,false],"portraits":["https:\/\/arantv.az\/wp-content\/uploads\/2025\/02\/63c6598e167412338669741575010286512.jpg",975,540,false],"thumbnail":["https:\/\/arantv.az\/wp-content\/uploads\/2025\/02\/63c6598e167412338669741575010286512-500x280.jpg",500,280,true],"medium":["https:\/\/arantv.az\/wp-content\/uploads\/2025\/02\/63c6598e167412338669741575010286512-660x365.jpg",660,365,true],"large":["https:\/\/arantv.az\/wp-content\/uploads\/2025\/02\/63c6598e167412338669741575010286512-840x465.jpg",640,354,true],"1536x1536":["https:\/\/arantv.az\/wp-content\/uploads\/2025\/02\/63c6598e167412338669741575010286512.jpg",975,540,false],"2048x2048":["https:\/\/arantv.az\/wp-content\/uploads\/2025\/02\/63c6598e167412338669741575010286512.jpg",975,540,false],"post-thumbnail":["https:\/\/arantv.az\/wp-content\/uploads\/2025\/02\/63c6598e167412338669741575010286512-240x172.jpg",240,172,true],"advps-thumb-one":["https:\/\/arantv.az\/wp-content\/uploads\/2025\/02\/63c6598e167412338669741575010286512.jpg",975,540,false]},"rttpg_author":{"display_name":"V\u00fcsal Rafiqo\u011flu","author_link":"https:\/\/arantv.az\/?author=2"},"rttpg_comment":0,"rttpg_category":"<a href=\"https:\/\/arantv.az\/?cat=19\" rel=\"category\">G\u00fcnd\u0259m<\/a>","rttpg_excerpt":"C\u0259nubi Qafqazda v\u0259 M\u0259rk\u0259zi Asiyada uzunm\u00fcdd\u0259tli t\u0259r\u0259qqiy\u0259, sabitliy\u0259, qar\u015f\u0131l\u0131ql\u0131 faydal\u0131 \u0259m\u0259kda\u015fl\u0131\u011fa m\u00fch\u00fcm t\u00f6hf\u0259l\u0259r ver\u0259n Az\u0259rbaycanda son ill\u0259r n\u0259qliyyat infrastrukturunu inki\u015faf etdirm\u0259k \u00fc\u00e7\u00fcn b\u00f6y\u00fck layih\u0259l\u0259r h\u0259yata ke\u00e7irilib. Yeni avtomobil yollar\u0131 \u00e7\u0259kilib v\u0259 ya yenid\u0259n qurulub. \u015e\u0259rql\u0259 Q\u0259rbi, Asiya il\u0259 Avropan\u0131 birl\u0259\u015fdir\u0259n strateji v\u0259 b\u00f6y\u00fck iqtisadi \u0259h\u0259miyy\u0259tli\u00a0Bak\u0131-Tbilisi-Qars d\u0259mir yolu x\u0259tti\u00a0in\u015fa edilib. Bir s\u00f6zl\u0259, Az\u0259rbaycan \u015e\u0259rq-Q\u0259rb v\u0259 \u015eimal-C\u0259nub&hellip;","_links":{"self":[{"href":"https:\/\/arantv.az\/index.php?rest_route=\/wp\/v2\/posts\/784960"}],"collection":[{"href":"https:\/\/arantv.az\/index.php?rest_route=\/wp\/v2\/posts"}],"about":[{"href":"https:\/\/arantv.az\/index.php?rest_route=\/wp\/v2\/types\/post"}],"author":[{"embeddable":true,"href":"https:\/\/arantv.az\/index.php?rest_route=\/wp\/v2\/users\/2"}],"replies":[{"embeddable":true,"href":"https:\/\/arantv.az\/index.php?rest_route=%2Fwp%2Fv2%2Fcomments&post=784960"}],"version-history":[{"count":1,"href":"https:\/\/arantv.az\/index.php?rest_route=\/wp\/v2\/posts\/784960\/revisions"}],"predecessor-version":[{"id":784962,"href":"https:\/\/arantv.az\/index.php?rest_route=\/wp\/v2\/posts\/784960\/revisions\/784962"}],"wp:featuredmedia":[{"embeddable":true,"href":"https:\/\/arantv.az\/index.php?rest_route=\/wp\/v2\/media\/784961"}],"wp:attachment":[{"href":"https:\/\/arantv.az\/index.php?rest_route=%2Fwp%2Fv2%2Fmedia&parent=784960"}],"wp:term":[{"taxonomy":"category","embeddable":true,"href":"https:\/\/arantv.az\/index.php?rest_route=%2Fwp%2Fv2%2Fcategories&post=784960"},{"taxonomy":"post_tag","embeddable":true,"href":"https:\/\/arantv.az\/index.php?rest_route=%2Fwp%2Fv2%2Ftags&post=784960"}],"curies":[{"name":"wp","href":"https:\/\/api.w.org\/{rel}","templated":true}]}}