{"id":784963,"date":"2025-02-01T10:35:01","date_gmt":"2025-02-01T06:35:01","guid":{"rendered":"https:\/\/arantv.az\/?p=784963"},"modified":"2025-02-01T10:35:01","modified_gmt":"2025-02-01T06:35:01","slug":"z%c9%99ng%c9%99zur-d%c9%99hlizi-az%c9%99rbaycanin-layih%c9%99sidir","status":"publish","type":"post","link":"https:\/\/arantv.az\/?p=784963","title":{"rendered":"Z\u0259ng\u0259zur d\u0259hlizi Az\u0259rbaycan\u0131n layih\u0259sidir"},"content":{"rendered":"<div class=\"content lead font-weight-normal\">\n<p>Prezident \u0130lham \u018fliyev yanvar\u0131n 28-d\u0259 ke\u00e7iril\u0259n n\u0259qliyyat m\u0259s\u0259l\u0259l\u0259rin\u0259 h\u0259sr olunmu\u015f m\u00fc\u015favir\u0259d\u0259 Az\u0259rbaycan\u0131n n\u0259qliyyat infrastrukturunun inki\u015faf\u0131 istiqam\u0259tind\u0259 at\u0131lan add\u0131mlardan geni\u015f b\u0259hs ed\u0259r\u0259k \u0259minlikl\u0259 vur\u011fulad\u0131 ki, bu g\u00fcn Avrasiyan\u0131n n\u0259qliyyat x\u0259rit\u0259sini Az\u0259rbaycans\u0131z, onun n\u0259qliyyat infrastrukturu olmadan t\u0259s\u0259vv\u00fcr etm\u0259k m\u00fcmk\u00fcn deyil. Haz\u0131rda\u00a0 \u0259razimizd\u0259n \u015e\u0259rq-Q\u0259rb v\u0259 \u015eimal-C\u0259nub n\u0259qliyyat d\u0259hlizl\u0259ri ke\u00e7ir. Bu d\u0259hlizl\u0259r \u00fczr\u0259 da\u015f\u0131nan y\u00fckl\u0259rin h\u0259cmi ild\u0259n-il\u0259 art\u0131r. Y\u00fckl\u0259rin daha s\u0259m\u0259r\u0259li da\u015f\u0131nmas\u0131 \u00fc\u00e7\u00fcn fiziki infrastrukturla yana\u015f\u0131, dig\u0259r add\u0131mlar da at\u0131l\u0131r, o c\u00fcml\u0259d\u0259n r\u0259q\u0259msalla\u015fma m\u0259s\u0259l\u0259l\u0259rin\u0259 diqq\u0259t g\u00f6st\u0259rilir. Qon\u015fu \u00f6lk\u0259l\u0259rl\u0259 yeni \u0259m\u0259kda\u015fl\u0131q formatlar\u0131 yarad\u0131lm\u0131\u015f v\u0259 m\u00fc\u015ft\u0259r\u0259k m\u00fc\u0259ssis\u0259l\u0259r qurulmu\u015fdur.<\/p>\n<p>Bir s\u00f6zl\u0259, bu g\u00fcn Az\u0259rbaycan Avrasiyan\u0131n \u0259v\u0259zolunmaz n\u0259qliyyat m\u0259rk\u0259zl\u0259rind\u0259n biridir: \u201cOnu da bildirm\u0259liy\u0259m ki, ad\u0259t\u0259n n\u0259qliyyat m\u0259rk\u0259zl\u0259ri statusuna malik olan \u00f6lk\u0259l\u0259r o \u00f6lk\u0259l\u0259rdir ki, onlar\u0131n a\u00e7\u0131q d\u0259nizl\u0259r\u0259 \u00e7\u0131x\u0131\u015f\u0131 var. Bizim is\u0259 d\u00fcnya okeanlar\u0131na \u00e7\u0131x\u0131\u015f\u0131m\u0131z yoxdur. Amma buna baxmayaraq, g\u00f6rd\u00fcy\u00fcm\u00fcz i\u015fl\u0259r n\u0259tic\u0259sind\u0259 biz Az\u0259rbaycan\u0131 \u0259v\u0259zolunmaz n\u0259qliyyat m\u0259rk\u0259zl\u0259rinin birin\u0259 \u00e7evirmi\u015fik. \u0130\u015fl\u0259r davam edir, h\u0259m \u015eimal-C\u0259nub, h\u0259m \u015e\u0259rq-Q\u0259rb n\u0259qliyyat d\u0259hlizl\u0259ri \u00fczr\u0259 indi \u0259lav\u0259 t\u0259dbirl\u0259r g\u00f6r\u00fcl\u00fcr. \u00c7\u00fcnki vaxtil\u0259 hesablanm\u0131\u015f y\u00fckl\u0259rin h\u0259cmi art\u0131q onu g\u00f6st\u0259rir ki, daha b\u00f6y\u00fck h\u0259cmd\u0259 y\u00fckl\u0259r ke\u00e7\u0259c\u0259k. Bu, m\u00fcxt\u0259lif s\u0259b\u0259bl\u0259r\u0259 ba\u011fl\u0131 olan m\u0259s\u0259l\u0259dir. Ancaq fakt odur ki, biz indi bu d\u0259hlizl\u0259rin a\u015f\u0131rma qabiliyy\u0259tini art\u0131rmaq \u00fc\u00e7\u00fcn \u0259lav\u0259 s\u0259rmay\u0259 c\u0259lb etmi\u015fik v\u0259 ed\u0259c\u0259yik\u201d. Yeni layih\u0259l\u0259r aras\u0131nda Z\u0259ng\u0259zur d\u0259hlizi x\u00fcsusi qeyd edildi. Bu \u00a0layih\u0259 Az\u0259rbaycan t\u0259r\u0259find\u0259n ir\u0259li s\u00fcr\u00fcl\u00fcb. 44 g\u00fcnl\u00fck \u0130kinci Qaraba\u011f m\u00fcharib\u0259sind\u0259 tarixi \u00a0Z\u0259f\u0259rimizd\u0259n sonra bu m\u0259s\u0259l\u0259 beyn\u0259lxalq g\u00fcnd\u0259liy\u0259 sal\u0131nd\u0131 v\u0259 bu g\u00fcn Z\u0259ng\u0259zur d\u0259hlizi art\u0131q d\u00fcnyada q\u0259bul edilmi\u015f ifad\u0259dir. D\u0259hlizin a\u00e7\u0131lmas\u0131 \u00fc\u00e7\u00fcn praktiki add\u0131mlar at\u0131l\u0131r.\u00a0 Erm\u0259nistan t\u0259r\u0259fi d\u00f6rd ild\u0259n \u00e7oxdur ki, bu m\u0259s\u0259l\u0259 il\u0259 ba\u011fl\u0131 qeyri-konstruktiv m\u00f6vqe n\u00fcmayi\u015f etdirir. Faktiki olaraq 10 noyabr 2020-ci il tarixli \u00fc\u00e7t\u0259r\u0259fli b\u0259yanata \u0259sas\u0259n \u00a0\u00fcz\u0259rin\u0259 g\u00f6t\u00fcrd\u00fcy\u00fc \u00f6hd\u0259likl\u0259ri yerin\u0259 yetirmir.<\/p>\n<p>\u201cAz\u0259rbaycan\u0131n \u0259sas hiss\u0259si il\u0259 onun ayr\u0131lmaz hiss\u0259si olan Nax\u00e7\u0131van Muxtar Respublikas\u0131 aras\u0131nda n\u0259qliyyat ba\u011flant\u0131s\u0131 olmal\u0131d\u0131r\u201d dey\u0259n c\u0259nab \u0130lham \u018fliyev bildirdi ki, \u00a0\u00a0Erm\u0259nistan is\u0259 buna \u0259m\u0259l etmir, m\u00fcxt\u0259lif b\u0259han\u0259l\u0259r g\u0259tirir,\u00a0 qeyri-real v\u0259 c\u0259f\u0259ng layih\u0259l\u0259ri ortaya ataraq, sad\u0259c\u0259 olaraq, beyn\u0259lxalq ictimaiyy\u0259tin fikrini \u00e7a\u015fd\u0131rmaq ist\u0259yir, manipulyasiyalarla m\u0259\u015f\u011fuldur. D\u0131rnaqaras\u0131 \u201cS\u00fclh k\u0259si\u015fm\u0259si\u201d layih\u0259sini ortal\u0131\u011fa at\u0131b. Halbuki bu d\u0131rnaqaras\u0131 layih\u0259nin Az\u0259rbaycans\u0131z iki q\u0259piklik d\u0259 qiym\u0259ti yoxdur v\u0259 bunu d\u0259f\u0259l\u0259rl\u0259 Erm\u0259nistan t\u0259r\u0259fin\u0259 m\u00fcxt\u0259lif kanallar vasit\u0259sil\u0259 \u00e7atd\u0131rm\u0131\u015f\u0131q: \u201c\u018fg\u0259r siz bu layih\u0259ni do\u011frudan da h\u0259yata ke\u00e7irm\u0259k ist\u0259yirsinizs\u0259, ilk n\u00f6vb\u0259d\u0259, Az\u0259rbaycana m\u00fcraci\u0259t etm\u0259lisiniz. \u00c7\u00fcnki bizsiz bu, sad\u0259c\u0259 olaraq, ka\u011f\u0131z par\u00e7as\u0131d\u0131r, bizim \u015f\u0259rtl\u0259rimiz is\u0259 \u0259dal\u0259tlidir, beyn\u0259lxalq h\u00fcquqa \u0259saslan\u0131r v\u0259 Erm\u0259nistan\u0131n \u00f6z\u00fcn\u00fcn g\u00f6t\u00fcrd\u00fcy\u00fc \u00f6hd\u0259likl\u0259rin\u0259 \u0259saslan\u0131r. Erm\u0259nistan r\u0259hb\u0259rliyin\u0259 bir daha m\u0259sl\u0259h\u0259t g\u00f6r\u0259rdim ki, 10 noyabr kapitulyasiya akt\u0131n\u0131 diqq\u0259tl\u0259 oxusun v\u0259 orada x\u00fcsusil\u0259 dediyim o b\u0259nd\u0259 diqq\u0259t yetirsin\u201d. D\u00f6vl\u0259timizin ba\u015f\u00e7\u0131s\u0131 Nax\u00e7\u0131van Muxtar Respublikas\u0131n\u0131n laz\u0131m olan ehtiyaclar\u0131n\u0131n m\u00fcxt\u0259lif yollarla t\u0259min edildiyini bildirdi. \u00a0\u0130lk n\u00f6vb\u0259d\u0259, \u0130ran \u0130slam Respublikas\u0131 \u0259razisind\u0259n y\u00fckl\u0259r v\u0259 s\u0259rni\u015finl\u0259r gedir, dig\u0259r imkanlar da var. Amma bunlar iqtisadi c\u0259h\u0259td\u0259n daha \u0259lveri\u015fsizdir v\u0259 yol da uzan\u0131r: \u201cPrinsip etibaril\u0259 G\u00fcrc\u00fcstan, T\u00fcrkiy\u0259 \u0259razil\u0259rind\u0259n d\u0259 bu ba\u011flant\u0131 yarad\u0131la bil\u0259r, amma \u0259n rahat yol v\u0259 imkan oldu\u011fu halda, \u0259lb\u0259tt\u0259 ki, bu m\u0259s\u0259l\u0259 prioritet t\u0259\u015fkil edir. Bununla bel\u0259, g\u00f6r\u0259nd\u0259 ki, Erm\u0259nistan t\u0259r\u0259fi yen\u0259 d\u0259 \u00f6z\u00fcn\u00fc qeyri-s\u0259mimi apar\u0131r, \u0130ran \u0130slam Respublikas\u0131 il\u0259 m\u00fcvafiq raz\u0131la\u015fma \u0259ld\u0259 edilmi\u015fdir v\u0259 Erm\u0259nistan\u0131 \u201cbaypas\u201d ed\u0259n avtomobil k\u00f6rp\u00fcs\u00fcn\u00fcn tikintisi d\u0259, art\u0131q bu layih\u0259 d\u0259 icra edilir v\u0259 y\u0259qin ki, bu il tamamlanacaq.\u00a0 Erm\u0259nistan\u0131n tranzit \u00f6lk\u0259y\u0259 \u00e7evrilm\u0259 arzusu g\u00f6z\u00fcnd\u0259 qalacaq\u201d.<\/p>\n<p>M\u00fc\u015favir\u0259d\u0259 Nax\u00e7\u0131van Muxtar Respublikas\u0131nda ikinci k\u00f6rp\u00fcn\u00fcn d\u0259 tikil\u0259c\u0259yi qeyd edildi. \u00a0Birinci k\u00f6rp\u00fc Z\u0259ngilan rayonu \u0259razisind\u0259 in\u015fa edilir. \u00a0Erm\u0259nistan bundan sonra da dalan \u00f6lk\u0259 kimi davam ed\u0259c\u0259k. H\u0259m beyn\u0259lxalq m\u00fcst\u0259vid\u0259, h\u0259m Erm\u0259nistanla ikit\u0259r\u0259fli t\u0259maslar \u0259snas\u0131nda daim bir m\u0259s\u0259l\u0259 qeyd edilir ki, Az\u0259rbaycandan Az\u0259rbaycana mane\u0259siz ke\u00e7id olmal\u0131d\u0131r. Prezident \u0130lham \u018fliyev bu reall\u0131qlar\u0131 bir daha diqq\u0259t\u0259 \u00e7atd\u0131rd\u0131: \u201cBu, t\u0259l\u0259bimizdir v\u0259 n\u0259z\u0259r\u0259 alsaq ki, Q\u0259rbi Z\u0259ng\u0259zuru sovet hakimiyy\u0259ti \u0259limizd\u0259n 1920-ci ilin noyabr\u0131nda al\u0131b v\u0259 Az\u0259rbaycan xalq\u0131na qar\u015f\u0131 cinay\u0259t t\u00f6r\u0259dib, bu, birinci v\u0259 sonuncu cinay\u0259t deyildi. \u0130kincisi, ondan sonra ard\u0131c\u0131ll\u0131qla \u0259g\u0259r gets\u0259k, cinay\u0259t d\u0131rnaqaras\u0131 \u201cDa\u011fl\u0131q Qaraba\u011f Muxtar Vilay\u0259ti\u201dnin Az\u0259rbaycan \u0259razisind\u0259 yarad\u0131lmas\u0131 idi. Ondan \u0259vv\u0259lki cinay\u0259t erm\u0259nil\u0259rin \u00e7ar Rusiyas\u0131 t\u0259r\u0259find\u0259n Az\u0259rbaycan \u0259razisin\u0259 k\u00f6\u00e7\u00fcr\u00fclm\u0259si idi.<\/p>\n<p>Ondan \u0259vv\u0259lki cinay\u0259t Qaraba\u011f xan\u0131n\u0131n \u00f6ld\u00fcr\u00fclm\u0259si idi, hans\u0131 ki, z\u0259man\u0259t verilmi\u015fdi ki, o, \u00f6z r\u0259hb\u0259rliyini Qaraba\u011fda icra ed\u0259c\u0259k v\u0259 XX \u0259srin dig\u0259r cinay\u0259tl\u0259ri d\u0259 g\u00f6z \u00f6n\u00fcnd\u0259dir. Xocal\u0131 soyq\u0131r\u0131m\u0131, 20 Yanvar v\u0259 torpaqlar\u0131m\u0131z\u0131n 1990-c\u0131 ill\u0259rin \u0259vv\u0259ll\u0259rind\u0259 i\u015f\u011fal\u0131. Y\u0259ni, bunu unutmam\u0131\u015f\u0131q, Az\u0259rbaycan xalq\u0131 bunu unutmay\u0131b. Z\u0259ng\u0259zuru unutmam\u0131\u015f\u0131q v\u0259 unutmayaca\u011f\u0131q\u201d. Az\u0259rbaycan\u0131n \u0259dal\u0259t\u0259 v\u0259 beyn\u0259lxalq h\u00fcquqa s\u00f6yk\u0259n\u0259n siyas\u0259ti b\u00fct\u00fcn sah\u0259l\u0259rd\u0259 u\u011furlu add\u0131mlar\u0131n\u0131 \u015f\u0259rtl\u0259ndirir. Z\u0259ng\u0259zur d\u0259hlizi beyn\u0259lxalq v\u0259 regional \u0259h\u0259miyy\u0259t\u0259 malik ciddi layih\u0259dir. Bu d\u0259hliz m\u00fctl\u0259q a\u00e7\u0131lacaq!<\/p>\n<p><strong>Nihad P\u0259nahov,<\/strong><br \/>\n<em>YAP Tovuz rayon t\u0259\u015fkilat\u0131n\u0131n s\u0259dri<\/em><\/p>\n<div class=\"clearfix\"><\/div>\n<\/div>\n<div class=\"fotorama--hidden\"><\/div>\n<div id=\"galleryList\" class=\"fotorama fotorama1738391653440\" data-nav=\"thumbs\" data-width=\"100%\" data-thumbwidth=\"90\" data-thumbheight=\"60\" data-allowfullscreen=\"true\" data-autoplay=\"3000\" data-ratio=\"1.5\" data-keyboard=\"true\" data-fit=\"contain\">\n<div class=\"fotorama__wrap fotorama__wrap--css3 fotorama__wrap--slide fotorama__wrap--toggle-arrows fotorama__wrap--no-controls\">\n<div class=\"fotorama__stage\">\n<div class=\"fotorama__fullscreen-icon\" tabindex=\"0\" role=\"button\"><\/div>\n<div class=\"fotorama__stage__shaft\">\n<div class=\"fotorama__stage__frame fotorama__loaded fotorama__loaded--img fotorama__active\"><img class=\"fotorama__img\" src=\"https:\/\/ikisahil.az\/photo\/0x0_2\/upload\/gallery\/2025\/01\/31\/-853573b5173831958324905268810891291.jpg\" \/><\/div>\n<\/div>\n<div class=\"fotorama__video-close\"><\/div>\n<\/div>\n<\/div>\n<\/div>\n<div class=\"sharing my-2 row no-gutters d-print-none\"><\/div>\n<div class=\"d-none d-sm-block\"><\/div>\n","protected":false},"excerpt":{"rendered":"<p>Prezident \u0130lham \u018fliyev yanvar\u0131n 28-d\u0259 ke\u00e7iril\u0259n n\u0259qliyyat m\u0259s\u0259l\u0259l\u0259rin\u0259 h\u0259sr olunmu\u015f m\u00fc\u015favir\u0259d\u0259 Az\u0259rbaycan\u0131n n\u0259qliyyat infrastrukturunun inki\u015faf\u0131 istiqam\u0259tind\u0259 at\u0131lan add\u0131mlardan geni\u015f b\u0259hs ed\u0259r\u0259k \u0259minlikl\u0259 vur\u011fulad\u0131 ki, bu g\u00fcn Avrasiyan\u0131n n\u0259qliyyat x\u0259rit\u0259sini Az\u0259rbaycans\u0131z, onun n\u0259qliyyat infrastrukturu olmadan t\u0259s\u0259vv\u00fcr etm\u0259k m\u00fcmk\u00fcn deyil. Haz\u0131rda\u00a0 \u0259razimizd\u0259n \u015e\u0259rq-Q\u0259rb v\u0259 \u015eimal-C\u0259nub n\u0259qliyyat d\u0259hlizl\u0259ri ke\u00e7ir. Bu d\u0259hlizl\u0259r \u00fczr\u0259 da\u015f\u0131nan y\u00fckl\u0259rin h\u0259cmi ild\u0259n-il\u0259 art\u0131r. Y\u00fckl\u0259rin daha s\u0259m\u0259r\u0259li da\u015f\u0131nmas\u0131 \u00fc\u00e7\u00fcn fiziki infrastrukturla yana\u015f\u0131, dig\u0259r add\u0131mlar da at\u0131l\u0131r, o c\u00fcml\u0259d\u0259n r\u0259q\u0259msalla\u015fma m\u0259s\u0259l\u0259l\u0259rin\u0259 diqq\u0259t g\u00f6st\u0259rilir. Qon\u015fu \u00f6lk\u0259l\u0259rl\u0259 yeni \u0259m\u0259kda\u015fl\u0131q formatlar\u0131 yarad\u0131lm\u0131\u015f v\u0259 m\u00fc\u015ft\u0259r\u0259k m\u00fc\u0259ssis\u0259l\u0259r qurulmu\u015fdur. Bir s\u00f6zl\u0259, bu g\u00fcn Az\u0259rbaycan Avrasiyan\u0131n \u0259v\u0259zolunmaz n\u0259qliyyat&hellip;<\/p>\n","protected":false},"author":2,"featured_media":784964,"comment_status":"closed","ping_status":"closed","sticky":false,"template":"","format":"standard","meta":{"om_disable_all_campaigns":false,"_monsterinsights_skip_tracking":false,"_monsterinsights_sitenote_active":false,"_monsterinsights_sitenote_note":"","_monsterinsights_sitenote_category":0},"categories":[19],"tags":[],"aioseo_notices":[],"gutentor_comment":0,"rttpg_featured_image_url":{"full":["https:\/\/arantv.az\/wp-content\/uploads\/2025\/02\/a9cc6694164703200323517889010407517.jpg",975,540,false],"landscape":["https:\/\/arantv.az\/wp-content\/uploads\/2025\/02\/a9cc6694164703200323517889010407517.jpg",975,540,false],"portraits":["https:\/\/arantv.az\/wp-content\/uploads\/2025\/02\/a9cc6694164703200323517889010407517.jpg",975,540,false],"thumbnail":["https:\/\/arantv.az\/wp-content\/uploads\/2025\/02\/a9cc6694164703200323517889010407517-500x280.jpg",500,280,true],"medium":["https:\/\/arantv.az\/wp-content\/uploads\/2025\/02\/a9cc6694164703200323517889010407517-660x365.jpg",660,365,true],"large":["https:\/\/arantv.az\/wp-content\/uploads\/2025\/02\/a9cc6694164703200323517889010407517-840x465.jpg",640,354,true],"1536x1536":["https:\/\/arantv.az\/wp-content\/uploads\/2025\/02\/a9cc6694164703200323517889010407517.jpg",975,540,false],"2048x2048":["https:\/\/arantv.az\/wp-content\/uploads\/2025\/02\/a9cc6694164703200323517889010407517.jpg",975,540,false],"post-thumbnail":["https:\/\/arantv.az\/wp-content\/uploads\/2025\/02\/a9cc6694164703200323517889010407517-240x172.jpg",240,172,true],"advps-thumb-one":["https:\/\/arantv.az\/wp-content\/uploads\/2025\/02\/a9cc6694164703200323517889010407517.jpg",975,540,false]},"rttpg_author":{"display_name":"V\u00fcsal Rafiqo\u011flu","author_link":"https:\/\/arantv.az\/?author=2"},"rttpg_comment":0,"rttpg_category":"<a href=\"https:\/\/arantv.az\/?cat=19\" rel=\"category\">G\u00fcnd\u0259m<\/a>","rttpg_excerpt":"Prezident \u0130lham \u018fliyev yanvar\u0131n 28-d\u0259 ke\u00e7iril\u0259n n\u0259qliyyat m\u0259s\u0259l\u0259l\u0259rin\u0259 h\u0259sr olunmu\u015f m\u00fc\u015favir\u0259d\u0259 Az\u0259rbaycan\u0131n n\u0259qliyyat infrastrukturunun inki\u015faf\u0131 istiqam\u0259tind\u0259 at\u0131lan add\u0131mlardan geni\u015f b\u0259hs ed\u0259r\u0259k \u0259minlikl\u0259 vur\u011fulad\u0131 ki, bu g\u00fcn Avrasiyan\u0131n n\u0259qliyyat x\u0259rit\u0259sini Az\u0259rbaycans\u0131z, onun n\u0259qliyyat infrastrukturu olmadan t\u0259s\u0259vv\u00fcr etm\u0259k m\u00fcmk\u00fcn deyil. Haz\u0131rda\u00a0 \u0259razimizd\u0259n \u015e\u0259rq-Q\u0259rb v\u0259 \u015eimal-C\u0259nub n\u0259qliyyat d\u0259hlizl\u0259ri ke\u00e7ir. Bu d\u0259hlizl\u0259r \u00fczr\u0259 da\u015f\u0131nan y\u00fckl\u0259rin h\u0259cmi ild\u0259n-il\u0259 art\u0131r. Y\u00fckl\u0259rin&hellip;","_links":{"self":[{"href":"https:\/\/arantv.az\/index.php?rest_route=\/wp\/v2\/posts\/784963"}],"collection":[{"href":"https:\/\/arantv.az\/index.php?rest_route=\/wp\/v2\/posts"}],"about":[{"href":"https:\/\/arantv.az\/index.php?rest_route=\/wp\/v2\/types\/post"}],"author":[{"embeddable":true,"href":"https:\/\/arantv.az\/index.php?rest_route=\/wp\/v2\/users\/2"}],"replies":[{"embeddable":true,"href":"https:\/\/arantv.az\/index.php?rest_route=%2Fwp%2Fv2%2Fcomments&post=784963"}],"version-history":[{"count":1,"href":"https:\/\/arantv.az\/index.php?rest_route=\/wp\/v2\/posts\/784963\/revisions"}],"predecessor-version":[{"id":784965,"href":"https:\/\/arantv.az\/index.php?rest_route=\/wp\/v2\/posts\/784963\/revisions\/784965"}],"wp:featuredmedia":[{"embeddable":true,"href":"https:\/\/arantv.az\/index.php?rest_route=\/wp\/v2\/media\/784964"}],"wp:attachment":[{"href":"https:\/\/arantv.az\/index.php?rest_route=%2Fwp%2Fv2%2Fmedia&parent=784963"}],"wp:term":[{"taxonomy":"category","embeddable":true,"href":"https:\/\/arantv.az\/index.php?rest_route=%2Fwp%2Fv2%2Fcategories&post=784963"},{"taxonomy":"post_tag","embeddable":true,"href":"https:\/\/arantv.az\/index.php?rest_route=%2Fwp%2Fv2%2Ftags&post=784963"}],"curies":[{"name":"wp","href":"https:\/\/api.w.org\/{rel}","templated":true}]}}