{"id":784966,"date":"2025-02-01T10:35:43","date_gmt":"2025-02-01T06:35:43","guid":{"rendered":"https:\/\/arantv.az\/?p=784966"},"modified":"2025-02-01T10:35:43","modified_gmt":"2025-02-01T06:35:43","slug":"musahid%c9%99-missiyasi-yoxsa-casus-yignagi","status":"publish","type":"post","link":"https:\/\/arantv.az\/?p=784966","title":{"rendered":"M\u00fc\u015fahid\u0259 missiyas\u0131, yoxsa casus y\u0131\u011fna\u011f\u0131?"},"content":{"rendered":"<p><em><strong>Az\u0259rbaycan m\u0259tbuat\u0131 bunu \u201cbinokl diplomatiyas\u0131\u201d da adland\u0131r\u0131r<\/strong><\/em><\/p>\n<p>Avropa \u0130ttifaq\u0131 m\u00fc\u015fahid\u0259\u00e7i missiyas\u0131 ad\u0131 alt\u0131nda Erm\u0259nistan s\u0259rh\u0259dl\u0259rind\u0259 yerl\u0259\u015fdirdiyi m\u00fcxt\u0259lif t\u0259iyanatl\u0131 h\u0259rbi m\u00fct\u0259x\u0259ssisl\u0259r qrupunun orada saxlanmas\u0131 m\u00fcdd\u0259tini 2027-ci ilin fevral ay\u0131n\u0131n 19-d\u0259k uzad\u0131b. C\u0259mi iki il \u00fc\u00e7\u00fcn missiyan\u0131n saxlanmas\u0131na 44 milyon avro da ayr\u0131l\u0131b. Varl\u0131\u011fa n\u0259 darl\u0131q&#8230; S\u0131zan m\u0259lumata g\u00f6r\u0259, missiyan\u0131n t\u0259rkibind\u0259 ke\u00e7mi\u015f h\u0259rb\u00e7il\u0259r, jandarmlar, kartoqraflar, topoqraflar, t\u0259limat\u00e7\u0131lar v\u0259 s. var. Q\u0131saca des\u0259k, m\u0259qs\u0259dl\u0259rini realla\u015fd\u0131rmaq \u00fc\u00e7\u00fcn onu laz\u0131mi kadrlarla komplektl\u0259\u015fdiribl\u0259r.\u00a0 Onlar\u0131n s\u0259rh\u0259dl\u0259rd\u0259 yerl\u0259\u015fdirilm\u0259sin\u0259 h\u0259m Az\u0259rbaycan, h\u0259m d\u0259 Rusiya\u00a0 d\u0259f\u0259l\u0259rl\u0259 \u00f6z narahatl\u0131qlar\u0131n\u0131 bildirib. \u00c7\u00fcnki m\u00fc\u015fahid\u0259\u00e7il\u0259rin f\u0259aliyy\u0259t m\u0259qs\u0259di r\u0259smi \u015f\u0259kild\u0259 a\u00e7\u0131qlanm\u0131r ki, bu da haql\u0131 olaraq naraz\u0131l\u0131q do\u011furur. Avropadan \u00fc\u00e7 il m\u00fcdd\u0259tind\u0259 g\u0259lib Az\u0259rbaycan-Erm\u0259nistan-\u0130ran s\u0259rh\u0259dl\u0259rind\u0259 n\u0259yis\u0259 axtarmaq \u0259lb\u0259tt\u0259, \u015f\u00fcbh\u0259 d\u0259 do\u011furacaq, narahatl\u0131q da. B\u0259ri ba\u015fdan dey\u0259k ki, \u015fok v\u0259ziyy\u0259tind\u0259n ay\u0131lmayan \u0130ran h\u0259l\u0259 bu m\u0259s\u0259l\u0259y\u0259 he\u00e7 bir fikir bildirmir. G\u00f6r\u00fcn\u00fcr, Q\u0259rbin diqq\u0259tini \u00f6z\u00fcn\u0259 \u00e7\u0259km\u0259k ist\u0259mir.<\/p>\n<p>Az\u0259rbaycandan f\u0259rqli olaraq Rusiyan\u0131n narahatl\u0131\u011f\u0131n\u0131n ba\u015fqa b\u00f6y\u00fck s\u0259b\u0259bi var. Rusiya bilir ki, Erm\u0259nistan\u0131 itirir. Onu itirm\u0259kl\u0259 is\u0259 C\u0259nubi Qafqaz\u0131 da itir\u0259c\u0259kdir. \u00a0Erm\u0259nistan art\u0131q Q\u0259rb\u0259 inteqrasiyaedir. S\u0259rh\u0259dl\u0259rimizd\u0259n biz\u0259 sari boylanan missiya he\u00e7 n\u0259yi d\u0259yi\u015fmir. O missiya he\u00e7 bir halda hans\u0131sa ikit\u0259r\u0259fli m\u00fcnasib\u0259tl\u0259rd\u0259 effektiv rol oynaya bilm\u0259z. Bu, sad\u0259c\u0259 olaraq beyn\u0259lxalq al\u0259md\u0259 r\u0259y formala\u015fd\u0131r\u0131r ki, guya Erm\u0259nistan Az\u0259rbaycan t\u0259r\u0259find\u0259n t\u0259cav\u00fcz\u0259 m\u0259ruz qala bil\u0259r. Eyni zamanda, bel\u0259 bir missiya \u015f\u0259rti s\u0259rh\u0259dd\u0259 oldu\u011fu halda iki d\u00f6vl\u0259t aras\u0131nda s\u0259rh\u0259dl\u0259rin delimitasiyas\u0131 v\u0259 demarkasiyas\u0131 prosesi gecikm\u0259si qa\u00e7\u0131lmaz olacaq. Dig\u0259r t\u0259r\u0259fd\u0259n, ehtimal olunur ki, Avropa \u0130ttifaq\u0131 m\u00fc\u015fahid\u0259 missiyas\u0131 vasit\u0259sil\u0259 Erm\u0259nistan s\u0259rh\u0259dind\u0259 Az\u0259rbaycana qar\u015f\u0131 hans\u0131sa casusluq \u0259m\u0259ll\u0259rini d\u0259 h\u0259yata ke\u00e7irir. \u00c7\u00fcnki \u0259vv\u0259ll\u0259r buna rast g\u0259linmi\u015fdi. Casus-m\u00fc\u015fahid\u0259\u00e7il\u0259r Az\u0259rbaycan\u0131n \u00f6z s\u0259rh\u0259dinin m\u00fcdafi\u0259si \u00fc\u00e7\u00fcn c\u0259ml\u0259\u015fdirdiyi h\u0259rbi potensial\u0131 \u00f6yr\u0259nm\u0259y\u0259 \u00e7al\u0131\u015f\u0131rlar. Bu, \u0259lb\u0259tt\u0259, xo\u015f niyy\u0259td\u0259n x\u0259b\u0259r vermir.<\/p>\n<p>A\u0130-nin m\u0259lum q\u0259rar\u0131nda h\u00fcquqi bax\u0131mdan yanl\u0131\u015fl\u0131q olmasa da, \u015f\u00fcbh\u0259siz ki, h\u0259rbi-siyasi n\u00f6qteyi-n\u0259z\u0259rd\u0259n bu, Az\u0259rbaycan\u0131n\u00a0 n\u00fcfuzuna x\u0259l\u0259l g\u0259tirm\u0259k c\u0259hdidir. Az\u0259rbaycan m\u0259hz buna g\u00f6r\u0259 h\u0259min missiyan\u0131n burada yerl\u0259\u015fm\u0259sin\u0259 etiraz edir. Dig\u0259r t\u0259r\u0259fd\u0259n, bel\u0259 missiyalar bir \u00e7ox hallarda \u0259ks t\u0259r\u0259f\u0259 qar\u015f\u0131 k\u0259\u015ffiyyat \u0259m\u0259liyyatlar\u0131 da apara bil\u0259r. Az\u0259rbaycan t\u0259r\u0259fi d\u0259f\u0259l\u0259rl\u0259 Avropa \u0130ttifaq\u0131 m\u00fc\u015fahid\u0259\u00e7il\u0259rini ittiham edib ki, onlar s\u0259rh\u0259dd\u0259 k\u0259\u015ffiyyat \u0259m\u0259liyyat\u0131 apar\u0131rlar.<\/p>\n<p>Bu bar\u0259d\u0259 Rusiyan\u0131n da b\u0259yanatlar\u0131 olub. \u015e\u00fcbh\u0259 ola bilm\u0259z ki, \u201cmissiya\u201d Erm\u0259nistanda dislokasiya olunmu\u015f Rusiya s\u0259rh\u0259d qo\u015funlar\u0131n\u0131n say\u0131, 102-ci h\u0259rbi bazan\u0131n potensiyas\u0131 bar\u0259d\u0259 m\u0259xfi m\u0259lumatlar\u0131 da toplay\u0131r. B\u0259lk\u0259 d\u0259 onlar\u0131n birinci d\u0259r\u0259c\u0259li i\u015fl\u0259ri el\u0259 budur. Art\u0131q rus k\u0259\u015ffiyyat\u0131 bu bar\u0259d\u0259 m\u0259lumatl\u0131d\u0131r. Rusiyan\u0131n \u00a0k\u0259\u015ffiyyat xidm\u0259tinin r\u0259hb\u0259ri Sergey Nar\u0131\u015fkin bu haqda a\u00e7\u0131q dan\u0131\u015f\u0131b.<\/p>\n<p>Kremld\u0259kil\u0259r \u00e7oxdan ba\u015fa d\u00fc\u015f\u00fcbl\u0259r ki, Nikol Pa\u015finyan hakimiyy\u0259ti gerid\u00f6n\u00fc\u015f\u00fc olmayan bir yola \u00e7\u0131x\u0131b. Kremld\u0259kil\u0259ri q\u0259z\u0259bl\u0259ndir\u0259n odur ki, d\u00fcn\u0259n\u0259d\u0259k Rusiyan\u0131n hesab\u0131na c\u0259nn\u0259t h\u0259yat\u0131 ya\u015fayan erm\u0259nil\u0259r g\u00f6zl\u0259nim\u0259z bir m\u0259qamda-Rusiya Ukrayna il\u0259 m\u00fcharib\u0259y\u0259 ba\u015flayanda onu meydanda t\u0259k qoyub Q\u0259rb\u0259 \u00fcz tutdular. Q\u0259rbli a\u011falar\u0131n\u0131n \u00e7\u0259km\u0259l\u0259rini qucaqlad\u0131lar. H\u0259tta indiy\u0259d\u0259k Rusiya \u201cb\u0259lk\u0259 qay\u0131td\u0131\u201d dey\u0259 Erm\u0259nistanla m\u00fclayim davransa da r\u0259smi \u0130r\u0259van yen\u0259 d\u0259 ke\u00e7mi\u015f a\u011fas\u0131na s\u0259rt t\u0259pki g\u00f6st\u0259rir, ona d\u00fc\u015fm\u0259n m\u00fcnasib\u0259tl\u0259rini s\u0259rgil\u0259yir. Son g\u00fcnl\u0259rd\u0259 Rusiya xarici i\u015fl\u0259r naziri Sergey Lavrov Erm\u0259nistan\u0131n xarici i\u015fl\u0259r naziri Ararat Mirzoyan\u0131 Moskvaya \u00e7a\u011f\u0131raraq h\u0259d\u0259-qorxu g\u0259ls\u0259 d\u0259 Pa\u015finyan v\u0259 komandas\u0131 vecl\u0259rin\u0259 almad\u0131lar. Sergey Lavrov g\u00f6r\u00fc\u015fd\u0259 x\u0259b\u0259rdarl\u0131q\u00a0 ed\u0259r\u0259k bildirmi\u015fdi ki, Erm\u0259nistan hakimiyy\u0259tinin yaramaz davran\u0131\u015flar\u0131 onlar \u00fc\u00e7\u00fcn f\u0259lak\u0259tli n\u0259tic\u0259l\u0259r\u0259 g\u0259tirib \u00e7\u0131xara bil\u0259r.<\/p>\n<p>Ancaq Erm\u0259nistan AB\u015e-a v\u0259 Q\u0259rb\u0259 g\u00fcv\u0259ndiyi \u00fc\u00e7\u00fcn bunlar\u0131 qulaqard\u0131na vurur, saymazl\u0131\u011f\u0131n\u0131 n\u00fcmayi\u015f etdirir. O biri yandan da Q\u0259rb Erm\u0259nistanda \u0259sl m\u0259qs\u0259di v\u0259 plan\u0131 bilinm\u0259y\u0259n yar\u0131mh\u0259rbi missiyan\u0131 saxlamaqla Nikol Pa\u015finyana a\u00e7\u0131qca deyir ki, \u201dqorxma, m\u0259n s\u0259ninl\u0259y\u0259m.\u201d<\/p>\n<p><strong>V\u0259li \u0130lyasov, \u201c\u0130ki sahil\u201d<\/strong><\/p>\n","protected":false},"excerpt":{"rendered":"<p>Az\u0259rbaycan m\u0259tbuat\u0131 bunu \u201cbinokl diplomatiyas\u0131\u201d da adland\u0131r\u0131r Avropa \u0130ttifaq\u0131 m\u00fc\u015fahid\u0259\u00e7i missiyas\u0131 ad\u0131 alt\u0131nda Erm\u0259nistan s\u0259rh\u0259dl\u0259rind\u0259 yerl\u0259\u015fdirdiyi m\u00fcxt\u0259lif t\u0259iyanatl\u0131 h\u0259rbi m\u00fct\u0259x\u0259ssisl\u0259r qrupunun orada saxlanmas\u0131 m\u00fcdd\u0259tini 2027-ci ilin fevral ay\u0131n\u0131n 19-d\u0259k uzad\u0131b. C\u0259mi iki il \u00fc\u00e7\u00fcn missiyan\u0131n saxlanmas\u0131na 44 milyon avro da ayr\u0131l\u0131b. Varl\u0131\u011fa n\u0259 darl\u0131q&#8230; S\u0131zan m\u0259lumata g\u00f6r\u0259, missiyan\u0131n t\u0259rkibind\u0259 ke\u00e7mi\u015f h\u0259rb\u00e7il\u0259r, jandarmlar, kartoqraflar, topoqraflar, t\u0259limat\u00e7\u0131lar v\u0259 s. var. Q\u0131saca des\u0259k, m\u0259qs\u0259dl\u0259rini realla\u015fd\u0131rmaq \u00fc\u00e7\u00fcn onu laz\u0131mi kadrlarla komplektl\u0259\u015fdiribl\u0259r.\u00a0 Onlar\u0131n s\u0259rh\u0259dl\u0259rd\u0259 yerl\u0259\u015fdirilm\u0259sin\u0259 h\u0259m Az\u0259rbaycan, h\u0259m d\u0259 Rusiya\u00a0 d\u0259f\u0259l\u0259rl\u0259 \u00f6z narahatl\u0131qlar\u0131n\u0131 bildirib. \u00c7\u00fcnki m\u00fc\u015fahid\u0259\u00e7il\u0259rin f\u0259aliyy\u0259t m\u0259qs\u0259di r\u0259smi \u015f\u0259kild\u0259 a\u00e7\u0131qlanm\u0131r ki, bu da haql\u0131&hellip;<\/p>\n","protected":false},"author":2,"featured_media":784967,"comment_status":"closed","ping_status":"closed","sticky":false,"template":"","format":"standard","meta":{"om_disable_all_campaigns":false,"_monsterinsights_skip_tracking":false,"_monsterinsights_sitenote_active":false,"_monsterinsights_sitenote_note":"","_monsterinsights_sitenote_category":0},"categories":[19],"tags":[],"aioseo_notices":[],"gutentor_comment":0,"rttpg_featured_image_url":{"full":["https:\/\/arantv.az\/wp-content\/uploads\/2025\/02\/3f5ee243173805398028197575710605947.jpg",975,540,false],"landscape":["https:\/\/arantv.az\/wp-content\/uploads\/2025\/02\/3f5ee243173805398028197575710605947.jpg",975,540,false],"portraits":["https:\/\/arantv.az\/wp-content\/uploads\/2025\/02\/3f5ee243173805398028197575710605947.jpg",975,540,false],"thumbnail":["https:\/\/arantv.az\/wp-content\/uploads\/2025\/02\/3f5ee243173805398028197575710605947-500x280.jpg",500,280,true],"medium":["https:\/\/arantv.az\/wp-content\/uploads\/2025\/02\/3f5ee243173805398028197575710605947-660x365.jpg",660,365,true],"large":["https:\/\/arantv.az\/wp-content\/uploads\/2025\/02\/3f5ee243173805398028197575710605947-840x465.jpg",640,354,true],"1536x1536":["https:\/\/arantv.az\/wp-content\/uploads\/2025\/02\/3f5ee243173805398028197575710605947.jpg",975,540,false],"2048x2048":["https:\/\/arantv.az\/wp-content\/uploads\/2025\/02\/3f5ee243173805398028197575710605947.jpg",975,540,false],"post-thumbnail":["https:\/\/arantv.az\/wp-content\/uploads\/2025\/02\/3f5ee243173805398028197575710605947-240x172.jpg",240,172,true],"advps-thumb-one":["https:\/\/arantv.az\/wp-content\/uploads\/2025\/02\/3f5ee243173805398028197575710605947.jpg",975,540,false]},"rttpg_author":{"display_name":"V\u00fcsal Rafiqo\u011flu","author_link":"https:\/\/arantv.az\/?author=2"},"rttpg_comment":0,"rttpg_category":"<a href=\"https:\/\/arantv.az\/?cat=19\" rel=\"category\">G\u00fcnd\u0259m<\/a>","rttpg_excerpt":"Az\u0259rbaycan m\u0259tbuat\u0131 bunu \u201cbinokl diplomatiyas\u0131\u201d da adland\u0131r\u0131r Avropa \u0130ttifaq\u0131 m\u00fc\u015fahid\u0259\u00e7i missiyas\u0131 ad\u0131 alt\u0131nda Erm\u0259nistan s\u0259rh\u0259dl\u0259rind\u0259 yerl\u0259\u015fdirdiyi m\u00fcxt\u0259lif t\u0259iyanatl\u0131 h\u0259rbi m\u00fct\u0259x\u0259ssisl\u0259r qrupunun orada saxlanmas\u0131 m\u00fcdd\u0259tini 2027-ci ilin fevral ay\u0131n\u0131n 19-d\u0259k uzad\u0131b. C\u0259mi iki il \u00fc\u00e7\u00fcn missiyan\u0131n saxlanmas\u0131na 44 milyon avro da ayr\u0131l\u0131b. Varl\u0131\u011fa n\u0259 darl\u0131q&#8230; S\u0131zan m\u0259lumata g\u00f6r\u0259, missiyan\u0131n t\u0259rkibind\u0259 ke\u00e7mi\u015f h\u0259rb\u00e7il\u0259r, jandarmlar, kartoqraflar, topoqraflar, t\u0259limat\u00e7\u0131lar&hellip;","_links":{"self":[{"href":"https:\/\/arantv.az\/index.php?rest_route=\/wp\/v2\/posts\/784966"}],"collection":[{"href":"https:\/\/arantv.az\/index.php?rest_route=\/wp\/v2\/posts"}],"about":[{"href":"https:\/\/arantv.az\/index.php?rest_route=\/wp\/v2\/types\/post"}],"author":[{"embeddable":true,"href":"https:\/\/arantv.az\/index.php?rest_route=\/wp\/v2\/users\/2"}],"replies":[{"embeddable":true,"href":"https:\/\/arantv.az\/index.php?rest_route=%2Fwp%2Fv2%2Fcomments&post=784966"}],"version-history":[{"count":2,"href":"https:\/\/arantv.az\/index.php?rest_route=\/wp\/v2\/posts\/784966\/revisions"}],"predecessor-version":[{"id":784969,"href":"https:\/\/arantv.az\/index.php?rest_route=\/wp\/v2\/posts\/784966\/revisions\/784969"}],"wp:featuredmedia":[{"embeddable":true,"href":"https:\/\/arantv.az\/index.php?rest_route=\/wp\/v2\/media\/784967"}],"wp:attachment":[{"href":"https:\/\/arantv.az\/index.php?rest_route=%2Fwp%2Fv2%2Fmedia&parent=784966"}],"wp:term":[{"taxonomy":"category","embeddable":true,"href":"https:\/\/arantv.az\/index.php?rest_route=%2Fwp%2Fv2%2Fcategories&post=784966"},{"taxonomy":"post_tag","embeddable":true,"href":"https:\/\/arantv.az\/index.php?rest_route=%2Fwp%2Fv2%2Ftags&post=784966"}],"curies":[{"name":"wp","href":"https:\/\/api.w.org\/{rel}","templated":true}]}}