{"id":784970,"date":"2025-02-01T10:37:00","date_gmt":"2025-02-01T06:37:00","guid":{"rendered":"https:\/\/arantv.az\/?p=784970"},"modified":"2025-02-01T10:37:00","modified_gmt":"2025-02-01T06:37:00","slug":"as-pa-da-bohran-gurcustan-da-qapini-cirpib-getdi-az%c9%99rbaycan-is%c9%99","status":"publish","type":"post","link":"https:\/\/arantv.az\/?p=784970","title":{"rendered":"A\u015e PA-da b\u00f6hran &#8211; G\u00fcrc\u00fcstan da qap\u0131n\u0131 \u00e7\u0131rp\u0131b getdi, Az\u0259rbaycan is\u0259&#8230;"},"content":{"rendered":"<p><strong>X\u0259b\u0259r verildiyi kimi, A\u015e PA-n\u0131n son q\u0131\u015f sessiyas\u0131nda G\u00fcrc\u00fcstan\u0131n s\u0259s h\u00fcququ saxlansa da, \u00f6lk\u0259 bu qurumda \u00f6z f\u0259aliyy\u0259tini dondurub. S\u0259b\u0259b q\u0259bul edil\u0259n q\u0259r\u0259zli q\u0259tnam\u0259d\u0259 r\u0259smi Tiflisd\u0259n yeni parlament se\u00e7kil\u0259ri ke\u00e7irm\u0259yin t\u0259l\u0259b edilm\u0259sidir. G\u00fcrc\u00fcstan\u0131n ba\u015f naziri \u0130rakli Kobaxidze bu q\u0259tnam\u0259ni \u201cabsurd\u201d adland\u0131r\u0131b.<\/strong><\/p>\n<p>\u201cBu q\u0259rar Avropa b\u00fcrokratiyas\u0131n\u0131n kifay\u0259t q\u0259d\u0259r \u00e7\u0259tin v\u0259ziyy\u0259td\u0259 oldu\u011funu g\u00f6st\u0259rir. Bu h\u0259m Br\u00fcssel\u0259, h\u0259m d\u0259 Strasburqa aiddir. Bunun \u0259n son t\u0259zah\u00fcr\u00fc is\u0259 g\u00f6rd\u00fcy\u00fcm\u00fcz \u0259dal\u0259tsizlik oldu. H\u0259tta \u0259dal\u0259tsizlikd\u0259n d\u0259 \u00e7ox, bu, tamamil\u0259 absurd q\u0259rar idi\u201d, &#8211; Kobaxidze yerli TV-y\u0259 m\u00fcsahib\u0259sind\u0259 deyib. Onun s\u00f6zl\u0259rin\u0259 g\u00f6r\u0259, G\u00fcrc\u00fcstana m\u00fcnasib\u0259t d\u0259yi\u015f\u0259rs\u0259, A\u015ePA-da i\u015f\u0259 qay\u0131dacaq: \u201cLakin haz\u0131rk\u0131 v\u0259ziyy\u0259td\u0259 \u201d\u0259lb\u0259tt\u0259 ki, orada i\u015fl\u0259m\u0259yin m\u0259nas\u0131 yoxdur. Eyni zamanda, \u00f6lk\u0259 Avropa \u015euras\u0131n\u0131n \u00fczv\u00fc olaraq qal\u0131r v\u0259 \u0259m\u0259kda\u015fl\u0131\u011fa haz\u0131rd\u0131r&#8221;.<\/p>\n<p>Bel\u0259c\u0259, Az\u0259rbaycandan sonra G\u00fcrc\u00fcstan da bu m\u0259nas\u0131z qurumu faktiki t\u0259rk etdi. S\u0131ra hans\u0131 \u00f6lk\u0259d\u0259? N\u0259d\u0259n A\u015e PA d\u0259rn\u0259k tipli quruma \u00e7evrilm\u0259kd\u0259dir? Az\u0259rbaycan v\u0259 G\u00fcrc\u00fcstan\u0131n bu m\u0259s\u0259l\u0259d\u0259 ortaq add\u0131mlar atmas\u0131 m\u00fcmk\u00fcnd\u00fcrm\u00fc? Bu arada Avropa \u015euras\u0131 Nazirl\u0259r Komit\u0259sinin s\u0259dri, L\u00fcksemburqun ba\u015f naziri Ly\u00fck Friden A\u015e PA-n\u0131n q\u0131\u015f sessiyas\u0131ndak\u0131 \u00e7\u0131x\u0131\u015f\u0131nda bildirib ki, Az\u0259rbaycan islahatlar\u0131n h\u0259yata ke\u00e7irilm\u0259si zaman\u0131 Avropa \u015euras\u0131n\u0131n d\u0259st\u0259yind\u0259n faydalan\u0131b v\u0259 Strasburq bunu etm\u0259k \u00fc\u00e7\u00fcn Az\u0259rbaycan\u0131 t\u0259\u015fviq etm\u0259y\u0259 davam etm\u0259k fikrind\u0259dir. Friden h\u0259m\u00e7inin deyib: \u201cHesab edir\u0259m ki, Avropa \u015euras\u0131n\u0131n m\u00fcsb\u0259t aspektl\u0259rind\u0259n biri Az\u0259rbaycan n\u00fcmay\u0259nd\u0259l\u0259ril\u0259 \u00fcnsiyy\u0259t, fikir m\u00fcbadil\u0259si \u00fc\u00e7\u00fcn kanald\u0131r, insan h\u00fcquqlar\u0131n\u0131 nec\u0259 t\u0259\u015fviq etdiyimizi v\u0259 \u00f6z \u00f6lk\u0259l\u0259rimizd\u0259 h\u0259yata ke\u00e7irdiyimizi n\u00fcmayi\u015f etdirm\u0259kdir\u201d. Onun s\u00f6zl\u0259rin\u0259 g\u00f6r\u0259, bu kanallar\u0131 \u201ca\u00e7\u0131q\u201d saxlamaq vacibdir. \u201cBiz ist\u0259nil\u0259n dig\u0259r \u00f6lk\u0259 kimi, Az\u0259rbaycan hakimiyy\u0259til\u0259 d\u0259 dialoqun q\u0259ti t\u0259r\u0259fdar\u0131y\u0131q v\u0259 onlar\u0131 Avropa \u015euras\u0131n\u0131n t\u0259sis s\u0259n\u0259dl\u0259rind\u0259 t\u0259sbit olunmu\u015f b\u00fct\u00fcn prinsipl\u0259r\u0259 h\u00f6rm\u0259t etm\u0259y\u0259 \u00e7a\u011f\u0131r\u0131r\u0131q\u201d, &#8211; Friden \u0259lav\u0259 edib.\u00a0 Bak\u0131-A\u015e \u0259laq\u0259l\u0259rinin tezlikl\u0259 sahmana d\u00fc\u015fm\u0259si m\u00fcmk\u00fcn g\u00f6r\u00fcn\u00fcrm\u00fc?<\/p>\n<p><img src=\"https:\/\/apa.az\/storage\/news\/2020\/november\/06\/big\/1604663381969_7eC4g5o1.jpg\" alt=\"Hikm\u0259t Babao\u011flu: &quot;Az\u0259rbaycan d\u00fcnya siyas\u0259tinin g\u00fcnd\u0259mini m\u00fc\u0259yy\u0259n ed\u0259n  \u00f6lk\u0259l\u0259rd\u0259n birin\u0259 \u00e7evirilm\u0259kd\u0259dir&quot;\" \/><\/p>\n<p>Milli M\u0259clisin deputat\u0131 Hikm\u0259t Babao\u011flu \u201cYeni M\u00fcsavat\u201da bildirdi ki, A\u015ePA \u00fczv d\u00f6vl\u0259tl\u0259r\u0259 d\u00f6vl\u0259t \u00fcst\u00fc qurum kimi davranma\u011fa \u00e7al\u0131\u015f\u0131r: \u201cAmma he\u00e7 bir beyn\u0259lxalq t\u0259\u015fkilat d\u00f6vl\u0259t \u00fcst\u00fc qurum deyil. \u00c7\u00fcnki d\u00f6vl\u0259t milli irad\u0259nin t\u0259c\u0259llisidir v\u0259 h\u0259r hans\u0131 beyn\u0259lxalq t\u0259\u015fkilat milli irad\u0259d\u0259n \u00fcst\u00fcn ola bilm\u0259z. Beyn\u0259lxalq t\u0259\u015fkilatlar sad\u0259c\u0259 b\u0259rab\u0259rh\u00fcquqlu t\u0259r\u0259fda\u015fl\u0131q m\u0259kan\u0131d\u0131r. Ancaq \u00e7ox t\u0259\u0259ss\u00fcf ki, Az\u0259rbaycandan sonra G\u00fcrc\u00fcstana qar\u015f\u0131 da A\u015ePA-n\u0131n q\u0259r\u0259zli davranmas\u0131 A\u015ePA-n\u0131n \u00f6z\u00fcn\u00fc d\u00f6vl\u0259t\u00fcst\u00fc qurum kimi g\u00f6rm\u0259yind\u0259n ir\u0259li g\u0259lir. Bu, n\u0259 A\u015ePA-n\u0131n nizamnam\u0259sind\u0259, n\u0259 d\u0259 bu qurumun d\u0259y\u0259rl\u0259r prinsipind\u0259 \u0259ks olunmayan m\u0259s\u0259l\u0259l\u0259rdir. Bir xalq \u00f6z irad\u0259sini ifad\u0259 ed\u0259r\u0259k \u00f6z milli h\u00f6kum\u0259tini m\u00fc\u0259yy\u0259nl\u0259\u015fdirib. He\u00e7 bir beyn\u0259lxalq t\u0259\u015fkilat xalq\u0131n irad\u0259si \u00fcz\u0259rind\u0259 imperativ m\u00f6vqe qurub onun irad\u0259sini tan\u0131maya bilm\u0259z\u201d.<\/p>\n<p>Deputat\u0131n s\u00f6zl\u0259rin\u0259 g\u00f6r\u0259, A\u015ePA G\u00fcrc\u00fcstanda bunu ist\u0259yir: \u201cDeyir ki, \u201dsiz se\u00e7kil\u0259rin yenid\u0259n ke\u00e7irilm\u0259si il\u0259 ba\u011fl\u0131 q\u0259rar q\u0259bul edin, sonra biz sizinl\u0259 ba\u011fl\u0131 m\u00f6vqeyimizi d\u0259yi\u015f\u0259k&#8221;. \u018flb\u0259tt\u0259 ki, bu, yolverilm\u0259zdir. Ona g\u00f6r\u0259 do\u011frudan da absurd bir m\u00f6vqedir. Az\u0259rbaycana qar\u015f\u0131 m\u00fcnasib\u0259td\u0259 d\u0259 A\u015ePA eyni \u015f\u0259kild\u0259 davrand\u0131. A\u015ePA Avropa \u0130ttifaq\u0131n\u0131n insan h\u00fcquqlar\u0131 \u00fczr\u0259 ixtisasla\u015fm\u0131\u015f \u015euras\u0131n\u0131n struktur vahididir. Az\u0259rbaycan A\u015ePA-n\u0131n d\u0259y\u0259rl\u0259rin\u0259 v\u0259 beyn\u0259lxalq h\u00fcquqa istinad ed\u0259r\u0259k \u00f6lk\u0259mizd\u0259 bir milyona yax\u0131n m\u0259cburi k\u00f6\u00e7k\u00fcn\u00fcn h\u00fcquqlar\u0131n\u0131 b\u0259rpa etdi. 2023-c\u00fc ild\u0259 is\u0259 Az\u0259rbaycan\u0131n suveren h\u00fcquqlar\u0131n\u0131 b\u0259rpa etdi. Bunun h\u0259r ikisi insan h\u00fcquqlar\u0131 hadis\u0259sidir v\u0259 milli d\u00f6vl\u0259tin \u00f6z h\u00fcquqlar\u0131n\u0131 b\u0259rpa etm\u0259si hadis\u0259sidir. A\u015ePA do\u011frudan da h\u00fcququ \u0259sas prinsip kimi q\u0259bul edirs\u0259 o zaman Az\u0259rbaycana bir t\u0259\u015f\u0259kk\u00fcrnam\u0259 g\u00f6nd\u0259rm\u0259li idi ki, n\u0259 yax\u015f\u0131 bizim d\u0259 d\u0259y\u0259rl\u0259rimiz olan insan h\u00fcquqlar\u0131n\u0131 b\u0259rpa etdiniz, 750 mind\u0259n \u00e7ox insan\u0131 \u00f6z ata baba yurdlar\u0131na qaytar\u0131rs\u0131n\u0131z, A\u015ePA bunu alq\u0131\u015flay\u0131r. \u00c7ox t\u0259\u0259ss\u00fcf ki, A\u015ePA Az\u0259rbaycana m\u00fcnasib\u0259td\u0259 d\u0259 d\u00f6vl\u0259t\u00fcst\u00fc qurum kimi davranma\u011fa c\u0259hd ed\u0259r\u0259k onun beyn\u0259lxalq h\u00fcquqa uy\u011fun q\u0259l\u0259b\u0259ni h\u0259zm el\u0259y\u0259 bilm\u0259di. \u018flb\u0259tt\u0259 Az\u0259rbaycan b\u00fct\u00fcn beyn\u0259lxalq t\u0259\u015fkilatlarla \u0259m\u0259kda\u015fl\u0131\u011fa haz\u0131rd\u0131r. O c\u00fcml\u0259d\u0259n A\u015ePA il\u0259 m\u00fcnasib\u0259tl\u0259ri yenid\u0259n b\u0259rpa etm\u0259y\u0259 haz\u0131rd\u0131r, \u0259g\u0259r A\u015ePA da bunda maraql\u0131 olarsa. \u018fks t\u0259qdird\u0259 Az\u0259rbaycan\u0131n A\u015ePA-ya qay\u0131d\u0131b-qay\u0131tmamas\u0131 Az\u0259rbaycan \u00fc\u00e7\u00fcn he\u00e7 n\u0259yi d\u0259yi\u015fm\u0259y\u0259c\u0259k. \u015e\u00fcbh\u0259siz ki, m\u0259sl\u0259h\u0259tl\u0259\u015fm\u0259l\u0259r apar\u0131l\u0131b A\u015ePA-ya m\u00fcnasib\u0259td\u0259 G\u00fcrc\u00fcstan-Az\u0259rbaycan add\u0131mlar\u0131 m\u00fczakir\u0259 edil\u0259 bil\u0259r&#8221;.<\/p>\n<p><img src=\"https:\/\/azertag.az\/files\/2022\/1\/1200x630\/16463974353567346438_1200x630.jpg\" alt=\"S\u0259bin\u0259 Salmanova: \u00d6lk\u0259mizd\u0259 siyasi partiyalar h\u0259mr\u0259ylik n\u00fcmayi\u015f etdirirl\u0259r  - AZ\u018fRTAC\" \/><\/p>\n<p><strong>Deputat S\u0259bin\u0259 Salmanova \u201cYeni M\u00fcsavat\u201da bildirdi ki, Avropada v\u0259 d\u00fcnyadak\u0131 b\u0259zi q\u0259r\u0259zli, \u0259dal\u0259tsiz t\u0259sisatlar kimi, Avropa \u015euras\u0131 v\u0259 onun Parlament Assambleyas\u0131 da Az\u0259rbaycan\u0131n q\u0259l\u0259b\u0259l\u0259rini, son zamanlar qazand\u0131\u011f\u0131 tarixi u\u011furlar\u0131n\u0131 q\u0259bul ed\u0259 bilmir:<\/strong>\u00a0\u201c\u0130ll\u0259rdir ki, b\u0259zi Q\u0259rb dair\u0259l\u0259rinin \u0259lind\u0259 al\u0259t olan bu qurumdan \u00f6lk\u0259miz\u0259 qar\u015f\u0131 \u0259sass\u0131z t\u0259nqidl\u0259r v\u0259 b\u00f6htan s\u0259sl\u0259ndirm\u0259k \u00fc\u00e7\u00fcn istifad\u0259 edilir\u201d. Onun s\u00f6zl\u0259rin\u0259 g\u00f6r\u0259, 2001-ci ild\u0259 Az\u0259rbaycan\u0131n Avropa \u015euras\u0131na \u00fczv olark\u0259n \u0259sas m\u0259qs\u0259dl\u0259rind\u0259n biri bu idi ki, t\u0259\u015fkilat i\u015f\u011fal fakt\u0131na ayd\u0131n v\u0259 q\u0259tiyy\u0259tli reaksiya versin, ona son qoyulmas\u0131 \u00fc\u00e7\u00fcn Erm\u0259nistana qar\u015f\u0131 konkret add\u0131mlar at\u0131ls\u0131n: \u201cBu, Az\u0259rbaycan\u0131n Avropa \u015euras\u0131ndan \u0259sas g\u00f6zl\u0259ntil\u0259ri idi. Lakin faktiki olaraq bizim Avropa \u015euras\u0131ndan g\u00f6zl\u0259ntil\u0259rimiz \u00f6z\u00fcn\u00fc do\u011frultmad\u0131. 2001-ci ild\u0259n 2020-ci il\u0259 q\u0259d\u0259r olan 19 il \u0259rzind\u0259 A\u015ePA Erm\u0259nistandan qurumun \u0259sas d\u0259y\u0259r v\u0259 prinsipl\u0259rin\u0259 zidd h\u0259r\u0259k\u0259tl\u0259rin\u0259 g\u00f6r\u0259 cavab verm\u0259yi t\u0259l\u0259b etm\u0259di. Burada s\u00f6hb\u0259t x\u00fcsusil\u0259 etnik t\u0259mizl\u0259m\u0259y\u0259 m\u0259ruz qalm\u0131\u015f az\u0259rbaycanl\u0131 qa\u00e7q\u0131n v\u0259 m\u0259cburi k\u00f6\u00e7k\u00fcnl\u0259rin insan haqlar\u0131na qar\u015f\u0131 a\u00e7\u0131q-a\u015fkar h\u00f6rm\u0259tsizlikd\u0259n gedir. Uzun ill\u0259r \u0259rzind\u0259 A\u015ePA Erm\u0259nistan\u0131n \u00f6lk\u0259miz\u0259 qar\u015f\u0131 t\u0259cav\u00fcz\u00fc v\u0259 \u0259razil\u0259rin i\u015f\u011fal\u0131 fakt\u0131na qar\u015f\u0131 he\u00e7 bir t\u0259dbir g\u00f6rm\u0259di, yaln\u0131z ara s\u0131ra he\u00e7 bir h\u00fcquqi \u00e7\u0259kisi olmayan b\u0259yanatlar v\u0259 q\u0259rarlar verm\u0259kl\u0259 kifay\u0259tl\u0259ndi. Halbuki, bir quruma \u00fczv olan iki \u00f6lk\u0259d\u0259n birinin dig\u0259rinin \u0259razisini i\u015f\u011fal etm\u0259si fakt\u0131na g\u00f6r\u0259 \u0259n az\u0131ndan i\u015f\u011fal\u00e7\u0131n\u0131n s\u0259s h\u00fcququ \u0259lind\u0259n al\u0131na bil\u0259rdi. Ancaq biz Erm\u0259nistana qar\u015f\u0131 h\u0259r hans\u0131 bir sanksiyan\u0131n \u015fahidi olmad\u0131q. Bel\u0259 olan halda A\u015ePA kimi ikili standartlar, qarayaxma v\u0259 l\u0259k\u0259l\u0259m\u0259 n\u00fcmun\u0259sinin t\u00fc\u011fyan etdiyi bir t\u0259\u015fkilat Az\u0259rbaycan\u0131n n\u0259yin\u0259 laz\u0131md\u0131r? \u018flb\u0259tt\u0259 ki, he\u00e7 n\u0259yin\u0259!\u201d<\/p>\n<p><strong>S.Salmanova qeyd etdi ki, Az\u0259rbaycan \u00f6z\u00fcn\u0259 h\u00f6rm\u0259t ed\u0259n, \u00f6z milli maraqlar\u0131n\u0131 qoruyan v\u0259 dig\u0259r \u00f6lk\u0259l\u0259rd\u0259n\u00a0 v\u0259 t\u0259\u015fkilatlardan da bunu g\u00f6zl\u0259y\u0259n d\u00f6vl\u0259tdir:\u00a0<\/strong>\u00a0\u201c\u00d6lk\u0259miz b\u00fct\u00fcn beyn\u0259lxalq t\u0259\u015fkilatlarla sa\u011flam \u0259m\u0259kda\u015fl\u0131q etm\u0259k ist\u0259yir v\u0259 bu istiqam\u0259td\u0259 z\u0259ruri add\u0131mlar at\u0131r. Hesab edir\u0259m ki, A\u015ePA Az\u0259rbaycan\u0131 etm\u0259diyi \u015feyl\u0259r\u0259 ittiham el\u0259m\u0259s\u0259, \u00f6lk\u0259miz\u0259 qar\u015f\u0131 normal m\u00fcnasib\u0259t g\u00f6st\u0259rs\u0259, biziml\u0259 hesabla\u015fsa, \u00f6lk\u0259miz bu t\u0259\u015fkilatla \u0259laq\u0259l\u0259rin b\u0259rpa edilm\u0259si m\u0259s\u0259l\u0259sini n\u0259z\u0259rd\u0259n ke\u00e7ir\u0259 bil\u0259r. \u018fks t\u0259qdird\u0259, biz\u0259 qar\u015f\u0131\u00a0 normal m\u00fcnasib\u0259t g\u00f6st\u0259rm\u0259y\u0259c\u0259kl\u0259rs\u0259, m\u00f6vcud reall\u0131\u011f\u0131 q\u0259bul etm\u0259y\u0259c\u0259kl\u0259rs\u0259 biz o t\u0259\u015fkilatla nec\u0259 m\u00fcnasib\u0259tl\u0259ri b\u0259rpa ed\u0259k?! G\u00f6r\u00fcn\u0259n odur ki, A\u015ePA-n\u0131n destruktiv siyas\u0259ti onu g\u00f6zd\u0259n sal\u0131r v\u0259 t\u0259\u015fkilata inam\u0131 s\u0131fra endirir. \u00d6lk\u0259miz h\u0259r zaman \u0259dal\u0259tin t\u0259r\u0259find\u0259dir. Az\u0259rbaycana qar\u015f\u0131 t\u0259hdid, qarayaxama kampaniyas\u0131 q\u0259bulolunmazd\u0131r. Biz milli maraqlar\u0131m\u0131z\u0131 m\u00fcdafi\u0259 ed\u0259c\u0259yik, he\u00e7 kimin maraqlar\u0131yla \u00f6z siyas\u0259timizi t\u0259\u015fkil etm\u0259y\u0259c\u0259yik. Prezident \u0130lham \u018fliyevin bildirdiyi kimi, bizim siyas\u0259timiz\u0259 ancaq Az\u0259rbaycan xalq\u0131, onun irad\u0259si t\u0259sir ed\u0259 bil\u0259r\u201d.<\/p>\n","protected":false},"excerpt":{"rendered":"<p>X\u0259b\u0259r verildiyi kimi, A\u015e PA-n\u0131n son q\u0131\u015f sessiyas\u0131nda G\u00fcrc\u00fcstan\u0131n s\u0259s h\u00fcququ saxlansa da, \u00f6lk\u0259 bu qurumda \u00f6z f\u0259aliyy\u0259tini dondurub. S\u0259b\u0259b q\u0259bul edil\u0259n q\u0259r\u0259zli q\u0259tnam\u0259d\u0259 r\u0259smi Tiflisd\u0259n yeni parlament se\u00e7kil\u0259ri ke\u00e7irm\u0259yin t\u0259l\u0259b edilm\u0259sidir. G\u00fcrc\u00fcstan\u0131n ba\u015f naziri \u0130rakli Kobaxidze bu q\u0259tnam\u0259ni \u201cabsurd\u201d adland\u0131r\u0131b. \u201cBu q\u0259rar Avropa b\u00fcrokratiyas\u0131n\u0131n kifay\u0259t q\u0259d\u0259r \u00e7\u0259tin v\u0259ziyy\u0259td\u0259 oldu\u011funu g\u00f6st\u0259rir. Bu h\u0259m Br\u00fcssel\u0259, h\u0259m d\u0259 Strasburqa aiddir. Bunun \u0259n son t\u0259zah\u00fcr\u00fc is\u0259 g\u00f6rd\u00fcy\u00fcm\u00fcz \u0259dal\u0259tsizlik oldu. H\u0259tta \u0259dal\u0259tsizlikd\u0259n d\u0259 \u00e7ox, bu, tamamil\u0259 absurd q\u0259rar idi\u201d, &#8211; Kobaxidze yerli TV-y\u0259 m\u00fcsahib\u0259sind\u0259 deyib. Onun s\u00f6zl\u0259rin\u0259 g\u00f6r\u0259, G\u00fcrc\u00fcstana m\u00fcnasib\u0259t d\u0259yi\u015f\u0259rs\u0259, A\u015ePA-da i\u015f\u0259 qay\u0131dacaq:&hellip;<\/p>\n","protected":false},"author":2,"featured_media":784971,"comment_status":"closed","ping_status":"closed","sticky":false,"template":"","format":"standard","meta":{"om_disable_all_campaigns":false,"_monsterinsights_skip_tracking":false,"_monsterinsights_sitenote_active":false,"_monsterinsights_sitenote_note":"","_monsterinsights_sitenote_category":0},"categories":[4],"tags":[],"aioseo_notices":[],"gutentor_comment":0,"rttpg_featured_image_url":{"full":["https:\/\/arantv.az\/wp-content\/uploads\/2025\/02\/d0255a8d1a2395825574b643141ea132.jpg",850,500,false],"landscape":["https:\/\/arantv.az\/wp-content\/uploads\/2025\/02\/d0255a8d1a2395825574b643141ea132.jpg",850,500,false],"portraits":["https:\/\/arantv.az\/wp-content\/uploads\/2025\/02\/d0255a8d1a2395825574b643141ea132.jpg",850,500,false],"thumbnail":["https:\/\/arantv.az\/wp-content\/uploads\/2025\/02\/d0255a8d1a2395825574b643141ea132-500x280.jpg",500,280,true],"medium":["https:\/\/arantv.az\/wp-content\/uploads\/2025\/02\/d0255a8d1a2395825574b643141ea132-621x365.jpg",621,365,true],"large":["https:\/\/arantv.az\/wp-content\/uploads\/2025\/02\/d0255a8d1a2395825574b643141ea132-840x494.jpg",640,376,true],"1536x1536":["https:\/\/arantv.az\/wp-content\/uploads\/2025\/02\/d0255a8d1a2395825574b643141ea132.jpg",850,500,false],"2048x2048":["https:\/\/arantv.az\/wp-content\/uploads\/2025\/02\/d0255a8d1a2395825574b643141ea132.jpg",850,500,false],"post-thumbnail":["https:\/\/arantv.az\/wp-content\/uploads\/2025\/02\/d0255a8d1a2395825574b643141ea132-240x172.jpg",240,172,true],"advps-thumb-one":["https:\/\/arantv.az\/wp-content\/uploads\/2025\/02\/d0255a8d1a2395825574b643141ea132.jpg",850,500,false]},"rttpg_author":{"display_name":"V\u00fcsal Rafiqo\u011flu","author_link":"https:\/\/arantv.az\/?author=2"},"rttpg_comment":0,"rttpg_category":"<a href=\"https:\/\/arantv.az\/?cat=4\" rel=\"category\">Siyas\u0259t<\/a>","rttpg_excerpt":"X\u0259b\u0259r verildiyi kimi, A\u015e PA-n\u0131n son q\u0131\u015f sessiyas\u0131nda G\u00fcrc\u00fcstan\u0131n s\u0259s h\u00fcququ saxlansa da, \u00f6lk\u0259 bu qurumda \u00f6z f\u0259aliyy\u0259tini dondurub. S\u0259b\u0259b q\u0259bul edil\u0259n q\u0259r\u0259zli q\u0259tnam\u0259d\u0259 r\u0259smi Tiflisd\u0259n yeni parlament se\u00e7kil\u0259ri ke\u00e7irm\u0259yin t\u0259l\u0259b edilm\u0259sidir. G\u00fcrc\u00fcstan\u0131n ba\u015f naziri \u0130rakli Kobaxidze bu q\u0259tnam\u0259ni \u201cabsurd\u201d adland\u0131r\u0131b. \u201cBu q\u0259rar Avropa b\u00fcrokratiyas\u0131n\u0131n kifay\u0259t q\u0259d\u0259r \u00e7\u0259tin v\u0259ziyy\u0259td\u0259 oldu\u011funu g\u00f6st\u0259rir. Bu h\u0259m Br\u00fcssel\u0259, h\u0259m&hellip;","_links":{"self":[{"href":"https:\/\/arantv.az\/index.php?rest_route=\/wp\/v2\/posts\/784970"}],"collection":[{"href":"https:\/\/arantv.az\/index.php?rest_route=\/wp\/v2\/posts"}],"about":[{"href":"https:\/\/arantv.az\/index.php?rest_route=\/wp\/v2\/types\/post"}],"author":[{"embeddable":true,"href":"https:\/\/arantv.az\/index.php?rest_route=\/wp\/v2\/users\/2"}],"replies":[{"embeddable":true,"href":"https:\/\/arantv.az\/index.php?rest_route=%2Fwp%2Fv2%2Fcomments&post=784970"}],"version-history":[{"count":2,"href":"https:\/\/arantv.az\/index.php?rest_route=\/wp\/v2\/posts\/784970\/revisions"}],"predecessor-version":[{"id":784973,"href":"https:\/\/arantv.az\/index.php?rest_route=\/wp\/v2\/posts\/784970\/revisions\/784973"}],"wp:featuredmedia":[{"embeddable":true,"href":"https:\/\/arantv.az\/index.php?rest_route=\/wp\/v2\/media\/784971"}],"wp:attachment":[{"href":"https:\/\/arantv.az\/index.php?rest_route=%2Fwp%2Fv2%2Fmedia&parent=784970"}],"wp:term":[{"taxonomy":"category","embeddable":true,"href":"https:\/\/arantv.az\/index.php?rest_route=%2Fwp%2Fv2%2Fcategories&post=784970"},{"taxonomy":"post_tag","embeddable":true,"href":"https:\/\/arantv.az\/index.php?rest_route=%2Fwp%2Fv2%2Ftags&post=784970"}],"curies":[{"name":"wp","href":"https:\/\/api.w.org\/{rel}","templated":true}]}}