{"id":784977,"date":"2025-02-01T10:38:47","date_gmt":"2025-02-01T06:38:47","guid":{"rendered":"https:\/\/arantv.az\/?p=784977"},"modified":"2025-02-01T10:38:47","modified_gmt":"2025-02-01T06:38:47","slug":"rusiyadan-sok-real-erm%c9%99nistan-etirafi-sizi-qafqaza-biz-kocurmusuk","status":"publish","type":"post","link":"https:\/\/arantv.az\/?p=784977","title":{"rendered":"Rusiyadan \u015fok \u201creal Erm\u0259nistan\u201d etiraf\u0131 &#8211; \u201cSizi Qafqaza biz k\u00f6\u00e7\u00fcrm\u00fc\u015f\u00fck&#8230;\u201d"},"content":{"rendered":"<p><strong>Dosent Blinovun s\u00f6zl\u0259rin\u0259 g\u00f6r\u0259, haz\u0131rda erm\u0259ni d\u00f6vl\u0259t\u00e7iliyinin taleyi ipd\u0259n as\u0131l\u0131d\u0131r; tarix\u00e7i: \u201cBu faktlar\u0131 g\u00f6rm\u0259zd\u0259n g\u0259lm\u0259k kor olmaq dem\u0259kdir\u201d<\/strong><\/p>\n<p>Rusiya h\u00f6kum\u0259ti yan\u0131nda Maliyy\u0259 Universitetinin dosenti Vladimir Blinov maraql\u0131 a\u00e7\u0131qlama il\u0259 \u00e7\u0131x\u0131\u015f edib. O bildirib ki, erm\u0259nil\u0259ri indiki Erm\u0259nistan\u0131n \u0259razil\u0259rin\u0259 Rusiya \u0130ran v\u0259 ba\u015fqa yerl\u0259rd\u0259n k\u00f6\u00e7\u00fcr\u00fcb. Onun s\u00f6zl\u0259rin\u0259 g\u00f6r\u0259, haz\u0131rda erm\u0259ni d\u00f6vl\u0259t\u00e7iliyinin taleyi ipd\u0259n as\u0131l\u0131d\u0131r.<\/p>\n<p>\u201c\u00d6lk\u0259 r\u0259hb\u0259rliyi Q\u0259rbin d\u0259st\u0259yi il\u0259 tarixi m\u00fctt\u0259fiqi Rusiya il\u0259 oynamaq q\u0259rar\u0131na g\u0259lib. Hans\u0131 ki, m\u0259hz onun say\u0259sind\u0259 XIX \u0259srd\u0259n bu \u0259razil\u0259r x\u0259rit\u0259d\u0259 kompakt erm\u0259ni m\u0259skunla\u015fma \u0259razil\u0259ri kimi g\u00f6r\u00fcnm\u0259y\u0259 ba\u015flay\u0131b. \u0130r\u0259vanda t\u0259xmin\u0259n b\u0259rab\u0259r sayda erm\u0259ni v\u0259 az\u0259rbaycanl\u0131 ya\u015fay\u0131rd\u0131. Rusiyan\u0131n imperiyan\u0131n ba\u015fqa yerl\u0259rind\u0259n v\u0259 \u0130randan erm\u0259nil\u0259ri k\u00f6\u00e7\u00fcrm\u0259k s\u0259yl\u0259ri say\u0259sind\u0259 bu torpaqlarda erm\u0259nil\u0259r \u0259ks\u0259riyy\u0259t t\u0259\u015fkil etm\u0259y\u0259 ba\u015flad\u0131 v\u0259 onlar\u0131n yurduna \u00e7evrildi\u201d, &#8211; Blinov deyib.<\/p>\n<p>\u201cYeni M\u00fcsavat\u201d xat\u0131rlad\u0131r ki, erm\u0259nil\u0259r tarixi Az\u0259rbaycan \u0259razil\u0259rin\u0259 T\u00fcrkm\u0259n\u00e7ay m\u00fcqavil\u0259sind\u0259n sonra Rusiyan\u0131n imperiya maraqlar\u0131 namin\u0259 m\u0259qs\u0259dy\u00f6nl\u00fc \u015f\u0259kild\u0259 k\u00f6\u00e7\u00fcr\u00fcl\u00fcbl\u0259r. T\u00fcrkm\u0259n\u00e7ay m\u00fcqavil\u0259sinin n\u0259tic\u0259si olaraq, 40 000 erm\u0259ni Az\u0259rbaycan\u0131n m\u00fcxt\u0259lif \u0259razil\u0259rind\u0259 m\u0259skunla\u015fd\u0131r\u0131l\u0131b. 1829-cu ilin \u018fdirn\u0259 s\u00fclh\u00fcn\u00fcn n\u0259tic\u0259l\u0259rin\u0259 g\u00f6r\u0259, Osmanl\u0131 \u0130mperiyas\u0131 \u0259razil\u0259rind\u0259 ya\u015fayan 90 000 erm\u0259ni d\u0259 Az\u0259rbaycanda yerl\u0259\u015fdirilib. Onlar \u0259sas\u0259n Nax\u00e7\u0131van, \u0130r\u0259van v\u0259 Qaraba\u011f xanl\u0131qlar\u0131nda m\u0259skunla\u015fd\u0131r\u0131l\u0131b. \u00dcmumilikd\u0259 1828-1920-ci ill\u0259r aras\u0131nda Az\u0259rbaycana 560 000 erm\u0259ni k\u00f6\u00e7\u00fcr\u00fcl\u00fcb.<\/p>\n<p><strong>Rusiya \u0130mperiyas\u0131n\u0131n \u0130randak\u0131 s\u0259firi Aleksandr Qriboyedov erm\u0259nil\u0259rin Az\u0259rbaycan \u0259razil\u0259rin\u0259 k\u00f6\u00e7\u00fcr\u00fclm\u0259sind\u0259 aktiv i\u015ftirak etmi\u015fdi. Qriboyedov bu haqda yaz\u0131rd\u0131:<\/strong>\u00a0\u201cErm\u0259ni \u0259halisi \u0259sas\u0259n m\u00fcs\u0259lman (az\u0259rbaycanl\u0131lar &#8211; red.) torpaq sahibl\u0259rinin \u0259razil\u0259rind\u0259 yerl\u0259\u015fdirilirdil\u0259r. Onlar yava\u015f-yava\u015f m\u00fcs\u0259lman \u0259halisini \u0259razil\u0259rd\u0259n s\u0131x\u0131\u015fd\u0131r\u0131b \u00e7\u0131xarma\u011fa ba\u015flad\u0131lar. Biz h\u0259m\u00e7inin m\u00fcs\u0259lman \u0259halisini d\u00fc\u015fd\u00fckl\u0259ri \u00e7\u0259tin v\u0259ziyy\u0259tl\u0259 bar\u0131\u015fd\u0131rma\u011fa v\u0259 onlar\u0131 inand\u0131rma\u011fa \u00e7al\u0131\u015fmal\u0131y\u0131q ki, bu \u00e7\u0259tinlikl\u0259r uzun s\u00fcrm\u0259y\u0259c\u0259k v\u0259 erm\u0259nil\u0259r m\u00fcv\u0259qq\u0259ti onlara ya\u015fama\u011fa icaz\u0259 veril\u0259n \u0259razil\u0259rd\u0259 daimi olaraq qalmayacaqlar\u201d.<\/p>\n<p>Rusiya imperiyas\u0131n\u0131n hakim dair\u0259l\u0259ri C\u0259nubi Qafqazda yeritdikl\u0259ri m\u00fcst\u0259ml\u0259k\u0259 siyas\u0259tind\u0259 erm\u0259nil\u0259r\u0259 \u00e7ox bel ba\u011flay\u0131rd\u0131lar. \u0130ndiki kimi&#8230; Y\u0259ni Blinovun iddias\u0131n\u0131n \u0259ksin\u0259 olaraq, XIX \u0259srd\u0259 d\u0259 az\u0259rbaycanl\u0131lar \u0130r\u0259van v\u0259 bu g\u00fcn \u201cErm\u0259nistan\u201d adland\u0131r\u0131lan dig\u0259r \u0259razil\u0259rd\u0259 \u00e7oxluqda idil\u0259r. M\u0259qs\u0259dy\u00f6nl\u00fc siyas\u0259t bu m\u0259nz\u0259r\u0259ni d\u0259yi\u015fdirdi.<\/p>\n<p><img src=\"https:\/\/sherg.az\/\/storage\/posts\/January2022\/iWdaNyrHRwZIBrPKOcXQ.jpg\" alt=\"F\u0259rhad Cabbarov: &quot;Ta\u011f\u0131yevd\u0259n sonra \u018fhm\u0259d b\u0259y A\u011fao\u011flunun heyk\u0259lini g\u00f6rm\u0259k  ist\u0259y\u0259rdim&quot;\" \/><\/p>\n<p><strong>F\u0259rhad Cabbarov<\/strong><\/p>\n<p>Tarix \u00fczr\u0259 f\u0259ls\u0259f\u0259 doktoru\u00a0<strong>F\u0259rhad Cabbarov<\/strong>\u00a0m\u00f6vzu il\u0259 ba\u011fl\u0131 \u201cYeni M\u00fcsavat\u201d q\u0259zetin\u0259 a\u00e7\u0131qlamas\u0131nda bildirib ki, erm\u0259nil\u0259rin k\u00fctl\u0259vi \u015f\u0259kild\u0259 k\u00f6\u00e7\u00fcr\u00fclm\u0259si Rusiya-\u0130ran m\u00fcharib\u0259sinin (1826-1828) n\u0259tic\u0259sind\u0259 ba\u015f verib. \u201c1828-ci ild\u0259 T\u00fcrkm\u0259n\u00e7ay m\u00fcqavil\u0259sinin 15-ci madd\u0259sin\u0259 \u0259sas\u0259n Qacarlar d\u00f6vl\u0259ti il\u0259 Rusiya raz\u0131la\u015f\u0131r ki, orada ya\u015fayan xristian \u0259hali Qafqaza k\u00f6\u00e7\u00fcr\u00fcl\u0259c\u0259k. Bir ild\u0259n sonra is\u0259 Osmanl\u0131 d\u00f6vl\u0259ti il\u0259 m\u00fcqavil\u0259 ba\u011flan\u0131r. H\u0259min m\u00fcqavil\u0259d\u0259 d\u0259 xristian \u0259halinin Qafqaza k\u00f6\u00e7\u00fcr\u00fclm\u0259si \u015f\u0259rt kimi ir\u0259li s\u00fcr\u00fclm\u00fc\u015fd\u00fc. B\u0259s bunlar niy\u0259 edilirdi? Rusiya Az\u0259rbaycan\u0131 t\u0259z\u0259 i\u015f\u011fal etmi\u015fdi v\u0259 burada \u00f6z\u00fcn\u0259 tamamil\u0259 yad m\u00fchitl\u0259 \u00fcz-\u00fcz\u0259 g\u0259lmi\u015fdi. \u018fhalinin \u0259ks\u0259riyy\u0259ti Az\u0259rbaycan t\u00fcrkl\u0259ri, m\u00fcs\u0259lmanlar idi. Buna g\u00f6r\u0259 d\u0259 Rusiya \u00f6z\u00fcn\u0259 sosial, etnik dayaq yaratmal\u0131 idi. Erm\u0259nil\u0259r is\u0259 h\u0259m Rusiya-Qacar m\u00fcharib\u0259l\u0259ri, h\u0259m d\u0259 Rusiya-Osmanl\u0131 m\u00fcharib\u0259l\u0259ri d\u00f6vr\u00fcnd\u0259 h\u0259mi\u015f\u0259 Rusiya ordusuna k\u00f6m\u0259k edibl\u0259r. Rusiya buna minn\u0259tdarl\u0131q \u0259lam\u0259ti olaraq, erm\u0259nil\u0259ri C\u0259nubi Qafqaza k\u00f6\u00e7\u00fcrd\u00fc. \u018fsas\u0259n Nax\u00e7\u0131van, \u0130r\u0259vana v\u0259 Qaraba\u011f \u0259razil\u0259rin\u0259 k\u00f6\u00e7\u00fcr\u00fclm\u0259 h\u0259yata ke\u00e7irilib. \u00c7\u00fcnki bunlar strateji b\u00f6lg\u0259l\u0259rdir, birba\u015fa Osmanl\u0131 v\u0259 Qacarlar d\u00f6vl\u0259ti il\u0259 s\u0259rh\u0259dd\u0259 yerl\u0259\u015firl\u0259r. Erm\u0259nil\u0259ri orada m\u0259skunla\u015fd\u0131rmaqla Rusiya faktiki olaraq orada \u00f6z\u00fcn\u0259 bufer \u0259razi yaratd\u0131\u201d.<\/p>\n<p><strong>F.Cabbarovun s\u00f6zl\u0259rin\u0259 g\u00f6r\u0259, daha sonra 1828-ci ilin mart ay\u0131nda Rusiya h\u00f6kum\u0259ti Nax\u00e7\u0131van v\u0259 \u0130r\u0259van xanl\u0131qlar\u0131n\u0131 l\u0259\u011fv edib, onlar\u0131n yerind\u0259 erm\u0259ni d\u00f6vl\u0259ti yaratd\u0131:<\/strong>\u00a0\u201cVilay\u0259tin ad\u0131ndak\u0131 erm\u0259ni s\u00f6z\u00fc birba\u015fa onu i\u015far\u0259 edirdi ki, Rusiya bunlar\u0131n d\u00f6vl\u0259t\u00e7iliyi \u00fc\u00e7\u00fcn t\u0259m\u0259l yarad\u0131r. \u00c7\u00fcnki bu vaxta q\u0259d\u0259r C\u0259nubi Qafqazda erm\u0259ni d\u00f6vl\u0259ti olmay\u0131b. Amma bu vilay\u0259t g\u0259l\u0259c\u0259kd\u0259 Erm\u0259nistan d\u00f6vl\u0259tinin yaranmas\u0131 \u00fc\u00e7\u00fcn bir baza olmu\u015fdu. Rusiya \u00f6z\u00fcn\u00fcn bu siyas\u0259ti il\u0259 erm\u0259nil\u0259rin Az\u0259rbaycandak\u0131 say\u0131n\u0131 art\u0131rma\u011fa m\u00fcv\u0259ff\u0259q oldu. \u018frazil\u0259rimizd\u0259 \u00e7ox m\u0259kirli siyas\u0259t apar\u0131l\u0131rd\u0131. Az\u0259rbaycanl\u0131lardan\u00a0 torpaqlar al\u0131n\u0131b oraya erm\u0259nil\u0259r k\u00f6\u00e7\u00fcr\u00fcl\u00fcrd\u00fc. Eyni zamanda Rusiya h\u00f6kum\u0259ti erm\u0259nil\u0259ri 6 il b\u00fct\u00fcn vergil\u0259rd\u0259n azad etdi. Erm\u0259nil\u0259r C\u0259nubi Qafqazda m\u00f6hk\u0259ml\u0259n\u0259nd\u0259n sonra \u0259razi iddialar\u0131 qald\u0131rd\u0131lar. Blinovun indi bu fakt\u0131 etiraf etm\u0259si onu g\u00f6st\u0259rir ki, obyektiv tarix\u00e7i g\u0259r\u0259k tarix\u0259 obyektiv yana\u015fs\u0131n\u201d.<\/p>\n<p><strong>H\u0259ms\u00f6hb\u0259timiz qeyd edib ki, erm\u0259nil\u0259rin C\u0259nubi Qafqaza k\u00f6\u00e7\u00fcr\u00fclm\u0259si bizim tarix\u00e7il\u0259rin xaricd\u0259 konfranslarda \u0259n \u00e7ox qald\u0131rd\u0131\u011f\u0131 m\u0259s\u0259l\u0259l\u0259rd\u0259n biridir:<\/strong>\u00a0\u201c\u00c7oxsayl\u0131 kitablar n\u0259\u015fr olunub v\u0259 xarici dill\u0259r\u0259 t\u0259rc\u00fcm\u0259 olunub. Lakin g\u00f6r\u0259k d\u00fcnya tarix elmi bu faktlar\u0131 q\u0259bul etm\u0259k ist\u0259yirmi? \u018flb\u0259tt\u0259 ki, bu faktlar\u0131 g\u00f6rm\u0259zd\u0259n g\u0259lm\u0259k kor olmaq dem\u0259kdir. Q\u0259r\u0259zli aliml\u0259r h\u0259qiq\u0259ti q\u0259bul etm\u0259k ist\u0259mirl\u0259r. Uzun m\u00fcdd\u0259t Qaraba\u011f\u0131n Az\u0259rbaycana aid oldu\u011funu v\u0259 yaxud da antiterror \u0259m\u0259liyyat\u0131ndan sonra he\u00e7 bir\u00a0 etnik t\u0259mizl\u0259m\u0259 olmad\u0131\u011f\u0131n\u0131 d\u00fcnyaya s\u00fcbut etm\u0259y\u0259 \u00e7al\u0131\u015fd\u0131q. Lakin q\u0259r\u0259zli yana\u015fma bu faktlar\u0131 g\u00f6rm\u0259k ist\u0259mir. Erm\u0259ni m\u00fc\u0259llifl\u0259rin aras\u0131nda da onlar\u0131n Qafqaza sonradan k\u00f6\u00e7\u00fcr\u00fcld\u00fcy\u00fcn\u00fc etiraf ed\u0259nl\u0259r var. Bu m\u00fc\u0259llifl\u0259r erm\u0259nil\u0259rin bu \u0259razid\u0259 say\u0131n\u0131n n\u0259 q\u0259d\u0259r v\u0259 nec\u0259 artd\u0131\u011f\u0131na dair r\u0259q\u0259ml\u0259r d\u0259 g\u00f6st\u0259ribl\u0259r. Qafqazda \u0259sas \u00e7oxlu\u011fu 1828-ci il\u0259 q\u0259d\u0259r m\u00fcs\u0259lmanlar t\u0259\u015fkil edirdi. Lakin sonradan hesablanma aparanda \u0259sasl\u0131 d\u0259yi\u015fiklikl\u0259rin ba\u015f verdiyi a\u015fkarland\u0131. Bu da erm\u0259nil\u0259ri k\u00f6\u00e7\u00fcrm\u0259 siyas\u0259tinin n\u0259tic\u0259si idi\u201d.<\/p>\n<p><strong>Tarix\u00e7i alim q\u0259rbi az\u0259rbaycanl\u0131lar\u0131n do\u011fma yurdlar\u0131na qay\u0131tma t\u0259\u015f\u0259bb\u00fcs\u00fcnd\u0259n d\u0259 s\u00f6z a\u00e7\u0131b:<\/strong>\u00a0\u201cBu, Q\u0259rbi Az\u0259rbaycan camaat\u0131n\u0131n tarixi haqq\u0131d\u0131r. 1920-ci ild\u0259 Z\u0259ng\u0259zurun q\u0259rb hiss\u0259si sovet r\u0259hb\u0259rliyi t\u0259r\u0259find\u0259n Erm\u0259nistana h\u0259diyy\u0259 olunmu\u015fdu. Zamanla deportasiya n\u0259tic\u0259sind\u0259 az\u0259rbaycanl\u0131lar oradan qovuldu. Bu, t\u0259bii proses deyildi, onlar h\u0259min \u0259razil\u0259ri k\u00f6n\u00fcll\u00fc t\u0259\u015fkil etm\u0259mi\u015fdi. Buna g\u00f6r\u0259 d\u0259 b\u00fct\u00fcn beyn\u0259lxalq h\u00fcquq normalar\u0131na v\u0259 eyni zamanda tarixi varislik prinsipl\u0259rin\u0259 uy\u011fun olaraq q\u0259rbi az\u0259rbaycanl\u0131alr\u0131n oraya qay\u0131tmas\u0131 m\u00fctl\u0259qdir. Burada siyasi-diplomatik m\u0259s\u0259l\u0259l\u0259r var. Az\u0259rbaycan d\u00f6vl\u0259ti bu istiqam\u0259td\u0259 g\u0259rgin i\u015f apar\u0131r. Son n\u0259tic\u0259d\u0259 haql\u0131 m\u00f6vqeyimiz \u00fcst\u00fc g\u0259l\u0259c\u0259k v\u0259 q\u0259rbi az\u0259rbaycanl\u0131lar\u0131n haqq\u0131 d\u00fcnya t\u0259r\u0259find\u0259n q\u0259bul olunacaq\u201d.<\/p>\n","protected":false},"excerpt":{"rendered":"<p>Dosent Blinovun s\u00f6zl\u0259rin\u0259 g\u00f6r\u0259, haz\u0131rda erm\u0259ni d\u00f6vl\u0259t\u00e7iliyinin taleyi ipd\u0259n as\u0131l\u0131d\u0131r; tarix\u00e7i: \u201cBu faktlar\u0131 g\u00f6rm\u0259zd\u0259n g\u0259lm\u0259k kor olmaq dem\u0259kdir\u201d Rusiya h\u00f6kum\u0259ti yan\u0131nda Maliyy\u0259 Universitetinin dosenti Vladimir Blinov maraql\u0131 a\u00e7\u0131qlama il\u0259 \u00e7\u0131x\u0131\u015f edib. O bildirib ki, erm\u0259nil\u0259ri indiki Erm\u0259nistan\u0131n \u0259razil\u0259rin\u0259 Rusiya \u0130ran v\u0259 ba\u015fqa yerl\u0259rd\u0259n k\u00f6\u00e7\u00fcr\u00fcb. Onun s\u00f6zl\u0259rin\u0259 g\u00f6r\u0259, haz\u0131rda erm\u0259ni d\u00f6vl\u0259t\u00e7iliyinin taleyi ipd\u0259n as\u0131l\u0131d\u0131r. \u201c\u00d6lk\u0259 r\u0259hb\u0259rliyi Q\u0259rbin d\u0259st\u0259yi il\u0259 tarixi m\u00fctt\u0259fiqi Rusiya il\u0259 oynamaq q\u0259rar\u0131na g\u0259lib. Hans\u0131 ki, m\u0259hz onun say\u0259sind\u0259 XIX \u0259srd\u0259n bu \u0259razil\u0259r x\u0259rit\u0259d\u0259 kompakt erm\u0259ni m\u0259skunla\u015fma \u0259razil\u0259ri kimi g\u00f6r\u00fcnm\u0259y\u0259 ba\u015flay\u0131b. \u0130r\u0259vanda t\u0259xmin\u0259n b\u0259rab\u0259r sayda erm\u0259ni v\u0259 az\u0259rbaycanl\u0131 ya\u015fay\u0131rd\u0131.&hellip;<\/p>\n","protected":false},"author":2,"featured_media":784978,"comment_status":"closed","ping_status":"closed","sticky":false,"template":"","format":"standard","meta":{"om_disable_all_campaigns":false,"_monsterinsights_skip_tracking":false,"_monsterinsights_sitenote_active":false,"_monsterinsights_sitenote_note":"","_monsterinsights_sitenote_category":0},"categories":[19],"tags":[],"aioseo_notices":[],"gutentor_comment":0,"rttpg_featured_image_url":{"full":["https:\/\/arantv.az\/wp-content\/uploads\/2025\/02\/53c9cd154436d65c6a83a155055eb6b1.jpg",669,445,false],"landscape":["https:\/\/arantv.az\/wp-content\/uploads\/2025\/02\/53c9cd154436d65c6a83a155055eb6b1.jpg",669,445,false],"portraits":["https:\/\/arantv.az\/wp-content\/uploads\/2025\/02\/53c9cd154436d65c6a83a155055eb6b1.jpg",669,445,false],"thumbnail":["https:\/\/arantv.az\/wp-content\/uploads\/2025\/02\/53c9cd154436d65c6a83a155055eb6b1-500x280.jpg",500,280,true],"medium":["https:\/\/arantv.az\/wp-content\/uploads\/2025\/02\/53c9cd154436d65c6a83a155055eb6b1-549x365.jpg",549,365,true],"large":["https:\/\/arantv.az\/wp-content\/uploads\/2025\/02\/53c9cd154436d65c6a83a155055eb6b1.jpg",640,426,false],"1536x1536":["https:\/\/arantv.az\/wp-content\/uploads\/2025\/02\/53c9cd154436d65c6a83a155055eb6b1.jpg",669,445,false],"2048x2048":["https:\/\/arantv.az\/wp-content\/uploads\/2025\/02\/53c9cd154436d65c6a83a155055eb6b1.jpg",669,445,false],"post-thumbnail":["https:\/\/arantv.az\/wp-content\/uploads\/2025\/02\/53c9cd154436d65c6a83a155055eb6b1-240x172.jpg",240,172,true],"advps-thumb-one":["https:\/\/arantv.az\/wp-content\/uploads\/2025\/02\/53c9cd154436d65c6a83a155055eb6b1.jpg",669,445,false]},"rttpg_author":{"display_name":"V\u00fcsal Rafiqo\u011flu","author_link":"https:\/\/arantv.az\/?author=2"},"rttpg_comment":0,"rttpg_category":"<a href=\"https:\/\/arantv.az\/?cat=19\" rel=\"category\">G\u00fcnd\u0259m<\/a>","rttpg_excerpt":"Dosent Blinovun s\u00f6zl\u0259rin\u0259 g\u00f6r\u0259, haz\u0131rda erm\u0259ni d\u00f6vl\u0259t\u00e7iliyinin taleyi ipd\u0259n as\u0131l\u0131d\u0131r; tarix\u00e7i: \u201cBu faktlar\u0131 g\u00f6rm\u0259zd\u0259n g\u0259lm\u0259k kor olmaq dem\u0259kdir\u201d Rusiya h\u00f6kum\u0259ti yan\u0131nda Maliyy\u0259 Universitetinin dosenti Vladimir Blinov maraql\u0131 a\u00e7\u0131qlama il\u0259 \u00e7\u0131x\u0131\u015f edib. O bildirib ki, erm\u0259nil\u0259ri indiki Erm\u0259nistan\u0131n \u0259razil\u0259rin\u0259 Rusiya \u0130ran v\u0259 ba\u015fqa yerl\u0259rd\u0259n k\u00f6\u00e7\u00fcr\u00fcb. Onun s\u00f6zl\u0259rin\u0259 g\u00f6r\u0259, haz\u0131rda erm\u0259ni d\u00f6vl\u0259t\u00e7iliyinin taleyi ipd\u0259n as\u0131l\u0131d\u0131r. \u201c\u00d6lk\u0259 r\u0259hb\u0259rliyi&hellip;","_links":{"self":[{"href":"https:\/\/arantv.az\/index.php?rest_route=\/wp\/v2\/posts\/784977"}],"collection":[{"href":"https:\/\/arantv.az\/index.php?rest_route=\/wp\/v2\/posts"}],"about":[{"href":"https:\/\/arantv.az\/index.php?rest_route=\/wp\/v2\/types\/post"}],"author":[{"embeddable":true,"href":"https:\/\/arantv.az\/index.php?rest_route=\/wp\/v2\/users\/2"}],"replies":[{"embeddable":true,"href":"https:\/\/arantv.az\/index.php?rest_route=%2Fwp%2Fv2%2Fcomments&post=784977"}],"version-history":[{"count":1,"href":"https:\/\/arantv.az\/index.php?rest_route=\/wp\/v2\/posts\/784977\/revisions"}],"predecessor-version":[{"id":784979,"href":"https:\/\/arantv.az\/index.php?rest_route=\/wp\/v2\/posts\/784977\/revisions\/784979"}],"wp:featuredmedia":[{"embeddable":true,"href":"https:\/\/arantv.az\/index.php?rest_route=\/wp\/v2\/media\/784978"}],"wp:attachment":[{"href":"https:\/\/arantv.az\/index.php?rest_route=%2Fwp%2Fv2%2Fmedia&parent=784977"}],"wp:term":[{"taxonomy":"category","embeddable":true,"href":"https:\/\/arantv.az\/index.php?rest_route=%2Fwp%2Fv2%2Fcategories&post=784977"},{"taxonomy":"post_tag","embeddable":true,"href":"https:\/\/arantv.az\/index.php?rest_route=%2Fwp%2Fv2%2Ftags&post=784977"}],"curies":[{"name":"wp","href":"https:\/\/api.w.org\/{rel}","templated":true}]}}