{"id":784980,"date":"2025-02-01T10:39:37","date_gmt":"2025-02-01T06:39:37","guid":{"rendered":"https:\/\/arantv.az\/?p=784980"},"modified":"2025-02-01T10:39:37","modified_gmt":"2025-02-01T06:39:37","slug":"moskvanin-%c9%99lind%c9%99ki-o-s%c9%99n%c9%99dl%c9%99r-baki-onlari-ist%c9%99y%c9%99c%c9%99kmi","status":"publish","type":"post","link":"https:\/\/arantv.az\/?p=784980","title":{"rendered":"Moskvan\u0131n \u0259lind\u0259ki o s\u0259n\u0259dl\u0259r&#8230; &#8211; Bak\u0131 onlar\u0131 ist\u0259y\u0259c\u0259kmi?"},"content":{"rendered":"<p><strong>Rusiya s\u0259rh\u0259dl\u0259rin d\u0259qiql\u0259\u015fm\u0259si \u00fc\u00e7\u00fcn kartoqrafik materiallar\u0131 t\u0259qdim etm\u0259y\u0259 haz\u0131rd\u0131r; m\u00fct\u0259x\u0259ssis is\u0259 bunu delimitasiya i\u015fin\u0259 m\u00fcdaxil\u0259 say\u0131r: \u201cVaxt\u0131nda Over\u00e7ukun i\u015ftirak\u0131 il\u0259 \u0130\u015f\u00e7i Qrupu var\u0131yd\u0131, he\u00e7 bir faydas\u0131 olmad\u0131\u201d<\/strong><\/p>\n<p>\u201cMoskva Erm\u0259nistanla Az\u0259rbaycan aras\u0131nda s\u0259rh\u0259din delimitasiyas\u0131 v\u0259 demarkasiyas\u0131 m\u0259s\u0259l\u0259sind\u0259 yax\u015f\u0131 ir\u0259lil\u0259yi\u015f oldu\u011funu g\u00f6r\u00fcr\u201d. \u201cYeni M\u00fcsavat\u201d\u0131n siyas\u0259t \u015f\u00f6b\u0259si yaz\u0131r ki, bu bar\u0259d\u0259 Rusiya Ba\u015f nazirinin m\u00fcavini Aleksey Over\u00e7uk deyib.<\/p>\n<p><strong>O bildirib ki, Moskva iki \u00f6lk\u0259nin s\u0259rh\u0259dl\u0259rinin G\u00fcrc\u00fcstanla qovu\u015fmas\u0131ndan ba\u015flayaraq c\u0259nuba do\u011fru delimitasiya v\u0259 demarkasiya prosesin\u0259 ba\u015flamaq bar\u0259d\u0259 raz\u0131la\u015fman\u0131 da alq\u0131\u015flay\u0131r: \u201c\u00c7ox b\u00f6y\u00fck, yax\u015f\u0131 ir\u0259lil\u0259yi\u015fdir. S\u0259rh\u0259din bir hiss\u0259si delimitasiya v\u0259 demarkasiya edilib\u201d. Over\u00e7uk qeyd edib ki, Rusiya Erm\u0259nistanla Az\u0259rbaycan aras\u0131nda s\u0259rh\u0259din delimitasiyas\u0131 v\u0259 demarkasiyas\u0131 prosesini h\u0259mi\u015f\u0259 d\u0259st\u0259kl\u0259yib v\u0259 sor\u011fu \u0259sas\u0131nda kartoqrafik materiallar\u0131 t\u0259qdim etm\u0259y\u0259 haz\u0131rd\u0131r:<\/strong>\u00a0\u201cMoskva bu sah\u0259d\u0259, o c\u00fcml\u0259d\u0259n Az\u0259rbaycan\u0131n \u00f6z\u00fc il\u0259 ba\u011fl\u0131 geni\u015f t\u0259cr\u00fcb\u0259sind\u0259n istifad\u0259 ed\u0259r\u0259k \u00f6lk\u0259l\u0259r\u0259 m\u0259sl\u0259h\u0259t\u00e7i yard\u0131m g\u00f6st\u0259rm\u0259y\u0259 haz\u0131rd\u0131r. Bilirsiniz ki, Rusiyan\u0131n m\u00fcvafiq kartoqrafik material\u0131 var, laz\u0131m g\u0259l\u0259rs\u0259, delimitasiya v\u0259 demarkasiyada i\u015ftirak ed\u0259n t\u0259r\u0259fl\u0259rin t\u0259l\u0259bi il\u0259 veril\u0259 bil\u0259r\u201d.<\/p>\n<p>Daha \u0259vv\u0259l d\u0259 Rusiya elan etmi\u015fdi ki, M\u00fcdafi\u0259 Nazirliyinin Ba\u015f Q\u0259rargah\u0131nda x\u0259rit\u0259l\u0259r m\u00f6vcuddur. Moskva \u00f6z\u00fcn\u00fcn i\u015ftirak\u0131 il\u0259 s\u0259rh\u0259dl\u0259rin d\u0259qiql\u0259\u015fm\u0259si prosesinin getm\u0259sini ist\u0259yirdi. Lakin Bak\u0131 v\u0259 \u0130r\u0259van Rusiyan\u0131 da, dig\u0259r vasit\u0259\u00e7i olmaq ist\u0259y\u0259n \u00f6lk\u0259l\u0259ri d\u0259 ofsayd v\u0259ziyy\u0259tin\u0259 salaraq, ikit\u0259r\u0259fli qaydada delimitasiya i\u015fini davam etdirir. \u00dcst\u0259lik, m\u0259lum olur ki, x\u0259rit\u0259l\u0259r el\u0259 Az\u0259rbaycanla Erm\u0259nistan\u0131n da \u0259lind\u0259 var. Y\u0259ni Rusiyan\u0131n m\u00fcdaxil\u0259sin\u0259 z\u0259rur\u0259t yoxdur. Xat\u0131rlay\u0131rs\u0131n\u0131zsa, \u00fc\u00e7t\u0259r\u0259fli \u0130\u015f\u00e7i Qrupu yarad\u0131lm\u0131\u015fd\u0131 v\u0259 Over\u00e7ukun da i\u015ftirak\u0131 il\u0259 bir ne\u00e7\u0259 d\u0259f\u0259 So\u00e7id\u0259, Moskvada m\u00fczakir\u0259l\u0259r apar\u0131lm\u0131\u015fd\u0131. Lakin bu g\u00f6r\u00fc\u015fl\u0259r s\u0259rh\u0259dl\u0259rin m\u00fc\u0259yy\u0259nl\u0259\u015fm\u0259sind\u0259 he\u00e7 bir n\u0259tic\u0259 verm\u0259di. El\u0259c\u0259 d\u0259 Br\u00fcsselin t\u0259\u015f\u0259bb\u00fcs\u00fc il\u0259 komissiya yarad\u0131lm\u0131\u015fd\u0131, Avropa \u0130ttifaq\u0131 s\u0259rh\u0259dl\u0259rin delimitasiyas\u0131na d\u0259st\u0259k verm\u0259y\u0259 haz\u0131r oldu\u011funu n\u00fcmayi\u015f etdirmi\u015fdi. H\u0259rgah, bu format da faydas\u0131z oldu. El\u0259 ki ikit\u0259r\u0259fli modeld\u0259 ba\u015f nazirl\u0259rin m\u00fcavinl\u0259ri s\u0259rh\u0259dd\u0259 g\u00f6r\u00fc\u015fl\u0259r\u0259 ba\u015flad\u0131, o zaman \u0259n m\u00fcbahis\u0259li hiss\u0259 &#8211; Tavu\u015f istiqam\u0259tind\u0259 demarkasiya i\u015fl\u0259ri bel\u0259 apar\u0131ld\u0131. Ona g\u00f6r\u0259 d\u0259 b\u0259zi r\u0259yl\u0259r\u0259 g\u00f6r\u0259, Over\u00e7ukun a\u00e7\u0131qlamas\u0131 Rusiyan\u0131n yenid\u0259n i\u015f\u0259 qar\u0131\u015fmaq arzular\u0131n\u0131 ifad\u0259 edir v\u0259 buna z\u0259rur\u0259t yoxdur. Yeri g\u0259lmi\u015fk\u0259n, Erm\u0259nistan\u0131n Ba\u015f naziri Nikol Pa\u015finyan G\u00fcrc\u00fcstan\u0131n h\u00f6kum\u0259t ba\u015f\u00e7\u0131s\u0131 \u0130rakli Kobaxidze il\u0259 birg\u0259 m\u0259tbuat konfrans\u0131nda deyib ki, g\u00fcrc\u00fc h\u0259mkar\u0131n\u0131 Erm\u0259nistan-Az\u0259rbaycan s\u0259rh\u0259dinin demarkasiyas\u0131 \u0259traf\u0131ndak\u0131 son hadis\u0259l\u0259r bar\u0259d\u0259 m\u0259lumatland\u0131r\u0131b. Pa\u015finyan s\u00f6z\u00fcged\u0259n prosesin n\u00f6vb\u0259ti m\u0259rh\u0259l\u0259sinin Erm\u0259nistan-Az\u0259rbaycan-G\u00fcrc\u00fcstan d\u00f6vl\u0259tl\u0259raras\u0131 s\u0259rh\u0259dl\u0259rinin k\u0259si\u015fm\u0259 m\u0259nt\u0259q\u0259sinin yax\u0131nl\u0131\u011f\u0131ndan ba\u015flan\u0131lmas\u0131 bar\u0259d\u0259 raz\u0131l\u0131q \u0259ld\u0259 olundu\u011funu Kobaxidzenin diqq\u0259tin\u0259 \u00e7atd\u0131rd\u0131\u011f\u0131n\u0131 qeyd edib.<\/p>\n<p>G\u00f6r\u00fcnd\u00fcy\u00fc kimi, proses gedir. B\u0259s, r\u0259smi Moskva ger\u00e7\u0259kd\u0259nmi Az\u0259rbaycan-Erm\u0259nistan s\u0259rh\u0259dinin delimitasiyas\u0131nda maraql\u0131d\u0131r? Over\u00e7uk \u201cm\u00fcvafiq kartoqrafik material\u0131\u201d dey\u0259nd\u0259 n\u0259yi n\u0259z\u0259rd\u0259 tutur? Onlar Bak\u0131ya g\u0259r\u0259k ola bil\u0259rmi? Yada salaq ki, Az\u0259rbaycan v\u0259 Erm\u0259nistan aras\u0131nda yanvar\u0131n 16-da s\u0259rh\u0259dd\u0259 Az\u0259rbaycan Ba\u015f nazirinin m\u00fcavini \u015eahin Mustafayev v\u0259 Erm\u0259nistan Ba\u015f nazirinin m\u00fcavini Mher Qriqoryan\u0131n s\u0259drliyi alt\u0131nda Az\u0259rbaycan il\u0259 Erm\u0259nistan aras\u0131nda d\u00f6vl\u0259t s\u0259rh\u0259dinin delimitasiyas\u0131 \u00fczr\u0259 D\u00f6vl\u0259t Komissiyas\u0131n\u0131n v\u0259 Erm\u0259nistan il\u0259 Az\u0259rbaycan aras\u0131nda d\u00f6vl\u0259t s\u0259rh\u0259dinin delimitasiyas\u0131 v\u0259 s\u0259rh\u0259d t\u0259hl\u00fck\u0259sizliyi m\u0259s\u0259l\u0259l\u0259ri \u00fczr\u0259 Komissiyan\u0131n on birinci g\u00f6r\u00fc\u015f\u00fc ke\u00e7irilib. G\u00f6r\u00fc\u015f zaman\u0131 t\u0259r\u0259fl\u0259r n\u00f6vb\u0259ti m\u0259rh\u0259l\u0259d\u0259 delimitasiya i\u015fl\u0259rinin h\u0259yata ke\u00e7irilm\u0259si \u00fc\u00e7\u00fcn s\u0259rh\u0259d x\u0259ttinin sah\u0259l\u0259rinin\/hiss\u0259l\u0259rinin ard\u0131c\u0131ll\u0131\u011f\u0131 m\u0259s\u0259l\u0259si il\u0259 ba\u011fl\u0131 fikir m\u00fcbadil\u0259sini davam etdirib v\u0259 d\u00f6vl\u0259t s\u0259rh\u0259dinin delimitasiyas\u0131 \u00fczr\u0259 kompleks i\u015fl\u0259rin \u015fimal sah\u0259sind\u0259n ba\u015flayaraq Az\u0259rbaycan, Erm\u0259nistan v\u0259 G\u00fcrc\u00fcstan\u0131n s\u0259rh\u0259dl\u0259rinin qovu\u015fma n\u00f6qt\u0259si \u0259razisind\u0259n c\u0259nub istiqam\u0259tind\u0259, \u015fimaldan c\u0259nuba, Az\u0259rbaycan v\u0259 Erm\u0259nistan\u0131n \u0130ran il\u0259 s\u0259rh\u0259din\u0259 q\u0259d\u0259r ba\u015flanmas\u0131 bar\u0259d\u0259 raz\u0131l\u0131\u011fa g\u0259libl\u0259r.<\/p>\n<p><img src=\"https:\/\/pravda.az\/cdn\/2019\/december\/14\/QABIL2.jpg\" alt=\"Qabil H\u00fcseynli \u00f6z\u00fcn\u00fc \u00f6ld\u00fcr\u0259n qazid\u0259n dan\u0131\u015f\u0131b, a\u011flad\u0131 - V\u0130DEO Pravda.az\" \/><\/p>\n<p><strong>\u00a0Qabil H\u00fcseynli<\/strong><\/p>\n<p><strong>Bu m\u00f6vzuda \u201cYeni M\u00fcsavat\u201da dan\u0131\u015fan professor Qabil H\u00fcseynlinin bildirdiyin\u0259 g\u00f6r\u0259, sovet d\u00f6vr\u00fcn\u0259 aid x\u0259rit\u0259l\u0259r Rusiyada oldu\u011fu kimi, Bak\u0131 v\u0259 \u0130r\u0259vanda da var:<\/strong>\u00a0\u201cBurada Moskvan\u0131n f\u0259rqli n\u0259ys\u0259 t\u0259qdim ed\u0259c\u0259yini g\u00f6zl\u0259mir\u0259m. H\u0259r iki respublika SSR\u0130-nin t\u0259rkibind\u0259 olub v\u0259 s\u0259n\u0259dl\u0259r arxivd\u0259 qal\u0131r. Ona g\u00f6r\u0259 Az\u0259rbaycan v\u0259 Erm\u0259nistan Rusiyas\u0131z delimitasiyan\u0131 davam etdirir. Bu istiqam\u0259td\u0259 real n\u0259tic\u0259l\u0259r d\u0259 var. Dem\u0259li, Over\u00e7uk qar\u0131\u015fmasa yax\u015f\u0131d\u0131r. H\u0259tta delimitasiya \u00e7\u0259r\u00e7iv\u0259sind\u0259 anklav k\u0259ndl\u0259rin d\u0259 geri al\u0131nmas\u0131 istisna edilmir. K\u0259rki k\u0259ndi bu m\u0259nada h\u0259l\u0259lik istisna ola bil\u0259r. \u00c7\u00fcnki Erm\u0259nistan\u0131n \u0130rana ged\u0259n yolunun \u00fcst\u00fcn\u0259 d\u00fc\u015f\u00fcr. Amma bu problemin d\u0259 h\u0259lli m\u00fcmk\u00fcnd\u00fcr. Qoy z\u0259hm\u0259t \u00e7\u0259kib yeni yol tiksinl\u0259r. Biz Erm\u0259nistan\u0131n \u0130rana yolu qals\u0131n dey\u0259 \u00f6z torpa\u011f\u0131m\u0131z\u0131 g\u00fcz\u0259\u015ft\u0259 ged\u0259 bilm\u0259rik. \u00dcst\u0259g\u0259l, presdent d\u0259 var. Tavu\u015f istiqam\u0259tind\u0259 erm\u0259nil\u0259rin G\u00fcrc\u00fcstana olan yolu delimitasiya \u00e7\u0259r\u00e7iv\u0259sind\u0259 bizim n\u0259zar\u0259timiz\u0259 qay\u0131td\u0131. D\u00fcnya da\u011f\u0131lmad\u0131 ki? Erm\u0259nil\u0259r G\u00fcrc\u00fcstana ged\u0259n yeni yol a\u00e7d\u0131lar. Odur ki, t\u0259r\u0259fl\u0259r i\u015fi dinc \u015f\u0259kild\u0259 u\u011furla sona \u00e7atd\u0131ra bil\u0259rl\u0259r. Yet\u0259r ki Rusiya \u0259ng\u0259l olmas\u0131n. Onun ziyan\u0131 d\u0259ym\u0259sin, xeyrini ist\u0259mirik\u201d.<\/p>\n<p><strong>Q.H\u00fcseynli deyir ki, delimitasiya v\u0259 demarkasiya uzun prosesdir, zaman alacaq:<\/strong>\u00a0\u201cBiz g\u00f6zl\u0259m\u0259liyik ki, s\u00fclh s\u0259n\u0259di s\u0259h\u0259dl\u0259rin d\u0259qiql\u0259\u015fm\u0259sind\u0259n sonra imzalans\u0131n. Onda uzun ill\u0259r dan\u0131\u015f\u0131qlar ged\u0259c\u0259k. Ona qalsa, Rusiya v\u0259 G\u00fcrc\u00fcstanla delimitasiyam\u0131z ill\u0259r al\u0131b. El\u0259 bu s\u0259b\u0259bd\u0259n raz\u0131l\u0131q \u0259ld\u0259 edildi ki, delimitasiya i\u015fi s\u00fclh m\u0259tnind\u0259n \u00e7\u0131xar\u0131ls\u0131n. H\u0259m\u00e7inin, burada bir raz\u0131la\u015fma da var &#8211; delimitasiya edil\u0259n \u0259razil\u0259rd\u0259n avropal\u0131 m\u00fc\u015fahid\u0259\u00e7il\u0259r \u00e7\u0131xar\u0131lacaq. O zaman, c\u0259nub s\u0259rh\u0259di boyunca, sonra G\u00fcrc\u00fcstan istiqam\u0259tind\u0259 m\u00fc\u015fahid\u0259 missiyas\u0131n\u0131n getm\u0259sini t\u0259l\u0259b etm\u0259liyik. Halbuki Avropa \u0130ttifaq\u0131 bu missiyan\u0131n daha iki il qalmas\u0131na q\u0259rar verib. Bel\u0259 \u00e7\u0131x\u0131r ki, delimitasiya i\u015fl\u0259ri bu m\u00fcdd\u0259td\u0259 yekunla\u015fmayacaq. H\u0259r bir halda, \u0259g\u0259r Rusiyan\u0131n \u0259lind\u0259 bizd\u0259 olmayan hans\u0131sa m\u00fch\u00fcm s\u0259n\u0259dl\u0259r, x\u0259rit\u0259l\u0259r varsa, t\u0259qdim etsin, i\u015fimizi inki\u015faf etdir\u0259k\u201d.<\/p>\n<p><strong>Analitik \u015f\u00f6b\u0259<\/strong><\/p>\n","protected":false},"excerpt":{"rendered":"<p>Rusiya s\u0259rh\u0259dl\u0259rin d\u0259qiql\u0259\u015fm\u0259si \u00fc\u00e7\u00fcn kartoqrafik materiallar\u0131 t\u0259qdim etm\u0259y\u0259 haz\u0131rd\u0131r; m\u00fct\u0259x\u0259ssis is\u0259 bunu delimitasiya i\u015fin\u0259 m\u00fcdaxil\u0259 say\u0131r: \u201cVaxt\u0131nda Over\u00e7ukun i\u015ftirak\u0131 il\u0259 \u0130\u015f\u00e7i Qrupu var\u0131yd\u0131, he\u00e7 bir faydas\u0131 olmad\u0131\u201d \u201cMoskva Erm\u0259nistanla Az\u0259rbaycan aras\u0131nda s\u0259rh\u0259din delimitasiyas\u0131 v\u0259 demarkasiyas\u0131 m\u0259s\u0259l\u0259sind\u0259 yax\u015f\u0131 ir\u0259lil\u0259yi\u015f oldu\u011funu g\u00f6r\u00fcr\u201d. \u201cYeni M\u00fcsavat\u201d\u0131n siyas\u0259t \u015f\u00f6b\u0259si yaz\u0131r ki, bu bar\u0259d\u0259 Rusiya Ba\u015f nazirinin m\u00fcavini Aleksey Over\u00e7uk deyib. O bildirib ki, Moskva iki \u00f6lk\u0259nin s\u0259rh\u0259dl\u0259rinin G\u00fcrc\u00fcstanla qovu\u015fmas\u0131ndan ba\u015flayaraq c\u0259nuba do\u011fru delimitasiya v\u0259 demarkasiya prosesin\u0259 ba\u015flamaq bar\u0259d\u0259 raz\u0131la\u015fman\u0131 da alq\u0131\u015flay\u0131r: \u201c\u00c7ox b\u00f6y\u00fck, yax\u015f\u0131 ir\u0259lil\u0259yi\u015fdir. S\u0259rh\u0259din bir hiss\u0259si delimitasiya v\u0259 demarkasiya edilib\u201d. Over\u00e7uk qeyd edib&hellip;<\/p>\n","protected":false},"author":2,"featured_media":784981,"comment_status":"closed","ping_status":"closed","sticky":false,"template":"","format":"standard","meta":{"om_disable_all_campaigns":false,"_monsterinsights_skip_tracking":false,"_monsterinsights_sitenote_active":false,"_monsterinsights_sitenote_note":"","_monsterinsights_sitenote_category":0},"categories":[4],"tags":[],"aioseo_notices":[],"gutentor_comment":0,"rttpg_featured_image_url":{"full":["https:\/\/arantv.az\/wp-content\/uploads\/2025\/02\/7ed13b122d368814a711902e66d6aaf1.jpg",870,500,false],"landscape":["https:\/\/arantv.az\/wp-content\/uploads\/2025\/02\/7ed13b122d368814a711902e66d6aaf1.jpg",870,500,false],"portraits":["https:\/\/arantv.az\/wp-content\/uploads\/2025\/02\/7ed13b122d368814a711902e66d6aaf1.jpg",870,500,false],"thumbnail":["https:\/\/arantv.az\/wp-content\/uploads\/2025\/02\/7ed13b122d368814a711902e66d6aaf1-500x280.jpg",500,280,true],"medium":["https:\/\/arantv.az\/wp-content\/uploads\/2025\/02\/7ed13b122d368814a711902e66d6aaf1-635x365.jpg",635,365,true],"large":["https:\/\/arantv.az\/wp-content\/uploads\/2025\/02\/7ed13b122d368814a711902e66d6aaf1-840x483.jpg",640,368,true],"1536x1536":["https:\/\/arantv.az\/wp-content\/uploads\/2025\/02\/7ed13b122d368814a711902e66d6aaf1.jpg",870,500,false],"2048x2048":["https:\/\/arantv.az\/wp-content\/uploads\/2025\/02\/7ed13b122d368814a711902e66d6aaf1.jpg",870,500,false],"post-thumbnail":["https:\/\/arantv.az\/wp-content\/uploads\/2025\/02\/7ed13b122d368814a711902e66d6aaf1-240x172.jpg",240,172,true],"advps-thumb-one":["https:\/\/arantv.az\/wp-content\/uploads\/2025\/02\/7ed13b122d368814a711902e66d6aaf1.jpg",870,500,false]},"rttpg_author":{"display_name":"V\u00fcsal Rafiqo\u011flu","author_link":"https:\/\/arantv.az\/?author=2"},"rttpg_comment":0,"rttpg_category":"<a href=\"https:\/\/arantv.az\/?cat=4\" rel=\"category\">Siyas\u0259t<\/a>","rttpg_excerpt":"Rusiya s\u0259rh\u0259dl\u0259rin d\u0259qiql\u0259\u015fm\u0259si \u00fc\u00e7\u00fcn kartoqrafik materiallar\u0131 t\u0259qdim etm\u0259y\u0259 haz\u0131rd\u0131r; m\u00fct\u0259x\u0259ssis is\u0259 bunu delimitasiya i\u015fin\u0259 m\u00fcdaxil\u0259 say\u0131r: \u201cVaxt\u0131nda Over\u00e7ukun i\u015ftirak\u0131 il\u0259 \u0130\u015f\u00e7i Qrupu var\u0131yd\u0131, he\u00e7 bir faydas\u0131 olmad\u0131\u201d \u201cMoskva Erm\u0259nistanla Az\u0259rbaycan aras\u0131nda s\u0259rh\u0259din delimitasiyas\u0131 v\u0259 demarkasiyas\u0131 m\u0259s\u0259l\u0259sind\u0259 yax\u015f\u0131 ir\u0259lil\u0259yi\u015f oldu\u011funu g\u00f6r\u00fcr\u201d. \u201cYeni M\u00fcsavat\u201d\u0131n siyas\u0259t \u015f\u00f6b\u0259si yaz\u0131r ki, bu bar\u0259d\u0259 Rusiya Ba\u015f nazirinin m\u00fcavini Aleksey Over\u00e7uk deyib.&hellip;","_links":{"self":[{"href":"https:\/\/arantv.az\/index.php?rest_route=\/wp\/v2\/posts\/784980"}],"collection":[{"href":"https:\/\/arantv.az\/index.php?rest_route=\/wp\/v2\/posts"}],"about":[{"href":"https:\/\/arantv.az\/index.php?rest_route=\/wp\/v2\/types\/post"}],"author":[{"embeddable":true,"href":"https:\/\/arantv.az\/index.php?rest_route=\/wp\/v2\/users\/2"}],"replies":[{"embeddable":true,"href":"https:\/\/arantv.az\/index.php?rest_route=%2Fwp%2Fv2%2Fcomments&post=784980"}],"version-history":[{"count":1,"href":"https:\/\/arantv.az\/index.php?rest_route=\/wp\/v2\/posts\/784980\/revisions"}],"predecessor-version":[{"id":784982,"href":"https:\/\/arantv.az\/index.php?rest_route=\/wp\/v2\/posts\/784980\/revisions\/784982"}],"wp:featuredmedia":[{"embeddable":true,"href":"https:\/\/arantv.az\/index.php?rest_route=\/wp\/v2\/media\/784981"}],"wp:attachment":[{"href":"https:\/\/arantv.az\/index.php?rest_route=%2Fwp%2Fv2%2Fmedia&parent=784980"}],"wp:term":[{"taxonomy":"category","embeddable":true,"href":"https:\/\/arantv.az\/index.php?rest_route=%2Fwp%2Fv2%2Fcategories&post=784980"},{"taxonomy":"post_tag","embeddable":true,"href":"https:\/\/arantv.az\/index.php?rest_route=%2Fwp%2Fv2%2Ftags&post=784980"}],"curies":[{"name":"wp","href":"https:\/\/api.w.org\/{rel}","templated":true}]}}