{"id":784983,"date":"2025-02-01T10:40:22","date_gmt":"2025-02-01T06:40:22","guid":{"rendered":"https:\/\/arantv.az\/?p=784983"},"modified":"2025-02-01T10:40:22","modified_gmt":"2025-02-01T06:40:22","slug":"az%c9%99rbaycanda-kicik-cill%c9%99-basladi","status":"publish","type":"post","link":"https:\/\/arantv.az\/?p=784983","title":{"rendered":"Az\u0259rbaycanda ki\u00e7ik \u00e7ill\u0259 BA\u015eLADI"},"content":{"rendered":"<p>Bu g\u00fcnd\u0259n q\u0131\u015f\u0131n \u0259n s\u0259rt d\u00f6vr\u00fc olaraq bilin\u0259n ki\u00e7ik \u00e7ill\u0259 ba\u015flay\u0131r. Bel\u0259likl\u0259, dekabr ay\u0131n\u0131n 20-d\u0259 ba\u015flayaraq, 40 g\u00fcn davam ed\u0259n b\u00f6y\u00fck \u00e7ill\u0259 yanvar ay\u0131n\u0131n 31-d\u0259 sona \u00e7ataraq, \u00f6z yerini ki\u00e7ik \u00e7ill\u0259y\u0259 verir.<\/p>\n<p>Bu iki \u00e7ill\u0259 xalq aras\u0131nda f\u0259rqli x\u00fcsusiyy\u0259tl\u0259ri il\u0259 tan\u0131n\u0131r v\u0259 b\u0259z\u0259n iki qarda\u015f, b\u0259z\u0259n d\u0259 iki bac\u0131 kimi t\u0259svir edilir. B\u00f6y\u00fck \u00e7ill\u0259 daha m\u00fclayim v\u0259 sakit t\u0259bi\u0259tli, ki\u00e7ik \u00e7ill\u0259 is\u0259 s\u0259rt v\u0259 q\u0259z\u0259bli xarakterl\u0259rl\u0259 obrazla\u015fd\u0131r\u0131l\u0131r. Ki\u00e7ik \u00e7ill\u0259 h\u0259m hava \u015f\u0259raitinin daha a\u011f\u0131r ke\u00e7m\u0259si, h\u0259m d\u0259 insanlar\u0131n h\u0259yat\u0131na daha \u00e7ox \u00e7\u0259tinlikl\u0259r g\u0259tirm\u0259si il\u0259 se\u00e7ilir.<\/p>\n<p>Ki\u00e7ik \u00e7ill\u0259nin daxilind\u0259 ke\u00e7iril\u0259n X\u0131d\u0131r \u0130lyas bayram\u0131 xalq m\u0259d\u0259niyy\u0259tind\u0259 x\u00fcsusi yer tutur. Bu bayram Az\u0259rbaycan\u0131n m\u00fcxt\u0259lif b\u00f6lg\u0259l\u0259rind\u0259 f\u0259rqli adlarla tan\u0131n\u0131r, m\u0259s\u0259l\u0259n, b\u0259zi yerl\u0259rd\u0259 \u201cX\u0131d\u0131r N\u0259bi\u201d ad\u0131 il\u0259 d\u0259 adland\u0131r\u0131l\u0131r. X\u00fcsusil\u0259 Nax\u00e7\u0131vanda bu bayram \u0259n\u0259n\u0259vi \u015f\u0259kild\u0259 qeyd edilir v\u0259 fevral\u0131n 10-na q\u0259d\u0259r davam edir. Bayram b\u0259zi b\u00f6lg\u0259l\u0259rd\u0259 c\u00fcm\u0259 ax\u015famlar\u0131na t\u0259sad\u00fcf edir ki, bu da \u0130slam dininin q\u0259bulundan sonra formala\u015fm\u0131\u015f bir \u0259n\u0259n\u0259dir. X\u0131d\u0131r \u0130lyas bayram\u0131 h\u0259m Novruz bayram\u0131na, h\u0259m d\u0259 q\u0259dim inanclara d\u0259rin k\u00f6kl\u0259rl\u0259 ba\u011fl\u0131d\u0131r. \u015eumer, Z\u0259rd\u00fc\u015ftl\u00fck, xristianl\u0131q v\u0259 \u0130slam t\u0259sirl\u0259rini \u00f6z\u00fcnd\u0259 \u0259ks etdir\u0259n bu bayram zamanla m\u00fcs\u0259lman \u0259n\u0259n\u0259l\u0259ri il\u0259 harmoniya t\u0259\u015fkil edib.<\/p>\n<p>X\u0131d\u0131r \u0130lyas xalq yadda\u015f\u0131nda xilaskarl\u0131q simvolu kimi ya\u015fay\u0131r. \u0130nsanlar bu bayram\u0131 yaz\u0131n g\u0259li\u015fin\u0259 \u00fcmidl\u0259 ba\u011fl\u0131y\u0131r v\u0259 b\u00f6y\u00fck s\u0259birsizlikl\u0259 qeyd edirdil\u0259r. Bayram zaman\u0131 evl\u0259rd\u0259 bu\u011fdadan haz\u0131rlanan qov\u011fa v\u0259 qovud x\u00fcsusi yer tutur. \u0130nanca g\u00f6r\u0259, bayram gec\u0259si qovud qap\u0131n\u0131n kandar\u0131na qoyulur v\u0259 X\u0131d\u0131r\u0131n boz at\u0131 il\u0259 g\u0259lib bu izl\u0259ri yoxlayaca\u011f\u0131na inan\u0131l\u0131rd\u0131. \u018fg\u0259r s\u0259h\u0259r oyananda qovudda izl\u0259r g\u00f6r\u00fcn\u0259rdis\u0259, bu, X\u0131d\u0131r\u0131n g\u0259li\u015finin \u0259lam\u0259ti kimi q\u0259bul edilirdi. Bu c\u00fcr inanclar \u00e7\u0259tin q\u0131\u015f g\u00fcnl\u0259rind\u0259 xalq\u0131n yaz\u0131n g\u0259li\u015fin\u0259 olan \u00fcmidl\u0259rini art\u0131r\u0131rd\u0131.<\/p>\n<p>Ki\u00e7ik \u00e7ill\u0259nin bitm\u0259si il\u0259 Boz ay ba\u015flay\u0131r. Boz ay h\u0259m Novruzun yax\u0131nla\u015fmas\u0131n\u0131, h\u0259m d\u0259 t\u0259bi\u0259tin oyan\u0131\u015f\u0131n\u0131 simvoliz\u0259 ed\u0259n bir d\u00f6vr hesab edilir. Bu ayda xalq aras\u0131nda \u00e7ox m\u0259\u015fhur olan \u00e7\u0259r\u015f\u0259nb\u0259l\u0259r qeyd olunur. Su, od, yel v\u0259 torpaq \u00e7\u0259r\u015f\u0259nb\u0259l\u0259ri Boz ay\u0131n \u0259sas m\u0259rasiml\u0259ridir. Su \u00e7\u0259r\u015f\u0259nb\u0259si il\u0259 ba\u015flayan \u0259sas m\u0259rasiml\u0259r torpaq \u00e7\u0259r\u015f\u0259nb\u0259si il\u0259 tamamlan\u0131r v\u0259 bahar\u0131n g\u0259li\u015fi b\u00f6y\u00fck sevincl\u0259 qar\u015f\u0131lan\u0131r.<\/p>\n","protected":false},"excerpt":{"rendered":"<p>Bu g\u00fcnd\u0259n q\u0131\u015f\u0131n \u0259n s\u0259rt d\u00f6vr\u00fc olaraq bilin\u0259n ki\u00e7ik \u00e7ill\u0259 ba\u015flay\u0131r. Bel\u0259likl\u0259, dekabr ay\u0131n\u0131n 20-d\u0259 ba\u015flayaraq, 40 g\u00fcn davam ed\u0259n b\u00f6y\u00fck \u00e7ill\u0259 yanvar ay\u0131n\u0131n 31-d\u0259 sona \u00e7ataraq, \u00f6z yerini ki\u00e7ik \u00e7ill\u0259y\u0259 verir. Bu iki \u00e7ill\u0259 xalq aras\u0131nda f\u0259rqli x\u00fcsusiyy\u0259tl\u0259ri il\u0259 tan\u0131n\u0131r v\u0259 b\u0259z\u0259n iki qarda\u015f, b\u0259z\u0259n d\u0259 iki bac\u0131 kimi t\u0259svir edilir. B\u00f6y\u00fck \u00e7ill\u0259 daha m\u00fclayim v\u0259 sakit t\u0259bi\u0259tli, ki\u00e7ik \u00e7ill\u0259 is\u0259 s\u0259rt v\u0259 q\u0259z\u0259bli xarakterl\u0259rl\u0259 obrazla\u015fd\u0131r\u0131l\u0131r. Ki\u00e7ik \u00e7ill\u0259 h\u0259m hava \u015f\u0259raitinin daha a\u011f\u0131r ke\u00e7m\u0259si, h\u0259m d\u0259 insanlar\u0131n h\u0259yat\u0131na daha \u00e7ox \u00e7\u0259tinlikl\u0259r g\u0259tirm\u0259si il\u0259 se\u00e7ilir. Ki\u00e7ik \u00e7ill\u0259nin daxilind\u0259 ke\u00e7iril\u0259n X\u0131d\u0131r&hellip;<\/p>\n","protected":false},"author":2,"featured_media":784984,"comment_status":"closed","ping_status":"closed","sticky":false,"template":"","format":"standard","meta":{"om_disable_all_campaigns":false,"_monsterinsights_skip_tracking":false,"_monsterinsights_sitenote_active":false,"_monsterinsights_sitenote_note":"","_monsterinsights_sitenote_category":0},"categories":[1],"tags":[],"aioseo_notices":[],"gutentor_comment":0,"rttpg_featured_image_url":{"full":["https:\/\/arantv.az\/wp-content\/uploads\/2025\/02\/098bdd0879af855d3bd89174e1ae09b2.jpg",750,499,false],"landscape":["https:\/\/arantv.az\/wp-content\/uploads\/2025\/02\/098bdd0879af855d3bd89174e1ae09b2.jpg",750,499,false],"portraits":["https:\/\/arantv.az\/wp-content\/uploads\/2025\/02\/098bdd0879af855d3bd89174e1ae09b2.jpg",750,499,false],"thumbnail":["https:\/\/arantv.az\/wp-content\/uploads\/2025\/02\/098bdd0879af855d3bd89174e1ae09b2-500x280.jpg",500,280,true],"medium":["https:\/\/arantv.az\/wp-content\/uploads\/2025\/02\/098bdd0879af855d3bd89174e1ae09b2-549x365.jpg",549,365,true],"large":["https:\/\/arantv.az\/wp-content\/uploads\/2025\/02\/098bdd0879af855d3bd89174e1ae09b2.jpg",640,426,false],"1536x1536":["https:\/\/arantv.az\/wp-content\/uploads\/2025\/02\/098bdd0879af855d3bd89174e1ae09b2.jpg",750,499,false],"2048x2048":["https:\/\/arantv.az\/wp-content\/uploads\/2025\/02\/098bdd0879af855d3bd89174e1ae09b2.jpg",750,499,false],"post-thumbnail":["https:\/\/arantv.az\/wp-content\/uploads\/2025\/02\/098bdd0879af855d3bd89174e1ae09b2-240x172.jpg",240,172,true],"advps-thumb-one":["https:\/\/arantv.az\/wp-content\/uploads\/2025\/02\/098bdd0879af855d3bd89174e1ae09b2.jpg",750,499,false]},"rttpg_author":{"display_name":"V\u00fcsal Rafiqo\u011flu","author_link":"https:\/\/arantv.az\/?author=2"},"rttpg_comment":0,"rttpg_category":"<a href=\"https:\/\/arantv.az\/?cat=1\" rel=\"category\">C\u0259miyy\u0259t<\/a>","rttpg_excerpt":"Bu g\u00fcnd\u0259n q\u0131\u015f\u0131n \u0259n s\u0259rt d\u00f6vr\u00fc olaraq bilin\u0259n ki\u00e7ik \u00e7ill\u0259 ba\u015flay\u0131r. Bel\u0259likl\u0259, dekabr ay\u0131n\u0131n 20-d\u0259 ba\u015flayaraq, 40 g\u00fcn davam ed\u0259n b\u00f6y\u00fck \u00e7ill\u0259 yanvar ay\u0131n\u0131n 31-d\u0259 sona \u00e7ataraq, \u00f6z yerini ki\u00e7ik \u00e7ill\u0259y\u0259 verir. Bu iki \u00e7ill\u0259 xalq aras\u0131nda f\u0259rqli x\u00fcsusiyy\u0259tl\u0259ri il\u0259 tan\u0131n\u0131r v\u0259 b\u0259z\u0259n iki qarda\u015f, b\u0259z\u0259n d\u0259 iki bac\u0131 kimi t\u0259svir edilir. B\u00f6y\u00fck \u00e7ill\u0259 daha&hellip;","_links":{"self":[{"href":"https:\/\/arantv.az\/index.php?rest_route=\/wp\/v2\/posts\/784983"}],"collection":[{"href":"https:\/\/arantv.az\/index.php?rest_route=\/wp\/v2\/posts"}],"about":[{"href":"https:\/\/arantv.az\/index.php?rest_route=\/wp\/v2\/types\/post"}],"author":[{"embeddable":true,"href":"https:\/\/arantv.az\/index.php?rest_route=\/wp\/v2\/users\/2"}],"replies":[{"embeddable":true,"href":"https:\/\/arantv.az\/index.php?rest_route=%2Fwp%2Fv2%2Fcomments&post=784983"}],"version-history":[{"count":2,"href":"https:\/\/arantv.az\/index.php?rest_route=\/wp\/v2\/posts\/784983\/revisions"}],"predecessor-version":[{"id":784986,"href":"https:\/\/arantv.az\/index.php?rest_route=\/wp\/v2\/posts\/784983\/revisions\/784986"}],"wp:featuredmedia":[{"embeddable":true,"href":"https:\/\/arantv.az\/index.php?rest_route=\/wp\/v2\/media\/784984"}],"wp:attachment":[{"href":"https:\/\/arantv.az\/index.php?rest_route=%2Fwp%2Fv2%2Fmedia&parent=784983"}],"wp:term":[{"taxonomy":"category","embeddable":true,"href":"https:\/\/arantv.az\/index.php?rest_route=%2Fwp%2Fv2%2Fcategories&post=784983"},{"taxonomy":"post_tag","embeddable":true,"href":"https:\/\/arantv.az\/index.php?rest_route=%2Fwp%2Fv2%2Ftags&post=784983"}],"curies":[{"name":"wp","href":"https:\/\/api.w.org\/{rel}","templated":true}]}}