{"id":784991,"date":"2025-02-01T11:04:21","date_gmt":"2025-02-01T07:04:21","guid":{"rendered":"https:\/\/arantv.az\/?p=784991"},"modified":"2025-02-01T11:04:21","modified_gmt":"2025-02-01T07:04:21","slug":"vilay%c9%99t-eyvazov-qusarda-v%c9%99t%c9%99ndaslari-q%c9%99bul-ed%c9%99c%c9%99k","status":"publish","type":"post","link":"https:\/\/arantv.az\/?p=784991","title":{"rendered":"Vilay\u0259t Eyvazov Qusarda v\u0259t\u0259nda\u015flar\u0131 q\u0259bul ed\u0259c\u0259k"},"content":{"rendered":"<p>Daxili i\u015fl\u0259r naziri general-polkovnik Vilay\u0259t Eyvazov 2025-ci il fevral ay\u0131n\u0131n 7-d\u0259 Qusar rayonunda v\u0259t\u0259nda\u015flar\u0131 q\u0259bul ed\u0259c\u0259k.<\/p>\n<p>Bu bar\u0259d\u0259\u00a0Musavat.com-a\u00a0Daxili \u0130\u015fl\u0259r Nazirliyind\u0259n m\u0259lumat verilib.<\/p>\n<p>Bildirilib ki, Qusar Rayon Polis \u015e\u00f6b\u0259sinin inzibati binas\u0131nda ke\u00e7irl\u0259c\u0259k q\u0259bulda Qusar, Quba, Xa\u00e7maz, \u015eabran, Siy\u0259z\u0259n, X\u0131z\u0131 \u015f\u0259h\u0259r v\u0259 rayonlar\u0131n\u0131n sakinl\u0259ri q\u0259bul edil\u0259c\u0259k.<\/p>\n<p>&#8220;Q\u0259bula yaz\u0131lmaq ist\u0259y\u0259n v\u0259t\u0259nda\u015flar Daxili \u0130\u015fl\u0259r Nazirliyinin s\u0259lahiyy\u0259tl\u0259rin\u0259 aid m\u0259s\u0259l\u0259l\u0259rl\u0259 ba\u011fl\u0131 fevral\u0131n 6-d\u0259k ya\u015fad\u0131qlar\u0131 \u0259razinin polis orqan\u0131na, habel\u0259 D\u0130N-in mia.gov.az internet sayt\u0131 vasit\u0259sil\u0259 v\u0259 sosial \u015f\u0259b\u0259k\u0259l\u0259rd\u0259ki s\u0259hif\u0259l\u0259rin\u0259 m\u00fcraci\u0259t ed\u0259 bil\u0259rl\u0259r. Q\u0259bula g\u0259l\u0259nl\u0259rd\u0259n \u015f\u0259xsiyy\u0259t v\u0259siq\u0259si t\u0259l\u0259b olunur&#8221;, &#8211; m\u0259lumatda vur\u011fulan\u0131b.<\/p>\n","protected":false},"excerpt":{"rendered":"<p>Daxili i\u015fl\u0259r naziri general-polkovnik Vilay\u0259t Eyvazov 2025-ci il fevral ay\u0131n\u0131n 7-d\u0259 Qusar rayonunda v\u0259t\u0259nda\u015flar\u0131 q\u0259bul ed\u0259c\u0259k. Bu bar\u0259d\u0259\u00a0Musavat.com-a\u00a0Daxili \u0130\u015fl\u0259r Nazirliyind\u0259n m\u0259lumat verilib. Bildirilib ki, Qusar Rayon Polis \u015e\u00f6b\u0259sinin inzibati binas\u0131nda ke\u00e7irl\u0259c\u0259k q\u0259bulda Qusar, Quba, Xa\u00e7maz, \u015eabran, Siy\u0259z\u0259n, X\u0131z\u0131 \u015f\u0259h\u0259r v\u0259 rayonlar\u0131n\u0131n sakinl\u0259ri q\u0259bul edil\u0259c\u0259k. &#8220;Q\u0259bula yaz\u0131lmaq ist\u0259y\u0259n v\u0259t\u0259nda\u015flar Daxili \u0130\u015fl\u0259r Nazirliyinin s\u0259lahiyy\u0259tl\u0259rin\u0259 aid m\u0259s\u0259l\u0259l\u0259rl\u0259 ba\u011fl\u0131 fevral\u0131n 6-d\u0259k ya\u015fad\u0131qlar\u0131 \u0259razinin polis orqan\u0131na, habel\u0259 D\u0130N-in mia.gov.az internet sayt\u0131 vasit\u0259sil\u0259 v\u0259 sosial \u015f\u0259b\u0259k\u0259l\u0259rd\u0259ki s\u0259hif\u0259l\u0259rin\u0259 m\u00fcraci\u0259t ed\u0259 bil\u0259rl\u0259r. Q\u0259bula g\u0259l\u0259nl\u0259rd\u0259n \u015f\u0259xsiyy\u0259t v\u0259siq\u0259si t\u0259l\u0259b olunur&#8221;, &#8211; m\u0259lumatda vur\u011fulan\u0131b.<\/p>\n","protected":false},"author":2,"featured_media":784992,"comment_status":"closed","ping_status":"closed","sticky":false,"template":"","format":"standard","meta":{"om_disable_all_campaigns":false,"_monsterinsights_skip_tracking":false,"_monsterinsights_sitenote_active":false,"_monsterinsights_sitenote_note":"","_monsterinsights_sitenote_category":0},"categories":[1],"tags":[],"aioseo_notices":[],"gutentor_comment":0,"rttpg_featured_image_url":{"full":["https:\/\/arantv.az\/wp-content\/uploads\/2025\/02\/c3d2e50c447079cabd3c9d55ee3e3d6b.jpg",850,500,false],"landscape":["https:\/\/arantv.az\/wp-content\/uploads\/2025\/02\/c3d2e50c447079cabd3c9d55ee3e3d6b.jpg",850,500,false],"portraits":["https:\/\/arantv.az\/wp-content\/uploads\/2025\/02\/c3d2e50c447079cabd3c9d55ee3e3d6b.jpg",850,500,false],"thumbnail":["https:\/\/arantv.az\/wp-content\/uploads\/2025\/02\/c3d2e50c447079cabd3c9d55ee3e3d6b-500x280.jpg",500,280,true],"medium":["https:\/\/arantv.az\/wp-content\/uploads\/2025\/02\/c3d2e50c447079cabd3c9d55ee3e3d6b-621x365.jpg",621,365,true],"large":["https:\/\/arantv.az\/wp-content\/uploads\/2025\/02\/c3d2e50c447079cabd3c9d55ee3e3d6b-840x494.jpg",640,376,true],"1536x1536":["https:\/\/arantv.az\/wp-content\/uploads\/2025\/02\/c3d2e50c447079cabd3c9d55ee3e3d6b.jpg",850,500,false],"2048x2048":["https:\/\/arantv.az\/wp-content\/uploads\/2025\/02\/c3d2e50c447079cabd3c9d55ee3e3d6b.jpg",850,500,false],"post-thumbnail":["https:\/\/arantv.az\/wp-content\/uploads\/2025\/02\/c3d2e50c447079cabd3c9d55ee3e3d6b-240x172.jpg",240,172,true],"advps-thumb-one":["https:\/\/arantv.az\/wp-content\/uploads\/2025\/02\/c3d2e50c447079cabd3c9d55ee3e3d6b.jpg",850,500,false]},"rttpg_author":{"display_name":"V\u00fcsal Rafiqo\u011flu","author_link":"https:\/\/arantv.az\/?author=2"},"rttpg_comment":0,"rttpg_category":"<a href=\"https:\/\/arantv.az\/?cat=1\" rel=\"category\">C\u0259miyy\u0259t<\/a>","rttpg_excerpt":"Daxili i\u015fl\u0259r naziri general-polkovnik Vilay\u0259t Eyvazov 2025-ci il fevral ay\u0131n\u0131n 7-d\u0259 Qusar rayonunda v\u0259t\u0259nda\u015flar\u0131 q\u0259bul ed\u0259c\u0259k. Bu bar\u0259d\u0259\u00a0Musavat.com-a\u00a0Daxili \u0130\u015fl\u0259r Nazirliyind\u0259n m\u0259lumat verilib. Bildirilib ki, Qusar Rayon Polis \u015e\u00f6b\u0259sinin inzibati binas\u0131nda ke\u00e7irl\u0259c\u0259k q\u0259bulda Qusar, Quba, Xa\u00e7maz, \u015eabran, Siy\u0259z\u0259n, X\u0131z\u0131 \u015f\u0259h\u0259r v\u0259 rayonlar\u0131n\u0131n sakinl\u0259ri q\u0259bul edil\u0259c\u0259k. &#8220;Q\u0259bula yaz\u0131lmaq ist\u0259y\u0259n v\u0259t\u0259nda\u015flar Daxili \u0130\u015fl\u0259r Nazirliyinin s\u0259lahiyy\u0259tl\u0259rin\u0259 aid m\u0259s\u0259l\u0259l\u0259rl\u0259 ba\u011fl\u0131&hellip;","_links":{"self":[{"href":"https:\/\/arantv.az\/index.php?rest_route=\/wp\/v2\/posts\/784991"}],"collection":[{"href":"https:\/\/arantv.az\/index.php?rest_route=\/wp\/v2\/posts"}],"about":[{"href":"https:\/\/arantv.az\/index.php?rest_route=\/wp\/v2\/types\/post"}],"author":[{"embeddable":true,"href":"https:\/\/arantv.az\/index.php?rest_route=\/wp\/v2\/users\/2"}],"replies":[{"embeddable":true,"href":"https:\/\/arantv.az\/index.php?rest_route=%2Fwp%2Fv2%2Fcomments&post=784991"}],"version-history":[{"count":1,"href":"https:\/\/arantv.az\/index.php?rest_route=\/wp\/v2\/posts\/784991\/revisions"}],"predecessor-version":[{"id":784993,"href":"https:\/\/arantv.az\/index.php?rest_route=\/wp\/v2\/posts\/784991\/revisions\/784993"}],"wp:featuredmedia":[{"embeddable":true,"href":"https:\/\/arantv.az\/index.php?rest_route=\/wp\/v2\/media\/784992"}],"wp:attachment":[{"href":"https:\/\/arantv.az\/index.php?rest_route=%2Fwp%2Fv2%2Fmedia&parent=784991"}],"wp:term":[{"taxonomy":"category","embeddable":true,"href":"https:\/\/arantv.az\/index.php?rest_route=%2Fwp%2Fv2%2Fcategories&post=784991"},{"taxonomy":"post_tag","embeddable":true,"href":"https:\/\/arantv.az\/index.php?rest_route=%2Fwp%2Fv2%2Ftags&post=784991"}],"curies":[{"name":"wp","href":"https:\/\/api.w.org\/{rel}","templated":true}]}}