{"id":785153,"date":"2025-02-01T22:00:11","date_gmt":"2025-02-01T18:00:11","guid":{"rendered":"https:\/\/arantv.az\/?p=785153"},"modified":"2025-02-01T22:00:11","modified_gmt":"2025-02-01T18:00:11","slug":"hikm%c9%99t-haciyev-irandaki-s%c9%99firliyimizin-yeni-binasi-il%c9%99-tanis-oldufoto","status":"publish","type":"post","link":"https:\/\/arantv.az\/?p=785153","title":{"rendered":"Hikm\u0259t Hac\u0131yev \u0130randak\u0131 s\u0259firliyimizin yeni binas\u0131 il\u0259 TANI\u015e OLDUFOTO"},"content":{"rendered":"<div class=\"text-content\" data-id=\"\" data-url=\"\">\n<p><strong>Az\u0259rbaycan Prezidentinin k\u00f6m\u0259k\u00e7isi Hikm\u0259t Hac\u0131yev Az\u0259rbaycan\u0131n \u0130randak\u0131 s\u0259firliyini ziyar\u0259t edib.<\/strong><\/p>\n<p><strong>ARANTV.AZ <\/strong>\u00a0x\u0259b\u0259r verir ki, bu bar\u0259d\u0259 Az\u0259rbaycan\u0131n \u0130randak\u0131 s\u0259firliyi &#8220;X&#8221; s\u0259hif\u0259sind\u0259ki payla\u015f\u0131m\u0131nda qeyd edib.<\/p>\n<p>Prezdentin k\u00f6m\u0259k\u00e7isi Ulu \u00f6nd\u0259r Heyd\u0259r \u018fliyevin b\u00fcst\u00fc \u00f6n\u00fcn\u0259 g\u00fcl d\u0259st\u0259si qoyub v\u0259 s\u0259firliyin yeni inzibati binas\u0131 il\u0259 tan\u0131\u015f olub.<\/p>\n<\/div>\n<div>\n<div class=\"form-group\"><img class=\"img-responsive\" src=\"https:\/\/cdn.musavat.com\/news\/images\/NewFolder%203\/Git5MRUWMAEeuAl-1.jpg\" \/><\/div>\n<div class=\"form-group\"><img class=\"img-responsive\" src=\"https:\/\/cdn.musavat.com\/news\/images\/NewFolder%203\/Git5MRcXUAApQFY-1.jpg\" \/><\/div>\n<\/div>\n","protected":false},"excerpt":{"rendered":"<p>Az\u0259rbaycan Prezidentinin k\u00f6m\u0259k\u00e7isi Hikm\u0259t Hac\u0131yev Az\u0259rbaycan\u0131n \u0130randak\u0131 s\u0259firliyini ziyar\u0259t edib. ARANTV.AZ \u00a0x\u0259b\u0259r verir ki, bu bar\u0259d\u0259 Az\u0259rbaycan\u0131n \u0130randak\u0131 s\u0259firliyi &#8220;X&#8221; s\u0259hif\u0259sind\u0259ki payla\u015f\u0131m\u0131nda qeyd edib. Prezdentin k\u00f6m\u0259k\u00e7isi Ulu \u00f6nd\u0259r Heyd\u0259r \u018fliyevin b\u00fcst\u00fc \u00f6n\u00fcn\u0259 g\u00fcl d\u0259st\u0259si qoyub v\u0259 s\u0259firliyin yeni inzibati binas\u0131 il\u0259 tan\u0131\u015f olub.<\/p>\n","protected":false},"author":2,"featured_media":785154,"comment_status":"closed","ping_status":"closed","sticky":false,"template":"","format":"standard","meta":{"om_disable_all_campaigns":false,"_monsterinsights_skip_tracking":false,"_monsterinsights_sitenote_active":false,"_monsterinsights_sitenote_note":"","_monsterinsights_sitenote_category":0},"categories":[4],"tags":[],"aioseo_notices":[],"gutentor_comment":0,"rttpg_featured_image_url":{"full":["https:\/\/arantv.az\/wp-content\/uploads\/2025\/02\/e363be9edd0c658167cf0bfc7bfcd44b.jpg",850,500,false],"landscape":["https:\/\/arantv.az\/wp-content\/uploads\/2025\/02\/e363be9edd0c658167cf0bfc7bfcd44b.jpg",850,500,false],"portraits":["https:\/\/arantv.az\/wp-content\/uploads\/2025\/02\/e363be9edd0c658167cf0bfc7bfcd44b.jpg",850,500,false],"thumbnail":["https:\/\/arantv.az\/wp-content\/uploads\/2025\/02\/e363be9edd0c658167cf0bfc7bfcd44b-500x280.jpg",500,280,true],"medium":["https:\/\/arantv.az\/wp-content\/uploads\/2025\/02\/e363be9edd0c658167cf0bfc7bfcd44b-621x365.jpg",621,365,true],"large":["https:\/\/arantv.az\/wp-content\/uploads\/2025\/02\/e363be9edd0c658167cf0bfc7bfcd44b-840x494.jpg",640,376,true],"1536x1536":["https:\/\/arantv.az\/wp-content\/uploads\/2025\/02\/e363be9edd0c658167cf0bfc7bfcd44b.jpg",850,500,false],"2048x2048":["https:\/\/arantv.az\/wp-content\/uploads\/2025\/02\/e363be9edd0c658167cf0bfc7bfcd44b.jpg",850,500,false],"post-thumbnail":["https:\/\/arantv.az\/wp-content\/uploads\/2025\/02\/e363be9edd0c658167cf0bfc7bfcd44b-240x172.jpg",240,172,true],"advps-thumb-one":["https:\/\/arantv.az\/wp-content\/uploads\/2025\/02\/e363be9edd0c658167cf0bfc7bfcd44b.jpg",850,500,false]},"rttpg_author":{"display_name":"V\u00fcsal Rafiqo\u011flu","author_link":"https:\/\/arantv.az\/?author=2"},"rttpg_comment":0,"rttpg_category":"<a href=\"https:\/\/arantv.az\/?cat=4\" rel=\"category\">Siyas\u0259t<\/a>","rttpg_excerpt":"Az\u0259rbaycan Prezidentinin k\u00f6m\u0259k\u00e7isi Hikm\u0259t Hac\u0131yev Az\u0259rbaycan\u0131n \u0130randak\u0131 s\u0259firliyini ziyar\u0259t edib. ARANTV.AZ \u00a0x\u0259b\u0259r verir ki, bu bar\u0259d\u0259 Az\u0259rbaycan\u0131n \u0130randak\u0131 s\u0259firliyi &#8220;X&#8221; s\u0259hif\u0259sind\u0259ki payla\u015f\u0131m\u0131nda qeyd edib. Prezdentin k\u00f6m\u0259k\u00e7isi Ulu \u00f6nd\u0259r Heyd\u0259r \u018fliyevin b\u00fcst\u00fc \u00f6n\u00fcn\u0259 g\u00fcl d\u0259st\u0259si qoyub v\u0259 s\u0259firliyin yeni inzibati binas\u0131 il\u0259 tan\u0131\u015f olub.","_links":{"self":[{"href":"https:\/\/arantv.az\/index.php?rest_route=\/wp\/v2\/posts\/785153"}],"collection":[{"href":"https:\/\/arantv.az\/index.php?rest_route=\/wp\/v2\/posts"}],"about":[{"href":"https:\/\/arantv.az\/index.php?rest_route=\/wp\/v2\/types\/post"}],"author":[{"embeddable":true,"href":"https:\/\/arantv.az\/index.php?rest_route=\/wp\/v2\/users\/2"}],"replies":[{"embeddable":true,"href":"https:\/\/arantv.az\/index.php?rest_route=%2Fwp%2Fv2%2Fcomments&post=785153"}],"version-history":[{"count":1,"href":"https:\/\/arantv.az\/index.php?rest_route=\/wp\/v2\/posts\/785153\/revisions"}],"predecessor-version":[{"id":785155,"href":"https:\/\/arantv.az\/index.php?rest_route=\/wp\/v2\/posts\/785153\/revisions\/785155"}],"wp:featuredmedia":[{"embeddable":true,"href":"https:\/\/arantv.az\/index.php?rest_route=\/wp\/v2\/media\/785154"}],"wp:attachment":[{"href":"https:\/\/arantv.az\/index.php?rest_route=%2Fwp%2Fv2%2Fmedia&parent=785153"}],"wp:term":[{"taxonomy":"category","embeddable":true,"href":"https:\/\/arantv.az\/index.php?rest_route=%2Fwp%2Fv2%2Fcategories&post=785153"},{"taxonomy":"post_tag","embeddable":true,"href":"https:\/\/arantv.az\/index.php?rest_route=%2Fwp%2Fv2%2Ftags&post=785153"}],"curies":[{"name":"wp","href":"https:\/\/api.w.org\/{rel}","templated":true}]}}