{"id":785256,"date":"2025-02-02T21:34:02","date_gmt":"2025-02-02T17:34:02","guid":{"rendered":"https:\/\/arantv.az\/?p=785256"},"modified":"2025-02-02T21:34:02","modified_gmt":"2025-02-02T17:34:02","slug":"mehriban-%c9%99liyeva-az%c9%99rbaycan-g%c9%99ncl%c9%99rini-t%c9%99brik-edib-2","status":"publish","type":"post","link":"https:\/\/arantv.az\/?p=785256","title":{"rendered":"Mehriban \u018fliyeva Az\u0259rbaycan g\u0259ncl\u0259rini t\u0259brik edib"},"content":{"rendered":"<div class=\"text-content\" data-id=\"\" data-url=\"\">\n<p><strong>Birinci vitse-prezident Mehriban \u018fliyeva sosial \u015f\u0259b\u0259k\u0259 hesab\u0131nda 2 Fevral &#8211; Az\u0259rbaycan G\u0259ncl\u0259ri G\u00fcn\u00fc m\u00fcnasib\u0259til\u0259 payla\u015f\u0131m edib.<\/strong><\/p>\n<p><b>ARANTV.AZ\u00a0<\/b> x\u0259b\u0259r verir ki, payla\u015f\u0131mda deyilir:<\/p>\n<p>\u201cQoy h\u0259r bir g\u0259ncimiz \u00f6z z\u0259kas\u0131, biliyi, bacar\u0131\u011f\u0131, q\u0259l\u0259b\u0259 v\u0259 nailiyy\u0259tl\u0259ri il\u0259 xalq\u0131m\u0131z\u0131 h\u0259r zaman q\u00fcrurland\u0131rs\u0131n!\u201d<\/p>\n<p>Qeyd ed\u0259k ki, Ulu \u00d6nd\u0259r Heyd\u0259r \u018fliyevin 1997-ci il fevral\u0131n 2-d\u0259 imzalad\u0131\u011f\u0131 f\u0259rmana \u0259sas\u0259n, fevral\u0131n 2-si Az\u0259rbaycan G\u0259ncl\u0259ri G\u00fcn\u00fc elan olunub.<\/p>\n<p><iframe loading=\"lazy\" id=\"instagram-embed-0\" class=\"instagram-media instagram-media-rendered\" src=\"https:\/\/www.instagram.com\/p\/DFkED0tAJ5M\/embed\/captioned\/?cr=1&amp;v=14&amp;wp=594&amp;rd=https%3A%2F%2Freport.az&amp;rp=%2Fdaxili-siyaset%2Fmehriban-eliyeva-azerbaycan-genclerini-tebrik-edib%2F#%7B%22ci%22%3A0%2C%22os%22%3A644.4000000003725%2C%22ls%22%3A303.69999999925494%2C%22le%22%3A620.5999999996275%7D\" width=\"750\" height=\"2420\" frameborder=\"0\" scrolling=\"no\" allowfullscreen=\"allowfullscreen\" data-instgrm-payload-id=\"instagram-media-payload-0\" data-mce-fragment=\"1\"><\/iframe><\/p>\n<\/div>\n<div><\/div>\n<div><\/div>\n<div class=\"inner-social-box\">\n<div class=\"subs-in-social subs-whatsapp\"><\/div>\n<\/div>\n","protected":false},"excerpt":{"rendered":"<p>Birinci vitse-prezident Mehriban \u018fliyeva sosial \u015f\u0259b\u0259k\u0259 hesab\u0131nda 2 Fevral &#8211; Az\u0259rbaycan G\u0259ncl\u0259ri G\u00fcn\u00fc m\u00fcnasib\u0259til\u0259 payla\u015f\u0131m edib. ARANTV.AZ\u00a0 x\u0259b\u0259r verir ki, payla\u015f\u0131mda deyilir: \u201cQoy h\u0259r bir g\u0259ncimiz \u00f6z z\u0259kas\u0131, biliyi, bacar\u0131\u011f\u0131, q\u0259l\u0259b\u0259 v\u0259 nailiyy\u0259tl\u0259ri il\u0259 xalq\u0131m\u0131z\u0131 h\u0259r zaman q\u00fcrurland\u0131rs\u0131n!\u201d Qeyd ed\u0259k ki, Ulu \u00d6nd\u0259r Heyd\u0259r \u018fliyevin 1997-ci il fevral\u0131n 2-d\u0259 imzalad\u0131\u011f\u0131 f\u0259rmana \u0259sas\u0259n, fevral\u0131n 2-si Az\u0259rbaycan G\u0259ncl\u0259ri G\u00fcn\u00fc elan olunub.<\/p>\n","protected":false},"author":2,"featured_media":785257,"comment_status":"closed","ping_status":"closed","sticky":false,"template":"","format":"standard","meta":{"om_disable_all_campaigns":false,"_monsterinsights_skip_tracking":false,"_monsterinsights_sitenote_active":false,"_monsterinsights_sitenote_note":"","_monsterinsights_sitenote_category":0},"categories":[4],"tags":[],"aioseo_notices":[],"gutentor_comment":0,"rttpg_featured_image_url":{"full":["https:\/\/arantv.az\/wp-content\/uploads\/2025\/02\/efa9cc66efca84a76e8d0787150dd7c2.jpg",850,500,false],"landscape":["https:\/\/arantv.az\/wp-content\/uploads\/2025\/02\/efa9cc66efca84a76e8d0787150dd7c2.jpg",850,500,false],"portraits":["https:\/\/arantv.az\/wp-content\/uploads\/2025\/02\/efa9cc66efca84a76e8d0787150dd7c2.jpg",850,500,false],"thumbnail":["https:\/\/arantv.az\/wp-content\/uploads\/2025\/02\/efa9cc66efca84a76e8d0787150dd7c2-500x280.jpg",500,280,true],"medium":["https:\/\/arantv.az\/wp-content\/uploads\/2025\/02\/efa9cc66efca84a76e8d0787150dd7c2-621x365.jpg",621,365,true],"large":["https:\/\/arantv.az\/wp-content\/uploads\/2025\/02\/efa9cc66efca84a76e8d0787150dd7c2-840x494.jpg",640,376,true],"1536x1536":["https:\/\/arantv.az\/wp-content\/uploads\/2025\/02\/efa9cc66efca84a76e8d0787150dd7c2.jpg",850,500,false],"2048x2048":["https:\/\/arantv.az\/wp-content\/uploads\/2025\/02\/efa9cc66efca84a76e8d0787150dd7c2.jpg",850,500,false],"post-thumbnail":["https:\/\/arantv.az\/wp-content\/uploads\/2025\/02\/efa9cc66efca84a76e8d0787150dd7c2-240x172.jpg",240,172,true],"advps-thumb-one":["https:\/\/arantv.az\/wp-content\/uploads\/2025\/02\/efa9cc66efca84a76e8d0787150dd7c2.jpg",850,500,false]},"rttpg_author":{"display_name":"V\u00fcsal Rafiqo\u011flu","author_link":"https:\/\/arantv.az\/?author=2"},"rttpg_comment":0,"rttpg_category":"<a href=\"https:\/\/arantv.az\/?cat=4\" rel=\"category\">Siyas\u0259t<\/a>","rttpg_excerpt":"Birinci vitse-prezident Mehriban \u018fliyeva sosial \u015f\u0259b\u0259k\u0259 hesab\u0131nda 2 Fevral &#8211; Az\u0259rbaycan G\u0259ncl\u0259ri G\u00fcn\u00fc m\u00fcnasib\u0259til\u0259 payla\u015f\u0131m edib. ARANTV.AZ\u00a0 x\u0259b\u0259r verir ki, payla\u015f\u0131mda deyilir: \u201cQoy h\u0259r bir g\u0259ncimiz \u00f6z z\u0259kas\u0131, biliyi, bacar\u0131\u011f\u0131, q\u0259l\u0259b\u0259 v\u0259 nailiyy\u0259tl\u0259ri il\u0259 xalq\u0131m\u0131z\u0131 h\u0259r zaman q\u00fcrurland\u0131rs\u0131n!\u201d Qeyd ed\u0259k ki, Ulu \u00d6nd\u0259r Heyd\u0259r \u018fliyevin 1997-ci il fevral\u0131n 2-d\u0259 imzalad\u0131\u011f\u0131 f\u0259rmana \u0259sas\u0259n, fevral\u0131n 2-si Az\u0259rbaycan&hellip;","_links":{"self":[{"href":"https:\/\/arantv.az\/index.php?rest_route=\/wp\/v2\/posts\/785256"}],"collection":[{"href":"https:\/\/arantv.az\/index.php?rest_route=\/wp\/v2\/posts"}],"about":[{"href":"https:\/\/arantv.az\/index.php?rest_route=\/wp\/v2\/types\/post"}],"author":[{"embeddable":true,"href":"https:\/\/arantv.az\/index.php?rest_route=\/wp\/v2\/users\/2"}],"replies":[{"embeddable":true,"href":"https:\/\/arantv.az\/index.php?rest_route=%2Fwp%2Fv2%2Fcomments&post=785256"}],"version-history":[{"count":1,"href":"https:\/\/arantv.az\/index.php?rest_route=\/wp\/v2\/posts\/785256\/revisions"}],"predecessor-version":[{"id":785258,"href":"https:\/\/arantv.az\/index.php?rest_route=\/wp\/v2\/posts\/785256\/revisions\/785258"}],"wp:featuredmedia":[{"embeddable":true,"href":"https:\/\/arantv.az\/index.php?rest_route=\/wp\/v2\/media\/785257"}],"wp:attachment":[{"href":"https:\/\/arantv.az\/index.php?rest_route=%2Fwp%2Fv2%2Fmedia&parent=785256"}],"wp:term":[{"taxonomy":"category","embeddable":true,"href":"https:\/\/arantv.az\/index.php?rest_route=%2Fwp%2Fv2%2Fcategories&post=785256"},{"taxonomy":"post_tag","embeddable":true,"href":"https:\/\/arantv.az\/index.php?rest_route=%2Fwp%2Fv2%2Ftags&post=785256"}],"curies":[{"name":"wp","href":"https:\/\/api.w.org\/{rel}","templated":true}]}}