{"id":785400,"date":"2025-02-03T19:36:30","date_gmt":"2025-02-03T15:36:30","guid":{"rendered":"https:\/\/arantv.az\/?p=785400"},"modified":"2025-02-03T19:36:30","modified_gmt":"2025-02-03T15:36:30","slug":"az%c9%99rbaycan-qazaxistan-h%c9%99rbi-%c9%99m%c9%99kdasliq-m%c9%99s%c9%99l%c9%99l%c9%99ri-muzakir%c9%99-edilib","status":"publish","type":"post","link":"https:\/\/arantv.az\/?p=785400","title":{"rendered":"Az\u0259rbaycan-Qazax\u0131stan h\u0259rbi \u0259m\u0259kda\u015fl\u0131q m\u0259s\u0259l\u0259l\u0259ri m\u00fczakir\u0259 edilib"},"content":{"rendered":"<p>Az\u0259rbaycan Respublikas\u0131n\u0131n m\u00fcdafi\u0259 nazirinin m\u00fcavini &#8211; Ba\u015f direktor c\u0259nab Aqil Qurbanovun r\u0259hb\u0259rlik etdiyi n\u00fcmay\u0259nd\u0259 hey\u0259ti Qazax\u0131stan Respublikas\u0131na s\u0259f\u0259r edib.<\/p>\n<p><strong>ARANTV.AZ\u00a0 x\u0259b\u0259r verir ki,<\/strong>\u00a0\u00a0s\u0259f\u0259r \u00e7\u0259r\u00e7iv\u0259sind\u0259 Ba\u015f direktor Qazax\u0131stan Respublikas\u0131n\u0131n m\u00fcdafi\u0259 naziri general-polkovnik Ruslan Jaks\u0131l\u0131kov il\u0259 g\u00f6r\u00fc\u015f\u00fcb. T\u0259r\u0259fl\u0259r \u00f6lk\u0259l\u0259rimiz aras\u0131nda h\u0259rbi \u0259m\u0259kda\u015fl\u0131\u011f\u0131n q\u0259dim tarixi k\u00f6kl\u0259r\u0259 \u0259saslanan dostluq v\u0259 qarda\u015fl\u0131q m\u00fcnasib\u0259tl\u0259ri \u00fcz\u0259rind\u0259 quruldu\u011funu x\u00fcsusi qeyd edib.<br \/>\nG\u00f6r\u00fc\u015fd\u0259 Az\u0259rbaycan v\u0259 Qazax\u0131stan aras\u0131nda h\u0259rbi, h\u0259rbi-texniki, h\u0259rbi t\u0259hsil sah\u0259sind\u0259 \u0259m\u0259kda\u015fl\u0131\u011f\u0131n cari v\u0259ziyy\u0259ti v\u0259 inki\u015faf perspektivl\u0259ri m\u00fczakir\u0259 edilib, regional t\u0259hl\u00fck\u0259sizlik m\u0259s\u0259l\u0259l\u0259rin\u0259 dair \u0259trafl\u0131 fikir m\u00fcbadil\u0259si apar\u0131l\u0131b.<\/p>\n<p>Daha sonra Qazax\u0131stan Respublikas\u0131 m\u00fcdafi\u0259 nazirinin m\u00fcavini general-mayor \u015eayx-Xasan Jaz\u0131kbayev il\u0259 g\u00f6r\u00fc\u015f ke\u00e7irilib.<\/p>\n<p>H\u0259r iki t\u0259r\u0259f bu c\u00fcr g\u00f6r\u00fc\u015fl\u0259rin h\u0259rbi \u0259m\u0259kda\u015fl\u0131\u011f\u0131n geni\u015fl\u0259ndirilm\u0259si bax\u0131m\u0131ndan z\u0259ruriliyini vur\u011fulay\u0131b, ke\u00e7iril\u0259n birg\u0259 t\u0259liml\u0259rin h\u0259rbi qulluq\u00e7ular\u0131m\u0131z\u0131n pe\u015f\u0259karl\u0131\u011f\u0131n\u0131n art\u0131r\u0131lmas\u0131na v\u0259 ordular\u0131m\u0131z\u0131n daha da g\u00fccl\u0259nm\u0259sin\u0259 m\u00fcsb\u0259t t\u0259sir etdiyini bildirib.<\/p>\n<p>G\u00f6r\u00fc\u015fd\u0259, h\u0259m\u00e7inin qar\u015f\u0131l\u0131ql\u0131 maraq do\u011furan bir s\u0131ra dig\u0259r m\u0259s\u0259l\u0259l\u0259r\u0259 dair \u0259trafl\u0131 m\u00fczakir\u0259l\u0259r apar\u0131l\u0131b.<\/p>\n","protected":false},"excerpt":{"rendered":"<p>Az\u0259rbaycan Respublikas\u0131n\u0131n m\u00fcdafi\u0259 nazirinin m\u00fcavini &#8211; Ba\u015f direktor c\u0259nab Aqil Qurbanovun r\u0259hb\u0259rlik etdiyi n\u00fcmay\u0259nd\u0259 hey\u0259ti Qazax\u0131stan Respublikas\u0131na s\u0259f\u0259r edib. ARANTV.AZ\u00a0 x\u0259b\u0259r verir ki,\u00a0\u00a0s\u0259f\u0259r \u00e7\u0259r\u00e7iv\u0259sind\u0259 Ba\u015f direktor Qazax\u0131stan Respublikas\u0131n\u0131n m\u00fcdafi\u0259 naziri general-polkovnik Ruslan Jaks\u0131l\u0131kov il\u0259 g\u00f6r\u00fc\u015f\u00fcb. T\u0259r\u0259fl\u0259r \u00f6lk\u0259l\u0259rimiz aras\u0131nda h\u0259rbi \u0259m\u0259kda\u015fl\u0131\u011f\u0131n q\u0259dim tarixi k\u00f6kl\u0259r\u0259 \u0259saslanan dostluq v\u0259 qarda\u015fl\u0131q m\u00fcnasib\u0259tl\u0259ri \u00fcz\u0259rind\u0259 quruldu\u011funu x\u00fcsusi qeyd edib. G\u00f6r\u00fc\u015fd\u0259 Az\u0259rbaycan v\u0259 Qazax\u0131stan aras\u0131nda h\u0259rbi, h\u0259rbi-texniki, h\u0259rbi t\u0259hsil sah\u0259sind\u0259 \u0259m\u0259kda\u015fl\u0131\u011f\u0131n cari v\u0259ziyy\u0259ti v\u0259 inki\u015faf perspektivl\u0259ri m\u00fczakir\u0259 edilib, regional t\u0259hl\u00fck\u0259sizlik m\u0259s\u0259l\u0259l\u0259rin\u0259 dair \u0259trafl\u0131 fikir m\u00fcbadil\u0259si apar\u0131l\u0131b. Daha sonra Qazax\u0131stan Respublikas\u0131 m\u00fcdafi\u0259 nazirinin m\u00fcavini general-mayor \u015eayx-Xasan Jaz\u0131kbayev il\u0259&hellip;<\/p>\n","protected":false},"author":2,"featured_media":785401,"comment_status":"closed","ping_status":"closed","sticky":false,"template":"","format":"standard","meta":{"om_disable_all_campaigns":false,"_monsterinsights_skip_tracking":false,"_monsterinsights_sitenote_active":false,"_monsterinsights_sitenote_note":"","_monsterinsights_sitenote_category":0},"categories":[10],"tags":[],"aioseo_notices":[],"gutentor_comment":0,"rttpg_featured_image_url":{"full":["https:\/\/arantv.az\/wp-content\/uploads\/2025\/02\/f24ad6f7173859370184101477611081245.jpg",975,540,false],"landscape":["https:\/\/arantv.az\/wp-content\/uploads\/2025\/02\/f24ad6f7173859370184101477611081245.jpg",975,540,false],"portraits":["https:\/\/arantv.az\/wp-content\/uploads\/2025\/02\/f24ad6f7173859370184101477611081245.jpg",975,540,false],"thumbnail":["https:\/\/arantv.az\/wp-content\/uploads\/2025\/02\/f24ad6f7173859370184101477611081245-500x280.jpg",500,280,true],"medium":["https:\/\/arantv.az\/wp-content\/uploads\/2025\/02\/f24ad6f7173859370184101477611081245-660x365.jpg",660,365,true],"large":["https:\/\/arantv.az\/wp-content\/uploads\/2025\/02\/f24ad6f7173859370184101477611081245-840x465.jpg",640,354,true],"1536x1536":["https:\/\/arantv.az\/wp-content\/uploads\/2025\/02\/f24ad6f7173859370184101477611081245.jpg",975,540,false],"2048x2048":["https:\/\/arantv.az\/wp-content\/uploads\/2025\/02\/f24ad6f7173859370184101477611081245.jpg",975,540,false],"post-thumbnail":["https:\/\/arantv.az\/wp-content\/uploads\/2025\/02\/f24ad6f7173859370184101477611081245-240x172.jpg",240,172,true],"advps-thumb-one":["https:\/\/arantv.az\/wp-content\/uploads\/2025\/02\/f24ad6f7173859370184101477611081245.jpg",975,540,false]},"rttpg_author":{"display_name":"V\u00fcsal Rafiqo\u011flu","author_link":"https:\/\/arantv.az\/?author=2"},"rttpg_comment":0,"rttpg_category":"<a href=\"https:\/\/arantv.az\/?cat=10\" rel=\"category\">C\u0259bh\u0259d\u0259n X\u0259b\u0259r<\/a>","rttpg_excerpt":"Az\u0259rbaycan Respublikas\u0131n\u0131n m\u00fcdafi\u0259 nazirinin m\u00fcavini &#8211; Ba\u015f direktor c\u0259nab Aqil Qurbanovun r\u0259hb\u0259rlik etdiyi n\u00fcmay\u0259nd\u0259 hey\u0259ti Qazax\u0131stan Respublikas\u0131na s\u0259f\u0259r edib. ARANTV.AZ\u00a0 x\u0259b\u0259r verir ki,\u00a0\u00a0s\u0259f\u0259r \u00e7\u0259r\u00e7iv\u0259sind\u0259 Ba\u015f direktor Qazax\u0131stan Respublikas\u0131n\u0131n m\u00fcdafi\u0259 naziri general-polkovnik Ruslan Jaks\u0131l\u0131kov il\u0259 g\u00f6r\u00fc\u015f\u00fcb. T\u0259r\u0259fl\u0259r \u00f6lk\u0259l\u0259rimiz aras\u0131nda h\u0259rbi \u0259m\u0259kda\u015fl\u0131\u011f\u0131n q\u0259dim tarixi k\u00f6kl\u0259r\u0259 \u0259saslanan dostluq v\u0259 qarda\u015fl\u0131q m\u00fcnasib\u0259tl\u0259ri \u00fcz\u0259rind\u0259 quruldu\u011funu x\u00fcsusi qeyd edib. G\u00f6r\u00fc\u015fd\u0259 Az\u0259rbaycan&hellip;","_links":{"self":[{"href":"https:\/\/arantv.az\/index.php?rest_route=\/wp\/v2\/posts\/785400"}],"collection":[{"href":"https:\/\/arantv.az\/index.php?rest_route=\/wp\/v2\/posts"}],"about":[{"href":"https:\/\/arantv.az\/index.php?rest_route=\/wp\/v2\/types\/post"}],"author":[{"embeddable":true,"href":"https:\/\/arantv.az\/index.php?rest_route=\/wp\/v2\/users\/2"}],"replies":[{"embeddable":true,"href":"https:\/\/arantv.az\/index.php?rest_route=%2Fwp%2Fv2%2Fcomments&post=785400"}],"version-history":[{"count":1,"href":"https:\/\/arantv.az\/index.php?rest_route=\/wp\/v2\/posts\/785400\/revisions"}],"predecessor-version":[{"id":785402,"href":"https:\/\/arantv.az\/index.php?rest_route=\/wp\/v2\/posts\/785400\/revisions\/785402"}],"wp:featuredmedia":[{"embeddable":true,"href":"https:\/\/arantv.az\/index.php?rest_route=\/wp\/v2\/media\/785401"}],"wp:attachment":[{"href":"https:\/\/arantv.az\/index.php?rest_route=%2Fwp%2Fv2%2Fmedia&parent=785400"}],"wp:term":[{"taxonomy":"category","embeddable":true,"href":"https:\/\/arantv.az\/index.php?rest_route=%2Fwp%2Fv2%2Fcategories&post=785400"},{"taxonomy":"post_tag","embeddable":true,"href":"https:\/\/arantv.az\/index.php?rest_route=%2Fwp%2Fv2%2Ftags&post=785400"}],"curies":[{"name":"wp","href":"https:\/\/api.w.org\/{rel}","templated":true}]}}