{"id":785763,"date":"2025-02-05T11:55:57","date_gmt":"2025-02-05T07:55:57","guid":{"rendered":"https:\/\/arantv.az\/?p=785763"},"modified":"2025-02-05T11:55:57","modified_gmt":"2025-02-05T07:55:57","slug":"k%c9%99ndd%c9%99n-s%c9%99h%c9%99r%c9%99-h%c9%99ft%c9%99sonu-yarmarkasi-keciril%c9%99c%c9%99k","status":"publish","type":"post","link":"https:\/\/arantv.az\/?p=785763","title":{"rendered":"\u201cK\u0259ndd\u0259n \u015e\u0259h\u0259r\u0259\u201d h\u0259ft\u0259sonu yarmarkas\u0131 ke\u00e7iril\u0259c\u0259k"},"content":{"rendered":"<p>K\u0259nd T\u0259s\u0259rr\u00fcfat\u0131 Nazirliyinin tabeliyind\u0259 \u201cAqrar T\u0259dar\u00fck v\u0259 T\u0259chizat\u201d ASC t\u0259r\u0259find\u0259n fevral\u0131n 8-9-da Bak\u0131da \u201cK\u0259ndd\u0259n \u015e\u0259h\u0259r\u0259\u201d h\u0259ft\u0259sonu yarmarkas\u0131 t\u0259\u015fkil olunacaq.<\/p>\n<p>Nazirlikd\u0259n\u00a0&#8220;\u0130ki sahil&#8221;\u0259 bildirilib ki, N\u0259rimanov rayonu, F\u0259t\u0259li xan Xoyski k\u00fc\u00e7\u0259si, 5 (metronun \u201cG\u0259nclik\u201d stansiyas\u0131n\u0131n \u00e7\u0131x\u0131\u015f\u0131) \u00fcnvan\u0131nda f\u0259aliyy\u0259t g\u00f6st\u0259r\u0259c\u0259k yarmarkada, \u00fcmumilikd\u0259, 20 regiondan 50-d\u0259n \u00e7ox fermerin i\u015ftirak\u0131 g\u00f6zl\u0259nilir. \u0130ki g\u00fcn m\u00fcdd\u0259tind\u0259 saat 9:00-dan 19:00-d\u0259k t\u0259\u015fkil olunacaq yarmarkada fermerl\u0259r 100-d\u0259n art\u0131q \u00e7e\u015fidd\u0259 k\u0259nd t\u0259s\u0259rr\u00fcfat\u0131 v\u0259 qida m\u0259hsullar\u0131n\u0131n sat\u0131\u015f\u0131n\u0131 h\u0259yata ke\u00e7ir\u0259c\u0259kl\u0259r.<\/p>\n<p>Yarmarkan\u0131n t\u0259\u015fkilind\u0259 \u0259sas m\u0259qs\u0259d yerli fermerl\u0259rin m\u0259hsullar\u0131n\u0131n bazara \u00e7\u0131x\u0131\u015f\u0131n\u0131 d\u0259st\u0259kl\u0259m\u0259k, onlar\u0131 alternativ sat\u0131\u015f n\u00f6qt\u0259l\u0259ri il\u0259 t\u0259min etm\u0259k, eyni zamanda \u015f\u0259h\u0259r sakinl\u0259rinin t\u0259bii, yerli v\u0259 sa\u011flam k\u0259nd m\u0259hsullar\u0131na \u0259l\u00e7atanl\u0131\u011f\u0131n\u0131 art\u0131rmaqd\u0131r. \u201cK\u0259ndd\u0259n \u015e\u0259h\u0259r\u0259\u201d yarmarkas\u0131nda fermerl\u0259r pi\u015ftaxta, t\u0259r\u0259zi v\u0259 dig\u0259r laz\u0131mi avadanl\u0131qlarla \u00f6d\u0259ni\u015fsiz \u015f\u0259kild\u0259 t\u0259min olunurlar.<\/p>\n<p>Qeyd ed\u0259k ki, sat\u0131\u015fa \u00e7\u0131xar\u0131lacaq m\u0259hsullar\u0131n k\u0435yfiyy\u0259tin\u0259 Az\u0259rbaycan Qida T\u0259hl\u00fck\u0259sizliyi Agentliyi n\u0259zar\u0259t ed\u0259c\u0259k. M\u0259hsullar\u0131n keyfiyy\u0259ti il\u0259 ba\u011fl\u0131 sual\u0131 yaranacaq v\u0259t\u0259nda\u015flar yarmarkada f\u0259aliyy\u0259t g\u00f6st\u0259r\u0259n S\u0259yyar Qida laboratoriyas\u0131n\u0131n xidm\u0259tl\u0259rind\u0259n faydalana bil\u0259rl\u0259r.<\/p>\n","protected":false},"excerpt":{"rendered":"<p>K\u0259nd T\u0259s\u0259rr\u00fcfat\u0131 Nazirliyinin tabeliyind\u0259 \u201cAqrar T\u0259dar\u00fck v\u0259 T\u0259chizat\u201d ASC t\u0259r\u0259find\u0259n fevral\u0131n 8-9-da Bak\u0131da \u201cK\u0259ndd\u0259n \u015e\u0259h\u0259r\u0259\u201d h\u0259ft\u0259sonu yarmarkas\u0131 t\u0259\u015fkil olunacaq. Nazirlikd\u0259n\u00a0&#8220;\u0130ki sahil&#8221;\u0259 bildirilib ki, N\u0259rimanov rayonu, F\u0259t\u0259li xan Xoyski k\u00fc\u00e7\u0259si, 5 (metronun \u201cG\u0259nclik\u201d stansiyas\u0131n\u0131n \u00e7\u0131x\u0131\u015f\u0131) \u00fcnvan\u0131nda f\u0259aliyy\u0259t g\u00f6st\u0259r\u0259c\u0259k yarmarkada, \u00fcmumilikd\u0259, 20 regiondan 50-d\u0259n \u00e7ox fermerin i\u015ftirak\u0131 g\u00f6zl\u0259nilir. \u0130ki g\u00fcn m\u00fcdd\u0259tind\u0259 saat 9:00-dan 19:00-d\u0259k t\u0259\u015fkil olunacaq yarmarkada fermerl\u0259r 100-d\u0259n art\u0131q \u00e7e\u015fidd\u0259 k\u0259nd t\u0259s\u0259rr\u00fcfat\u0131 v\u0259 qida m\u0259hsullar\u0131n\u0131n sat\u0131\u015f\u0131n\u0131 h\u0259yata ke\u00e7ir\u0259c\u0259kl\u0259r. Yarmarkan\u0131n t\u0259\u015fkilind\u0259 \u0259sas m\u0259qs\u0259d yerli fermerl\u0259rin m\u0259hsullar\u0131n\u0131n bazara \u00e7\u0131x\u0131\u015f\u0131n\u0131 d\u0259st\u0259kl\u0259m\u0259k, onlar\u0131 alternativ sat\u0131\u015f n\u00f6qt\u0259l\u0259ri il\u0259 t\u0259min etm\u0259k, eyni zamanda \u015f\u0259h\u0259r sakinl\u0259rinin t\u0259bii, yerli&hellip;<\/p>\n","protected":false},"author":2,"featured_media":785764,"comment_status":"closed","ping_status":"closed","sticky":false,"template":"","format":"standard","meta":{"om_disable_all_campaigns":false,"_monsterinsights_skip_tracking":false,"_monsterinsights_sitenote_active":false,"_monsterinsights_sitenote_note":"","_monsterinsights_sitenote_category":0},"categories":[1],"tags":[],"aioseo_notices":[],"gutentor_comment":0,"rttpg_featured_image_url":{"full":["https:\/\/arantv.az\/wp-content\/uploads\/2025\/02\/d594b1a9173873820760317057510167910.jpg",975,540,false],"landscape":["https:\/\/arantv.az\/wp-content\/uploads\/2025\/02\/d594b1a9173873820760317057510167910.jpg",975,540,false],"portraits":["https:\/\/arantv.az\/wp-content\/uploads\/2025\/02\/d594b1a9173873820760317057510167910.jpg",975,540,false],"thumbnail":["https:\/\/arantv.az\/wp-content\/uploads\/2025\/02\/d594b1a9173873820760317057510167910-500x280.jpg",500,280,true],"medium":["https:\/\/arantv.az\/wp-content\/uploads\/2025\/02\/d594b1a9173873820760317057510167910-660x365.jpg",660,365,true],"large":["https:\/\/arantv.az\/wp-content\/uploads\/2025\/02\/d594b1a9173873820760317057510167910-840x465.jpg",640,354,true],"1536x1536":["https:\/\/arantv.az\/wp-content\/uploads\/2025\/02\/d594b1a9173873820760317057510167910.jpg",975,540,false],"2048x2048":["https:\/\/arantv.az\/wp-content\/uploads\/2025\/02\/d594b1a9173873820760317057510167910.jpg",975,540,false],"post-thumbnail":["https:\/\/arantv.az\/wp-content\/uploads\/2025\/02\/d594b1a9173873820760317057510167910-240x172.jpg",240,172,true],"advps-thumb-one":["https:\/\/arantv.az\/wp-content\/uploads\/2025\/02\/d594b1a9173873820760317057510167910.jpg",975,540,false]},"rttpg_author":{"display_name":"V\u00fcsal Rafiqo\u011flu","author_link":"https:\/\/arantv.az\/?author=2"},"rttpg_comment":0,"rttpg_category":"<a href=\"https:\/\/arantv.az\/?cat=1\" rel=\"category\">C\u0259miyy\u0259t<\/a>","rttpg_excerpt":"K\u0259nd T\u0259s\u0259rr\u00fcfat\u0131 Nazirliyinin tabeliyind\u0259 \u201cAqrar T\u0259dar\u00fck v\u0259 T\u0259chizat\u201d ASC t\u0259r\u0259find\u0259n fevral\u0131n 8-9-da Bak\u0131da \u201cK\u0259ndd\u0259n \u015e\u0259h\u0259r\u0259\u201d h\u0259ft\u0259sonu yarmarkas\u0131 t\u0259\u015fkil olunacaq. Nazirlikd\u0259n\u00a0&#8220;\u0130ki sahil&#8221;\u0259 bildirilib ki, N\u0259rimanov rayonu, F\u0259t\u0259li xan Xoyski k\u00fc\u00e7\u0259si, 5 (metronun \u201cG\u0259nclik\u201d stansiyas\u0131n\u0131n \u00e7\u0131x\u0131\u015f\u0131) \u00fcnvan\u0131nda f\u0259aliyy\u0259t g\u00f6st\u0259r\u0259c\u0259k yarmarkada, \u00fcmumilikd\u0259, 20 regiondan 50-d\u0259n \u00e7ox fermerin i\u015ftirak\u0131 g\u00f6zl\u0259nilir. \u0130ki g\u00fcn m\u00fcdd\u0259tind\u0259 saat 9:00-dan 19:00-d\u0259k t\u0259\u015fkil olunacaq yarmarkada&hellip;","_links":{"self":[{"href":"https:\/\/arantv.az\/index.php?rest_route=\/wp\/v2\/posts\/785763"}],"collection":[{"href":"https:\/\/arantv.az\/index.php?rest_route=\/wp\/v2\/posts"}],"about":[{"href":"https:\/\/arantv.az\/index.php?rest_route=\/wp\/v2\/types\/post"}],"author":[{"embeddable":true,"href":"https:\/\/arantv.az\/index.php?rest_route=\/wp\/v2\/users\/2"}],"replies":[{"embeddable":true,"href":"https:\/\/arantv.az\/index.php?rest_route=%2Fwp%2Fv2%2Fcomments&post=785763"}],"version-history":[{"count":1,"href":"https:\/\/arantv.az\/index.php?rest_route=\/wp\/v2\/posts\/785763\/revisions"}],"predecessor-version":[{"id":785765,"href":"https:\/\/arantv.az\/index.php?rest_route=\/wp\/v2\/posts\/785763\/revisions\/785765"}],"wp:featuredmedia":[{"embeddable":true,"href":"https:\/\/arantv.az\/index.php?rest_route=\/wp\/v2\/media\/785764"}],"wp:attachment":[{"href":"https:\/\/arantv.az\/index.php?rest_route=%2Fwp%2Fv2%2Fmedia&parent=785763"}],"wp:term":[{"taxonomy":"category","embeddable":true,"href":"https:\/\/arantv.az\/index.php?rest_route=%2Fwp%2Fv2%2Fcategories&post=785763"},{"taxonomy":"post_tag","embeddable":true,"href":"https:\/\/arantv.az\/index.php?rest_route=%2Fwp%2Fv2%2Ftags&post=785763"}],"curies":[{"name":"wp","href":"https:\/\/api.w.org\/{rel}","templated":true}]}}