{"id":785794,"date":"2025-02-05T12:59:01","date_gmt":"2025-02-05T08:59:01","guid":{"rendered":"https:\/\/arantv.az\/?p=785794"},"modified":"2025-02-05T12:59:01","modified_gmt":"2025-02-05T08:59:01","slug":"s%c9%99xsiyy%c9%99ti-mu%c9%99yy%c9%99nl%c9%99sdiril%c9%99n-daha-uc-itkin-s%c9%99hid-d%c9%99fn-olunacaq","status":"publish","type":"post","link":"https:\/\/arantv.az\/?p=785794","title":{"rendered":"\u015e\u0259xsiyy\u0259ti m\u00fc\u0259yy\u0259nl\u0259\u015fdiril\u0259n daha \u00fc\u00e7 itkin \u015f\u0259hid d\u0259fn olunacaq"},"content":{"rendered":"<p>Birinci Qaraba\u011f m\u00fcharib\u0259sind\u0259 itkin d\u00fc\u015fd\u00fcy\u00fc hesab edil\u0259n v\u0259 \u015f\u0259xsiyy\u0259ti m\u00fc\u0259yy\u0259nl\u0259\u015fdiril\u0259n daha \u00fc\u00e7 \u015f\u0259hid d\u0259fn olunacaq.<\/p>\n<p>Bu bar\u0259d\u0259\u00a0<a class=\"azertac-link\" href=\"https:\/\/azertag.az\/\" target=\"_blank\" rel=\"noopener\">AZ\u018fRTAC<\/a>-a \u018fsir v\u0259 itkin d\u00fc\u015fm\u00fc\u015f, girov g\u00f6t\u00fcr\u00fclm\u00fc\u015f v\u0259t\u0259nda\u015flarla \u0259laq\u0259dar D\u00f6vl\u0259t Komissiyas\u0131ndan m\u0259lumat verilib.<\/p>\n<p>Fevral\u0131n 7-d\u0259 M\u0259mm\u0259dov T\u0259rlan Fikr\u0259t o\u011flu Yevlax \u015f\u0259h\u0259ri \u015e\u0259hidl\u0259r xiyaban\u0131nda, Quliyev M\u00fc\u015ffiq \u0130brahim o\u011flu C\u0259bray\u0131l rayonu Horovlu k\u0259nd q\u0259biristanl\u0131\u011f\u0131nda, Ta\u011f\u0131yev El\u015f\u0259n Qubad o\u011flu is\u0259 Salyan rayonu Seyidsad\u0131ql\u0131 k\u0259nd q\u0259biristanl\u0131\u011f\u0131nda d\u0259fn olunacaqlar.<\/p>\n<p>D\u0259fn olunacaq \u015f\u0259hidl\u0259rd\u0259n \u00fc\u00e7\u00fc d\u0259 h\u0259rb\u00e7idir.<\/p>\n","protected":false},"excerpt":{"rendered":"<p>Birinci Qaraba\u011f m\u00fcharib\u0259sind\u0259 itkin d\u00fc\u015fd\u00fcy\u00fc hesab edil\u0259n v\u0259 \u015f\u0259xsiyy\u0259ti m\u00fc\u0259yy\u0259nl\u0259\u015fdiril\u0259n daha \u00fc\u00e7 \u015f\u0259hid d\u0259fn olunacaq. Bu bar\u0259d\u0259\u00a0AZ\u018fRTAC-a \u018fsir v\u0259 itkin d\u00fc\u015fm\u00fc\u015f, girov g\u00f6t\u00fcr\u00fclm\u00fc\u015f v\u0259t\u0259nda\u015flarla \u0259laq\u0259dar D\u00f6vl\u0259t Komissiyas\u0131ndan m\u0259lumat verilib. Fevral\u0131n 7-d\u0259 M\u0259mm\u0259dov T\u0259rlan Fikr\u0259t o\u011flu Yevlax \u015f\u0259h\u0259ri \u015e\u0259hidl\u0259r xiyaban\u0131nda, Quliyev M\u00fc\u015ffiq \u0130brahim o\u011flu C\u0259bray\u0131l rayonu Horovlu k\u0259nd q\u0259biristanl\u0131\u011f\u0131nda, Ta\u011f\u0131yev El\u015f\u0259n Qubad o\u011flu is\u0259 Salyan rayonu Seyidsad\u0131ql\u0131 k\u0259nd q\u0259biristanl\u0131\u011f\u0131nda d\u0259fn olunacaqlar. D\u0259fn olunacaq \u015f\u0259hidl\u0259rd\u0259n \u00fc\u00e7\u00fc d\u0259 h\u0259rb\u00e7idir.<\/p>\n","protected":false},"author":2,"featured_media":785795,"comment_status":"closed","ping_status":"closed","sticky":false,"template":"","format":"standard","meta":{"om_disable_all_campaigns":false,"_monsterinsights_skip_tracking":false,"_monsterinsights_sitenote_active":false,"_monsterinsights_sitenote_note":"","_monsterinsights_sitenote_category":0},"categories":[1],"tags":[],"aioseo_notices":[],"gutentor_comment":0,"rttpg_featured_image_url":{"full":["https:\/\/arantv.az\/wp-content\/uploads\/2025\/02\/1738745176882332509_1200x630.jpg",922,630,false],"landscape":["https:\/\/arantv.az\/wp-content\/uploads\/2025\/02\/1738745176882332509_1200x630.jpg",922,630,false],"portraits":["https:\/\/arantv.az\/wp-content\/uploads\/2025\/02\/1738745176882332509_1200x630.jpg",922,630,false],"thumbnail":["https:\/\/arantv.az\/wp-content\/uploads\/2025\/02\/1738745176882332509_1200x630-500x280.jpg",500,280,true],"medium":["https:\/\/arantv.az\/wp-content\/uploads\/2025\/02\/1738745176882332509_1200x630-534x365.jpg",534,365,true],"large":["https:\/\/arantv.az\/wp-content\/uploads\/2025\/02\/1738745176882332509_1200x630-840x574.jpg",640,437,true],"1536x1536":["https:\/\/arantv.az\/wp-content\/uploads\/2025\/02\/1738745176882332509_1200x630.jpg",922,630,false],"2048x2048":["https:\/\/arantv.az\/wp-content\/uploads\/2025\/02\/1738745176882332509_1200x630.jpg",922,630,false],"post-thumbnail":["https:\/\/arantv.az\/wp-content\/uploads\/2025\/02\/1738745176882332509_1200x630-240x172.jpg",240,172,true],"advps-thumb-one":["https:\/\/arantv.az\/wp-content\/uploads\/2025\/02\/1738745176882332509_1200x630-922x620.jpg",922,620,true]},"rttpg_author":{"display_name":"V\u00fcsal Rafiqo\u011flu","author_link":"https:\/\/arantv.az\/?author=2"},"rttpg_comment":0,"rttpg_category":"<a href=\"https:\/\/arantv.az\/?cat=1\" rel=\"category\">C\u0259miyy\u0259t<\/a>","rttpg_excerpt":"Birinci Qaraba\u011f m\u00fcharib\u0259sind\u0259 itkin d\u00fc\u015fd\u00fcy\u00fc hesab edil\u0259n v\u0259 \u015f\u0259xsiyy\u0259ti m\u00fc\u0259yy\u0259nl\u0259\u015fdiril\u0259n daha \u00fc\u00e7 \u015f\u0259hid d\u0259fn olunacaq. Bu bar\u0259d\u0259\u00a0AZ\u018fRTAC-a \u018fsir v\u0259 itkin d\u00fc\u015fm\u00fc\u015f, girov g\u00f6t\u00fcr\u00fclm\u00fc\u015f v\u0259t\u0259nda\u015flarla \u0259laq\u0259dar D\u00f6vl\u0259t Komissiyas\u0131ndan m\u0259lumat verilib. Fevral\u0131n 7-d\u0259 M\u0259mm\u0259dov T\u0259rlan Fikr\u0259t o\u011flu Yevlax \u015f\u0259h\u0259ri \u015e\u0259hidl\u0259r xiyaban\u0131nda, Quliyev M\u00fc\u015ffiq \u0130brahim o\u011flu C\u0259bray\u0131l rayonu Horovlu k\u0259nd q\u0259biristanl\u0131\u011f\u0131nda, Ta\u011f\u0131yev El\u015f\u0259n Qubad o\u011flu is\u0259 Salyan rayonu&hellip;","_links":{"self":[{"href":"https:\/\/arantv.az\/index.php?rest_route=\/wp\/v2\/posts\/785794"}],"collection":[{"href":"https:\/\/arantv.az\/index.php?rest_route=\/wp\/v2\/posts"}],"about":[{"href":"https:\/\/arantv.az\/index.php?rest_route=\/wp\/v2\/types\/post"}],"author":[{"embeddable":true,"href":"https:\/\/arantv.az\/index.php?rest_route=\/wp\/v2\/users\/2"}],"replies":[{"embeddable":true,"href":"https:\/\/arantv.az\/index.php?rest_route=%2Fwp%2Fv2%2Fcomments&post=785794"}],"version-history":[{"count":2,"href":"https:\/\/arantv.az\/index.php?rest_route=\/wp\/v2\/posts\/785794\/revisions"}],"predecessor-version":[{"id":785798,"href":"https:\/\/arantv.az\/index.php?rest_route=\/wp\/v2\/posts\/785794\/revisions\/785798"}],"wp:featuredmedia":[{"embeddable":true,"href":"https:\/\/arantv.az\/index.php?rest_route=\/wp\/v2\/media\/785795"}],"wp:attachment":[{"href":"https:\/\/arantv.az\/index.php?rest_route=%2Fwp%2Fv2%2Fmedia&parent=785794"}],"wp:term":[{"taxonomy":"category","embeddable":true,"href":"https:\/\/arantv.az\/index.php?rest_route=%2Fwp%2Fv2%2Fcategories&post=785794"},{"taxonomy":"post_tag","embeddable":true,"href":"https:\/\/arantv.az\/index.php?rest_route=%2Fwp%2Fv2%2Ftags&post=785794"}],"curies":[{"name":"wp","href":"https:\/\/api.w.org\/{rel}","templated":true}]}}