{"id":785799,"date":"2025-02-05T13:00:09","date_gmt":"2025-02-05T09:00:09","guid":{"rendered":"https:\/\/arantv.az\/?p=785799"},"modified":"2025-02-05T13:00:09","modified_gmt":"2025-02-05T09:00:09","slug":"dsmf-yanvar-ayinda-47-mind%c9%99n-cox-v%c9%99t%c9%99ndas-muraci%c9%99ti-qeyd%c9%99-alinib","status":"publish","type":"post","link":"https:\/\/arantv.az\/?p=785799","title":{"rendered":"DSMF: Yanvar ay\u0131nda 47 mind\u0259n \u00e7ox v\u0259t\u0259nda\u015f m\u00fcraci\u0259ti qeyd\u0259 al\u0131n\u0131b"},"content":{"rendered":"<p>Yanvar ay\u0131 \u0259rzind\u0259 D\u00f6vl\u0259t Sosial M\u00fcdafi\u0259 Fondunun f\u0259aliyy\u0259t istiqam\u0259tl\u0259ri \u00fczr\u0259 \u00fcmumilikd\u0259 47 min 729 v\u0259t\u0259nda\u015f m\u00fcraci\u0259ti qeyd\u0259 al\u0131n\u0131b.<\/p>\n<p>Bu bar\u0259d\u0259\u00a0<a class=\"azertac-link\" href=\"https:\/\/azertag.az\/\" target=\"_blank\" rel=\"noopener\">AZ\u018fRTAC<\/a>-a D\u00f6vl\u0259t Sosial M\u00fcdafi\u0259 Fondunun (DSMF) m\u0259tbuat xidm\u0259tind\u0259n m\u0259lumat verilib.<\/p>\n<p>M\u00fcraci\u0259tl\u0259rd\u0259n 17 min 442-si pensiya, 11 min 496-s\u0131 m\u00fcavin\u0259t, 1 546-s\u0131 Prezident t\u0259qa\u00fcd\u00fc, 11 min 252-si \u00fcnvanl\u0131 d\u00f6vl\u0259t sosial yard\u0131m\u0131, 1 149-u f\u0259rdi u\u00e7ot v\u0259 sosial s\u0131\u011forta, 176-s\u0131 d\u00f6vl\u0259t icbari \u015f\u0259xsi s\u0131\u011forta v\u0259 4 min 668-i is\u0259 dig\u0259r istiqam\u0259tl\u0259rl\u0259 ba\u011fl\u0131 olub.<\/p>\n","protected":false},"excerpt":{"rendered":"<p>Yanvar ay\u0131 \u0259rzind\u0259 D\u00f6vl\u0259t Sosial M\u00fcdafi\u0259 Fondunun f\u0259aliyy\u0259t istiqam\u0259tl\u0259ri \u00fczr\u0259 \u00fcmumilikd\u0259 47 min 729 v\u0259t\u0259nda\u015f m\u00fcraci\u0259ti qeyd\u0259 al\u0131n\u0131b. Bu bar\u0259d\u0259\u00a0AZ\u018fRTAC-a D\u00f6vl\u0259t Sosial M\u00fcdafi\u0259 Fondunun (DSMF) m\u0259tbuat xidm\u0259tind\u0259n m\u0259lumat verilib. M\u00fcraci\u0259tl\u0259rd\u0259n 17 min 442-si pensiya, 11 min 496-s\u0131 m\u00fcavin\u0259t, 1 546-s\u0131 Prezident t\u0259qa\u00fcd\u00fc, 11 min 252-si \u00fcnvanl\u0131 d\u00f6vl\u0259t sosial yard\u0131m\u0131, 1 149-u f\u0259rdi u\u00e7ot v\u0259 sosial s\u0131\u011forta, 176-s\u0131 d\u00f6vl\u0259t icbari \u015f\u0259xsi s\u0131\u011forta v\u0259 4 min 668-i is\u0259 dig\u0259r istiqam\u0259tl\u0259rl\u0259 ba\u011fl\u0131 olub.<\/p>\n","protected":false},"author":2,"featured_media":785800,"comment_status":"closed","ping_status":"closed","sticky":false,"template":"","format":"standard","meta":{"om_disable_all_campaigns":false,"_monsterinsights_skip_tracking":false,"_monsterinsights_sitenote_active":false,"_monsterinsights_sitenote_note":"","_monsterinsights_sitenote_category":0},"categories":[1],"tags":[],"aioseo_notices":[],"gutentor_comment":0,"rttpg_featured_image_url":{"full":["https:\/\/arantv.az\/wp-content\/uploads\/2025\/02\/17387449835831949529_1200x630.jpg",923,630,false],"landscape":["https:\/\/arantv.az\/wp-content\/uploads\/2025\/02\/17387449835831949529_1200x630.jpg",923,630,false],"portraits":["https:\/\/arantv.az\/wp-content\/uploads\/2025\/02\/17387449835831949529_1200x630.jpg",923,630,false],"thumbnail":["https:\/\/arantv.az\/wp-content\/uploads\/2025\/02\/17387449835831949529_1200x630-500x280.jpg",500,280,true],"medium":["https:\/\/arantv.az\/wp-content\/uploads\/2025\/02\/17387449835831949529_1200x630-535x365.jpg",535,365,true],"large":["https:\/\/arantv.az\/wp-content\/uploads\/2025\/02\/17387449835831949529_1200x630-840x573.jpg",640,437,true],"1536x1536":["https:\/\/arantv.az\/wp-content\/uploads\/2025\/02\/17387449835831949529_1200x630.jpg",923,630,false],"2048x2048":["https:\/\/arantv.az\/wp-content\/uploads\/2025\/02\/17387449835831949529_1200x630.jpg",923,630,false],"post-thumbnail":["https:\/\/arantv.az\/wp-content\/uploads\/2025\/02\/17387449835831949529_1200x630-240x172.jpg",240,172,true],"advps-thumb-one":["https:\/\/arantv.az\/wp-content\/uploads\/2025\/02\/17387449835831949529_1200x630-923x620.jpg",923,620,true]},"rttpg_author":{"display_name":"V\u00fcsal Rafiqo\u011flu","author_link":"https:\/\/arantv.az\/?author=2"},"rttpg_comment":0,"rttpg_category":"<a href=\"https:\/\/arantv.az\/?cat=1\" rel=\"category\">C\u0259miyy\u0259t<\/a>","rttpg_excerpt":"Yanvar ay\u0131 \u0259rzind\u0259 D\u00f6vl\u0259t Sosial M\u00fcdafi\u0259 Fondunun f\u0259aliyy\u0259t istiqam\u0259tl\u0259ri \u00fczr\u0259 \u00fcmumilikd\u0259 47 min 729 v\u0259t\u0259nda\u015f m\u00fcraci\u0259ti qeyd\u0259 al\u0131n\u0131b. Bu bar\u0259d\u0259\u00a0AZ\u018fRTAC-a D\u00f6vl\u0259t Sosial M\u00fcdafi\u0259 Fondunun (DSMF) m\u0259tbuat xidm\u0259tind\u0259n m\u0259lumat verilib. M\u00fcraci\u0259tl\u0259rd\u0259n 17 min 442-si pensiya, 11 min 496-s\u0131 m\u00fcavin\u0259t, 1 546-s\u0131 Prezident t\u0259qa\u00fcd\u00fc, 11 min 252-si \u00fcnvanl\u0131 d\u00f6vl\u0259t sosial yard\u0131m\u0131, 1 149-u f\u0259rdi u\u00e7ot v\u0259 sosial&hellip;","_links":{"self":[{"href":"https:\/\/arantv.az\/index.php?rest_route=\/wp\/v2\/posts\/785799"}],"collection":[{"href":"https:\/\/arantv.az\/index.php?rest_route=\/wp\/v2\/posts"}],"about":[{"href":"https:\/\/arantv.az\/index.php?rest_route=\/wp\/v2\/types\/post"}],"author":[{"embeddable":true,"href":"https:\/\/arantv.az\/index.php?rest_route=\/wp\/v2\/users\/2"}],"replies":[{"embeddable":true,"href":"https:\/\/arantv.az\/index.php?rest_route=%2Fwp%2Fv2%2Fcomments&post=785799"}],"version-history":[{"count":2,"href":"https:\/\/arantv.az\/index.php?rest_route=\/wp\/v2\/posts\/785799\/revisions"}],"predecessor-version":[{"id":785802,"href":"https:\/\/arantv.az\/index.php?rest_route=\/wp\/v2\/posts\/785799\/revisions\/785802"}],"wp:featuredmedia":[{"embeddable":true,"href":"https:\/\/arantv.az\/index.php?rest_route=\/wp\/v2\/media\/785800"}],"wp:attachment":[{"href":"https:\/\/arantv.az\/index.php?rest_route=%2Fwp%2Fv2%2Fmedia&parent=785799"}],"wp:term":[{"taxonomy":"category","embeddable":true,"href":"https:\/\/arantv.az\/index.php?rest_route=%2Fwp%2Fv2%2Fcategories&post=785799"},{"taxonomy":"post_tag","embeddable":true,"href":"https:\/\/arantv.az\/index.php?rest_route=%2Fwp%2Fv2%2Ftags&post=785799"}],"curies":[{"name":"wp","href":"https:\/\/api.w.org\/{rel}","templated":true}]}}