{"id":785820,"date":"2025-02-05T13:58:14","date_gmt":"2025-02-05T09:58:14","guid":{"rendered":"https:\/\/arantv.az\/?p=785820"},"modified":"2025-02-05T13:58:14","modified_gmt":"2025-02-05T09:58:14","slug":"onlarin-da-sertifikati-l%c9%99gv-olundu","status":"publish","type":"post","link":"https:\/\/arantv.az\/?p=785820","title":{"rendered":"Onlar\u0131n da sertifikat\u0131 L\u018f\u011eV OLUNDU"},"content":{"rendered":"<p>X\u0259b\u0259r verdiyimiz kimi, S\u0259hiyy\u0259 Nazirliyi 10-a yax\u0131n estetik c\u0259rrah\u0131n c\u0259rrah kimi f\u0259aliyy\u0259t g\u00f6st\u0259rm\u0259sin\u0259 dair sertifikasiya \u015f\u0259had\u0259tnam\u0259sini l\u0259\u011fv edib.<\/p>\n<p>Siyah\u0131da bir s\u0131ra tan\u0131nm\u0131\u015f \u015f\u0259xsl\u0259r var.<\/p>\n<p>Bel\u0259 ki, lisenziyas\u0131 l\u0259\u011fv edil\u0259nl\u0259r aras\u0131nda \u201cMilan V\u0130P\u201d hospital\u0131n h\u0259kimi K\u00f6n\u00fcl A\u011famirova il\u0259 \u201cAz\u0259rt\u00fcrkmed\u201d klinikas\u0131n\u0131n c\u0259rrah\u0131 \u015e\u00f6vk\u0259t \u018fliyevan\u0131n da ad\u0131 var.<\/p>\n<p>Qeyd ed\u0259k ki, Lent.az sayt\u0131 estetik c\u0259rrah Sevinc Heyd\u0259rovan\u0131n da lisenziyas\u0131n\u0131n l\u0259\u011fv olunmas\u0131na dair m\u0259lumat yay\u0131b.\/Qafqazinfo.az\/<\/p>\n","protected":false},"excerpt":{"rendered":"<p>X\u0259b\u0259r verdiyimiz kimi, S\u0259hiyy\u0259 Nazirliyi 10-a yax\u0131n estetik c\u0259rrah\u0131n c\u0259rrah kimi f\u0259aliyy\u0259t g\u00f6st\u0259rm\u0259sin\u0259 dair sertifikasiya \u015f\u0259had\u0259tnam\u0259sini l\u0259\u011fv edib. Siyah\u0131da bir s\u0131ra tan\u0131nm\u0131\u015f \u015f\u0259xsl\u0259r var. Bel\u0259 ki, lisenziyas\u0131 l\u0259\u011fv edil\u0259nl\u0259r aras\u0131nda \u201cMilan V\u0130P\u201d hospital\u0131n h\u0259kimi K\u00f6n\u00fcl A\u011famirova il\u0259 \u201cAz\u0259rt\u00fcrkmed\u201d klinikas\u0131n\u0131n c\u0259rrah\u0131 \u015e\u00f6vk\u0259t \u018fliyevan\u0131n da ad\u0131 var. Qeyd ed\u0259k ki, Lent.az sayt\u0131 estetik c\u0259rrah Sevinc Heyd\u0259rovan\u0131n da lisenziyas\u0131n\u0131n l\u0259\u011fv olunmas\u0131na dair m\u0259lumat yay\u0131b.\/Qafqazinfo.az\/<\/p>\n","protected":false},"author":2,"featured_media":785821,"comment_status":"closed","ping_status":"closed","sticky":false,"template":"","format":"standard","meta":{"om_disable_all_campaigns":false,"_monsterinsights_skip_tracking":false,"_monsterinsights_sitenote_active":false,"_monsterinsights_sitenote_note":"","_monsterinsights_sitenote_category":0},"categories":[1],"tags":[],"aioseo_notices":[],"gutentor_comment":0,"rttpg_featured_image_url":{"full":["https:\/\/arantv.az\/wp-content\/uploads\/2025\/02\/22a33007086fc18b75353f3a300e0462.jpg",637,400,false],"landscape":["https:\/\/arantv.az\/wp-content\/uploads\/2025\/02\/22a33007086fc18b75353f3a300e0462.jpg",637,400,false],"portraits":["https:\/\/arantv.az\/wp-content\/uploads\/2025\/02\/22a33007086fc18b75353f3a300e0462.jpg",637,400,false],"thumbnail":["https:\/\/arantv.az\/wp-content\/uploads\/2025\/02\/22a33007086fc18b75353f3a300e0462-500x280.jpg",500,280,true],"medium":["https:\/\/arantv.az\/wp-content\/uploads\/2025\/02\/22a33007086fc18b75353f3a300e0462-581x365.jpg",581,365,true],"large":["https:\/\/arantv.az\/wp-content\/uploads\/2025\/02\/22a33007086fc18b75353f3a300e0462.jpg",637,400,false],"1536x1536":["https:\/\/arantv.az\/wp-content\/uploads\/2025\/02\/22a33007086fc18b75353f3a300e0462.jpg",637,400,false],"2048x2048":["https:\/\/arantv.az\/wp-content\/uploads\/2025\/02\/22a33007086fc18b75353f3a300e0462.jpg",637,400,false],"post-thumbnail":["https:\/\/arantv.az\/wp-content\/uploads\/2025\/02\/22a33007086fc18b75353f3a300e0462-240x172.jpg",240,172,true],"advps-thumb-one":["https:\/\/arantv.az\/wp-content\/uploads\/2025\/02\/22a33007086fc18b75353f3a300e0462.jpg",637,400,false]},"rttpg_author":{"display_name":"V\u00fcsal Rafiqo\u011flu","author_link":"https:\/\/arantv.az\/?author=2"},"rttpg_comment":0,"rttpg_category":"<a href=\"https:\/\/arantv.az\/?cat=1\" rel=\"category\">C\u0259miyy\u0259t<\/a>","rttpg_excerpt":"X\u0259b\u0259r verdiyimiz kimi, S\u0259hiyy\u0259 Nazirliyi 10-a yax\u0131n estetik c\u0259rrah\u0131n c\u0259rrah kimi f\u0259aliyy\u0259t g\u00f6st\u0259rm\u0259sin\u0259 dair sertifikasiya \u015f\u0259had\u0259tnam\u0259sini l\u0259\u011fv edib. Siyah\u0131da bir s\u0131ra tan\u0131nm\u0131\u015f \u015f\u0259xsl\u0259r var. Bel\u0259 ki, lisenziyas\u0131 l\u0259\u011fv edil\u0259nl\u0259r aras\u0131nda \u201cMilan V\u0130P\u201d hospital\u0131n h\u0259kimi K\u00f6n\u00fcl A\u011famirova il\u0259 \u201cAz\u0259rt\u00fcrkmed\u201d klinikas\u0131n\u0131n c\u0259rrah\u0131 \u015e\u00f6vk\u0259t \u018fliyevan\u0131n da ad\u0131 var. Qeyd ed\u0259k ki, Lent.az sayt\u0131 estetik c\u0259rrah Sevinc Heyd\u0259rovan\u0131n da&hellip;","_links":{"self":[{"href":"https:\/\/arantv.az\/index.php?rest_route=\/wp\/v2\/posts\/785820"}],"collection":[{"href":"https:\/\/arantv.az\/index.php?rest_route=\/wp\/v2\/posts"}],"about":[{"href":"https:\/\/arantv.az\/index.php?rest_route=\/wp\/v2\/types\/post"}],"author":[{"embeddable":true,"href":"https:\/\/arantv.az\/index.php?rest_route=\/wp\/v2\/users\/2"}],"replies":[{"embeddable":true,"href":"https:\/\/arantv.az\/index.php?rest_route=%2Fwp%2Fv2%2Fcomments&post=785820"}],"version-history":[{"count":1,"href":"https:\/\/arantv.az\/index.php?rest_route=\/wp\/v2\/posts\/785820\/revisions"}],"predecessor-version":[{"id":785822,"href":"https:\/\/arantv.az\/index.php?rest_route=\/wp\/v2\/posts\/785820\/revisions\/785822"}],"wp:featuredmedia":[{"embeddable":true,"href":"https:\/\/arantv.az\/index.php?rest_route=\/wp\/v2\/media\/785821"}],"wp:attachment":[{"href":"https:\/\/arantv.az\/index.php?rest_route=%2Fwp%2Fv2%2Fmedia&parent=785820"}],"wp:term":[{"taxonomy":"category","embeddable":true,"href":"https:\/\/arantv.az\/index.php?rest_route=%2Fwp%2Fv2%2Fcategories&post=785820"},{"taxonomy":"post_tag","embeddable":true,"href":"https:\/\/arantv.az\/index.php?rest_route=%2Fwp%2Fv2%2Ftags&post=785820"}],"curies":[{"name":"wp","href":"https:\/\/api.w.org\/{rel}","templated":true}]}}