{"id":785835,"date":"2025-02-05T14:29:34","date_gmt":"2025-02-05T10:29:34","guid":{"rendered":"https:\/\/arantv.az\/?p=785835"},"modified":"2025-02-05T14:29:34","modified_gmt":"2025-02-05T10:29:34","slug":"qanunvericiliy%c9%99-az%c9%99rbaycan-isar%c9%99t-dili-anlayisi-daxil-edilir","status":"publish","type":"post","link":"https:\/\/arantv.az\/?p=785835","title":{"rendered":"Qanunvericiliy\u0259 \u201cAz\u0259rbaycan i\u015far\u0259t dili\u201d anlay\u0131\u015f\u0131 daxil edilir"},"content":{"rendered":"<p><strong>Qanunvericiliy\u0259 \u201cAz\u0259rbaycan i\u015far\u0259t dili\u201d anlay\u0131\u015f\u0131 daxil edilir.<\/strong><\/p>\n<p>Bu g\u00fcn Milli M\u0259clisin \u018fm\u0259k v\u0259 sosial siyas\u0259t komit\u0259sinin iclas\u0131nda m\u00fczakir\u0259y\u0259 \u00e7\u0131xar\u0131lan &#8220;\u018flilliyi olan \u015f\u0259xsl\u0259rin h\u00fcquqlar\u0131 haqq\u0131nda&#8221; qanuna t\u0259klif edil\u0259n d\u0259yi\u015fiklikd\u0259 \u0259ksini tap\u0131b.<\/p>\n<p>Layih\u0259y\u0259 \u0259sas\u0259n, Az\u0259rbaycan i\u015far\u0259t dili e\u015fitm\u0259 qabiliyy\u0259ti tam m\u0259hdud olan az\u0259rbaycandilli \u015f\u0259xsl\u0259rin qollar, \u0259ll\u0259r v\u0259 barmaqlardan eyni zamanda istifad\u0259 edilm\u0259kl\u0259 fikirl\u0259rini ifad\u0259 etm\u0259sidir.\/\/APA<\/p>\n","protected":false},"excerpt":{"rendered":"<p>Qanunvericiliy\u0259 \u201cAz\u0259rbaycan i\u015far\u0259t dili\u201d anlay\u0131\u015f\u0131 daxil edilir. Bu g\u00fcn Milli M\u0259clisin \u018fm\u0259k v\u0259 sosial siyas\u0259t komit\u0259sinin iclas\u0131nda m\u00fczakir\u0259y\u0259 \u00e7\u0131xar\u0131lan &#8220;\u018flilliyi olan \u015f\u0259xsl\u0259rin h\u00fcquqlar\u0131 haqq\u0131nda&#8221; qanuna t\u0259klif edil\u0259n d\u0259yi\u015fiklikd\u0259 \u0259ksini tap\u0131b. Layih\u0259y\u0259 \u0259sas\u0259n, Az\u0259rbaycan i\u015far\u0259t dili e\u015fitm\u0259 qabiliyy\u0259ti tam m\u0259hdud olan az\u0259rbaycandilli \u015f\u0259xsl\u0259rin qollar, \u0259ll\u0259r v\u0259 barmaqlardan eyni zamanda istifad\u0259 edilm\u0259kl\u0259 fikirl\u0259rini ifad\u0259 etm\u0259sidir.\/\/APA<\/p>\n","protected":false},"author":2,"featured_media":785836,"comment_status":"closed","ping_status":"closed","sticky":false,"template":"","format":"standard","meta":{"om_disable_all_campaigns":false,"_monsterinsights_skip_tracking":false,"_monsterinsights_sitenote_active":false,"_monsterinsights_sitenote_note":"","_monsterinsights_sitenote_category":0},"categories":[1],"tags":[],"aioseo_notices":[],"gutentor_comment":0,"rttpg_featured_image_url":{"full":["https:\/\/arantv.az\/wp-content\/uploads\/2025\/02\/504abe603f9b11ab08d78b121da8bc53.jpg",870,500,false],"landscape":["https:\/\/arantv.az\/wp-content\/uploads\/2025\/02\/504abe603f9b11ab08d78b121da8bc53.jpg",870,500,false],"portraits":["https:\/\/arantv.az\/wp-content\/uploads\/2025\/02\/504abe603f9b11ab08d78b121da8bc53.jpg",870,500,false],"thumbnail":["https:\/\/arantv.az\/wp-content\/uploads\/2025\/02\/504abe603f9b11ab08d78b121da8bc53-500x280.jpg",500,280,true],"medium":["https:\/\/arantv.az\/wp-content\/uploads\/2025\/02\/504abe603f9b11ab08d78b121da8bc53-635x365.jpg",635,365,true],"large":["https:\/\/arantv.az\/wp-content\/uploads\/2025\/02\/504abe603f9b11ab08d78b121da8bc53-840x483.jpg",640,368,true],"1536x1536":["https:\/\/arantv.az\/wp-content\/uploads\/2025\/02\/504abe603f9b11ab08d78b121da8bc53.jpg",870,500,false],"2048x2048":["https:\/\/arantv.az\/wp-content\/uploads\/2025\/02\/504abe603f9b11ab08d78b121da8bc53.jpg",870,500,false],"post-thumbnail":["https:\/\/arantv.az\/wp-content\/uploads\/2025\/02\/504abe603f9b11ab08d78b121da8bc53-240x172.jpg",240,172,true],"advps-thumb-one":["https:\/\/arantv.az\/wp-content\/uploads\/2025\/02\/504abe603f9b11ab08d78b121da8bc53.jpg",870,500,false]},"rttpg_author":{"display_name":"V\u00fcsal Rafiqo\u011flu","author_link":"https:\/\/arantv.az\/?author=2"},"rttpg_comment":0,"rttpg_category":"<a href=\"https:\/\/arantv.az\/?cat=1\" rel=\"category\">C\u0259miyy\u0259t<\/a>","rttpg_excerpt":"Qanunvericiliy\u0259 \u201cAz\u0259rbaycan i\u015far\u0259t dili\u201d anlay\u0131\u015f\u0131 daxil edilir. Bu g\u00fcn Milli M\u0259clisin \u018fm\u0259k v\u0259 sosial siyas\u0259t komit\u0259sinin iclas\u0131nda m\u00fczakir\u0259y\u0259 \u00e7\u0131xar\u0131lan &#8220;\u018flilliyi olan \u015f\u0259xsl\u0259rin h\u00fcquqlar\u0131 haqq\u0131nda&#8221; qanuna t\u0259klif edil\u0259n d\u0259yi\u015fiklikd\u0259 \u0259ksini tap\u0131b. Layih\u0259y\u0259 \u0259sas\u0259n, Az\u0259rbaycan i\u015far\u0259t dili e\u015fitm\u0259 qabiliyy\u0259ti tam m\u0259hdud olan az\u0259rbaycandilli \u015f\u0259xsl\u0259rin qollar, \u0259ll\u0259r v\u0259 barmaqlardan eyni zamanda istifad\u0259 edilm\u0259kl\u0259 fikirl\u0259rini ifad\u0259 etm\u0259sidir.\/\/APA","_links":{"self":[{"href":"https:\/\/arantv.az\/index.php?rest_route=\/wp\/v2\/posts\/785835"}],"collection":[{"href":"https:\/\/arantv.az\/index.php?rest_route=\/wp\/v2\/posts"}],"about":[{"href":"https:\/\/arantv.az\/index.php?rest_route=\/wp\/v2\/types\/post"}],"author":[{"embeddable":true,"href":"https:\/\/arantv.az\/index.php?rest_route=\/wp\/v2\/users\/2"}],"replies":[{"embeddable":true,"href":"https:\/\/arantv.az\/index.php?rest_route=%2Fwp%2Fv2%2Fcomments&post=785835"}],"version-history":[{"count":1,"href":"https:\/\/arantv.az\/index.php?rest_route=\/wp\/v2\/posts\/785835\/revisions"}],"predecessor-version":[{"id":785837,"href":"https:\/\/arantv.az\/index.php?rest_route=\/wp\/v2\/posts\/785835\/revisions\/785837"}],"wp:featuredmedia":[{"embeddable":true,"href":"https:\/\/arantv.az\/index.php?rest_route=\/wp\/v2\/media\/785836"}],"wp:attachment":[{"href":"https:\/\/arantv.az\/index.php?rest_route=%2Fwp%2Fv2%2Fmedia&parent=785835"}],"wp:term":[{"taxonomy":"category","embeddable":true,"href":"https:\/\/arantv.az\/index.php?rest_route=%2Fwp%2Fv2%2Fcategories&post=785835"},{"taxonomy":"post_tag","embeddable":true,"href":"https:\/\/arantv.az\/index.php?rest_route=%2Fwp%2Fv2%2Ftags&post=785835"}],"curies":[{"name":"wp","href":"https:\/\/api.w.org\/{rel}","templated":true}]}}