{"id":785839,"date":"2025-02-05T16:05:00","date_gmt":"2025-02-05T12:05:00","guid":{"rendered":"https:\/\/arantv.az\/?p=785839"},"modified":"2025-02-05T16:05:00","modified_gmt":"2025-02-05T12:05:00","slug":"qadinlar-fiqurasini-duz%c9%99ldir-amma-aglini-yox-r%c9%99sid-mahmudov","status":"publish","type":"post","link":"https:\/\/arantv.az\/?p=785839","title":{"rendered":"\u201cQad\u0131nlar fiquras\u0131n\u0131 d\u00fcz\u0259ldir, amma a\u011fl\u0131n\u0131 yox\u201d &#8211; R\u0259\u015fid Mahmudov"},"content":{"rendered":"<p><strong>\u201cEstetik \u0259m\u0259liyyatlar Allaha qar\u015f\u0131 \u00fcsyand\u0131r, a\u011f\u0131ls\u0131zl\u0131qd\u0131r. Allah adam\u0131 nec\u0259 yarad\u0131b, el\u0259 d\u0259 olmal\u0131d\u0131r. Bu, qad\u0131nlar\u0131n axmaql\u0131\u011f\u0131, z\u0259ka gerililiyidir\u201d.<\/strong><\/p>\n<p>Bunu\u00a0<strong>Musavat.com<\/strong>-a a\u00e7\u0131qlamas\u0131nda tan\u0131nm\u0131\u015f h\u0259kim R\u0259\u015fid Mahmudov deyib.<\/p>\n<p>\u201cQad\u0131nlar fiquras\u0131n\u0131 d\u00fcz\u0259ldir, amma a\u011fl\u0131n\u0131 yox. He\u00e7 g\u00f6rm\u00fcs\u00fcn\u00fczm\u00fc, bir adam g\u0259lib desin ki, m\u0259nim a\u011fl\u0131m\u0131 d\u00fcz\u0259lt. M\u00fcs\u0259lmana bel\u0259 \u015feyl\u0259r yara\u015fm\u0131r. Bu, inki\u015faf dem\u0259k deyil, \u0259ksin\u0259, \u0259qli gerilikdir. \u00d6zl\u0259rin\u0259 burun, qulaq, buynuz d\u00fcz\u0259ltdirirl\u0259r. Normal adamlar bel\u0259 \u015feyl\u0259r etm\u0259z.<\/p>\n<p>Xan\u0131mlar\u0131m\u0131z \u00f6z z\u0259kalar\u0131 \u00fcz\u0259rind\u0259 i\u015fl\u0259mir. Bunun \u0259v\u0259zind\u0259 gedib g\u00f6zl\u0259rinin r\u0259ngini d\u0259yi\u015firl\u0259r. Ay\u0131bd\u0131r, g\u0259l\u0259c\u0259kd\u0259 bunun alt\u0131n\u0131 \u00e7\u0259k\u0259c\u0259kl\u0259r. Qad\u0131nlar\u0131m\u0131z mill\u0259ti korlad\u0131\u201d, &#8211; o bildirib.<\/p>\n","protected":false},"excerpt":{"rendered":"<p>\u201cEstetik \u0259m\u0259liyyatlar Allaha qar\u015f\u0131 \u00fcsyand\u0131r, a\u011f\u0131ls\u0131zl\u0131qd\u0131r. Allah adam\u0131 nec\u0259 yarad\u0131b, el\u0259 d\u0259 olmal\u0131d\u0131r. Bu, qad\u0131nlar\u0131n axmaql\u0131\u011f\u0131, z\u0259ka gerililiyidir\u201d. Bunu\u00a0Musavat.com-a a\u00e7\u0131qlamas\u0131nda tan\u0131nm\u0131\u015f h\u0259kim R\u0259\u015fid Mahmudov deyib. \u201cQad\u0131nlar fiquras\u0131n\u0131 d\u00fcz\u0259ldir, amma a\u011fl\u0131n\u0131 yox. He\u00e7 g\u00f6rm\u00fcs\u00fcn\u00fczm\u00fc, bir adam g\u0259lib desin ki, m\u0259nim a\u011fl\u0131m\u0131 d\u00fcz\u0259lt. M\u00fcs\u0259lmana bel\u0259 \u015feyl\u0259r yara\u015fm\u0131r. Bu, inki\u015faf dem\u0259k deyil, \u0259ksin\u0259, \u0259qli gerilikdir. \u00d6zl\u0259rin\u0259 burun, qulaq, buynuz d\u00fcz\u0259ltdirirl\u0259r. Normal adamlar bel\u0259 \u015feyl\u0259r etm\u0259z. Xan\u0131mlar\u0131m\u0131z \u00f6z z\u0259kalar\u0131 \u00fcz\u0259rind\u0259 i\u015fl\u0259mir. Bunun \u0259v\u0259zind\u0259 gedib g\u00f6zl\u0259rinin r\u0259ngini d\u0259yi\u015firl\u0259r. Ay\u0131bd\u0131r, g\u0259l\u0259c\u0259kd\u0259 bunun alt\u0131n\u0131 \u00e7\u0259k\u0259c\u0259kl\u0259r. Qad\u0131nlar\u0131m\u0131z mill\u0259ti korlad\u0131\u201d, &#8211; o bildirib.<\/p>\n","protected":false},"author":2,"featured_media":785840,"comment_status":"closed","ping_status":"closed","sticky":false,"template":"","format":"standard","meta":{"om_disable_all_campaigns":false,"_monsterinsights_skip_tracking":false,"_monsterinsights_sitenote_active":false,"_monsterinsights_sitenote_note":"","_monsterinsights_sitenote_category":0},"categories":[19],"tags":[],"aioseo_notices":[],"gutentor_comment":0,"rttpg_featured_image_url":{"full":["https:\/\/arantv.az\/wp-content\/uploads\/2025\/02\/9ef0db58c6ae55126404a92a3a5ceef6.jpg",870,500,false],"landscape":["https:\/\/arantv.az\/wp-content\/uploads\/2025\/02\/9ef0db58c6ae55126404a92a3a5ceef6.jpg",870,500,false],"portraits":["https:\/\/arantv.az\/wp-content\/uploads\/2025\/02\/9ef0db58c6ae55126404a92a3a5ceef6.jpg",870,500,false],"thumbnail":["https:\/\/arantv.az\/wp-content\/uploads\/2025\/02\/9ef0db58c6ae55126404a92a3a5ceef6-500x280.jpg",500,280,true],"medium":["https:\/\/arantv.az\/wp-content\/uploads\/2025\/02\/9ef0db58c6ae55126404a92a3a5ceef6-635x365.jpg",635,365,true],"large":["https:\/\/arantv.az\/wp-content\/uploads\/2025\/02\/9ef0db58c6ae55126404a92a3a5ceef6-840x483.jpg",640,368,true],"1536x1536":["https:\/\/arantv.az\/wp-content\/uploads\/2025\/02\/9ef0db58c6ae55126404a92a3a5ceef6.jpg",870,500,false],"2048x2048":["https:\/\/arantv.az\/wp-content\/uploads\/2025\/02\/9ef0db58c6ae55126404a92a3a5ceef6.jpg",870,500,false],"post-thumbnail":["https:\/\/arantv.az\/wp-content\/uploads\/2025\/02\/9ef0db58c6ae55126404a92a3a5ceef6-240x172.jpg",240,172,true],"advps-thumb-one":["https:\/\/arantv.az\/wp-content\/uploads\/2025\/02\/9ef0db58c6ae55126404a92a3a5ceef6.jpg",870,500,false]},"rttpg_author":{"display_name":"V\u00fcsal Rafiqo\u011flu","author_link":"https:\/\/arantv.az\/?author=2"},"rttpg_comment":0,"rttpg_category":"<a href=\"https:\/\/arantv.az\/?cat=19\" rel=\"category\">G\u00fcnd\u0259m<\/a>","rttpg_excerpt":"\u201cEstetik \u0259m\u0259liyyatlar Allaha qar\u015f\u0131 \u00fcsyand\u0131r, a\u011f\u0131ls\u0131zl\u0131qd\u0131r. Allah adam\u0131 nec\u0259 yarad\u0131b, el\u0259 d\u0259 olmal\u0131d\u0131r. Bu, qad\u0131nlar\u0131n axmaql\u0131\u011f\u0131, z\u0259ka gerililiyidir\u201d. Bunu\u00a0Musavat.com-a a\u00e7\u0131qlamas\u0131nda tan\u0131nm\u0131\u015f h\u0259kim R\u0259\u015fid Mahmudov deyib. \u201cQad\u0131nlar fiquras\u0131n\u0131 d\u00fcz\u0259ldir, amma a\u011fl\u0131n\u0131 yox. He\u00e7 g\u00f6rm\u00fcs\u00fcn\u00fczm\u00fc, bir adam g\u0259lib desin ki, m\u0259nim a\u011fl\u0131m\u0131 d\u00fcz\u0259lt. M\u00fcs\u0259lmana bel\u0259 \u015feyl\u0259r yara\u015fm\u0131r. Bu, inki\u015faf dem\u0259k deyil, \u0259ksin\u0259, \u0259qli gerilikdir. \u00d6zl\u0259rin\u0259 burun, qulaq,&hellip;","_links":{"self":[{"href":"https:\/\/arantv.az\/index.php?rest_route=\/wp\/v2\/posts\/785839"}],"collection":[{"href":"https:\/\/arantv.az\/index.php?rest_route=\/wp\/v2\/posts"}],"about":[{"href":"https:\/\/arantv.az\/index.php?rest_route=\/wp\/v2\/types\/post"}],"author":[{"embeddable":true,"href":"https:\/\/arantv.az\/index.php?rest_route=\/wp\/v2\/users\/2"}],"replies":[{"embeddable":true,"href":"https:\/\/arantv.az\/index.php?rest_route=%2Fwp%2Fv2%2Fcomments&post=785839"}],"version-history":[{"count":1,"href":"https:\/\/arantv.az\/index.php?rest_route=\/wp\/v2\/posts\/785839\/revisions"}],"predecessor-version":[{"id":785841,"href":"https:\/\/arantv.az\/index.php?rest_route=\/wp\/v2\/posts\/785839\/revisions\/785841"}],"wp:featuredmedia":[{"embeddable":true,"href":"https:\/\/arantv.az\/index.php?rest_route=\/wp\/v2\/media\/785840"}],"wp:attachment":[{"href":"https:\/\/arantv.az\/index.php?rest_route=%2Fwp%2Fv2%2Fmedia&parent=785839"}],"wp:term":[{"taxonomy":"category","embeddable":true,"href":"https:\/\/arantv.az\/index.php?rest_route=%2Fwp%2Fv2%2Fcategories&post=785839"},{"taxonomy":"post_tag","embeddable":true,"href":"https:\/\/arantv.az\/index.php?rest_route=%2Fwp%2Fv2%2Ftags&post=785839"}],"curies":[{"name":"wp","href":"https:\/\/api.w.org\/{rel}","templated":true}]}}