{"id":785855,"date":"2025-02-05T16:10:26","date_gmt":"2025-02-05T12:10:26","guid":{"rendered":"https:\/\/arantv.az\/?p=785855"},"modified":"2025-02-05T16:10:42","modified_gmt":"2025-02-05T12:10:42","slug":"ilham-%c9%99liyev-%c9%99rdogana-m%c9%99ktub-unvanladi-2","status":"publish","type":"post","link":"https:\/\/arantv.az\/?p=785855","title":{"rendered":"\u0130lham \u018fliyev \u018frdo\u011fana m\u0259ktub \u00fcnvanlad\u0131"},"content":{"rendered":"<div class=\"texts mb-site\">\n<p><strong>Prezident \u0130lham \u018fliyev T\u00fcrkiy\u0259 Prezidenti R\u0259c\u0259b Tayyib \u018frdo\u011fana m\u0259ktub \u00fcnvanlay\u0131b.<\/strong><\/p>\n<p><strong>ARANTV.AZ <\/strong>\u00a0x\u0259b\u0259r verir ki, m\u0259ktubda deyilir:<\/p>\n<p><ins class=\"ainsyndication\" data-ad-slot=\"5387\"><\/ins>&#8220;H\u00f6rm\u0259tli c\u0259nab Prezident,<\/p>\n<p>\u018fziz Qarda\u015f\u0131m,<\/p>\n<p>\u0130ki il \u0259vv\u0259l T\u00fcrkiy\u0259d\u0259 ba\u015f vermi\u015f da\u011f\u0131d\u0131c\u0131 z\u0259lz\u0259l\u0259 n\u0259tic\u0259sind\u0259 h\u0259yatlar\u0131n\u0131 itirmi\u015f bac\u0131-qarda\u015flar\u0131m\u0131z\u0131n \u0259ziz xatir\u0259sini d\u0259rin h\u00f6rm\u0259t v\u0259 ehtiramla an\u0131r, onlara uca Allahdan r\u0259hm\u0259t, do\u011fmalar\u0131na v\u0259 yax\u0131nlar\u0131na s\u0259bir dil\u0259yir\u0259m.<\/p>\n<p>Az\u0259rbaycan bu d\u0259h\u015f\u0259tli faci\u0259 il\u0259 ba\u011fl\u0131 qarda\u015f T\u00fcrkiy\u0259nin d\u0259rdini b\u00f6l\u00fc\u015f\u00fcr, k\u0259d\u0259rini birlikd\u0259 ya\u015fay\u0131r. Az\u0259rbaycan h\u0259r zaman oldu\u011fu kimi bu a\u011f\u0131r g\u00fcnl\u0259rd\u0259 d\u0259 T\u00fcrkiy\u0259nin yan\u0131nda yer ald\u0131, z\u0259lz\u0259l\u0259 x\u0259b\u0259rinin ilk d\u0259qiq\u0259l\u0259rd\u0259n bir yumruq kimi b\u00fct\u00fcn s\u0259viyy\u0259l\u0259rd\u0259 qarda\u015f T\u00fcrkiy\u0259nin \u0259traf\u0131nda s\u0259f\u0259rb\u0259r oldu, \u0259lind\u0259n g\u0259l\u0259n yard\u0131m\u0131 v\u0259 d\u0259st\u0259yi \u0259sirg\u0259m\u0259di. H\u0259min \u00e7\u0259tin g\u00fcnl\u0259rd\u0259 b\u00fct\u00fcn Az\u0259rbaycan xalq\u0131n\u0131n \u00fcr\u0259yi T\u00fcrkiy\u0259 il\u0259 bir d\u00f6y\u00fcn\u00fcrd\u00fc.<\/p>\n<p>Bu g\u00fcn g\u00fccl\u00fc v\u0259 q\u00fcdr\u0259tli T\u00fcrkiy\u0259 d\u00f6vl\u0259ti Sizin r\u0259hb\u0259rliyiniz alt\u0131nda f\u0259lak\u0259tin n\u0259tic\u0259l\u0259rinin aradan qald\u0131r\u0131lmas\u0131, z\u0259r\u0259r\u00e7\u0259kmi\u015f b\u00f6lg\u0259d\u0259 h\u0259yat\u0131n v\u0259 iqtisadiyyat\u0131n dir\u00e7\u0259ldilm\u0259si, insanlar\u0131n yeni evl\u0259r v\u0259 i\u015f yerl\u0259ri il\u0259 t\u0259min olunmas\u0131 istiqam\u0259tind\u0259 geni\u015fmiqyasl\u0131 quruculuq i\u015fl\u0259ri h\u0259yata ke\u00e7irir. Qarda\u015fl\u0131q v\u0259 v\u0259fa borcumuzun bir par\u00e7as\u0131 olaraq Az\u0259rbaycan\u0131n da \u00f6z n\u00f6vb\u0259sind\u0259 Kahramanmara\u015f vilay\u0259tind\u0259 apar\u0131lan yenid\u0259nqurma v\u0259 b\u0259rpa i\u015fl\u0259rin\u0259 t\u00f6hf\u0259 ver\u0259r\u0259k T\u00fcrkiy\u0259nin yan\u0131nda \u00e7iyin-\u00e7iyin\u0259 olma\u011f\u0131ndan b\u00f6y\u00fck f\u0259xr v\u0259 q\u00fcrur hissi duyuruq.<\/p>\n<p>\u201cBir mill\u0259t iki d\u00f6vl\u0259t\u201d prinsipi \u0259sas\u0131nda h\u0259m sevincli, h\u0259m d\u0259 k\u0259d\u0259rli g\u00fcnl\u0259rd\u0259 bir-birin\u0259 dayaq olan \u00f6lk\u0259l\u0259rimiz v\u0259 xalqlar\u0131m\u0131z m\u0259hz \u00e7\u0259tin anlarda qar\u015f\u0131l\u0131ql\u0131 d\u0259st\u0259k g\u00f6st\u0259r\u0259r\u0259k qarda\u015fl\u0131\u011f\u0131n\u0131 v\u0259 h\u0259mr\u0259yliyini s\u00fcbut edirl\u0259r. Bu, h\u0259mi\u015f\u0259 bel\u0259 olub v\u0259 bu c\u00fcr d\u0259 davam ed\u0259c\u0259kdir.<\/p>\n<p>\u018fmin\u0259m ki, bir-birin\u0259 q\u0131r\u0131lmaz tell\u0259r il\u0259 ba\u011fl\u0131 olan xalqlar\u0131m\u0131z\u0131n irad\u0259si il\u0259 zaman\u0131n s\u0131naqlar\u0131ndan \u00e7\u0131xm\u0131\u015f birliyimiz v\u0259 strateji m\u00fctt\u0259fiqliyimiz daim ya\u015fayacaq, \u00f6lk\u0259l\u0259rimizin rifah\u0131 v\u0259 \u0259min-amanl\u0131\u011f\u0131 namin\u0259 qar\u015f\u0131ya qoydu\u011fumuz h\u0259d\u0259fl\u0259r\u0259 \u00e7atmaq \u00fc\u00e7\u00fcn birg\u0259 s\u0259yl\u0259rimizi bundan sonra da u\u011furla davam etdir\u0259c\u0259yik.<\/p>\n<p>Bu an\u0131m g\u00fcn\u00fcnd\u0259 bir daha Siz\u0259, h\u0259lak olanlar\u0131n ail\u0259l\u0259rin\u0259 v\u0259 yax\u0131nlar\u0131na, qarda\u015f T\u00fcrkiy\u0259 xalq\u0131na \u00f6z ad\u0131mdan v\u0259 Az\u0259rbaycan xalq\u0131 ad\u0131ndan d\u0259rin h\u00fcznl\u0259 ba\u015fsa\u011fl\u0131\u011f\u0131 verir\u0259m.<\/p>\n<\/div>\n<div class=\"tabs_container\"><\/div>\n","protected":false},"excerpt":{"rendered":"<p>Prezident \u0130lham \u018fliyev T\u00fcrkiy\u0259 Prezidenti R\u0259c\u0259b Tayyib \u018frdo\u011fana m\u0259ktub \u00fcnvanlay\u0131b. ARANTV.AZ \u00a0x\u0259b\u0259r verir ki, m\u0259ktubda deyilir: &#8220;H\u00f6rm\u0259tli c\u0259nab Prezident, \u018fziz Qarda\u015f\u0131m, \u0130ki il \u0259vv\u0259l T\u00fcrkiy\u0259d\u0259 ba\u015f vermi\u015f da\u011f\u0131d\u0131c\u0131 z\u0259lz\u0259l\u0259 n\u0259tic\u0259sind\u0259 h\u0259yatlar\u0131n\u0131 itirmi\u015f bac\u0131-qarda\u015flar\u0131m\u0131z\u0131n \u0259ziz xatir\u0259sini d\u0259rin h\u00f6rm\u0259t v\u0259 ehtiramla an\u0131r, onlara uca Allahdan r\u0259hm\u0259t, do\u011fmalar\u0131na v\u0259 yax\u0131nlar\u0131na s\u0259bir dil\u0259yir\u0259m. Az\u0259rbaycan bu d\u0259h\u015f\u0259tli faci\u0259 il\u0259 ba\u011fl\u0131 qarda\u015f T\u00fcrkiy\u0259nin d\u0259rdini b\u00f6l\u00fc\u015f\u00fcr, k\u0259d\u0259rini birlikd\u0259 ya\u015fay\u0131r. Az\u0259rbaycan h\u0259r zaman oldu\u011fu kimi bu a\u011f\u0131r g\u00fcnl\u0259rd\u0259 d\u0259 T\u00fcrkiy\u0259nin yan\u0131nda yer ald\u0131, z\u0259lz\u0259l\u0259 x\u0259b\u0259rinin ilk d\u0259qiq\u0259l\u0259rd\u0259n bir yumruq kimi b\u00fct\u00fcn s\u0259viyy\u0259l\u0259rd\u0259 qarda\u015f T\u00fcrkiy\u0259nin \u0259traf\u0131nda s\u0259f\u0259rb\u0259r oldu, \u0259lind\u0259n&hellip;<\/p>\n","protected":false},"author":2,"featured_media":785856,"comment_status":"closed","ping_status":"closed","sticky":false,"template":"","format":"standard","meta":{"om_disable_all_campaigns":false,"_monsterinsights_skip_tracking":false,"_monsterinsights_sitenote_active":false,"_monsterinsights_sitenote_note":"","_monsterinsights_sitenote_category":0},"categories":[4],"tags":[],"aioseo_notices":[],"gutentor_comment":0,"rttpg_featured_image_url":{"full":["https:\/\/arantv.az\/wp-content\/uploads\/2025\/02\/9d0f3c57caa7b3d206ab9803883c7a4f.jpg",850,500,false],"landscape":["https:\/\/arantv.az\/wp-content\/uploads\/2025\/02\/9d0f3c57caa7b3d206ab9803883c7a4f.jpg",850,500,false],"portraits":["https:\/\/arantv.az\/wp-content\/uploads\/2025\/02\/9d0f3c57caa7b3d206ab9803883c7a4f.jpg",850,500,false],"thumbnail":["https:\/\/arantv.az\/wp-content\/uploads\/2025\/02\/9d0f3c57caa7b3d206ab9803883c7a4f-500x280.jpg",500,280,true],"medium":["https:\/\/arantv.az\/wp-content\/uploads\/2025\/02\/9d0f3c57caa7b3d206ab9803883c7a4f-621x365.jpg",621,365,true],"large":["https:\/\/arantv.az\/wp-content\/uploads\/2025\/02\/9d0f3c57caa7b3d206ab9803883c7a4f-840x494.jpg",640,376,true],"1536x1536":["https:\/\/arantv.az\/wp-content\/uploads\/2025\/02\/9d0f3c57caa7b3d206ab9803883c7a4f.jpg",850,500,false],"2048x2048":["https:\/\/arantv.az\/wp-content\/uploads\/2025\/02\/9d0f3c57caa7b3d206ab9803883c7a4f.jpg",850,500,false],"post-thumbnail":["https:\/\/arantv.az\/wp-content\/uploads\/2025\/02\/9d0f3c57caa7b3d206ab9803883c7a4f-240x172.jpg",240,172,true],"advps-thumb-one":["https:\/\/arantv.az\/wp-content\/uploads\/2025\/02\/9d0f3c57caa7b3d206ab9803883c7a4f.jpg",850,500,false]},"rttpg_author":{"display_name":"V\u00fcsal Rafiqo\u011flu","author_link":"https:\/\/arantv.az\/?author=2"},"rttpg_comment":0,"rttpg_category":"<a href=\"https:\/\/arantv.az\/?cat=4\" rel=\"category\">Siyas\u0259t<\/a>","rttpg_excerpt":"Prezident \u0130lham \u018fliyev T\u00fcrkiy\u0259 Prezidenti R\u0259c\u0259b Tayyib \u018frdo\u011fana m\u0259ktub \u00fcnvanlay\u0131b. ARANTV.AZ \u00a0x\u0259b\u0259r verir ki, m\u0259ktubda deyilir: &#8220;H\u00f6rm\u0259tli c\u0259nab Prezident, \u018fziz Qarda\u015f\u0131m, \u0130ki il \u0259vv\u0259l T\u00fcrkiy\u0259d\u0259 ba\u015f vermi\u015f da\u011f\u0131d\u0131c\u0131 z\u0259lz\u0259l\u0259 n\u0259tic\u0259sind\u0259 h\u0259yatlar\u0131n\u0131 itirmi\u015f bac\u0131-qarda\u015flar\u0131m\u0131z\u0131n \u0259ziz xatir\u0259sini d\u0259rin h\u00f6rm\u0259t v\u0259 ehtiramla an\u0131r, onlara uca Allahdan r\u0259hm\u0259t, do\u011fmalar\u0131na v\u0259 yax\u0131nlar\u0131na s\u0259bir dil\u0259yir\u0259m. Az\u0259rbaycan bu d\u0259h\u015f\u0259tli faci\u0259 il\u0259 ba\u011fl\u0131&hellip;","_links":{"self":[{"href":"https:\/\/arantv.az\/index.php?rest_route=\/wp\/v2\/posts\/785855"}],"collection":[{"href":"https:\/\/arantv.az\/index.php?rest_route=\/wp\/v2\/posts"}],"about":[{"href":"https:\/\/arantv.az\/index.php?rest_route=\/wp\/v2\/types\/post"}],"author":[{"embeddable":true,"href":"https:\/\/arantv.az\/index.php?rest_route=\/wp\/v2\/users\/2"}],"replies":[{"embeddable":true,"href":"https:\/\/arantv.az\/index.php?rest_route=%2Fwp%2Fv2%2Fcomments&post=785855"}],"version-history":[{"count":1,"href":"https:\/\/arantv.az\/index.php?rest_route=\/wp\/v2\/posts\/785855\/revisions"}],"predecessor-version":[{"id":785857,"href":"https:\/\/arantv.az\/index.php?rest_route=\/wp\/v2\/posts\/785855\/revisions\/785857"}],"wp:featuredmedia":[{"embeddable":true,"href":"https:\/\/arantv.az\/index.php?rest_route=\/wp\/v2\/media\/785856"}],"wp:attachment":[{"href":"https:\/\/arantv.az\/index.php?rest_route=%2Fwp%2Fv2%2Fmedia&parent=785855"}],"wp:term":[{"taxonomy":"category","embeddable":true,"href":"https:\/\/arantv.az\/index.php?rest_route=%2Fwp%2Fv2%2Fcategories&post=785855"},{"taxonomy":"post_tag","embeddable":true,"href":"https:\/\/arantv.az\/index.php?rest_route=%2Fwp%2Fv2%2Ftags&post=785855"}],"curies":[{"name":"wp","href":"https:\/\/api.w.org\/{rel}","templated":true}]}}