{"id":786472,"date":"2025-02-07T20:59:11","date_gmt":"2025-02-07T16:59:11","guid":{"rendered":"https:\/\/arantv.az\/?p=786472"},"modified":"2025-02-07T20:59:11","modified_gmt":"2025-02-07T16:59:11","slug":"prezident-v%c9%99-xanimi-yeni-yaradilan-parkin-acilisinda-fotolar","status":"publish","type":"post","link":"https:\/\/arantv.az\/?p=786472","title":{"rendered":"Prezident v\u0259 xan\u0131m\u0131 yeni yarad\u0131lan park\u0131n A\u00c7ILI\u015eINDA &#8211; FOTOLAR"},"content":{"rendered":"<div class=\"text-content\" data-id=\"\" data-url=\"\">\n<p><strong>Az\u0259rbaycan Respublikas\u0131n\u0131n Prezidenti \u0130lham \u018fliyev v\u0259 birinci xan\u0131m Mehriban \u018fliyeva Bak\u0131da metronun \u201cG\u0259nclik\u201d stansiyas\u0131n\u0131n yax\u0131nl\u0131\u011f\u0131nda \u201cAntena\u201d sah\u0259si adlanan \u0259razid\u0259 yeni yarad\u0131lan park\u0131n a\u00e7\u0131l\u0131\u015f\u0131nda i\u015ftirak edibl\u0259r.<\/strong><\/p>\n<p><strong>ARANTV.AZ <\/strong>\u00a0x\u0259b\u0259r verir ki, Bak\u0131 \u015e\u0259h\u0259r \u0130cra Hakimiyy\u0259tinin ba\u015f\u00e7\u0131s\u0131 Eldar \u018fzizov yeni parkda yarad\u0131lan \u015f\u0259rait bar\u0259d\u0259 \u0259trafl\u0131 m\u0259lumat verib.<\/p>\n<p>Paytaxt\u0131n daha da m\u00fcasirl\u0259\u015fdirilm\u0259si, abadla\u015fd\u0131r\u0131lmas\u0131 istiqam\u0259tind\u0259 g\u00f6r\u00fcl\u0259n i\u015fl\u0259r ya\u015f\u0131ll\u0131q zolaqlar\u0131n\u0131n v\u0259 parklar\u0131n sal\u0131nmas\u0131 il\u0259 paralel \u015f\u0259kild\u0259 davam etdirilir. Bel\u0259 istirah\u0259t m\u0259kanlar\u0131ndan daha biri Az\u0259rbaycan Prezidentinin 2023-c\u00fc il 18 avqust v\u0259 2024-c\u00fc il 13 yanvar tarixli s\u0259r\u0259ncamlar\u0131na \u0259sas\u0259n N\u0259rimanov rayonunda &#8211; metronun \u201cG\u0259nclik\u201d stansiyas\u0131n\u0131n yax\u0131nl\u0131\u011f\u0131nda, Vaqif prospekti, Ceyhun Hac\u0131b\u0259yli, \u015e\u0259msi R\u0259himov v\u0259 N\u0259sib b\u0259y Yusifb\u0259yli k\u00fc\u00e7\u0259l\u0259rinin k\u0259si\u015fm\u0259sind\u0259 sal\u0131nan yeni parkd\u0131r.<\/p>\n<p>D\u00f6vl\u0259t ba\u015f\u00e7\u0131s\u0131 v\u0259 birinci xan\u0131m parkda yarad\u0131lan \u015f\u0259raitl\u0259 tan\u0131\u015f olublar.<\/p>\n<p>\u201cAntena\u201d sah\u0259si kimi tan\u0131nan bu \u0259razid\u0259 yarars\u0131z v\u0259ziyy\u0259td\u0259 olan b\u0259zi tikilil\u0259r s\u00f6k\u00fcl\u00fcb. S\u00f6k\u00fcnt\u00fc i\u015fl\u0259rind\u0259n sonra park\u0131n \u0259razisi daha da geni\u015fl\u0259ndirilib v\u0259 19 hektara \u00e7atd\u0131r\u0131l\u0131b.<\/p>\n<p>Park\u0131n \u0259razisind\u0259ki m\u00f6vcud tarixi inzibati bina saxlan\u0131l\u0131b v\u0259 binada b\u0259rpa i\u015fl\u0259ri apar\u0131l\u0131b.<\/p>\n<p>Yeni sal\u0131nan parkda sakinl\u0259rin v\u0259 qonaqlar\u0131n asud\u0259 vaxtlar\u0131n\u0131n s\u0259m\u0259r\u0259li t\u0259\u015fkili \u00fc\u00e7\u00fcn q\u0131sa m\u00fcdd\u0259td\u0259 g\u00f6z\u0259l \u015f\u0259rait yarad\u0131l\u0131b. Bel\u0259 ki, burada m\u00fcasir t\u0259l\u0259bl\u0259r\u0259 cavab ver\u0259n iki restoran in\u015fa olunub. H\u0259m\u00e7inin burada f\u0259vvar\u0259 d\u0259 qura\u015fd\u0131r\u0131l\u0131b. Bu da istirah\u0259t m\u0259kan\u0131na \u0259lav\u0259 g\u00f6z\u0259llik verir.<\/p>\n<p>M\u00fcasir istirah\u0259t kompleksinin \u0259razisinin 14 hektar\u0131nda ya\u015f\u0131ll\u0131q sah\u0259l\u0259ri sal\u0131n\u0131b, 20 mind\u0259n \u00e7ox a\u011fac v\u0259 kol \u0259kilib. Parkda avtomat suvarma sistemi, su v\u0259 yan\u011f\u0131n \u00e7\u0259nl\u0259ri, nasosxana, t\u0259hl\u00fck\u0259sizlik m\u00fc\u015fahid\u0259 kameralar\u0131 qura\u015fd\u0131r\u0131l\u0131b. H\u0259m\u00e7inin i\u015f\u0131qland\u0131rma sistemi yeni layih\u0259 \u0259sas\u0131nda \u0259n m\u00fcasir standartlara uy\u011fun \u015f\u0259kild\u0259 qurulub. Parkda piyada v\u0259 velosiped yollar\u0131 \u00e7\u0259kilib, u\u015faq-\u0259yl\u0259nc\u0259 v\u0259 a\u00e7\u0131q hava \u015f\u0259raitind\u0259 m\u00fcasir m\u0259\u015fq qur\u011fular\u0131 il\u0259 t\u0259chiz edilmi\u015f idman meydan\u00e7alar\u0131 yarad\u0131l\u0131b.<\/p>\n<p>Yeni parkla yax\u0131nl\u0131qdak\u0131 \u201cD\u0259d\u0259 Qorqud\u201d park\u0131n\u0131 \u0259laq\u0259l\u0259ndir\u0259n yeralt\u0131 ke\u00e7id d\u0259 in\u015fa olunub. Bu da sakinl\u0259rin t\u0259hl\u00fck\u0259siz v\u0259 rahat h\u0259r\u0259k\u0259tin\u0259 \u015f\u0259rait yarad\u0131r.<\/p>\n<p>Son ill\u0259r Az\u0259rbaycan\u0131n b\u00fct\u00fcn regionlar\u0131nda, o c\u00fcml\u0259d\u0259n Bak\u0131 \u015f\u0259h\u0259rind\u0259 abadl\u0131q v\u0259 yenid\u0259nqurma i\u015fl\u0259ri geni\u015f v\u00fcs\u0259t al\u0131b. \u018fhalinin rahatl\u0131\u011f\u0131n\u0131n v\u0259 istirah\u0259tinin y\u00fcks\u0259k s\u0259viyy\u0259d\u0259 t\u0259\u015fkili m\u0259qs\u0259dil\u0259 yeni parklar v\u0259 \u00e7oxsayl\u0131 ya\u015f\u0131ll\u0131q zolaqlar\u0131 sal\u0131n\u0131b, m\u00f6vcud park v\u0259 xiyabanlar is\u0259 \u0259sasl\u0131 \u015f\u0259kild\u0259 yenid\u0259n qurulub. H\u0259yata ke\u00e7iril\u0259n bu layih\u0259l\u0259r Bak\u0131n\u0131n v\u0259 regionlar\u0131n simas\u0131n\u0131 d\u0259yi\u015fm\u0259kl\u0259 yana\u015f\u0131, \u00f6lk\u0259mizd\u0259 ekoloji v\u0259ziyy\u0259tin yax\u015f\u0131la\u015fd\u0131r\u0131lmas\u0131nda da m\u00fch\u00fcm rol oynay\u0131r.<\/p>\n<p>Yeni istifad\u0259y\u0259 veril\u0259n park da paytaxt\u0131m\u0131z\u0131n daha da g\u00f6z\u0259ll\u0259\u015fm\u0259si, \u015f\u0259h\u0259rd\u0259 ya\u015f\u0131l gu\u015f\u0259l\u0259rin say\u0131n\u0131n art\u0131r\u0131lmas\u0131 v\u0259 insanlar\u0131n s\u0259m\u0259r\u0259li istirah\u0259ti bax\u0131m\u0131ndan m\u00fch\u00fcm \u0259h\u0259miyy\u0259t da\u015f\u0131y\u0131r.<\/p>\n<\/div>\n<div>\n<div class=\"form-group\"><img class=\"img-responsive\" src=\"https:\/\/cdn.musavat.com\/news\/images\/NewFolder%203\/14ea08a5-75b1-338b-95a2-4041b136.jpg\" \/><\/div>\n<div class=\"form-group\"><img class=\"img-responsive\" src=\"https:\/\/cdn.musavat.com\/news\/images\/NewFolder%203\/7f18c0a9-30e6-36f2-ba6f-9d11da79.jpg\" \/><\/div>\n<div class=\"form-group\"><img class=\"img-responsive\" src=\"https:\/\/cdn.musavat.com\/news\/images\/NewFolder%203\/64a69cca-6729-3122-89de-2df27756.jpg\" \/><\/div>\n<div class=\"form-group\"><img class=\"img-responsive\" src=\"https:\/\/cdn.musavat.com\/news\/images\/NewFolder%203\/e92553ee-6e34-3e52-93c6-f31c6562-1.jpg\" \/><\/div>\n<div class=\"form-group\"><img class=\"img-responsive\" src=\"https:\/\/cdn.musavat.com\/news\/images\/NewFolder%203\/fd018a6c-ff6b-36e9-b916-eeefd91c-1.jpg\" \/><\/div>\n<div class=\"form-group\"><img class=\"img-responsive\" src=\"https:\/\/cdn.musavat.com\/news\/images\/NewFolder%203\/e1cb22bc-0f02-347b-9590-9743514d-1.jpg\" \/><\/div>\n<div class=\"form-group\"><img class=\"img-responsive\" src=\"https:\/\/cdn.musavat.com\/news\/images\/NewFolder%203\/e52a949d-92fa-34f4-ba21-4756018a-1.jpg\" \/><\/div>\n<div class=\"form-group\"><img class=\"img-responsive\" src=\"https:\/\/cdn.musavat.com\/news\/images\/NewFolder%203\/d0d245aa-a307-3adb-b74e-4940e638-1.jpg\" \/><\/div>\n<div class=\"form-group\"><img class=\"img-responsive\" src=\"https:\/\/cdn.musavat.com\/news\/images\/NewFolder%203\/ef986626-092e-3135-a3cb-8b046c78-1.jpg\" \/><\/div>\n<div class=\"form-group\"><img class=\"img-responsive\" src=\"https:\/\/cdn.musavat.com\/news\/images\/NewFolder%203\/a1464f3c-e6d1-35e9-9b8a-ab036e38-1.jpg\" \/><\/div>\n<div class=\"form-group\"><img class=\"img-responsive\" src=\"https:\/\/cdn.musavat.com\/news\/images\/NewFolder%203\/0304e702-0fd6-36ff-b3c4-4cf140da-1.jpg\" \/><\/div>\n<div class=\"form-group\"><img class=\"img-responsive\" src=\"https:\/\/cdn.musavat.com\/news\/images\/NewFolder%203\/1671a4a9-3a3c-3cdb-a680-7902dcb6-1.jpg\" \/><\/div>\n<\/div>\n","protected":false},"excerpt":{"rendered":"<p>Az\u0259rbaycan Respublikas\u0131n\u0131n Prezidenti \u0130lham \u018fliyev v\u0259 birinci xan\u0131m Mehriban \u018fliyeva Bak\u0131da metronun \u201cG\u0259nclik\u201d stansiyas\u0131n\u0131n yax\u0131nl\u0131\u011f\u0131nda \u201cAntena\u201d sah\u0259si adlanan \u0259razid\u0259 yeni yarad\u0131lan park\u0131n a\u00e7\u0131l\u0131\u015f\u0131nda i\u015ftirak edibl\u0259r. ARANTV.AZ \u00a0x\u0259b\u0259r verir ki, Bak\u0131 \u015e\u0259h\u0259r \u0130cra Hakimiyy\u0259tinin ba\u015f\u00e7\u0131s\u0131 Eldar \u018fzizov yeni parkda yarad\u0131lan \u015f\u0259rait bar\u0259d\u0259 \u0259trafl\u0131 m\u0259lumat verib. Paytaxt\u0131n daha da m\u00fcasirl\u0259\u015fdirilm\u0259si, abadla\u015fd\u0131r\u0131lmas\u0131 istiqam\u0259tind\u0259 g\u00f6r\u00fcl\u0259n i\u015fl\u0259r ya\u015f\u0131ll\u0131q zolaqlar\u0131n\u0131n v\u0259 parklar\u0131n sal\u0131nmas\u0131 il\u0259 paralel \u015f\u0259kild\u0259 davam etdirilir. Bel\u0259 istirah\u0259t m\u0259kanlar\u0131ndan daha biri Az\u0259rbaycan Prezidentinin 2023-c\u00fc il 18 avqust v\u0259 2024-c\u00fc il 13 yanvar tarixli s\u0259r\u0259ncamlar\u0131na \u0259sas\u0259n N\u0259rimanov rayonunda &#8211; metronun \u201cG\u0259nclik\u201d stansiyas\u0131n\u0131n yax\u0131nl\u0131\u011f\u0131nda, Vaqif prospekti,&hellip;<\/p>\n","protected":false},"author":2,"featured_media":786473,"comment_status":"closed","ping_status":"closed","sticky":false,"template":"","format":"standard","meta":{"om_disable_all_campaigns":false,"_monsterinsights_skip_tracking":false,"_monsterinsights_sitenote_active":false,"_monsterinsights_sitenote_note":"","_monsterinsights_sitenote_category":0},"categories":[4],"tags":[],"aioseo_notices":[],"gutentor_comment":0,"rttpg_featured_image_url":{"full":["https:\/\/arantv.az\/wp-content\/uploads\/2025\/02\/06ecc35d55f1e50926293d19f221b69f.jpg",850,500,false],"landscape":["https:\/\/arantv.az\/wp-content\/uploads\/2025\/02\/06ecc35d55f1e50926293d19f221b69f.jpg",850,500,false],"portraits":["https:\/\/arantv.az\/wp-content\/uploads\/2025\/02\/06ecc35d55f1e50926293d19f221b69f.jpg",850,500,false],"thumbnail":["https:\/\/arantv.az\/wp-content\/uploads\/2025\/02\/06ecc35d55f1e50926293d19f221b69f-500x280.jpg",500,280,true],"medium":["https:\/\/arantv.az\/wp-content\/uploads\/2025\/02\/06ecc35d55f1e50926293d19f221b69f-621x365.jpg",621,365,true],"large":["https:\/\/arantv.az\/wp-content\/uploads\/2025\/02\/06ecc35d55f1e50926293d19f221b69f-840x494.jpg",640,376,true],"1536x1536":["https:\/\/arantv.az\/wp-content\/uploads\/2025\/02\/06ecc35d55f1e50926293d19f221b69f.jpg",850,500,false],"2048x2048":["https:\/\/arantv.az\/wp-content\/uploads\/2025\/02\/06ecc35d55f1e50926293d19f221b69f.jpg",850,500,false],"post-thumbnail":["https:\/\/arantv.az\/wp-content\/uploads\/2025\/02\/06ecc35d55f1e50926293d19f221b69f-240x172.jpg",240,172,true],"advps-thumb-one":["https:\/\/arantv.az\/wp-content\/uploads\/2025\/02\/06ecc35d55f1e50926293d19f221b69f.jpg",850,500,false]},"rttpg_author":{"display_name":"V\u00fcsal Rafiqo\u011flu","author_link":"https:\/\/arantv.az\/?author=2"},"rttpg_comment":0,"rttpg_category":"<a href=\"https:\/\/arantv.az\/?cat=4\" rel=\"category\">Siyas\u0259t<\/a>","rttpg_excerpt":"Az\u0259rbaycan Respublikas\u0131n\u0131n Prezidenti \u0130lham \u018fliyev v\u0259 birinci xan\u0131m Mehriban \u018fliyeva Bak\u0131da metronun \u201cG\u0259nclik\u201d stansiyas\u0131n\u0131n yax\u0131nl\u0131\u011f\u0131nda \u201cAntena\u201d sah\u0259si adlanan \u0259razid\u0259 yeni yarad\u0131lan park\u0131n a\u00e7\u0131l\u0131\u015f\u0131nda i\u015ftirak edibl\u0259r. ARANTV.AZ \u00a0x\u0259b\u0259r verir ki, Bak\u0131 \u015e\u0259h\u0259r \u0130cra Hakimiyy\u0259tinin ba\u015f\u00e7\u0131s\u0131 Eldar \u018fzizov yeni parkda yarad\u0131lan \u015f\u0259rait bar\u0259d\u0259 \u0259trafl\u0131 m\u0259lumat verib. Paytaxt\u0131n daha da m\u00fcasirl\u0259\u015fdirilm\u0259si, abadla\u015fd\u0131r\u0131lmas\u0131 istiqam\u0259tind\u0259 g\u00f6r\u00fcl\u0259n i\u015fl\u0259r ya\u015f\u0131ll\u0131q zolaqlar\u0131n\u0131n v\u0259&hellip;","_links":{"self":[{"href":"https:\/\/arantv.az\/index.php?rest_route=\/wp\/v2\/posts\/786472"}],"collection":[{"href":"https:\/\/arantv.az\/index.php?rest_route=\/wp\/v2\/posts"}],"about":[{"href":"https:\/\/arantv.az\/index.php?rest_route=\/wp\/v2\/types\/post"}],"author":[{"embeddable":true,"href":"https:\/\/arantv.az\/index.php?rest_route=\/wp\/v2\/users\/2"}],"replies":[{"embeddable":true,"href":"https:\/\/arantv.az\/index.php?rest_route=%2Fwp%2Fv2%2Fcomments&post=786472"}],"version-history":[{"count":1,"href":"https:\/\/arantv.az\/index.php?rest_route=\/wp\/v2\/posts\/786472\/revisions"}],"predecessor-version":[{"id":786474,"href":"https:\/\/arantv.az\/index.php?rest_route=\/wp\/v2\/posts\/786472\/revisions\/786474"}],"wp:featuredmedia":[{"embeddable":true,"href":"https:\/\/arantv.az\/index.php?rest_route=\/wp\/v2\/media\/786473"}],"wp:attachment":[{"href":"https:\/\/arantv.az\/index.php?rest_route=%2Fwp%2Fv2%2Fmedia&parent=786472"}],"wp:term":[{"taxonomy":"category","embeddable":true,"href":"https:\/\/arantv.az\/index.php?rest_route=%2Fwp%2Fv2%2Fcategories&post=786472"},{"taxonomy":"post_tag","embeddable":true,"href":"https:\/\/arantv.az\/index.php?rest_route=%2Fwp%2Fv2%2Ftags&post=786472"}],"curies":[{"name":"wp","href":"https:\/\/api.w.org\/{rel}","templated":true}]}}