{"id":786514,"date":"2025-02-08T09:36:16","date_gmt":"2025-02-08T05:36:16","guid":{"rendered":"https:\/\/arantv.az\/?p=786514"},"modified":"2025-02-08T09:36:16","modified_gmt":"2025-02-08T05:36:16","slug":"prezidentl%c9%99-xaniminin-yeni-acilan-parkda-g%c9%99zintisinin-videosu","status":"publish","type":"post","link":"https:\/\/arantv.az\/?p=786514","title":{"rendered":"Prezidentl\u0259 xan\u0131m\u0131n\u0131n yeni a\u00e7\u0131lan parkda g\u0259zintisinin V\u0130DEOSU"},"content":{"rendered":"<div class=\"text-content\" data-id=\"\" data-url=\"\">\n<p><strong>X\u0259b\u0259r verdiyimiz kimi, Prezident \u0130lham \u018fliyev v\u0259 birinci xan\u0131m Mehriban \u018fliyeva Bak\u0131da metronun \u201cG\u0259nclik\u201d stansiyas\u0131n\u0131n yax\u0131nl\u0131\u011f\u0131nda \u201cAntena\u201d sah\u0259si adlanan \u0259razid\u0259 yeni yarad\u0131lan park\u0131n a\u00e7\u0131l\u0131\u015f\u0131nda i\u015ftirak edibl\u0259r.<\/strong><\/p>\n<p><strong>ARANTV.AZ <\/strong>\u00a0a\u00e7\u0131l\u0131\u015fdan videog\u00f6r\u00fcnt\u00fcl\u0259ri t\u0259qdim edir:<\/p>\n<p><iframe title=\"Prezident \u0130lham \u018fliyev Bak\u0131da yeni park\u0131n a\u00e7\u0131l\u0131\u015f\u0131nda i\u015ftirak edib\" src=\"https:\/\/www.youtube.com\/embed\/_kenuunZ8w4\" frameborder=\"0\" allowfullscreen=\"allowfullscreen\" data-mce-fragment=\"1\"><\/iframe><\/p>\n<\/div>\n<div><\/div>\n<div><\/div>\n<div class=\"inner-social-box\">\n<div class=\"subs-in-social subs-whatsapp\"><\/div>\n<\/div>\n","protected":false},"excerpt":{"rendered":"<p>X\u0259b\u0259r verdiyimiz kimi, Prezident \u0130lham \u018fliyev v\u0259 birinci xan\u0131m Mehriban \u018fliyeva Bak\u0131da metronun \u201cG\u0259nclik\u201d stansiyas\u0131n\u0131n yax\u0131nl\u0131\u011f\u0131nda \u201cAntena\u201d sah\u0259si adlanan \u0259razid\u0259 yeni yarad\u0131lan park\u0131n a\u00e7\u0131l\u0131\u015f\u0131nda i\u015ftirak edibl\u0259r. ARANTV.AZ \u00a0a\u00e7\u0131l\u0131\u015fdan videog\u00f6r\u00fcnt\u00fcl\u0259ri t\u0259qdim edir:<\/p>\n","protected":false},"author":2,"featured_media":786515,"comment_status":"closed","ping_status":"closed","sticky":false,"template":"","format":"standard","meta":{"om_disable_all_campaigns":false,"_monsterinsights_skip_tracking":false,"_monsterinsights_sitenote_active":false,"_monsterinsights_sitenote_note":"","_monsterinsights_sitenote_category":0},"categories":[8],"tags":[],"aioseo_notices":[],"gutentor_comment":0,"rttpg_featured_image_url":{"full":["https:\/\/arantv.az\/wp-content\/uploads\/2025\/02\/835494007709df5f1b9156f73345114c.jpg",637,400,false],"landscape":["https:\/\/arantv.az\/wp-content\/uploads\/2025\/02\/835494007709df5f1b9156f73345114c.jpg",637,400,false],"portraits":["https:\/\/arantv.az\/wp-content\/uploads\/2025\/02\/835494007709df5f1b9156f73345114c.jpg",637,400,false],"thumbnail":["https:\/\/arantv.az\/wp-content\/uploads\/2025\/02\/835494007709df5f1b9156f73345114c-500x280.jpg",500,280,true],"medium":["https:\/\/arantv.az\/wp-content\/uploads\/2025\/02\/835494007709df5f1b9156f73345114c-581x365.jpg",581,365,true],"large":["https:\/\/arantv.az\/wp-content\/uploads\/2025\/02\/835494007709df5f1b9156f73345114c.jpg",637,400,false],"1536x1536":["https:\/\/arantv.az\/wp-content\/uploads\/2025\/02\/835494007709df5f1b9156f73345114c.jpg",637,400,false],"2048x2048":["https:\/\/arantv.az\/wp-content\/uploads\/2025\/02\/835494007709df5f1b9156f73345114c.jpg",637,400,false],"post-thumbnail":["https:\/\/arantv.az\/wp-content\/uploads\/2025\/02\/835494007709df5f1b9156f73345114c-240x172.jpg",240,172,true],"advps-thumb-one":["https:\/\/arantv.az\/wp-content\/uploads\/2025\/02\/835494007709df5f1b9156f73345114c.jpg",637,400,false]},"rttpg_author":{"display_name":"V\u00fcsal Rafiqo\u011flu","author_link":"https:\/\/arantv.az\/?author=2"},"rttpg_comment":0,"rttpg_category":"<a href=\"https:\/\/arantv.az\/?cat=8\" rel=\"category\">\u018fsas s\u0259hif\u0259<\/a>","rttpg_excerpt":"X\u0259b\u0259r verdiyimiz kimi, Prezident \u0130lham \u018fliyev v\u0259 birinci xan\u0131m Mehriban \u018fliyeva Bak\u0131da metronun \u201cG\u0259nclik\u201d stansiyas\u0131n\u0131n yax\u0131nl\u0131\u011f\u0131nda \u201cAntena\u201d sah\u0259si adlanan \u0259razid\u0259 yeni yarad\u0131lan park\u0131n a\u00e7\u0131l\u0131\u015f\u0131nda i\u015ftirak edibl\u0259r. ARANTV.AZ \u00a0a\u00e7\u0131l\u0131\u015fdan videog\u00f6r\u00fcnt\u00fcl\u0259ri t\u0259qdim edir:","_links":{"self":[{"href":"https:\/\/arantv.az\/index.php?rest_route=\/wp\/v2\/posts\/786514"}],"collection":[{"href":"https:\/\/arantv.az\/index.php?rest_route=\/wp\/v2\/posts"}],"about":[{"href":"https:\/\/arantv.az\/index.php?rest_route=\/wp\/v2\/types\/post"}],"author":[{"embeddable":true,"href":"https:\/\/arantv.az\/index.php?rest_route=\/wp\/v2\/users\/2"}],"replies":[{"embeddable":true,"href":"https:\/\/arantv.az\/index.php?rest_route=%2Fwp%2Fv2%2Fcomments&post=786514"}],"version-history":[{"count":1,"href":"https:\/\/arantv.az\/index.php?rest_route=\/wp\/v2\/posts\/786514\/revisions"}],"predecessor-version":[{"id":786516,"href":"https:\/\/arantv.az\/index.php?rest_route=\/wp\/v2\/posts\/786514\/revisions\/786516"}],"wp:featuredmedia":[{"embeddable":true,"href":"https:\/\/arantv.az\/index.php?rest_route=\/wp\/v2\/media\/786515"}],"wp:attachment":[{"href":"https:\/\/arantv.az\/index.php?rest_route=%2Fwp%2Fv2%2Fmedia&parent=786514"}],"wp:term":[{"taxonomy":"category","embeddable":true,"href":"https:\/\/arantv.az\/index.php?rest_route=%2Fwp%2Fv2%2Fcategories&post=786514"},{"taxonomy":"post_tag","embeddable":true,"href":"https:\/\/arantv.az\/index.php?rest_route=%2Fwp%2Fv2%2Ftags&post=786514"}],"curies":[{"name":"wp","href":"https:\/\/api.w.org\/{rel}","templated":true}]}}