{"id":786578,"date":"2025-02-08T13:10:22","date_gmt":"2025-02-08T09:10:22","guid":{"rendered":"https:\/\/arantv.az\/?p=786578"},"modified":"2025-02-08T13:10:22","modified_gmt":"2025-02-08T09:10:22","slug":"abs-nin-anti-az%c9%99rbaycan-n%c9%99srl%c9%99rin%c9%99-z%c9%99rb%c9%99-bakidan-reaksiya","status":"publish","type":"post","link":"https:\/\/arantv.az\/?p=786578","title":{"rendered":"AB\u015e-nin anti-Az\u0259rbaycan n\u0259\u015frl\u0259rin\u0259 z\u0259rb\u0259 &#8211; Bak\u0131dan reaksiya"},"content":{"rendered":"<h3><strong>Bu media qurulu\u015flar\u0131nda zaman-zaman \u00f6lk\u0259miz\u0259 qar\u015f\u0131 \u015fantaj dolu kampaniyalar h\u0259yata ke\u00e7irilib; \u201cAzadl\u0131q\u201d Radiosu v\u0259 \u201cAmerikan\u0131n s\u0259si\u201dnin d\u0259 pulu k\u0259sil\u0259 bil\u0259r\u00a0<\/strong><\/h3>\n<p><strong>AB\u015e H\u00f6kum\u0259tinin Effektivliyi Departamentinin (DOGE) r\u0259hb\u0259ri \u0130lon Mask h\u00f6kum\u0259tin Amerikan\u0131n \u201cPolitico\u201d, \u201cThe New York Times\u201d v\u0259 \u201cAssociated Press\u201d n\u0259\u015frl\u0259rini art\u0131q maliyy\u0259l\u0259\u015fdirm\u0259y\u0259c\u0259yini a\u00e7\u0131qlay\u0131b. \u201cBu, a\u00e7\u0131q-a\u015fkar vergi \u00f6d\u0259yicil\u0259rinin pullar\u0131n\u0131n israf\u0131d\u0131r!\u201d, &#8211; Mask bildirib.<\/strong><\/p>\n<p>A\u011f Evin m\u0259tbuat katibi Karoline Leavitt is\u0259 deyib ki, AB\u015e h\u00f6kum\u0259ti \u201cPolitico\u201dya illik t\u0259xmin\u0259n 8 milyon dollarl\u0131q abun\u0259ni l\u0259\u011fv ed\u0259c\u0259k. O, \u201cPolitico\u201dnun Amerika vergi \u00f6d\u0259yicil\u0259ri t\u0259r\u0259find\u0259n effektiv \u015f\u0259kild\u0259 subsidiya edildiyini v\u0259 DOGE komandas\u0131n\u0131n art\u0131q q\u0259zet\u0259 \u00f6d\u0259ni\u015fl\u0259ri l\u0259\u011fv etm\u0259k \u00fc\u00e7\u00fcn i\u015f\u0259 ba\u015flad\u0131\u011f\u0131n\u0131 qeyd edib.<\/p>\n<p>Mask\u0131n departamenti h\u0259m\u00e7inin AB\u015e-nin dig\u0259r media orqanlar\u0131na abun\u0259 \u00fc\u00e7\u00fcn federal x\u0259rcl\u0259rin auditin\u0259 ba\u015flay\u0131b. Bundan \u0259vv\u0259l o, median\u0131n d\u00f6vl\u0259t v\u0259saiti hesab\u0131na maliyy\u0259l\u0259\u015fdirilm\u0259si praktikas\u0131na qar\u015f\u0131 k\u0259skin \u00e7\u0131x\u0131\u015f etmi\u015fdi.<\/p>\n<p>Prezident D.Tramp is\u0259 deyib ki, \u201cPolitico\u201d Demokratlar Partiyas\u0131n\u0131n xeyrin\u0259 olan m\u0259qal\u0259l\u0259r m\u00fcqabilind\u0259 USAID-d\u0259n 8 milyon dollar al\u0131b. O, ba\u015fqa hans\u0131 K\u0130V-l\u0259rin h\u00f6kum\u0259td\u0259n maliyy\u0259l\u0259\u015f\u0259 bil\u0259c\u0259yi il\u0259 maraqlan\u0131b v\u0259 s\u00f6z verib ki, demokratlar\u0131n \u201cqa\u00e7a bilm\u0259y\u0259c\u0259yi \u0259n b\u00f6y\u00fck qalmaqal\u201d ba\u015flayacaq.<\/p>\n<p>Yada salaq, bu h\u0259min K\u0130V-l\u0259rdir ki, Co Baydenin hakimiyy\u0259ti d\u00f6vr\u00fcnd\u0259 Az\u0259rbaycan \u0259leyhin\u0259 onlarla sifari\u015fli materiallar\u0131 d\u0259rc etmi\u015fdil\u0259r. B\u0259s maliyy\u0259l\u0259\u015fm\u0259nin dayand\u0131r\u0131lmas\u0131 h\u0259min K\u0130V-l\u0259rin m\u00f6vcudlu\u011funa nec\u0259 t\u0259sir ed\u0259 bil\u0259r? Eyni aqib\u0259t \u201cAzadl\u0131q\u201d v\u0259 \u201cAmerikan\u0131n s\u0259si\u201d radiolar\u0131n\u0131 da g\u00f6zl\u0259y\u0259 bil\u0259rmi?<\/p>\n<p><img src=\"https:\/\/newscenter.az\/uploads\/posts\/2023-12\/1703851454_yusif.jpg\" alt=\"Yusif Ba\u011f\u0131rzad\u0259 se\u00e7ki kampaniyas\u0131n\u0131 nec\u0259 quracaq? \u00bb Newscenter.az\" \/><\/p>\n<p><strong>\u00a0Yusif Ba\u011f\u0131rzad\u0259\u00a0<\/strong><\/p>\n<p>Politoloq Yusif Ba\u011f\u0131rzad\u0259 \u201cYeni M\u00fcsavat\u201da bildirdi ki, \u201cPolitico\u201d, \u201cThe New York Times\u201d, \u201cAssociated Press\u201d kimi n\u0259\u015frl\u0259r\u0259 maliyy\u0259l\u0259\u015fm\u0259nin dayand\u0131r\u0131lmas\u0131 Tramp hakimiyy\u0259tinin indiy\u0259 q\u0259d\u0259r m\u00fcxt\u0259lif istiqam\u0259tl\u0259rd\u0259 maliyy\u0259l\u0259\u015fm\u0259nin dayand\u0131r\u0131lmas\u0131 haqq\u0131nda q\u0259bul etdiyi q\u0259rarlar\u0131n davam\u0131d\u0131r. Prossesl\u0259r\u0259 biznes adam\u0131 d\u00fc\u015f\u00fcnc\u0259si il\u0259 yana\u015fan Tramp \u00fc\u00e7\u00fcn maliyy\u0259 v\u0259saitl\u0259rinin nec\u0259 g\u0259ldi v\u0259 hara g\u0259ldi x\u0259rcl\u0259nm\u0259si m\u0259qbul deyil v\u0259 o \u00f6z q\u0259rarlar\u0131 il\u0259 art\u0131q maliyy\u0259 y\u00fck\u00fcnd\u0259n qurtulma\u011fa \u00e7al\u0131\u015f\u0131r: \u201cAyr\u0131-ayr\u0131 xarici \u00f6lk\u0259l\u0259r\u0259 v\u0259 t\u0259\u015fkilatlara 90 g\u00fcn \u0259rzind\u0259 maliyy\u0259nin dayand\u0131r\u0131lmas\u0131, Beyn\u0259lxalq \u0130nki\u015faf Agentliyinin f\u0259aliyy\u0259ti il\u0259 ba\u011fl\u0131 ara\u015fd\u0131rmalara ba\u015flan\u0131lmas\u0131 da bunun s\u00fcbutudur.<\/p>\n<p>\u0130kinci s\u0259b\u0259b is\u0259 siyasi s\u0259b\u0259l\u0259rl\u0259 ba\u011fl\u0131d\u0131r. M\u0259lumdur ki, AB\u015e-da ayr\u0131-ayr\u0131 t\u0259\u015fkilatlar d\u00f6vl\u0259t t\u0259r\u0259find\u0259n maliyy\u0259l\u0259\u015fs\u0259 d\u0259 onlar\u0131n indiy\u0259 q\u0259d\u0259r olan f\u0259aliyy\u0259ti Demokratlar\u0131n m\u00f6vqel\u0259rinin m\u00f6hk\u0259ml\u0259ndirilm\u0259sind\u0259n ibar\u0259t olub.<\/p>\n<p>Eyni \u015f\u0259kild\u0259 ad\u0131 \u00e7\u0259kil\u0259n n\u0259\u015frl\u0259r d\u0259 f\u0259aliyy\u0259tl\u0259ri d\u00f6vr\u00fcnd\u0259, h\u0259tta Respublika\u00e7\u0131lar\u0131n hakimiyy\u0259td\u0259 oldu\u011fu vaxtlarda bel\u0259 daha \u00e7ox demokratlara yax\u0131nl\u0131qlar\u0131 il\u0259 se\u00e7ilibl\u0259r. Y\u0259ni ba\u015fqa s\u00f6zl\u0259 indi Tramp adminstrasiyas\u0131n\u0131n q\u0259rarlar\u0131 \u201cbir g\u00fcll\u0259 il\u0259 iki dov\u015fan vurma\u011fa\u201d hesablan\u0131b. Bir t\u0259r\u0259fd\u0259n \u0130lon Mask\u0131n dediyi kimi vergi \u00f6d\u0259yicil\u0259rinin pullar\u0131n\u0131n israf\u0131n\u0131n qar\u015f\u0131s\u0131 al\u0131n\u0131r, dig\u0259r t\u0259r\u0259fd\u0259n is\u0259 se\u00e7ki d\u00f6vr\u00fcnd\u0259 anti-Tramp m\u00f6vqeyi il\u0259 se\u00e7il\u0259n t\u0259bli\u011fat qurumlar\u0131na z\u0259rb\u0259 vurulur&#8221;.<\/p>\n<p>Ekspert xat\u0131rlatd\u0131 ki, bu n\u0259\u015frl\u0259r Az\u0259rbaycan oxucusu \u00fc\u00e7\u00fcn d\u0259 kifay\u0259t q\u0259d\u0259r m\u0259lum olan n\u0259\u015frl\u0259rdir. \u00c7\u00fcnki ist\u0259r \u0130kinci Qaraba\u011f sava\u015f\u0131 d\u00f6n\u0259mind\u0259, ist\u0259rs\u0259 d\u0259 ondan sonrak\u0131 d\u00f6vrd\u0259 bu m\u0259tbu orqanlar\u0131nda Az\u0259rbaycan \u0259leyhin\u0259 \u00e7oxsayl\u0131 yaz\u0131lara \u015fahidlik etmi\u015fik. Maliyy\u0259l\u0259\u015fm\u0259nin dayand\u0131r\u0131lmas\u0131 t\u0259bii ki, n\u0259\u015frl\u0259rin f\u0259aliyy\u0259tin\u0259 ciddi t\u0259sir ed\u0259c\u0259k. Ona g\u00f6r\u0259 ki, bu n\u0259\u015frl\u0259r faktiki olaraq qeyri-kommersiya qurumu kimi f\u0259aliyy\u0259t g\u00f6st\u0259rib: \u201cM\u0259s\u0259l\u0259n, \u201dPolitico&#8221; siyasi jurnalistika \u00fczr\u0259 ixtisasla\u015fm\u0131\u015f Amerika media t\u0259\u015fkilat\u0131d\u0131r. Q\u0259zet 40 min\u0259 yax\u0131n tirajla n\u0259\u015fr olunurdu v\u0259 Va\u015finqtonda pulsuz paylan\u0131rd\u0131. T\u0259bii ki, d\u00f6vl\u0259t maliyy\u0259l\u0259\u015fm\u0259si yoxdursa indi pulsuz yay\u0131mdan da s\u00f6hb\u0259t ged\u0259 bilm\u0259z. Y\u0259ni bu n\u0259\u015frl\u0259r f\u0259aliyy\u0259tl\u0259rini davam etdirm\u0259k ist\u0259yirl\u0259rs\u0259 art\u0131q yeni maliyy\u0259 m\u0259nb\u0259l\u0259ri tapmaq m\u0259cburiyy\u0259tind\u0259 qalacaqlar.<\/p>\n<p>T\u0259bii ki, bu, ayr\u0131-ayr\u0131 n\u0259\u015frl\u0259r\u0259 v\u0259 K\u0130V-\u0259 maliyy\u0259\u015fm\u0259nin dayand\u0131r\u0131lmas\u0131 il\u0259 ba\u011fl\u0131 son q\u0259rar olmayacaq. Mask\u0131n departamenti art\u0131q AB\u015e-nin dig\u0259r media orqanlar\u0131na abun\u0259 \u00fc\u00e7\u00fcn federal x\u0259rcl\u0259rin auditin\u0259 ba\u015flay\u0131b. N\u0259 d\u0259r\u0259c\u0259d\u0259 d\u00fczg\u00fcn v\u0259 ya yanl\u0131\u015f m\u00f6vqe olmas\u0131ndan as\u0131l\u0131 olmayaraq \u0130lon Mask da biznesmen t\u0259f\u0259kk\u00fcr\u00fc il\u0259 h\u0259r\u0259k\u0259t ed\u0259r\u0259k \u00fcmumiyy\u0259tl\u0259 median\u0131n d\u00f6vl\u0259t v\u0259saiti hesab\u0131na maliyy\u0259l\u0259\u015fdirilm\u0259si praktikas\u0131na son qoyulmas\u0131n\u0131n t\u0259r\u0259fdar\u0131d\u0131r. Amma d\u00fc\u015f\u00fcn\u00fcr\u0259m ki, Tramp adminstrasiyas\u0131 b\u00fct\u00fcn median\u0131n maliyy\u0259\u015fm\u0259sind\u0259n imtina il\u0259 ba\u011fl\u0131 add\u0131m atmayacaq. \u00c7\u00fcnki bu, media orqanlar\u0131nda anti-Tramp kampaniyas\u0131na start ver\u0259 bil\u0259r. Odur ki, indiki m\u0259rh\u0259l\u0259d\u0259 ox\u015far q\u0259rarlar\u0131n \u201cAzadl\u0131q radiosu\u201d v\u0259 \u201cAmerikan\u0131n s\u0259si\u201d il\u0259 ba\u011fl\u0131 at\u0131laca\u011f\u0131n\u0131 da d\u00fc\u015f\u00fcnm\u00fcr\u0259m&#8221;.<\/p>\n<p>Y.Ba\u011f\u0131rzad\u0259 bel\u0259 \u0259sasland\u0131rd\u0131 ki, haqq\u0131nda dan\u0131\u015f\u0131lan media qrurumlar\u0131 \u0259sas\u0259n xaricd\u0259ki auditoriyaya fokuslanan media qurumlar\u0131d\u0131r. \u201cAzadl\u0131q Radiosu\u201d \u015e\u0259rqi Avropa, M\u0259rk\u0259zi Asiya, Qafqaz v\u0259 Yax\u0131n \u015e\u0259rq \u00f6lk\u0259l\u0259rind\u0259 x\u0259b\u0259rl\u0259r, m\u0259lumatlar v\u0259 t\u0259hlill\u0259r yay\u0131mlayan v\u0259 hesabat ver\u0259n media t\u0259\u015fkilat\u0131, \u201cAmerikan\u0131n s\u0259si\u201d is\u0259 AB\u015e h\u00f6kum\u0259tinin xarici auditoriya \u00fc\u00e7\u00fcn n\u0259z\u0259rd\u0259 tutulmu\u015f x\u0259b\u0259r yay\u0131mlama t\u0259\u015fkilat\u0131d\u0131r. Onlar\u0131n maliyy\u0259l\u0259\u015fdirilm\u0259sinin dayand\u0131r\u0131laca\u011f\u0131 ehtimal\u0131 g\u00f6zl\u0259nil\u0259n deyil.<\/p>\n<p><img loading=\"lazy\" src=\"https:\/\/kaspi.az\/storage\/posts\/large\/62373a9723c08.jpg\" alt=\"\u0130lyas H\u00fcseynov: Yerli istehsal maskalarla ba\u011fl\u0131 s\u00fcni qiym\u0259t art\u0131m\u0131n\u0131n  qar\u015f\u0131s\u0131n\u0131 alacaq | Kaspi.az\" width=\"839\" height=\"587\" \/><\/p>\n<p>Sosial T\u0259dqiqatlar M\u0259rk\u0259zinin sektor m\u00fcdiri \u0130lyas H\u00fcseynov is\u0259 bildirdi ki, AB\u015e haz\u0131rk\u0131 d\u00f6n\u0259md\u0259 x\u0259rcl\u0259rin t\u0259fti\u015fini h\u0259yata ke\u00e7irm\u0259k, effektivliyi art\u0131rmaq v\u0259 AB\u015e h\u00f6kum\u0259tinin x\u0259rcl\u0259rini t\u0259nziml\u0259m\u0259k \u00fc\u00e7\u00fcn m\u00fcvafiq add\u0131mlar at\u0131r. Amma burada bir siyasi m\u0259q\u0259sdl\u0259r d\u0259 var. \u015e\u00fcbh\u0259siz ki, bu siyasi m\u0259qs\u0259dl\u0259r olmasayd\u0131 \u0130lon Mask v\u0259 Donald Tramp son ba\u015f ver\u0259n prosesl\u0259rd\u0259 qabaqc\u0131l m\u00f6vqe tutmaz, \u201cPolitico\u201d, \u201cThe New York Times\u201d, \u201cAssociated Press\u201d kimi n\u0259\u015frl\u0259rin t\u0259nqidini s\u00fcr\u0259tl\u0259ndirm\u0259zdi. Bundan \u00f6nc\u0259 USA\u0130D-\u0259 qar\u015f\u0131 analoji add\u0131mlar at\u0131l\u0131rd\u0131: \u201cB\u00fct\u00fcn sadalad\u0131\u011f\u0131m media orqanlar\u0131 v\u0259 institutlar AB\u015e maraqlar\u0131n\u0131n geni\u015f t\u0259bli\u011fat\u0131, yay\u0131lmas\u0131 istiqam\u0259tind\u0259 \u0259sas\u0259n f\u0259aliyy\u0259t g\u00f6st\u0259rirl\u0259r. Amma r\u0131\u00e7aqlar birba\u015fa olaraq Demokratlar d\u00f6vr\u00fcnd\u0259 daha da i\u015f\u0259 d\u00fc\u015f\u00fcr v\u0259 \u201ddemokratiya&#8221; inqilablar\u0131, \u00fcsyanlar\u0131 haz\u0131rlan\u0131r. Milyardlarla v\u0259aitl\u0259r x\u0259rcl\u0259nir. M\u0259hz bu prosesin \u00f6z\u00fcnd\u0259n el\u0259 Tramp \u00f6z\u00fc \u0259ziyy\u0259t \u00e7\u0259kmi\u015fdi. \u00c7\u00fcnki Tramp\u0131n sosial \u015f\u0259b\u0259k\u0259 platformas\u0131 ba\u011fland\u0131, m\u00fcxt\u0259lif media orqanlar\u0131 a\u00e7\u0131q \u015f\u0259kild\u0259 Demokratlar\u0131n t\u0259r\u0259fini tutdu, Trampa qar\u015f\u0131 \u00e7oxsayl\u0131 m\u0259hk\u0259m\u0259 i\u015fl\u0259ri, iddialar qald\u0131r\u0131ld\u0131, qarayaxma kampaniyalar\u0131 h\u0259yata ke\u00e7irildi. Bu g\u00fcn is\u0259 sanki Tramp\u0131n \u0259lin\u0259 intiqam zaman\u0131 f\u00fcrs\u0259ti ke\u00e7ib. H\u0259min media qurulu\u015flar\u0131n\u0131n maliyy\u0259 v\u0259saitl\u0259rind\u0259n m\u0259hrum edilm\u0259si Az\u0259rbaycanda da diqq\u0259tl\u0259 izl\u0259nilir. \u00c7\u00fcnki h\u0259min media qurulu\u015flar\u0131nda zaman-zaman Az\u0259rbaycan \u0259leyhin\u0259 d\u0259 kampaniyalar h\u0259yata ke\u00e7irilib. Hesab edir\u0259m ki, \u201cAzadl\u0131q\u201d Radiosu v\u0259 \u201cAmerikan\u0131n s\u0259si\u201dnin d\u0259 maliyy\u0259sinin k\u0259silm\u0259si v\u0259 ba\u011flanmas\u0131na \u015fahidlik ed\u0259c\u0259yik&#8221;.<\/p>\n","protected":false},"excerpt":{"rendered":"<p>Bu media qurulu\u015flar\u0131nda zaman-zaman \u00f6lk\u0259miz\u0259 qar\u015f\u0131 \u015fantaj dolu kampaniyalar h\u0259yata ke\u00e7irilib; \u201cAzadl\u0131q\u201d Radiosu v\u0259 \u201cAmerikan\u0131n s\u0259si\u201dnin d\u0259 pulu k\u0259sil\u0259 bil\u0259r\u00a0 AB\u015e H\u00f6kum\u0259tinin Effektivliyi Departamentinin (DOGE) r\u0259hb\u0259ri \u0130lon Mask h\u00f6kum\u0259tin Amerikan\u0131n \u201cPolitico\u201d, \u201cThe New York Times\u201d v\u0259 \u201cAssociated Press\u201d n\u0259\u015frl\u0259rini art\u0131q maliyy\u0259l\u0259\u015fdirm\u0259y\u0259c\u0259yini a\u00e7\u0131qlay\u0131b. \u201cBu, a\u00e7\u0131q-a\u015fkar vergi \u00f6d\u0259yicil\u0259rinin pullar\u0131n\u0131n israf\u0131d\u0131r!\u201d, &#8211; Mask bildirib. A\u011f Evin m\u0259tbuat katibi Karoline Leavitt is\u0259 deyib ki, AB\u015e h\u00f6kum\u0259ti \u201cPolitico\u201dya illik t\u0259xmin\u0259n 8 milyon dollarl\u0131q abun\u0259ni l\u0259\u011fv ed\u0259c\u0259k. O, \u201cPolitico\u201dnun Amerika vergi \u00f6d\u0259yicil\u0259ri t\u0259r\u0259find\u0259n effektiv \u015f\u0259kild\u0259 subsidiya edildiyini v\u0259 DOGE komandas\u0131n\u0131n art\u0131q q\u0259zet\u0259 \u00f6d\u0259ni\u015fl\u0259ri l\u0259\u011fv etm\u0259k \u00fc\u00e7\u00fcn&hellip;<\/p>\n","protected":false},"author":2,"featured_media":786579,"comment_status":"closed","ping_status":"closed","sticky":false,"template":"","format":"standard","meta":{"om_disable_all_campaigns":false,"_monsterinsights_skip_tracking":false,"_monsterinsights_sitenote_active":false,"_monsterinsights_sitenote_note":"","_monsterinsights_sitenote_category":0},"categories":[4],"tags":[],"aioseo_notices":[],"gutentor_comment":0,"rttpg_featured_image_url":{"full":["https:\/\/arantv.az\/wp-content\/uploads\/2025\/02\/c01a5148a3ca950879218706117f0194.jpg",850,500,false],"landscape":["https:\/\/arantv.az\/wp-content\/uploads\/2025\/02\/c01a5148a3ca950879218706117f0194.jpg",850,500,false],"portraits":["https:\/\/arantv.az\/wp-content\/uploads\/2025\/02\/c01a5148a3ca950879218706117f0194.jpg",850,500,false],"thumbnail":["https:\/\/arantv.az\/wp-content\/uploads\/2025\/02\/c01a5148a3ca950879218706117f0194-500x280.jpg",500,280,true],"medium":["https:\/\/arantv.az\/wp-content\/uploads\/2025\/02\/c01a5148a3ca950879218706117f0194-621x365.jpg",621,365,true],"large":["https:\/\/arantv.az\/wp-content\/uploads\/2025\/02\/c01a5148a3ca950879218706117f0194-840x494.jpg",640,376,true],"1536x1536":["https:\/\/arantv.az\/wp-content\/uploads\/2025\/02\/c01a5148a3ca950879218706117f0194.jpg",850,500,false],"2048x2048":["https:\/\/arantv.az\/wp-content\/uploads\/2025\/02\/c01a5148a3ca950879218706117f0194.jpg",850,500,false],"post-thumbnail":["https:\/\/arantv.az\/wp-content\/uploads\/2025\/02\/c01a5148a3ca950879218706117f0194-240x172.jpg",240,172,true],"advps-thumb-one":["https:\/\/arantv.az\/wp-content\/uploads\/2025\/02\/c01a5148a3ca950879218706117f0194.jpg",850,500,false]},"rttpg_author":{"display_name":"V\u00fcsal Rafiqo\u011flu","author_link":"https:\/\/arantv.az\/?author=2"},"rttpg_comment":0,"rttpg_category":"<a href=\"https:\/\/arantv.az\/?cat=4\" rel=\"category\">Siyas\u0259t<\/a>","rttpg_excerpt":"Bu media qurulu\u015flar\u0131nda zaman-zaman \u00f6lk\u0259miz\u0259 qar\u015f\u0131 \u015fantaj dolu kampaniyalar h\u0259yata ke\u00e7irilib; \u201cAzadl\u0131q\u201d Radiosu v\u0259 \u201cAmerikan\u0131n s\u0259si\u201dnin d\u0259 pulu k\u0259sil\u0259 bil\u0259r\u00a0 AB\u015e H\u00f6kum\u0259tinin Effektivliyi Departamentinin (DOGE) r\u0259hb\u0259ri \u0130lon Mask h\u00f6kum\u0259tin Amerikan\u0131n \u201cPolitico\u201d, \u201cThe New York Times\u201d v\u0259 \u201cAssociated Press\u201d n\u0259\u015frl\u0259rini art\u0131q maliyy\u0259l\u0259\u015fdirm\u0259y\u0259c\u0259yini a\u00e7\u0131qlay\u0131b. \u201cBu, a\u00e7\u0131q-a\u015fkar vergi \u00f6d\u0259yicil\u0259rinin pullar\u0131n\u0131n israf\u0131d\u0131r!\u201d, &#8211; Mask bildirib. A\u011f Evin m\u0259tbuat katibi&hellip;","_links":{"self":[{"href":"https:\/\/arantv.az\/index.php?rest_route=\/wp\/v2\/posts\/786578"}],"collection":[{"href":"https:\/\/arantv.az\/index.php?rest_route=\/wp\/v2\/posts"}],"about":[{"href":"https:\/\/arantv.az\/index.php?rest_route=\/wp\/v2\/types\/post"}],"author":[{"embeddable":true,"href":"https:\/\/arantv.az\/index.php?rest_route=\/wp\/v2\/users\/2"}],"replies":[{"embeddable":true,"href":"https:\/\/arantv.az\/index.php?rest_route=%2Fwp%2Fv2%2Fcomments&post=786578"}],"version-history":[{"count":1,"href":"https:\/\/arantv.az\/index.php?rest_route=\/wp\/v2\/posts\/786578\/revisions"}],"predecessor-version":[{"id":786580,"href":"https:\/\/arantv.az\/index.php?rest_route=\/wp\/v2\/posts\/786578\/revisions\/786580"}],"wp:featuredmedia":[{"embeddable":true,"href":"https:\/\/arantv.az\/index.php?rest_route=\/wp\/v2\/media\/786579"}],"wp:attachment":[{"href":"https:\/\/arantv.az\/index.php?rest_route=%2Fwp%2Fv2%2Fmedia&parent=786578"}],"wp:term":[{"taxonomy":"category","embeddable":true,"href":"https:\/\/arantv.az\/index.php?rest_route=%2Fwp%2Fv2%2Fcategories&post=786578"},{"taxonomy":"post_tag","embeddable":true,"href":"https:\/\/arantv.az\/index.php?rest_route=%2Fwp%2Fv2%2Ftags&post=786578"}],"curies":[{"name":"wp","href":"https:\/\/api.w.org\/{rel}","templated":true}]}}