{"id":787810,"date":"2025-02-14T16:07:06","date_gmt":"2025-02-14T12:07:06","guid":{"rendered":"https:\/\/arantv.az\/?p=787810"},"modified":"2025-02-14T16:07:06","modified_gmt":"2025-02-14T12:07:06","slug":"siyas%c9%99tin-%c9%99xlaq-kodeksi-v%c9%99-siyasi-lider-modeli","status":"publish","type":"post","link":"https:\/\/arantv.az\/?p=787810","title":{"rendered":"Siyas\u0259tin \u0259xlaq kodeksi v\u0259 siyasi lider modeli"},"content":{"rendered":"<p><strong>Siyasi liderin ideal obraz v\u0259 modeli m\u0259s\u0259l\u0259si b\u00fct\u00fcn d\u00f6vrl\u0259rd\u0259 elmi v\u0259 populyar diskussiyalar\u0131n \u0259sas m\u00f6vzular\u0131ndan biri olub. F\u0259ls\u0259f\u0259, sosiologiya, psixologiya, tarix, politologiya v\u0259 dig\u0259r elml\u0259rin t\u0259dqiqat predmeti olan \u201csiyasi lider\u201d m\u0259fhumuna h\u0259sr edilmi\u015f y\u00fczl\u0259rl\u0259, b\u0259lk\u0259 d\u0259 minl\u0259rl\u0259 dissertasiya yaz\u0131l\u0131b. T\u0259sad\u00fcfi deyil ki, s\u00f6z\u00fcged\u0259n m\u0259fhumla ba\u011fl\u0131 m\u00fcxt\u0259lif elmi yana\u015fma v\u0259 n\u0259z\u0259riyy\u0259l\u0259r m\u00f6vcuddur. \u201c\u0130deal lider hans\u0131 keyfiyy\u0259tl\u0259r\u0259 cavab verm\u0259lidir?\u201d sual\u0131 h\u0259r zaman m\u00fct\u0259f\u0259kkirl\u0259ri d\u00fc\u015f\u00fcnd\u00fcr\u00fcb.<\/strong><\/p>\n<p>\u018flb\u0259tt\u0259 ki, bu c\u00fcr axtar\u0131\u015flar he\u00e7 d\u0259 s\u0259b\u0259bsiz olmay\u0131b. Tarix\u0259n istisnas\u0131z olaraq h\u0259r bir c\u0259miyy\u0259t g\u00fcv\u0259n\u0259 bil\u0259c\u0259k lider axtar\u0131\u015f\u0131ndad\u0131r. El\u0259 bir lider ki, ilk n\u00f6vb\u0259d\u0259, \u00f6lk\u0259sinin daxilind\u0259 t\u0259hl\u00fck\u0259sizliyi, dayan\u0131ql\u0131 inki\u015faf\u0131 v\u0259 sabitliyi t\u0259min ed\u0259 bilsin, beyn\u0259lxalq m\u00fcnasib\u0259tl\u0259r m\u00fcst\u0259visind\u0259 is\u0259 d\u00f6vl\u0259t maraqlar\u0131n\u0131 m\u00fctl\u0259q prioritet kimi b\u0259yan ed\u0259 bil\u0259c\u0259k q\u0259d\u0259r n\u00fcfuz v\u0259 siyasi irad\u0259y\u0259 malik olsun. C\u0259miyy\u0259t, mill\u0259t v\u0259 d\u00f6vl\u0259t olaraq sabaha \u00fcmidl\u0259 baxmaq \u00fc\u00e7\u00fcn fundamental hesab olunan \u0259saslar m\u0259hz bunlard\u0131r. B\u0259li, s\u00f6z\u00fcged\u0259n m\u00fcr\u0259kk\u0259b m\u00f6vzu b\u0259lk\u0259 d\u0259 bir k\u00f6\u015f\u0259 yaz\u0131s\u0131 \u00fc\u00e7\u00fcn u\u011furlu say\u0131la bilm\u0259z, ancaq m\u00fcasir reall\u0131qlar onu dikt\u0259 edir ki, k\u00f6\u015f\u0259 yaz\u0131 format\u0131 siyasi maarif\u00e7ilik \u00fc\u00e7\u00fcn \u0259n optimal variantlardand\u0131r.<\/p>\n<p>M\u00f6vzuya m\u00fcraci\u0259t etm\u0259y\u0259 vadar ed\u0259n \u0259sas s\u0259b\u0259b Prezident \u0130lham \u018fliyevin yanvar\u0131n 20-d\u0259 Davosda \u00c7inin CGTN (China Global Television Network) telekanal\u0131na verdiyi m\u00fcsahib\u0259sind\u0259 s\u0259sl\u0259ndirdiyi fikirl\u0259r oldu. Bilavasit\u0259 m\u00f6vzuya ke\u00e7m\u0259zd\u0259n \u00f6nc\u0259 ki\u00e7ik ha\u015fiy\u0259y\u0259 \u00e7\u0131xaraq qeyd etm\u0259liy\u0259m ki, \u00f6lk\u0259 ba\u015f\u00e7\u0131s\u0131n\u0131n s\u0259sl\u0259ndirdiyi bu c\u00fcr fikirl\u0259rin elmi, pe\u015f\u0259kar v\u0259 geni\u015f ictimai m\u00fczakir\u0259l\u0259rin predmeti olmad\u0131\u011f\u0131na \u00e7ox t\u0259\u0259cc\u00fcbl\u0259ndim. G\u00f6r\u0259s\u0259n, g\u00f6rm\u00fcrl\u0259r, f\u0259rqind\u0259 deyill\u0259r, yoxsa g\u00f6rm\u0259k ist\u0259mirl\u0259r?<\/p>\n<p><strong>ARANTV.AZ <\/strong>\u00a0x\u0259b\u0259r verir ki, bu fikirl\u0259r politoloq Asif Adilin \u201cSiyas\u0259tin \u0259xlaq kodeksi v\u0259 siyasi lider modeli\u201d s\u0259rl\u00f6vh\u0259li m\u0259qal\u0259sind\u0259 yer al\u0131b.<\/p>\n<p>Politoloq bildirib ki, h\u0259min m\u00fcsahib\u0259d\u0259 d\u00f6vl\u0259timizin ba\u015f\u00e7\u0131s\u0131 c\u0259mi bir ne\u00e7\u0259 sual \u0259traf\u0131nda m\u00fcasir siyasi lider m\u0259fhumunun \u0259sas f\u0259ls\u0259fi kateqoriyalar\u0131n\u0131 m\u00fc\u0259yy\u0259n etm\u0259kl\u0259 d\u00fcnya m\u00fct\u0259f\u0259kkirl\u0259rini d\u00fc\u015f\u00fcnd\u00fcr\u0259n suallar\u0131 cavabland\u0131rd\u0131. Sitat: \u201cLiderlik, \u0259lb\u0259tt\u0259 ki, b\u00f6y\u00fck bir m\u0259suliyy\u0259tdir&#8230;\u201d. Bel\u0259likl\u0259, ideal siyasi lider modelinin \u0259sas keyfiyy\u0259t g\u00f6st\u0259ricil\u0259rind\u0259n biri m\u0259hz m\u0259suliyy\u0259tdir. Odur ki, x\u0259st\u0259 ambisiyal\u0131 demaqoqlar apriori olaraq ideal siyasi lider obraz\u0131na uy\u011fun g\u0259lmirl\u0259r. M\u0259hz el\u0259 bu s\u0259b\u0259bd\u0259n d\u0259 bu c\u00fcr siyas\u0259tcikl\u0259rin \u201ctriumflar\u0131n\u0131n\u201d \u00f6mr\u00fc ki\u00e7ik qalmaqal q\u0259d\u0259r \u00e7ox q\u0131sa olur.<\/p>\n<p>Onun s\u00f6zl\u0259rin\u0259 g\u00f6r\u0259, m\u00f6vcud kontekstin inki\u015faf\u0131nda d\u00f6vl\u0259t ba\u015f\u00e7\u0131s\u0131n\u0131n n\u00f6vb\u0259ti fikirl\u0259ri d\u0259 kifay\u0259t q\u0259d\u0259r maraql\u0131 v\u0259 m\u0259zmunludur: \u201cB\u0259z\u0259n m\u00fc\u0259yy\u0259n siyasi s\u0259b\u0259bl\u0259r \u00fcz\u00fcnd\u0259n hakimiyy\u0259t\u0259 can atan liderl\u0259r \u00e7oxlu v\u0259dl\u0259r verir v\u0259 sonra onlar\u0131 yerin\u0259 yetirmir v\u0259 bu da m\u0259yuslu\u011fa, inams\u0131zl\u0131\u011fa g\u0259tirib \u00e7\u0131xar\u0131r. Bu, d\u00fcnyan\u0131n m\u00fcxt\u0259lif yerl\u0259rind\u0259 siyasi b\u00f6hrana g\u0259tirib \u00e7\u0131xar\u0131r\u201d. Bel\u0259likl\u0259, Prezident bu c\u00fcr fikirl\u0259rl\u0259 siyas\u0259td\u0259 \u201cm\u0259suliyy\u0259t\u201d amilini bilavasit\u0259 \u201cpe\u015f\u0259karl\u0131q\u201d v\u0259 \u201ceffektiv f\u0259aliyy\u0259t\u201d kimi m\u0259fhumlarla \u0259laq\u0259l\u0259ndirmi\u015f oldu. Siyas\u0259t\u00e7inin m\u0259suliyy\u0259tsiz v\u0259 yalan b\u0259yanatlar\u0131 c\u0259miyy\u0259td\u0259 apatiya v\u0259 sosial b\u00f6hrana g\u0259tirib \u00e7\u0131xara bil\u0259c\u0259yini dolay\u0131s\u0131 il\u0259 bildir\u0259n d\u00f6vl\u0259t ba\u015f\u00e7\u0131s\u0131, \u0259slind\u0259, radikal t\u0259f\u0259kk\u00fcr\u00fcn m\u00fcasir c\u0259miyy\u0259tl\u0259r \u00fc\u00e7\u00fcn n\u0259 q\u0259d\u0259r z\u0259r\u0259rli v\u0259 t\u0259hl\u00fck\u0259li oldu\u011funu xat\u0131rlatm\u0131\u015f oldu.<\/p>\n<p>Siyas\u0259tin \u0259xlaq kodeksini m\u00fc\u0259yy\u0259n etm\u0259k iqtidar\u0131nda olan, habel\u0259 m\u00fcasir c\u0259miyy\u0259tl\u0259rin siyas\u0259t sah\u0259sin\u0259 etibar v\u0259 \u00fcmidini art\u0131ra bil\u0259c\u0259k bu c\u00fcr fikirl\u0259r b\u00fct\u00fcn aidiyy\u0259ti elmi v\u0259 ali t\u0259hsil ocaqlar\u0131n\u0131n ba\u015f stendl\u0259rind\u0259 \u0259ks olunmal\u0131d\u0131r. Bu g\u00fcn m\u00fcxt\u0259lif t\u0259hsil ocaqlar\u0131nda oxuyan sabah\u0131n siyas\u0259t\u00e7i v\u0259 menecerl\u0259rinin t\u0259f\u0259kk\u00fcr\u00fc m\u0259hz bu c\u00fcr yana\u015fma v\u0259 fikirl\u0259rin t\u0259siri alt\u0131nda formala\u015fd\u0131r\u0131lmal\u0131d\u0131r. Milli siyasi fikir v\u0259 n\u0259z\u0259ri m\u0259kt\u0259bl\u0259r d\u0259 m\u0259hz bu c\u00fcr ifad\u0259l\u0259r \u0259traf\u0131nda apar\u0131lan pe\u015f\u0259kar diskussiya v\u0259 yaz\u0131lan elmi m\u0259qal\u0259l\u0259r vasit\u0259sil\u0259 formala\u015fd\u0131r\u0131l\u0131r.<\/p>\n<p>Yuxar\u0131da qeyd olunan m\u00fcsahib\u0259d\u0259 \u00f6z \u0259ksini tapm\u0131\u015f Prezident \u0130lham \u018fliyevin n\u00f6vb\u0259ti fikirl\u0259rini d\u0259 burada prinsipial olaraq vur\u011fulamaq ist\u0259rdik: \u201cBizim m\u00f6vqeyimiz ondan ibar\u0259tdir ki, \u0259g\u0259r h\u0259r bir \u00f6lk\u0259 diqq\u0259tini, sad\u0259c\u0259, \u00f6z g\u00fcnd\u0259min\u0259 y\u00f6n\u0259lts\u0259, ba\u015fqa \u00f6lk\u0259nin i\u015fl\u0259rin\u0259 m\u00fcdaxil\u0259 etm\u0259y\u0259 \u00e7al\u0131\u015fmasa, m\u00fcnaqi\u015f\u0259l\u0259r, naraz\u0131l\u0131qlar, m\u00fcharib\u0259l\u0259r olmaz. B\u00fct\u00fcn d\u00fcnyada h\u0259l\u0259 d\u0259 qeyri-sabit v\u0259ziyy\u0259tin olmas\u0131n\u0131n v\u0259 qan t\u00f6k\u00fclm\u0259sinin yegan\u0259 s\u0259b\u0259bi ondan ibar\u0259tdir ki, imperialist ke\u00e7mi\u015fi olan \u00f6lk\u0259l\u0259r, sad\u0259c\u0259 olaraq, m\u00fcdaxil\u0259 etm\u0259y\u0259, dominantl\u0131q etm\u0259y\u0259, dikt\u0259 etm\u0259y\u0259 davam etm\u0259k ist\u0259yir v\u0259 bu, t\u0259bii olaraq, m\u00fcqavim\u0259t\u0259 g\u0259tirib \u00e7\u0131xar\u0131r\u201d.<\/p>\n<p>Raz\u0131la\u015f\u0131n ki, d\u00fcnyada ba\u015f ver\u0259n prosesl\u0259r v\u0259 m\u00fc\u015fahid\u0259 olunan tendensiyalar fonunda d\u00f6vl\u0259tin birinci \u015f\u0259xsi t\u0259r\u0259find\u0259n bu c\u00fcr fikirl\u0259rin a\u00e7\u0131q \u015f\u0259kild\u0259 s\u0259sl\u0259ndirilm\u0259si \u00fc\u00e7\u00fcn b\u00f6y\u00fck inam, g\u00fcc v\u0259 irad\u0259 t\u0259l\u0259b olunur. Bunlard\u0131r ideal siyasi lideri xarakteriz\u0259 ed\u0259n prinsipial keyfiyy\u0259tl\u0259r. Ke\u00e7mi\u015f d\u00f6vrl\u0259r haqq\u0131nda oxudu\u011fumuz tarixi kitablarda bizl\u0259r\u0259 q\u0259hr\u0259man kimi t\u0259qdim olunanlar m\u0259hz o \u015f\u0259xsl\u0259rdir ki, kimi bu c\u00fcr ritorikaya v\u0259 irad\u0259y\u0259 sahib olub. Ax\u0131 niy\u0259 biz bu h\u0259qiq\u0259tl\u0259ri g\u00f6rm\u0259m\u0259liyik? \u018fks halda sosial \u015f\u0259b\u0259k\u0259l\u0259rin \u201cq\u0259hr\u0259manlar\u0131\u201d v\u0259 demaqoq siyas\u0259tcikl\u0259ri \u00f6z populist v\u0259 m\u0259suliyy\u0259tsiz \u015fou xarakterli ritorika il\u0259 g\u0259ncl\u0259rimiz \u00fc\u00e7\u00fcn yanl\u0131\u015f \u00f6rn\u0259kl\u0259r\u0259 \u00e7evril\u0259 bil\u0259rl\u0259r.<\/p>\n<p>\u201cBu m\u0259nada Prezident \u0130lham \u018fliyevin n\u00f6vb\u0259ti fikirl\u0259ri d\u0259 \u0259lam\u0259tdar m\u0259na da\u015f\u0131y\u0131r: \u201cBel\u0259likl\u0259, ictimaiyy\u0259tin d\u0259st\u0259yini \u0259ld\u0259 etm\u0259k ist\u0259y\u0259n liderl\u0259r\u0259 m\u0259sl\u0259h\u0259tim o olard\u0131 ki, h\u0259mi\u015f\u0259 h\u0259qiq\u0259ti s\u00f6yl\u0259yin v\u0259 beyn\u0259lxalq t\u0259zyiqd\u0259n, beyn\u0259lxalq mediadan as\u0131l\u0131 olmayaraq, haqq\u0131n\u0131zda n\u0259 dedikl\u0259rind\u0259n, sizi nec\u0259 adland\u0131rd\u0131qlar\u0131ndan, sizi nec\u0259 t\u0259hqir etm\u0259l\u0259rind\u0259n as\u0131l\u0131 olmayaraq, \u00f6lk\u0259niz \u00fc\u00e7\u00fcn do\u011fru olan\u0131 edin\u201d. Bel\u0259likl\u0259, \u201cprinsipial m\u00f6vqe\u201d v\u0259 \u201cali d\u0259y\u0259rl\u0259r\u0259 sadiqlik\u201d d\u0259 ideal siyasi lider modelinin \u0259sas g\u00f6st\u0259ricil\u0259rin\u0259 daxil olunur. Bu inam\u0131n, bu g\u00fcc\u00fcn m\u0259nb\u0259yi ilk n\u00f6vb\u0259d\u0259 Az\u0259rbaycan\u0131n haql\u0131 m\u00f6vqeyidir. Burada bir daha ki\u00e7ik ha\u015fiy\u0259y\u0259 \u00e7\u0131xaraq qeyd ed\u0259k ki, \u201cprinsipiall\u0131q\u201d \u0259sla radikal t\u0259f\u0259kk\u00fcr\u0259 v\u0259 demaqogiyaya m\u0259xsus olan keyfiyy\u0259t say\u0131la bilm\u0259z. Burada prinsipiall\u0131\u011f\u0131 \u0259v\u0259z ed\u0259n keyfiyy\u0259t q\u0259r\u0259zdir\u201d, &#8211; dey\u0259 A.Adil vur\u011fulay\u0131b.<\/p>\n<p>Onun s\u00f6zl\u0259rin\u0259 g\u00f6r\u0259, m\u00f6vzu il\u0259 ba\u011fl\u0131 qeyd olunmal\u0131 \u00f6n\u0259mli m\u0259qamlardan biri Q\u0259rbd\u0259 art\u0131q uzun ill\u0259rdir ki, \u201cn\u00fcfuzlu v\u0259 xarizmal\u0131 siyasi lider\u201d defisitinin ya\u015fanmas\u0131d\u0131r. S\u00f6z\u00fcged\u0259n amil Q\u0259rbin b\u0259zi manipulyativ v\u0259 spekulyasiya xarakterli b\u0259yanatlar\u0131n\u0131n \u0259sas s\u0259b\u0259bl\u0259rind\u0259n biridir. \u201cG\u00fcbr\u0259\u201d v\u0259 \u201cdopinql\u0259\u201d yeti\u015fdiril\u0259n Q\u0259rbin siyasi liderl\u0259ri apriori olaraq xarizmatik lider ola bilm\u0259z. M\u0259hz el\u0259 bu s\u0259b\u0259bd\u0259n d\u0259 onlar\u0131 xilas etm\u0259k namin\u0259 siyasi texnologiyalardan geni\u015f istifad\u0259 olunur, habel\u0259 siyasi d\u00f6vriyy\u0259y\u0259 \u0259n\u0259n\u0259vi d\u0259y\u0259rl\u0259r sistemini t\u0259hrif ed\u0259n ultra liberal v\u0259 amorf m\u0259zmunlu psevdod\u0259y\u0259rl\u0259r sal\u0131n\u0131r. Onlardan f\u0259rqli olaraq Az\u0259rbaycanda Prezident \u0130lham \u018fliyev\u0259 siyasi texnologiyalar\u0131n \u201csehrl\u0259ri\u201d arxas\u0131nda gizl\u0259nm\u0259y\u0259 ehtiyac yoxdur. Biz bu obyektiv h\u0259qiq\u0259ti anlamal\u0131, ifad\u0259 etm\u0259kd\u0259n \u00e7\u0259kinm\u0259m\u0259li, bununla f\u0259xr etm\u0259liyik.<\/p>\n<p>\u201cD\u00fcnya tarixind\u0259 ba\u015f vermi\u015f m\u00fcharib\u0259l\u0259r\u0259 diqq\u0259t yetirs\u0259k a\u00e7\u0131q \u015f\u0259kild\u0259 g\u00f6r\u0259 bil\u0259rik ki, yaln\u0131z \u0259sl Lideri olan xalqlar bu m\u00fcharib\u0259l\u0259rd\u0259 qalib ola bilibl\u0259r. Demaqogiya il\u0259 lider olmaq m\u00fcmk\u00fcns\u00fczd\u00fcr. Ucuz v\u0259 m\u0259suliyy\u0259tsiz demaqogiyalar c\u0259miyy\u0259ti yaln\u0131z u\u00e7uruma, daha d\u0259rin b\u00f6hranlara s\u00fcr\u00fckl\u0259y\u0259 bil\u0259r. Siyas\u0259ti \u015foudan, pe\u015f\u0259karl\u0131\u011f\u0131 t\u0259lx\u0259klikd\u0259n, prinsipiall\u0131\u011f\u0131 manipulyasiyalardan, h\u0259qiq\u0259ti d\u0259 ucuz demaqogiyadan ay\u0131rd etm\u0259yi bacarmal\u0131y\u0131q\u201d, &#8211; dey\u0259 politoloq \u0259lav\u0259 edib.<\/p>\n","protected":false},"excerpt":{"rendered":"<p>Siyasi liderin ideal obraz v\u0259 modeli m\u0259s\u0259l\u0259si b\u00fct\u00fcn d\u00f6vrl\u0259rd\u0259 elmi v\u0259 populyar diskussiyalar\u0131n \u0259sas m\u00f6vzular\u0131ndan biri olub. F\u0259ls\u0259f\u0259, sosiologiya, psixologiya, tarix, politologiya v\u0259 dig\u0259r elml\u0259rin t\u0259dqiqat predmeti olan \u201csiyasi lider\u201d m\u0259fhumuna h\u0259sr edilmi\u015f y\u00fczl\u0259rl\u0259, b\u0259lk\u0259 d\u0259 minl\u0259rl\u0259 dissertasiya yaz\u0131l\u0131b. T\u0259sad\u00fcfi deyil ki, s\u00f6z\u00fcged\u0259n m\u0259fhumla ba\u011fl\u0131 m\u00fcxt\u0259lif elmi yana\u015fma v\u0259 n\u0259z\u0259riyy\u0259l\u0259r m\u00f6vcuddur. \u201c\u0130deal lider hans\u0131 keyfiyy\u0259tl\u0259r\u0259 cavab verm\u0259lidir?\u201d sual\u0131 h\u0259r zaman m\u00fct\u0259f\u0259kkirl\u0259ri d\u00fc\u015f\u00fcnd\u00fcr\u00fcb. \u018flb\u0259tt\u0259 ki, bu c\u00fcr axtar\u0131\u015flar he\u00e7 d\u0259 s\u0259b\u0259bsiz olmay\u0131b. Tarix\u0259n istisnas\u0131z olaraq h\u0259r bir c\u0259miyy\u0259t g\u00fcv\u0259n\u0259 bil\u0259c\u0259k lider axtar\u0131\u015f\u0131ndad\u0131r. El\u0259 bir lider ki, ilk n\u00f6vb\u0259d\u0259, \u00f6lk\u0259sinin daxilind\u0259 t\u0259hl\u00fck\u0259sizliyi,&hellip;<\/p>\n","protected":false},"author":2,"featured_media":787811,"comment_status":"closed","ping_status":"closed","sticky":false,"template":"","format":"standard","meta":{"om_disable_all_campaigns":false,"_monsterinsights_skip_tracking":false,"_monsterinsights_sitenote_active":false,"_monsterinsights_sitenote_note":"","_monsterinsights_sitenote_category":0},"categories":[4],"tags":[],"aioseo_notices":[],"gutentor_comment":0,"rttpg_featured_image_url":{"full":["https:\/\/arantv.az\/wp-content\/uploads\/2025\/02\/39db447d614cd996d7f069efcb76cf1c.jpg",870,500,false],"landscape":["https:\/\/arantv.az\/wp-content\/uploads\/2025\/02\/39db447d614cd996d7f069efcb76cf1c.jpg",870,500,false],"portraits":["https:\/\/arantv.az\/wp-content\/uploads\/2025\/02\/39db447d614cd996d7f069efcb76cf1c.jpg",870,500,false],"thumbnail":["https:\/\/arantv.az\/wp-content\/uploads\/2025\/02\/39db447d614cd996d7f069efcb76cf1c-500x280.jpg",500,280,true],"medium":["https:\/\/arantv.az\/wp-content\/uploads\/2025\/02\/39db447d614cd996d7f069efcb76cf1c-635x365.jpg",635,365,true],"large":["https:\/\/arantv.az\/wp-content\/uploads\/2025\/02\/39db447d614cd996d7f069efcb76cf1c-840x483.jpg",640,368,true],"1536x1536":["https:\/\/arantv.az\/wp-content\/uploads\/2025\/02\/39db447d614cd996d7f069efcb76cf1c.jpg",870,500,false],"2048x2048":["https:\/\/arantv.az\/wp-content\/uploads\/2025\/02\/39db447d614cd996d7f069efcb76cf1c.jpg",870,500,false],"post-thumbnail":["https:\/\/arantv.az\/wp-content\/uploads\/2025\/02\/39db447d614cd996d7f069efcb76cf1c-240x172.jpg",240,172,true],"advps-thumb-one":["https:\/\/arantv.az\/wp-content\/uploads\/2025\/02\/39db447d614cd996d7f069efcb76cf1c.jpg",870,500,false]},"rttpg_author":{"display_name":"V\u00fcsal Rafiqo\u011flu","author_link":"https:\/\/arantv.az\/?author=2"},"rttpg_comment":0,"rttpg_category":"<a href=\"https:\/\/arantv.az\/?cat=4\" rel=\"category\">Siyas\u0259t<\/a>","rttpg_excerpt":"Siyasi liderin ideal obraz v\u0259 modeli m\u0259s\u0259l\u0259si b\u00fct\u00fcn d\u00f6vrl\u0259rd\u0259 elmi v\u0259 populyar diskussiyalar\u0131n \u0259sas m\u00f6vzular\u0131ndan biri olub. F\u0259ls\u0259f\u0259, sosiologiya, psixologiya, tarix, politologiya v\u0259 dig\u0259r elml\u0259rin t\u0259dqiqat predmeti olan \u201csiyasi lider\u201d m\u0259fhumuna h\u0259sr edilmi\u015f y\u00fczl\u0259rl\u0259, b\u0259lk\u0259 d\u0259 minl\u0259rl\u0259 dissertasiya yaz\u0131l\u0131b. T\u0259sad\u00fcfi deyil ki, s\u00f6z\u00fcged\u0259n m\u0259fhumla ba\u011fl\u0131 m\u00fcxt\u0259lif elmi yana\u015fma v\u0259 n\u0259z\u0259riyy\u0259l\u0259r m\u00f6vcuddur. \u201c\u0130deal lider hans\u0131 keyfiyy\u0259tl\u0259r\u0259&hellip;","_links":{"self":[{"href":"https:\/\/arantv.az\/index.php?rest_route=\/wp\/v2\/posts\/787810"}],"collection":[{"href":"https:\/\/arantv.az\/index.php?rest_route=\/wp\/v2\/posts"}],"about":[{"href":"https:\/\/arantv.az\/index.php?rest_route=\/wp\/v2\/types\/post"}],"author":[{"embeddable":true,"href":"https:\/\/arantv.az\/index.php?rest_route=\/wp\/v2\/users\/2"}],"replies":[{"embeddable":true,"href":"https:\/\/arantv.az\/index.php?rest_route=%2Fwp%2Fv2%2Fcomments&post=787810"}],"version-history":[{"count":1,"href":"https:\/\/arantv.az\/index.php?rest_route=\/wp\/v2\/posts\/787810\/revisions"}],"predecessor-version":[{"id":787812,"href":"https:\/\/arantv.az\/index.php?rest_route=\/wp\/v2\/posts\/787810\/revisions\/787812"}],"wp:featuredmedia":[{"embeddable":true,"href":"https:\/\/arantv.az\/index.php?rest_route=\/wp\/v2\/media\/787811"}],"wp:attachment":[{"href":"https:\/\/arantv.az\/index.php?rest_route=%2Fwp%2Fv2%2Fmedia&parent=787810"}],"wp:term":[{"taxonomy":"category","embeddable":true,"href":"https:\/\/arantv.az\/index.php?rest_route=%2Fwp%2Fv2%2Fcategories&post=787810"},{"taxonomy":"post_tag","embeddable":true,"href":"https:\/\/arantv.az\/index.php?rest_route=%2Fwp%2Fv2%2Ftags&post=787810"}],"curies":[{"name":"wp","href":"https:\/\/api.w.org\/{rel}","templated":true}]}}