{"id":787816,"date":"2025-02-14T16:09:27","date_gmt":"2025-02-14T12:09:27","guid":{"rendered":"https:\/\/arantv.az\/?p=787816"},"modified":"2025-02-14T16:09:27","modified_gmt":"2025-02-14T12:09:27","slug":"az%c9%99rbaycanin-somali-il%c9%99-%c9%99m%c9%99kdasligi-afrikada-genisl%c9%99n%c9%99n-%c9%99laq%c9%99l%c9%99r","status":"publish","type":"post","link":"https:\/\/arantv.az\/?p=787816","title":{"rendered":"Az\u0259rbaycan\u0131n Somali il\u0259 \u0259m\u0259kda\u015fl\u0131\u011f\u0131 \u2013 Afrikada geni\u015fl\u0259n\u0259n \u0259laq\u0259l\u0259r"},"content":{"rendered":"<p><strong>Ke\u00e7mi\u015f SSR\u0130 Afrikadak\u0131 d\u00f6vl\u0259tl\u0259r\u0259 b\u0259rab\u0259r s\u0259viyy\u0259d\u0259 baxmama\u011f\u0131 t\u0259bli\u011f etmi\u015fdi. \u018fsrl\u0259rl\u0259 Avropa \u00f6lk\u0259l\u0259rinin bu qit\u0259y\u0259 qul bazar\u0131 kimi baxmas\u0131 da ona f\u0259rqli m\u00fcnasib\u0259tin formala\u015fmas\u0131na s\u0259b\u0259b olmu\u015fdu. Bu qit\u0259ni avropal\u0131 m\u00fcst\u0259ml\u0259k\u0259\u00e7il\u0259rin i\u015f\u011fal\u0131 is\u0259 onlara m\u00fcnasib\u0259td\u0259 irqi ayr\u0131-se\u00e7kilik yarad\u0131b. \u0130nsanl\u0131\u011fa zidd bu yana\u015fma indi cinay\u0259t say\u0131l\u0131r.<\/strong><\/p>\n<p>Osmanl\u0131 \u0130mperiyas\u0131 is\u0259 bu qit\u0259d\u0259 daim dostluq, qarda\u015fl\u0131q, \u0259m\u0259kda\u015fl\u0131q kimi xo\u015f m\u00fcnasib\u0259tl\u0259ri t\u0259bli\u011f edib. Quldarl\u0131\u011fa qar\u015f\u0131 olub.<\/p>\n<p>Sovetl\u0259rd\u0259n sonra tarix v\u0259 m\u00fcst\u0259qillik Afrikaya yeni bax\u0131\u015fa s\u0259b\u0259b olub. Bu qit\u0259nin z\u0259ngin maddi, m\u0259n\u0259vi irsi onu yenid\u0259n d\u00fcnya d\u00f6vl\u0259tl\u0259ri \u00fc\u00e7\u00fcn cazib\u0259dar edib. \u0130ndi Afrika qar\u015f\u0131l\u0131ql\u0131 fayda namin\u0259 Az\u0259rbaycan \u00fc\u00e7\u00fcn d\u0259 s\u0259rf\u0259li t\u0259r\u0259fda\u015f say\u0131l\u0131r.<\/p>\n<p>Qit\u0259 \u00f6lk\u0259l\u0259ri il\u0259 Az\u0259rbaycan\u0131n tarixi ba\u011flar\u0131 var. Sultan B\u0259ybars\u0131n hakimiyy\u0259ti ill\u0259rind\u0259 Qaraqoyunlularla M\u0259ml\u00fckl\u0259rin \u0259laq\u0259 v\u0259 m\u00fcnasib\u0259tl\u0259rini yada salmaq olar. Qaraqoyunlu Baharl\u0131, A\u011fqoyunlu Bayandurlu sonra is\u0259 S\u0259f\u0259vi d\u00f6vl\u0259ti il\u0259 m\u00fcnasib\u0259t qurulmu\u015f, t\u0259r\u0259fl\u0259r aras\u0131nda \u0259laq\u0259l\u0259r yaranm\u0131\u015fd\u0131. Anadoludak\u0131 tayfa ittifaqlar\u0131 il\u0259 normal m\u00fcnasib\u0259t saxlayan M\u0259ml\u00fck sultan\u0131 A\u011fqoyunlulara da d\u0259st\u0259k verirdi.<\/p>\n<p>Bu g\u00fcnl\u0259rd\u0259 Az\u0259rbaycan\u0131n dahi \u015fairi Nizami G\u0259nc\u0259vinin Misirin paytaxt\u0131 Qahir\u0259d\u0259 t\u00fcrk dilind\u0259 \u0259lyazmas\u0131n\u0131n a\u015fkarlanmas\u0131na dair x\u0259b\u0259r yay\u0131l\u0131b. Bu, b\u00fct\u00fcn hallarda Afrika \u00f6lk\u0259si il\u0259 tarixi m\u0259d\u0259ni \u0259laq\u0259l\u0259r\u0259 \u00f6rn\u0259k say\u0131la bil\u0259r.<\/p>\n<p>Keniya v\u0259 Uqandada t\u00fcrkl\u0259rin tarixi izl\u0259ri, varl\u0131\u011f\u0131 var. XIX \u0259srin sonlar\u0131ndan Hindistan\u0131n Qucarat b\u00f6lg\u0259sind\u0259 \u00e7oxlu sayda Osmanl\u0131 t\u00fcrk ail\u0259si h\u0259min \u00f6lk\u0259l\u0259r\u0259 k\u00f6\u00e7\u00fcr\u00fcl\u00fcb. \u00c7al\u0131\u015fqanl\u0131qlar\u0131 n\u0259tic\u0259sind\u0259 onlar orada varlan\u0131b, yeni h\u0259yat qurublar. \u00d6t\u0259n \u0259srin ortalar\u0131nda m\u00fcst\u0259ml\u0259k\u0259\u00e7iliy\u0259 qar\u015f\u0131 m\u00fcbariz\u0259 n\u0259tic\u0259sind\u0259 onlar h\u0259min \u00f6lk\u0259l\u0259rd\u0259n Avropaya k\u00f6\u00e7\u00fcr\u00fcl\u00fcb.<\/p>\n<div class=\"news-image\">\n<div class=\"image\"><img src=\"https:\/\/static.report.az\/photo\/7a1c786e-defa-3626-89ee-309b82540256.jpg\" alt=\"\" \/><img loading=\"lazy\" src=\"https:\/\/cdn.musavat.com\/news\/thumbnails\/3007e3596935cb10a04ad9daf5336348.jpg\" alt=\"SOMA.jpg (143 KB)\" width=\"700\" height=\"394\" \/><\/div>\n<\/div>\n<p><strong>Afrika \u00f6lk\u0259l\u0259rinin T\u00fcrk d\u00fcnyas\u0131 il\u0259 d\u0259 ba\u011flar\u0131 var. 2024-c\u00fc il noyabr\u0131n 6-da T\u00fcrk D\u00f6vl\u0259tl\u0259ri T\u0259\u015fkilat\u0131 (TDT) D\u00f6vl\u0259t Ba\u015f\u00e7\u0131lar\u0131n\u0131n Bi\u015fkekd\u0259 XI Zirv\u0259 g\u00f6r\u00fc\u015f\u00fcnd\u0259 qurumla Afrika \u0130ttifaq\u0131 aras\u0131nda \u0259m\u0259kda\u015fl\u0131\u011f\u0131n inki\u015faf etdirilm\u0259sin\u0259 dair q\u0259rar q\u0259bul edilib.<\/strong><\/p>\n<p>T\u0259\u015fkilatlar aras\u0131nda birg\u0259 zirv\u0259 toplant\u0131s\u0131n\u0131n \u00e7a\u011f\u0131r\u0131lmas\u0131 istiqam\u0259tind\u0259 d\u0259 f\u0259aliyy\u0259t g\u00f6st\u0259rilm\u0259si \u00fc\u00e7\u00fcn uy\u011fun t\u0259dbirl\u0259rin g\u00f6r\u00fclm\u0259si \u00fczr\u0259 tap\u015f\u0131r\u0131qlar verilib.<\/p>\n<p>Bu, T\u00fcrk d\u00fcnyas\u0131 il\u0259 Afrika aras\u0131nda \u0259m\u0259kda\u015fl\u0131\u011f\u0131n g\u00fccl\u0259nm\u0259si v\u0259 geni\u015fl\u0259nm\u0259si istiqam\u0259tind\u0259 m\u00fch\u00fcm add\u0131m say\u0131la bil\u0259r. Bel\u0259 bir add\u0131m TDT-nin beyn\u0259lxalq t\u0259\u015fkilatla \u0259laq\u0259l\u0259r bax\u0131m\u0131ndan \u0259h\u0259miyy\u0259tlidir.<\/p>\n<p>Afrika \u0130ttifaq\u0131 2002-ci il iyulun 9-da yarad\u0131l\u0131b. Quruma qit\u0259nin 55 \u00f6lk\u0259si daxildir. 2011-ci ilin yanvar\u0131nda Az\u0259rbaycana \u0130ttifaqda m\u00fc\u015fahid\u0259\u00e7i statusu verilib.<\/p>\n<p>\u018flc\u0259zair, Anqola, Konqo Demokratik Respublikas\u0131, Misir, Zambiya, Kamerun, Konqo Respublikas\u0131, Kot-d&#8217;\u0130vuar, Liviya, Mavritaniya, M\u0259rake\u015f, Mozambik, Niger, Nigeriya, Ruanda, Seneqal, Somali, Sudan, Tunis, Efiopiya, C\u0259nubi Afrika Respublikas\u0131 kimi \u00f6lk\u0259l\u0259r bu ittifaq\u0131n \u00fczvl\u0259ridir.<\/p>\n<p><strong>Neokolonialistl\u0259r qit\u0259d\u0259 itirdikl\u0259ri m\u00f6vqel\u0259rini b\u0259rpa etm\u0259y\u0259 c\u0259hd g\u00f6st\u0259rirl\u0259r.<\/strong><\/p>\n<p>Afrika Osmanl\u0131 d\u00f6vl\u0259tinin n\u00fcmun\u0259sind\u0259 t\u00fcrkl\u0259rd\u0259n el\u0259 ciddi ziyan g\u00f6rm\u0259yib. Odur ki, ke\u00e7mi\u015f, tarixi \u0259m\u0259kda\u015fl\u0131\u011f\u0131n b\u0259rpas\u0131 h\u0259r iki t\u0259r\u0259f\u0259 faydal\u0131 olar. T\u0259r\u0259fl\u0259r aras\u0131nda tarixi ticar\u0259t yolu olub. M\u00fcasir d\u00f6vrd\u0259 onu karbohidrogen yataqlar\u0131n\u0131n birg\u0259 istismar\u0131, onlar\u0131n n\u0259qli v\u0259 quru yolla y\u00fck da\u015f\u0131malar\u0131 istiqam\u0259tind\u0259 inki\u015faf etdirm\u0259k m\u00fcmk\u00fcnd\u00fcr.<\/p>\n<div class=\"news-image\">\n<div class=\"image\"><img src=\"https:\/\/static.report.az\/photo\/e59f96c9-b3a1-376d-9c24-436b5dae1ca0.jpg\" alt=\"\" \/><img loading=\"lazy\" src=\"https:\/\/cdn.musavat.com\/news\/thumbnails\/048d2ab3734a99ea79f476cfe02ea102.jpg\" alt=\"MUMKU.jpg (72 KB)\" width=\"700\" height=\"368\" \/><\/div>\n<\/div>\n<p><strong>Bundan ba\u015fqa, TDT il\u0259 Afrika \u0130ttifaq\u0131na \u00fczv d\u00f6vl\u0259tl\u0259r aras\u0131nda ortaq dini, m\u0259d\u0259ni yax\u0131nl\u0131\u011f\u0131n\u0131 da xat\u0131rlamaq olar.<\/strong><\/p>\n<p>R\u0259smi Bak\u0131n\u0131n \u0130ttifaqa \u00fczv \u00f6lk\u0259l\u0259rl\u0259 \u0259m\u0259kda\u015fl\u0131q etm\u0259si h\u0259m d\u0259 t\u0259\u015fkilat\u0131n XI zirv\u0259 toplant\u0131s\u0131n\u0131n q\u0259bul etdiyi q\u0259rar\u0131n icras\u0131 istiqam\u0259tind\u0259 at\u0131lan add\u0131md\u0131r.<\/p>\n<p>Az\u0259rbaycan\u0131n Misir, M\u0259rake\u015f, \u018flc\u0259zair, Sudan, Efiopiya, Tunis, Mozambik, Nigeriya v\u0259 ba\u015fqalar\u0131 il\u0259 \u0259n\u0259n\u0259vi \u0259laq\u0259l\u0259ri var. Ke\u00e7mi\u015f sovetl\u0259r d\u00f6vr\u00fcnd\u0259 m\u00fcst\u0259ml\u0259k\u0259d\u0259n azad edilmi\u015f \u00f6lk\u0259l\u0259rl\u0259 Az\u0259rbaycan\u0131n \u0259laq\u0259l\u0259ri olub. H\u0259min d\u00f6vrd\u0259 qit\u0259nin bir s\u0131ra \u00f6lk\u0259l\u0259rinin g\u0259ncl\u0259ri Bak\u0131da m\u00fcxt\u0259lif ali m\u0259kt\u0259bl\u0259rd\u0259 t\u0259hsil al\u0131rd\u0131.<\/p>\n<p>Bu g\u00fcnl\u0259rd\u0259 Somali Federativ Respublikas\u0131n\u0131n Prezidenti Hasan \u015eeyx Mahmud Az\u0259rbaycanda r\u0259smi s\u0259f\u0259rd\u0259 olub. O, Prezident \u0130lham \u018fliyevl\u0259 ikit\u0259r\u0259fli m\u00fcnasib\u0259t v\u0259 \u0259laq\u0259l\u0259rin inki\u015faf\u0131na dair g\u00f6r\u00fc\u015f ke\u00e7irib.<\/p>\n<p>T\u0259r\u0259fl\u0259r aras\u0131nda bir s\u0131ra s\u0259n\u0259dl\u0259r &#8211; \u201cAz\u0259rbaycan Respublikas\u0131n\u0131n Prezidenti yan\u0131nda V\u0259t\u0259nda\u015flara Xidm\u0259t v\u0259 Sosial \u0130nnovasiyalar \u00fczr\u0259 D\u00f6vl\u0259t Agentliyi il\u0259 Somali Federativ Respublikas\u0131n\u0131n Prezidentinin Ofisi aras\u0131nda d\u00f6vl\u0259t xidm\u0259tl\u0259rinin g\u00f6st\u0259rilm\u0259si sah\u0259sind\u0259 \u0259m\u0259kda\u015fl\u0131\u011fa dair Anla\u015fma Memorandumu\u201d, &#8220;Az\u0259rbaycan Respublikas\u0131n\u0131n Energetika Nazirliyi il\u0259 Somali Federativ Respublikas\u0131n\u0131n Energetika v\u0259 Su Ehtiyatlar\u0131 Nazirliyi aras\u0131nda ya\u015f\u0131l enerji sah\u0259sind\u0259 \u0259m\u0259kda\u015fl\u0131q haqq\u0131nda Anla\u015fma Memorandumu&#8221;, \u201cAz\u0259rbaycan Respublikas\u0131n\u0131n Elm v\u0259 T\u0259hsil Nazirliyi il\u0259 Somali Federativ Respublikas\u0131n\u0131n T\u0259hsil, M\u0259d\u0259niyy\u0259t v\u0259 Ali T\u0259hsil Nazirliyi aras\u0131nda t\u0259hsil sah\u0259sind\u0259 \u0259m\u0259kda\u015fl\u0131q haqq\u0131nda Sazi\u015f\u201d, \u201cAz\u0259rbaycan Respublikas\u0131 H\u00f6kum\u0259ti il\u0259 Somali Federativ Respublikas\u0131 H\u00f6kum\u0259ti aras\u0131nda m\u00fcdafi\u0259 v\u0259 m\u00fcdafi\u0259 s\u0259nayesi sah\u0259l\u0259rind\u0259 \u0259m\u0259kda\u015fl\u0131q haqq\u0131nda Sazi\u015f\u201d imzalan\u0131b.<\/p>\n<div class=\"news-image\">\n<div class=\"image\"><img src=\"https:\/\/static.report.az\/photo\/6a5739e4-2cb6-30a0-b302-7c87cf0f344a.jpg\" alt=\"\" \/><img loading=\"lazy\" src=\"https:\/\/cdn.musavat.com\/news\/thumbnails\/aa6f7e9d37b49b9a7f1c7dea45af14db.jpg\" alt=\"\u0130MZAL.jpg (181 KB)\" width=\"700\" height=\"456\" \/><\/div>\n<\/div>\n<p><strong>Prezident \u0130lham \u018fliyev v\u0259 h\u0259mkar\u0131 Hasan \u015eeyx Mahmud m\u0259tbuata b\u0259yanatlarla \u00e7\u0131x\u0131\u015f edibl\u0259r. Az\u0259rbaycan lideri b\u0259yanat\u0131nda Somali il\u0259 t\u0259hsil, m\u00fcdafi\u0259 s\u0259nayesi, k\u0259nd t\u0259s\u0259rr\u00fcfat\u0131, s\u0259rmay\u0259, d\u00f6vl\u0259t xidm\u0259tl\u0259ri sah\u0259l\u0259rind\u0259 \u0259m\u0259kda\u015fl\u0131q ed\u0259c\u0259kl\u0259rin\u0259 dair m\u0259s\u0259l\u0259l\u0259ri m\u00fczakir\u0259 apard\u0131qlar\u0131n\u0131 vur\u011fulay\u0131b:<\/strong>\u00a0\u201cBiz BMT, \u0130slam \u018fm\u0259kda\u015fl\u0131q T\u0259\u015fkilat\u0131 v\u0259 dig\u0259r beyn\u0259lxalq qurumlarda bir-birimiz\u0259 d\u0259st\u0259yi birm\u0259nal\u0131 olaraq davam etdir\u0259c\u0259yik. \u00c7\u00fcnki h\u0259r iki \u00f6lk\u0259 \u00fc\u00e7\u00fcn arxalanaca\u011f\u0131m\u0131z t\u0259r\u0259fda\u015flara v\u0259 dostlara malik olmaq \u00e7ox vacibdir\u201d.<\/p>\n<p>Hasan \u015eeyx Mahmud s\u0259f\u0259rin sad\u0259c\u0259 diplomatik \u0259m\u0259kda\u015fl\u0131q olmad\u0131\u011f\u0131n\u0131 bildir\u0259r\u0259k deyib: \u201cBu, h\u0259qiq\u0259t\u0259n, iki qarda\u015f \u00f6lk\u0259l\u0259rimiz aras\u0131nda t\u0259r\u0259fda\u015fl\u0131q \u00fczr\u0259 s\u0259m\u0259r\u0259li v\u0259 strateji m\u00fctt\u0259fiqliyin ba\u015flan\u011f\u0131c\u0131 dem\u0259kdir. Somali v\u0259 Az\u0259rbaycan\u0131n inki\u015faf, t\u0259hl\u00fck\u0259sizlik v\u0259 t\u0259r\u0259qqi il\u0259 ba\u011fl\u0131 bax\u0131\u015flar\u0131 \u00fcst-\u00fcst\u0259 d\u00fc\u015f\u00fcr. Bu g\u00fcn biz \u0259sas\u0259n t\u0259r\u0259fl\u0259r aras\u0131nda daha s\u0131x \u0259m\u0259kda\u015fl\u0131\u011f\u0131n d\u0259rinl\u0259\u015fdirilm\u0259sin\u0259 sadiqliyimizi bildirdik\u201d.<\/p>\n<p>Hasan \u015eeyx Mahmud bildirib ki, Az\u0259rbaycan Somaliy\u0259 Afrikan\u0131n inki\u015faf ed\u0259n bazarlar\u0131na, x\u00fcsusil\u0259 d\u0259 ticar\u0259t v\u0259 logistika sah\u0259l\u0259rind\u0259 qap\u0131 kimi baxa bil\u0259r: \u201cSomalinin Hind okean\u0131nda v\u0259 Q\u0131rm\u0131z\u0131 d\u0259nizd\u0259 strateji olaraq yerl\u0259\u015fm\u0259si \u00f6lk\u0259l\u0259rimiz \u00fc\u00e7\u00fcn iqtisadi faydalar\u0131n payla\u015f\u0131la v\u0259 ara\u015fd\u0131r\u0131la bil\u0259c\u0259yi qiym\u0259tli strateji \u0259razidir\u201d.<\/p>\n<p>Prezidentl\u0259rin m\u0259tbuat \u00fc\u00e7\u00fcn a\u00e7\u0131qlamalar\u0131ndan da g\u00f6r\u00fcnd\u00fcy\u00fc kimi, Az\u0259rbaycanla Somali aras\u0131nda \u0259laq\u0259l\u0259rin inki\u015faf\u0131 ikit\u0259r\u0259fli m\u00fcnasib\u0259tl\u0259ri geni\u015fl\u0259ndirm\u0259kl\u0259 yana\u015f\u0131, TDT il\u0259 Afrika \u0130ttifaq\u0131 aras\u0131nda \u0259m\u0259kda\u015fl\u0131\u011fa t\u0259kan ver\u0259c\u0259k.<\/p>\n<p><img loading=\"lazy\" src=\"https:\/\/cdn.musavat.com\/news\/thumbnails\/e1d26d78bff0b88473cbc8648a32fe87.jpg\" alt=\"MAHMUD.jpg (142 KB)\" width=\"700\" height=\"475\" \/><\/p>\n<p><strong>Somalid\u0259 \u0259n b\u00f6y\u00fck h\u0259rbi bazas\u0131 olan d\u00f6vl\u0259tl\u0259rd\u0259n biri T\u00fcrkiy\u0259dir.<\/strong>\u00a0T\u00fcrkiy\u0259 H\u0259rbi D\u0259niz Q\u00fcvv\u0259l\u0259ri \u00f6lk\u0259l\u0259r aras\u0131nda imzalanan m\u00fcdafi\u0259 v\u0259 iqtisadi \u0259m\u0259kda\u015fl\u0131q m\u00fcqavil\u0259si \u00e7\u0259r\u00e7iv\u0259sind\u0259 on il m\u00fcdd\u0259tind\u0259 Somalinin qurudak\u0131 sular\u0131n\u0131 qoruyacaq. \u00d6t\u0259n il bu bar\u0259d\u0259 m\u00fcdafi\u0259 pakt\u0131 imzalan\u0131b. Bu s\u0259n\u0259d Somali h\u00f6kum\u0259tin\u0259 \u00f6z suverenliyini m\u00fcdafi\u0259 etm\u0259k s\u0259yl\u0259rini \u0259h\u0259miyy\u0259tli d\u0259r\u0259c\u0259d\u0259 g\u00fccl\u0259ndir\u0259c\u0259yin\u0259 imkan verir.<\/p>\n<p>Az\u0259rbaycan v\u0259 T\u00fcrkiy\u0259nin Afrika \u0130ttifaq\u0131 \u00f6lk\u0259l\u0259ri, o c\u00fcml\u0259d\u0259n Somali il\u0259 \u0259m\u0259kda\u015fl\u0131\u011f\u0131 TDT-nin prinsipl\u0259rin\u0259, \u015eu\u015fa B\u0259yannam\u0259sind\u0259ki \u201cT\u0259r\u0259fl\u0259r xarici siyas\u0259t sah\u0259sind\u0259 \u0259laq\u0259l\u0259ndirm\u0259nin v\u0259 m\u00fcnt\u0259z\u0259m ikit\u0259r\u0259fli siyasi m\u0259sl\u0259h\u0259tl\u0259\u015fm\u0259l\u0259rin h\u0259yata ke\u00e7irilm\u0259sinin vacibliyini qeyd edirl\u0259r v\u0259 bu istiqam\u0259td\u0259 Az\u0259rbaycan Respublikas\u0131 il\u0259 T\u00fcrkiy\u0259 Respublikas\u0131 aras\u0131nda Y\u00fcks\u0259k S\u0259viyy\u0259li Strateji \u018fm\u0259kda\u015fl\u0131q \u015euras\u0131 \u00e7\u0259r\u00e7iv\u0259sind\u0259 f\u0259aliyy\u0259tl\u0259rin \u0259h\u0259miyy\u0259tini vur\u011fulay\u0131rlar\u201d m\u00fcdd\u0259as\u0131na uy\u011fundur.<\/p>\n<p>Somali il\u0259 \u0259m\u0259kda\u015fl\u0131q etm\u0259kl\u0259 Az\u0259rbaycan Afrika \u00f6lk\u0259l\u0259ri bazarlar\u0131 il\u0259 \u0259m\u0259kda\u015fl\u0131\u011f\u0131 da geni\u015fl\u0259ndirm\u0259k imkan\u0131 \u0259ld\u0259 edir.<\/p>\n<p><strong>S\u0259dr\u0259ddin \u0130smay\u0131lov<\/strong><br \/>\n<strong>Report<\/strong><\/p>\n","protected":false},"excerpt":{"rendered":"<p>Ke\u00e7mi\u015f SSR\u0130 Afrikadak\u0131 d\u00f6vl\u0259tl\u0259r\u0259 b\u0259rab\u0259r s\u0259viyy\u0259d\u0259 baxmama\u011f\u0131 t\u0259bli\u011f etmi\u015fdi. \u018fsrl\u0259rl\u0259 Avropa \u00f6lk\u0259l\u0259rinin bu qit\u0259y\u0259 qul bazar\u0131 kimi baxmas\u0131 da ona f\u0259rqli m\u00fcnasib\u0259tin formala\u015fmas\u0131na s\u0259b\u0259b olmu\u015fdu. Bu qit\u0259ni avropal\u0131 m\u00fcst\u0259ml\u0259k\u0259\u00e7il\u0259rin i\u015f\u011fal\u0131 is\u0259 onlara m\u00fcnasib\u0259td\u0259 irqi ayr\u0131-se\u00e7kilik yarad\u0131b. \u0130nsanl\u0131\u011fa zidd bu yana\u015fma indi cinay\u0259t say\u0131l\u0131r. Osmanl\u0131 \u0130mperiyas\u0131 is\u0259 bu qit\u0259d\u0259 daim dostluq, qarda\u015fl\u0131q, \u0259m\u0259kda\u015fl\u0131q kimi xo\u015f m\u00fcnasib\u0259tl\u0259ri t\u0259bli\u011f edib. Quldarl\u0131\u011fa qar\u015f\u0131 olub. Sovetl\u0259rd\u0259n sonra tarix v\u0259 m\u00fcst\u0259qillik Afrikaya yeni bax\u0131\u015fa s\u0259b\u0259b olub. Bu qit\u0259nin z\u0259ngin maddi, m\u0259n\u0259vi irsi onu yenid\u0259n d\u00fcnya d\u00f6vl\u0259tl\u0259ri \u00fc\u00e7\u00fcn cazib\u0259dar edib. \u0130ndi Afrika qar\u015f\u0131l\u0131ql\u0131 fayda namin\u0259 Az\u0259rbaycan \u00fc\u00e7\u00fcn&hellip;<\/p>\n","protected":false},"author":2,"featured_media":787817,"comment_status":"closed","ping_status":"closed","sticky":false,"template":"","format":"standard","meta":{"om_disable_all_campaigns":false,"_monsterinsights_skip_tracking":false,"_monsterinsights_sitenote_active":false,"_monsterinsights_sitenote_note":"","_monsterinsights_sitenote_category":0},"categories":[19],"tags":[],"aioseo_notices":[],"gutentor_comment":0,"rttpg_featured_image_url":{"full":["https:\/\/arantv.az\/wp-content\/uploads\/2025\/02\/19813c27d6f35db729b3529b435708e8.jpg",850,500,false],"landscape":["https:\/\/arantv.az\/wp-content\/uploads\/2025\/02\/19813c27d6f35db729b3529b435708e8.jpg",850,500,false],"portraits":["https:\/\/arantv.az\/wp-content\/uploads\/2025\/02\/19813c27d6f35db729b3529b435708e8.jpg",850,500,false],"thumbnail":["https:\/\/arantv.az\/wp-content\/uploads\/2025\/02\/19813c27d6f35db729b3529b435708e8-500x280.jpg",500,280,true],"medium":["https:\/\/arantv.az\/wp-content\/uploads\/2025\/02\/19813c27d6f35db729b3529b435708e8-621x365.jpg",621,365,true],"large":["https:\/\/arantv.az\/wp-content\/uploads\/2025\/02\/19813c27d6f35db729b3529b435708e8-840x494.jpg",640,376,true],"1536x1536":["https:\/\/arantv.az\/wp-content\/uploads\/2025\/02\/19813c27d6f35db729b3529b435708e8.jpg",850,500,false],"2048x2048":["https:\/\/arantv.az\/wp-content\/uploads\/2025\/02\/19813c27d6f35db729b3529b435708e8.jpg",850,500,false],"post-thumbnail":["https:\/\/arantv.az\/wp-content\/uploads\/2025\/02\/19813c27d6f35db729b3529b435708e8-240x172.jpg",240,172,true],"advps-thumb-one":["https:\/\/arantv.az\/wp-content\/uploads\/2025\/02\/19813c27d6f35db729b3529b435708e8.jpg",850,500,false]},"rttpg_author":{"display_name":"V\u00fcsal Rafiqo\u011flu","author_link":"https:\/\/arantv.az\/?author=2"},"rttpg_comment":0,"rttpg_category":"<a href=\"https:\/\/arantv.az\/?cat=19\" rel=\"category\">G\u00fcnd\u0259m<\/a>","rttpg_excerpt":"Ke\u00e7mi\u015f SSR\u0130 Afrikadak\u0131 d\u00f6vl\u0259tl\u0259r\u0259 b\u0259rab\u0259r s\u0259viyy\u0259d\u0259 baxmama\u011f\u0131 t\u0259bli\u011f etmi\u015fdi. \u018fsrl\u0259rl\u0259 Avropa \u00f6lk\u0259l\u0259rinin bu qit\u0259y\u0259 qul bazar\u0131 kimi baxmas\u0131 da ona f\u0259rqli m\u00fcnasib\u0259tin formala\u015fmas\u0131na s\u0259b\u0259b olmu\u015fdu. Bu qit\u0259ni avropal\u0131 m\u00fcst\u0259ml\u0259k\u0259\u00e7il\u0259rin i\u015f\u011fal\u0131 is\u0259 onlara m\u00fcnasib\u0259td\u0259 irqi ayr\u0131-se\u00e7kilik yarad\u0131b. \u0130nsanl\u0131\u011fa zidd bu yana\u015fma indi cinay\u0259t say\u0131l\u0131r. Osmanl\u0131 \u0130mperiyas\u0131 is\u0259 bu qit\u0259d\u0259 daim dostluq, qarda\u015fl\u0131q, \u0259m\u0259kda\u015fl\u0131q kimi xo\u015f m\u00fcnasib\u0259tl\u0259ri&hellip;","_links":{"self":[{"href":"https:\/\/arantv.az\/index.php?rest_route=\/wp\/v2\/posts\/787816"}],"collection":[{"href":"https:\/\/arantv.az\/index.php?rest_route=\/wp\/v2\/posts"}],"about":[{"href":"https:\/\/arantv.az\/index.php?rest_route=\/wp\/v2\/types\/post"}],"author":[{"embeddable":true,"href":"https:\/\/arantv.az\/index.php?rest_route=\/wp\/v2\/users\/2"}],"replies":[{"embeddable":true,"href":"https:\/\/arantv.az\/index.php?rest_route=%2Fwp%2Fv2%2Fcomments&post=787816"}],"version-history":[{"count":1,"href":"https:\/\/arantv.az\/index.php?rest_route=\/wp\/v2\/posts\/787816\/revisions"}],"predecessor-version":[{"id":787818,"href":"https:\/\/arantv.az\/index.php?rest_route=\/wp\/v2\/posts\/787816\/revisions\/787818"}],"wp:featuredmedia":[{"embeddable":true,"href":"https:\/\/arantv.az\/index.php?rest_route=\/wp\/v2\/media\/787817"}],"wp:attachment":[{"href":"https:\/\/arantv.az\/index.php?rest_route=%2Fwp%2Fv2%2Fmedia&parent=787816"}],"wp:term":[{"taxonomy":"category","embeddable":true,"href":"https:\/\/arantv.az\/index.php?rest_route=%2Fwp%2Fv2%2Fcategories&post=787816"},{"taxonomy":"post_tag","embeddable":true,"href":"https:\/\/arantv.az\/index.php?rest_route=%2Fwp%2Fv2%2Ftags&post=787816"}],"curies":[{"name":"wp","href":"https:\/\/api.w.org\/{rel}","templated":true}]}}