{"id":787834,"date":"2025-02-14T17:15:38","date_gmt":"2025-02-14T13:15:38","guid":{"rendered":"https:\/\/arantv.az\/?p=787834"},"modified":"2025-02-14T17:15:38","modified_gmt":"2025-02-14T13:15:38","slug":"bu-tarixl%c9%99rd%c9%99-baki-v%c9%99-abseronda-qar-yagacaq","status":"publish","type":"post","link":"https:\/\/arantv.az\/?p=787834","title":{"rendered":"Bu tarixl\u0259rd\u0259 Bak\u0131 v\u0259 Ab\u015feronda qar ya\u011facaq"},"content":{"rendered":"<p><strong>N\u00f6vb\u0259ti g\u00fcnl\u0259rd\u0259 hava \u015f\u0259raitinin d\u0259yi\u015fm\u0259si, qeyri-sabit ke\u00e7m\u0259si g\u00f6zl\u0259nilir.<\/strong><\/p>\n<p><strong>ARANTV.AZ <\/strong>\u00a0x\u0259b\u0259r verir ki, bunu Milli Hidrometeorologiya Xidm\u0259tinin r\u0259isi Nazim Mahmudov &#8220;Ekspert saat\u0131&#8221;nda deyib.<\/p>\n<p>Onun s\u00f6zl\u0259rin\u0259 g\u00f6r\u0259, \u00f6lk\u0259y\u0259 \u015fimaldan soyuq hava k\u00fctl\u0259si daxil olacaq:<\/p>\n<p>\u201cAy\u0131n sonlar\u0131na yax\u0131n Bak\u0131 v\u0259 Ab\u015feronda qarl\u0131 hava \u015f\u0259raitinin olmas\u0131 istisna olunmur\u201d.<\/p>\n","protected":false},"excerpt":{"rendered":"<p>N\u00f6vb\u0259ti g\u00fcnl\u0259rd\u0259 hava \u015f\u0259raitinin d\u0259yi\u015fm\u0259si, qeyri-sabit ke\u00e7m\u0259si g\u00f6zl\u0259nilir. ARANTV.AZ \u00a0x\u0259b\u0259r verir ki, bunu Milli Hidrometeorologiya Xidm\u0259tinin r\u0259isi Nazim Mahmudov &#8220;Ekspert saat\u0131&#8221;nda deyib. Onun s\u00f6zl\u0259rin\u0259 g\u00f6r\u0259, \u00f6lk\u0259y\u0259 \u015fimaldan soyuq hava k\u00fctl\u0259si daxil olacaq: \u201cAy\u0131n sonlar\u0131na yax\u0131n Bak\u0131 v\u0259 Ab\u015feronda qarl\u0131 hava \u015f\u0259raitinin olmas\u0131 istisna olunmur\u201d.<\/p>\n","protected":false},"author":2,"featured_media":787835,"comment_status":"closed","ping_status":"closed","sticky":false,"template":"","format":"standard","meta":{"om_disable_all_campaigns":false,"_monsterinsights_skip_tracking":false,"_monsterinsights_sitenote_active":false,"_monsterinsights_sitenote_note":"","_monsterinsights_sitenote_category":0},"categories":[1],"tags":[],"aioseo_notices":[],"gutentor_comment":0,"rttpg_featured_image_url":{"full":["https:\/\/arantv.az\/wp-content\/uploads\/2025\/02\/75a65064f29132ca0078c5ea0aa60710.jpg",870,500,false],"landscape":["https:\/\/arantv.az\/wp-content\/uploads\/2025\/02\/75a65064f29132ca0078c5ea0aa60710.jpg",870,500,false],"portraits":["https:\/\/arantv.az\/wp-content\/uploads\/2025\/02\/75a65064f29132ca0078c5ea0aa60710.jpg",870,500,false],"thumbnail":["https:\/\/arantv.az\/wp-content\/uploads\/2025\/02\/75a65064f29132ca0078c5ea0aa60710-500x280.jpg",500,280,true],"medium":["https:\/\/arantv.az\/wp-content\/uploads\/2025\/02\/75a65064f29132ca0078c5ea0aa60710-635x365.jpg",635,365,true],"large":["https:\/\/arantv.az\/wp-content\/uploads\/2025\/02\/75a65064f29132ca0078c5ea0aa60710-840x483.jpg",640,368,true],"1536x1536":["https:\/\/arantv.az\/wp-content\/uploads\/2025\/02\/75a65064f29132ca0078c5ea0aa60710.jpg",870,500,false],"2048x2048":["https:\/\/arantv.az\/wp-content\/uploads\/2025\/02\/75a65064f29132ca0078c5ea0aa60710.jpg",870,500,false],"post-thumbnail":["https:\/\/arantv.az\/wp-content\/uploads\/2025\/02\/75a65064f29132ca0078c5ea0aa60710-240x172.jpg",240,172,true],"advps-thumb-one":["https:\/\/arantv.az\/wp-content\/uploads\/2025\/02\/75a65064f29132ca0078c5ea0aa60710.jpg",870,500,false]},"rttpg_author":{"display_name":"V\u00fcsal Rafiqo\u011flu","author_link":"https:\/\/arantv.az\/?author=2"},"rttpg_comment":0,"rttpg_category":"<a href=\"https:\/\/arantv.az\/?cat=1\" rel=\"category\">C\u0259miyy\u0259t<\/a>","rttpg_excerpt":"N\u00f6vb\u0259ti g\u00fcnl\u0259rd\u0259 hava \u015f\u0259raitinin d\u0259yi\u015fm\u0259si, qeyri-sabit ke\u00e7m\u0259si g\u00f6zl\u0259nilir. ARANTV.AZ \u00a0x\u0259b\u0259r verir ki, bunu Milli Hidrometeorologiya Xidm\u0259tinin r\u0259isi Nazim Mahmudov &#8220;Ekspert saat\u0131&#8221;nda deyib. Onun s\u00f6zl\u0259rin\u0259 g\u00f6r\u0259, \u00f6lk\u0259y\u0259 \u015fimaldan soyuq hava k\u00fctl\u0259si daxil olacaq: \u201cAy\u0131n sonlar\u0131na yax\u0131n Bak\u0131 v\u0259 Ab\u015feronda qarl\u0131 hava \u015f\u0259raitinin olmas\u0131 istisna olunmur\u201d.","_links":{"self":[{"href":"https:\/\/arantv.az\/index.php?rest_route=\/wp\/v2\/posts\/787834"}],"collection":[{"href":"https:\/\/arantv.az\/index.php?rest_route=\/wp\/v2\/posts"}],"about":[{"href":"https:\/\/arantv.az\/index.php?rest_route=\/wp\/v2\/types\/post"}],"author":[{"embeddable":true,"href":"https:\/\/arantv.az\/index.php?rest_route=\/wp\/v2\/users\/2"}],"replies":[{"embeddable":true,"href":"https:\/\/arantv.az\/index.php?rest_route=%2Fwp%2Fv2%2Fcomments&post=787834"}],"version-history":[{"count":1,"href":"https:\/\/arantv.az\/index.php?rest_route=\/wp\/v2\/posts\/787834\/revisions"}],"predecessor-version":[{"id":787836,"href":"https:\/\/arantv.az\/index.php?rest_route=\/wp\/v2\/posts\/787834\/revisions\/787836"}],"wp:featuredmedia":[{"embeddable":true,"href":"https:\/\/arantv.az\/index.php?rest_route=\/wp\/v2\/media\/787835"}],"wp:attachment":[{"href":"https:\/\/arantv.az\/index.php?rest_route=%2Fwp%2Fv2%2Fmedia&parent=787834"}],"wp:term":[{"taxonomy":"category","embeddable":true,"href":"https:\/\/arantv.az\/index.php?rest_route=%2Fwp%2Fv2%2Fcategories&post=787834"},{"taxonomy":"post_tag","embeddable":true,"href":"https:\/\/arantv.az\/index.php?rest_route=%2Fwp%2Fv2%2Ftags&post=787834"}],"curies":[{"name":"wp","href":"https:\/\/api.w.org\/{rel}","templated":true}]}}