{"id":787837,"date":"2025-02-14T17:21:34","date_gmt":"2025-02-14T13:21:34","guid":{"rendered":"https:\/\/arantv.az\/?p=787837"},"modified":"2025-02-14T17:21:34","modified_gmt":"2025-02-14T13:21:34","slug":"mirz%c9%99-q%c9%99dim-ir%c9%99vaninin-200-illiyi-qeyd-edil%c9%99c%c9%99k-s%c9%99r%c9%99ncam","status":"publish","type":"post","link":"https:\/\/arantv.az\/?p=787837","title":{"rendered":"Mirz\u0259 Q\u0259dim \u0130r\u0259vaninin 200 illiyi qeyd edil\u0259c\u0259k &#8211; S\u018fR\u018fNCAM"},"content":{"rendered":"<div class=\"text-content\" data-id=\"\" data-url=\"\">\n<p><strong>Az\u0259rbaycan\u0131n g\u00f6rk\u0259mli r\u0259ssam\u0131, Az\u0259rbaycan d\u0259zgah boyakarl\u0131\u011f\u0131n\u0131n banisi Mirz\u0259 Q\u0259dim \u0130r\u0259vaninin 200 illiyi qeyd edil\u0259c\u0259k.<\/strong><\/p>\n<p><strong>ARANTV.AZ <\/strong>\u00a0x\u0259b\u0259r verir ki, Az\u0259rbaycan Prezidenti \u0130lham \u018fliyev bununla ba\u011fl\u0131 S\u0259r\u0259ncam imzalan\u0131b.<\/p>\n<p>S\u0259r\u0259ncamda bildirilir ki,\u00a0Mirz\u0259 Q\u0259dim M\u0259h\u0259mm\u0259dh\u00fcseyn o\u011flu \u0130r\u0259vaninin anadan olmas\u0131n\u0131n 200 ili tamam olur.<\/p>\n<p>Mirz\u0259 Q\u0259dim \u0130r\u0259vani Az\u0259rbaycan r\u0259ngkarl\u0131\u011f\u0131n\u0131n t\u0259\u015f\u0259kk\u00fcl\u00fcnd\u0259 \u0259h\u0259miyy\u0259tli rol oynam\u0131\u015f b\u00f6y\u00fck s\u0259n\u0259tkarlardand\u0131r. O, bir \u00e7ox sah\u0259l\u0259ri \u0259hat\u0259 ed\u0259n yarad\u0131c\u0131l\u0131\u011f\u0131nda klassik \u015e\u0259rq miniat\u00fcr\u00fc v\u0259 xalq s\u0259n\u0259tinin z\u0259ngin \u0259n\u0259n\u0259l\u0259rini Avropa realist boyakarl\u0131\u011f\u0131n\u0131n nailiyy\u0259tl\u0259ri il\u0259 ah\u0259ngdar \u015f\u0259kild\u0259 birl\u0259\u015fdir\u0259r\u0259k orijinal \u00fcslub formala\u015fd\u0131rm\u0131\u015f, Az\u0259rbaycan t\u0259sviri s\u0259n\u0259ti tarixind\u0259 yeni m\u0259rh\u0259l\u0259nin ba\u015flan\u011f\u0131c\u0131n\u0131 qoymu\u015fdur. R\u0259ssam\u0131n z\u0259rif koloritli nax\u0131\u015flarla v\u0259 ornamentli \u015f\u0259b\u0259k\u0259l\u0259rl\u0259 i\u015fl\u0259nmi\u015f, d\u0259rin b\u0259dii-estetik t\u0259sir g\u00fcc\u00fcn\u0259 malik tablolar\u0131, monumental portret v\u0259 kompozisiyalar\u0131 kamil s\u0259n\u0259t n\u00fcmun\u0259l\u0259ri kimi bu g\u00fcn d\u0259 y\u00fcks\u0259k d\u0259y\u0259rini qoruyub saxlay\u0131r.<\/p>\n<p>S\u0259r\u0259ncama \u0259sas\u0259n, Az\u0259rbaycan Respublikas\u0131n\u0131n M\u0259d\u0259niyy\u0259t Nazirliyi g\u00f6rk\u0259mli\u00a0\u0130r\u0259vaninin 200 illik yubileyi il\u0259 ba\u011fl\u0131 t\u0259dbirl\u0259r plan\u0131 haz\u0131rlay\u0131b h\u0259yata ke\u00e7irm\u0259li,\u00a0Az\u0259rbaycan Respublikas\u0131n\u0131n Nazirl\u0259r Kabineti bu S\u0259r\u0259ncamdan ir\u0259li g\u0259l\u0259n m\u0259s\u0259l\u0259l\u0259ri h\u0259ll etm\u0259lidir.<\/p>\n<\/div>\n<div><\/div>\n<div><\/div>\n<div class=\"inner-social-box\">\n<div class=\"subs-in-social subs-whatsapp\"><\/div>\n<\/div>\n","protected":false},"excerpt":{"rendered":"<p>Az\u0259rbaycan\u0131n g\u00f6rk\u0259mli r\u0259ssam\u0131, Az\u0259rbaycan d\u0259zgah boyakarl\u0131\u011f\u0131n\u0131n banisi Mirz\u0259 Q\u0259dim \u0130r\u0259vaninin 200 illiyi qeyd edil\u0259c\u0259k. ARANTV.AZ \u00a0x\u0259b\u0259r verir ki, Az\u0259rbaycan Prezidenti \u0130lham \u018fliyev bununla ba\u011fl\u0131 S\u0259r\u0259ncam imzalan\u0131b. S\u0259r\u0259ncamda bildirilir ki,\u00a0Mirz\u0259 Q\u0259dim M\u0259h\u0259mm\u0259dh\u00fcseyn o\u011flu \u0130r\u0259vaninin anadan olmas\u0131n\u0131n 200 ili tamam olur. Mirz\u0259 Q\u0259dim \u0130r\u0259vani Az\u0259rbaycan r\u0259ngkarl\u0131\u011f\u0131n\u0131n t\u0259\u015f\u0259kk\u00fcl\u00fcnd\u0259 \u0259h\u0259miyy\u0259tli rol oynam\u0131\u015f b\u00f6y\u00fck s\u0259n\u0259tkarlardand\u0131r. O, bir \u00e7ox sah\u0259l\u0259ri \u0259hat\u0259 ed\u0259n yarad\u0131c\u0131l\u0131\u011f\u0131nda klassik \u015e\u0259rq miniat\u00fcr\u00fc v\u0259 xalq s\u0259n\u0259tinin z\u0259ngin \u0259n\u0259n\u0259l\u0259rini Avropa realist boyakarl\u0131\u011f\u0131n\u0131n nailiyy\u0259tl\u0259ri il\u0259 ah\u0259ngdar \u015f\u0259kild\u0259 birl\u0259\u015fdir\u0259r\u0259k orijinal \u00fcslub formala\u015fd\u0131rm\u0131\u015f, Az\u0259rbaycan t\u0259sviri s\u0259n\u0259ti tarixind\u0259 yeni m\u0259rh\u0259l\u0259nin ba\u015flan\u011f\u0131c\u0131n\u0131 qoymu\u015fdur. R\u0259ssam\u0131n z\u0259rif koloritli nax\u0131\u015flarla v\u0259 ornamentli&hellip;<\/p>\n","protected":false},"author":2,"featured_media":787838,"comment_status":"closed","ping_status":"closed","sticky":false,"template":"","format":"standard","meta":{"om_disable_all_campaigns":false,"_monsterinsights_skip_tracking":false,"_monsterinsights_sitenote_active":false,"_monsterinsights_sitenote_note":"","_monsterinsights_sitenote_category":0},"categories":[4],"tags":[],"aioseo_notices":[],"gutentor_comment":0,"rttpg_featured_image_url":{"full":["https:\/\/arantv.az\/wp-content\/uploads\/2025\/02\/134d044e083867483e6e38b04fcb2f17-1.png",637,400,false],"landscape":["https:\/\/arantv.az\/wp-content\/uploads\/2025\/02\/134d044e083867483e6e38b04fcb2f17-1.png",637,400,false],"portraits":["https:\/\/arantv.az\/wp-content\/uploads\/2025\/02\/134d044e083867483e6e38b04fcb2f17-1.png",637,400,false],"thumbnail":["https:\/\/arantv.az\/wp-content\/uploads\/2025\/02\/134d044e083867483e6e38b04fcb2f17-1-500x280.png",500,280,true],"medium":["https:\/\/arantv.az\/wp-content\/uploads\/2025\/02\/134d044e083867483e6e38b04fcb2f17-1-581x365.png",581,365,true],"large":["https:\/\/arantv.az\/wp-content\/uploads\/2025\/02\/134d044e083867483e6e38b04fcb2f17-1.png",637,400,false],"1536x1536":["https:\/\/arantv.az\/wp-content\/uploads\/2025\/02\/134d044e083867483e6e38b04fcb2f17-1.png",637,400,false],"2048x2048":["https:\/\/arantv.az\/wp-content\/uploads\/2025\/02\/134d044e083867483e6e38b04fcb2f17-1.png",637,400,false],"post-thumbnail":["https:\/\/arantv.az\/wp-content\/uploads\/2025\/02\/134d044e083867483e6e38b04fcb2f17-1-240x172.png",240,172,true],"advps-thumb-one":["https:\/\/arantv.az\/wp-content\/uploads\/2025\/02\/134d044e083867483e6e38b04fcb2f17-1.png",637,400,false]},"rttpg_author":{"display_name":"V\u00fcsal Rafiqo\u011flu","author_link":"https:\/\/arantv.az\/?author=2"},"rttpg_comment":0,"rttpg_category":"<a href=\"https:\/\/arantv.az\/?cat=4\" rel=\"category\">Siyas\u0259t<\/a>","rttpg_excerpt":"Az\u0259rbaycan\u0131n g\u00f6rk\u0259mli r\u0259ssam\u0131, Az\u0259rbaycan d\u0259zgah boyakarl\u0131\u011f\u0131n\u0131n banisi Mirz\u0259 Q\u0259dim \u0130r\u0259vaninin 200 illiyi qeyd edil\u0259c\u0259k. ARANTV.AZ \u00a0x\u0259b\u0259r verir ki, Az\u0259rbaycan Prezidenti \u0130lham \u018fliyev bununla ba\u011fl\u0131 S\u0259r\u0259ncam imzalan\u0131b. S\u0259r\u0259ncamda bildirilir ki,\u00a0Mirz\u0259 Q\u0259dim M\u0259h\u0259mm\u0259dh\u00fcseyn o\u011flu \u0130r\u0259vaninin anadan olmas\u0131n\u0131n 200 ili tamam olur. Mirz\u0259 Q\u0259dim \u0130r\u0259vani Az\u0259rbaycan r\u0259ngkarl\u0131\u011f\u0131n\u0131n t\u0259\u015f\u0259kk\u00fcl\u00fcnd\u0259 \u0259h\u0259miyy\u0259tli rol oynam\u0131\u015f b\u00f6y\u00fck s\u0259n\u0259tkarlardand\u0131r. O, bir \u00e7ox sah\u0259l\u0259ri \u0259hat\u0259&hellip;","_links":{"self":[{"href":"https:\/\/arantv.az\/index.php?rest_route=\/wp\/v2\/posts\/787837"}],"collection":[{"href":"https:\/\/arantv.az\/index.php?rest_route=\/wp\/v2\/posts"}],"about":[{"href":"https:\/\/arantv.az\/index.php?rest_route=\/wp\/v2\/types\/post"}],"author":[{"embeddable":true,"href":"https:\/\/arantv.az\/index.php?rest_route=\/wp\/v2\/users\/2"}],"replies":[{"embeddable":true,"href":"https:\/\/arantv.az\/index.php?rest_route=%2Fwp%2Fv2%2Fcomments&post=787837"}],"version-history":[{"count":1,"href":"https:\/\/arantv.az\/index.php?rest_route=\/wp\/v2\/posts\/787837\/revisions"}],"predecessor-version":[{"id":787839,"href":"https:\/\/arantv.az\/index.php?rest_route=\/wp\/v2\/posts\/787837\/revisions\/787839"}],"wp:featuredmedia":[{"embeddable":true,"href":"https:\/\/arantv.az\/index.php?rest_route=\/wp\/v2\/media\/787838"}],"wp:attachment":[{"href":"https:\/\/arantv.az\/index.php?rest_route=%2Fwp%2Fv2%2Fmedia&parent=787837"}],"wp:term":[{"taxonomy":"category","embeddable":true,"href":"https:\/\/arantv.az\/index.php?rest_route=%2Fwp%2Fv2%2Fcategories&post=787837"},{"taxonomy":"post_tag","embeddable":true,"href":"https:\/\/arantv.az\/index.php?rest_route=%2Fwp%2Fv2%2Ftags&post=787837"}],"curies":[{"name":"wp","href":"https:\/\/api.w.org\/{rel}","templated":true}]}}