{"id":787843,"date":"2025-02-14T17:56:37","date_gmt":"2025-02-14T13:56:37","guid":{"rendered":"https:\/\/arantv.az\/?p=787843"},"modified":"2025-02-17T10:03:37","modified_gmt":"2025-02-17T06:03:37","slug":"t%c9%99z%c9%99-k%c9%99silmis-%c9%99ti-yem%c9%99k-z%c9%99r%c9%99rlidirmi-coxu-bunu-bilmir-2","status":"publish","type":"post","link":"https:\/\/arantv.az\/?p=787843","title":{"rendered":"Az\u0259rbaycan \u015eanxay \u018fm\u0259kda\u015fl\u0131q T\u0259\u015fkilat\u0131 il\u0259 \u00e7ox yax\u015f\u0131 v\u0259 dost m\u00fcnasib\u0259tl\u0259ri var."},"content":{"rendered":"<p>2024-ci ild\u0259 Az\u0259rbaycan\u0131n bir s\u0131ra d\u00f6vl\u0259tl\u0259rl\u0259 m\u00fcnasib\u0259tl\u0259ri artan dinamika il\u0259 inki\u015faf etdi v\u0259 \u0259laq\u0259l\u0259r daha da g\u00fccl\u0259ndi. Bel\u0259 d\u00f6vl\u0259tl\u0259rd\u0259n biri d\u0259 \u00c7in Xalq Respublikas\u0131d\u0131r. Az\u0259rbaycan \u00c7in il\u0259 m\u00fcnasib\u0259tl\u0259r\u0259 h\u0259r zaman x\u00fcsusi \u00f6n\u0259m verib, burada h\u0259m q\u0259dim tarix\u0259 malik ba\u011flar, h\u0259m m\u00fcst\u0259qillik d\u00f6vr\u00fcnd\u0259n bu yana dostlu\u011fa, t\u0259r\u0259fda\u015fl\u0131\u011fa \u0259saslanan m\u00fcnasib\u0259tl\u0259r m\u00fch\u00fcm rol oynay\u0131r. Tarixi q\u0259dim \u0130p\u0259k yolu d\u00f6vr\u00fcn\u0259 gedib \u00e7\u0131xan Az\u0259rbaycan-\u00c7in m\u00fcnasib\u0259tl\u0259ri \u00f6lk\u0259miz m\u00fcst\u0259qilliyini b\u0259rpa etdikd\u0259n sonra yeni m\u0259rh\u0259l\u0259y\u0259 q\u0259d\u0259m qoyub. Bu il \u00c7in Az\u0259rbaycan m\u00fcnasib\u0259tl\u0259ri \u00fc\u00e7\u00fcn x\u00fcsusil\u0259 \u00f6n\u0259mli oldu. Bel\u0259 ki, cari ilin 3 iyul tarixind\u0259 \u015eanxay \u018fm\u0259kda\u015fl\u0131q T\u0259\u015fkilat\u0131n\u0131n Astanada ke\u00e7iril\u0259n Zirv\u0259 toplant\u0131s\u0131 \u00e7\u0259r\u00e7iv\u0259sind\u0259 &#8220;Az\u0259rbaycan Respublikas\u0131 il\u0259 \u00c7in Xalq Respublikas\u0131 aras\u0131nda strateji t\u0259r\u0259fda\u015fl\u0131\u011f\u0131n qurulmas\u0131 haqq\u0131nda Birg\u0259 B\u0259yannam\u0259&#8221; q\u0259bul olundu. S\u0259n\u0259dd\u0259 iki \u00f6lk\u0259 aras\u0131nda diplomatik m\u00fcnasib\u0259tl\u0259rin quruldu\u011fu 2 aprel 1992-ci ild\u0259n etibar\u0259n \u0259m\u0259kda\u015fl\u0131\u011f\u0131n m\u00fcxt\u0259lif sah\u0259l\u0259rd\u0259 s\u0259m\u0259r\u0259li n\u0259tic\u0259l\u0259r verdiyi qeyd olunub. Bundan ba\u015fqa t\u0259r\u0259fl\u0259r beyn\u0259lxalq v\u0259 regional<br \/>\nv\u0259ziyy\u0259tin tektonik v\u0259 m\u00fcr\u0259kk\u0259b inki\u015faf\u0131 fonunda siyasi, iqtisadi v\u0259 m\u0259d\u0259ni sah\u0259l\u0259rd\u0259 \u0259m\u0259kda\u015fl\u0131\u011f\u0131 geni\u015fl\u0259ndirm\u0259y\u0259, beyn\u0259lxalq m\u0259s\u0259l\u0259l\u0259rd\u0259 qar\u015f\u0131l\u0131ql\u0131 f\u0259aliyy\u0259ti g\u00fccl\u0259ndirm\u0259y\u0259, iki \u00f6lk\u0259nin \u00fcmumi maraqlar\u0131n\u0131 birg\u0259 qoruma\u011fa, h\u0259m\u00e7inin regional v\u0259 qlobal s\u00fclh, sabitlik v\u0259 inki\u015faf f\u0259aliyy\u0259tini birg\u0259 ir\u0259lil\u0259tm\u0259y\u0259 dair raz\u0131l\u0131q \u0259ld\u0259 edibl\u0259r. Vur\u011fulan\u0131b ki, t\u0259r\u0259fl\u0259r strateji t\u0259r\u0259fda\u015fl\u0131q qurur, ikit\u0259r\u0259fli m\u00fcnasib\u0259tl\u0259rin t\u0259m\u0259l prinsipl\u0259ri olan qar\u015f\u0131l\u0131ql\u0131 h\u00f6rm\u0259t,<br \/>\nb\u0259rab\u0259rlik, etimad, qar\u015f\u0131l\u0131ql\u0131 d\u0259st\u0259k, qar\u015f\u0131l\u0131ql\u0131 fayda v\u0259 \u0259m\u0259kda\u015fl\u0131qdan \u00e7\u0131x\u0131\u015f edirl\u0259r. Az\u0259rbaycan v\u0259 \u00c7in xarici amill\u0259rd\u0259n as\u0131l\u0131 olmayaraq ikit\u0259r\u0259fli m\u00fcnasib\u0259tl\u0259r \u00fczr\u0259 siyas\u0259tl\u0259rini m\u00fcst\u0259qil \u015f\u0259kild\u0259 m\u00fc\u0259yy\u0259n edirl\u0259r. \u018fn m\u00fch\u00fcm m\u0259qamlardan biri iki d\u00f6vl\u0259tin \u0259razi b\u00fct\u00f6vl\u00fcy\u00fcn\u0259 v\u0259 suverenliy\u0259 qar\u015f\u0131l\u0131ql\u0131 h\u00f6rm\u0259t, h\u00fccum etm\u0259m\u0259k, daxili i\u015fl\u0259r\u0259 qar\u0131\u015fmamaq, b\u0259rab\u0259rlik, qar\u015f\u0131l\u0131ql\u0131 fayda<br \/>\nv\u0259 dinc birg\u0259ya\u015fay\u0131\u015fa sadiq olduqlar\u0131n\u0131 t\u0259sdiql\u0259m\u0259l\u0259ridir. Az\u0259rbaycan t\u0259r\u0259fi &#8220;Vahid \u00c7in&#8221; prinsipini q\u0259tiyy\u0259tl\u0259 d\u0259st\u0259kl\u0259yir, d\u00fcnyada yaln\u0131z bir \u00c7inin m\u00f6vcudlu\u011funu, Tayvan\u0131n \u00c7in \u0259razisinin ayr\u0131lmaz bir hiss\u0259si oldu\u011funu tan\u0131y\u0131r, h\u00f6kum\u0259tin \u00c7inin birl\u0259\u015fdirilm\u0259si istiqam\u0259tind\u0259 s\u0259yl\u0259rini d\u0259st\u0259kl\u0259yir. \u00c7in t\u0259r\u0259fi is\u0259 Az\u0259rbaycan\u0131n s\u00fclh g\u00fcnd\u0259liyini q\u0259tiyy\u0259tl\u0259 d\u0259st\u0259kl\u0259yir v\u0259 konfrontasiyan\u0131n<br \/>\nsaxlanmas\u0131na y\u00f6n\u0259lmi\u015f geosiyasi intriqalar\u0131 qeyri-s\u0259m\u0259r\u0259li hesab edir. \u00c7in son ill\u0259rd\u0259 regionda, ist\u0259r Yax\u0131n \u015e\u0259rqd\u0259, ist\u0259r C\u0259nubi Qafqazda ist\u0259r M\u0259rk\u0259zi Asiyada f\u0259al siyas\u0259t h\u0259yata ke\u00e7irir. Bu siyas\u0259tin konturlar\u0131 iqtisadi v\u0259 n\u0259qliyyat sah\u0259l\u0259rind\u0259n d\u0259 g\u00f6r\u00fcn\u00fcr. N\u0259qliyyat sah\u0259sind\u0259 Az\u0259rbaycanla \u00c7ini birl\u0259\u015fdir\u0259n Orta D\u0259hliz v\u0259 \u00c7inin &#8220;Bir k\u0259m\u0259r, bir yol layih\u0259si var&#8221;. \u018fsas h\u0259d\u0259fl\u0259rd\u0259n biri T\u00fcrk D\u00f6vl\u0259tl\u0259ri T\u0259\u015fkilat\u0131 \u00e7\u0259r\u00e7iv\u0259sind\u0259 iki n\u0259qliyyat x\u0259ttini<br \/>\nbirl\u0259\u015fdirib aktivliyi art\u0131rmaqd\u0131r. Son g\u00fcnl\u0259rd\u0259 regionumuzda c\u0259r\u0259yan ed\u0259n geosiyasi hadis\u0259l\u0259r, eyni zamanda T\u00fcrk D\u00f6vl\u0259tl\u0259ri T\u0259\u015fkilat\u0131 \u00e7\u0259r\u00e7iv\u0259sind\u0259 OrtaD\u0259hlizin aktivliyinin art\u0131r\u0131lmas\u0131 istiqam\u0259tind\u0259 al\u0131nan q\u0259rarlar bura diqq\u0259tl\u0259ri daha da art\u0131rd\u0131. \u0130ndiki \u0259sas h\u0259d\u0259fl\u0259rd\u0259n biri \u00c7inl\u0259 Az\u0259rbaycan\u0131n bu ortaq layih\u0259l\u0259rini art\u0131rmaqd\u0131r. M\u0259rk\u0259zi Asiya \u00f6lk\u0259l\u0259rinin d\u0259 bu \u00e7\u0259r\u00e7iv\u0259d\u0259 m\u00fc\u0259yy\u0259n layih\u0259l\u0259ri var ki, \u00c7inl\u0259 Avropa aras\u0131nda y\u00fckda\u015f\u0131malar\u0131nda aktiv rol oynas\u0131nlar.<br \/>\nB\u00fct\u00fcn bu x\u0259tl\u0259r is\u0259 g\u0259lib Az\u0259rbaycan\u0131n \u00fcz\u0259rind\u0259n ke\u00e7ir. \u018flb\u0259tt\u0259 ki, regiondak\u0131 G\u00fcc balans\u0131 bax\u0131m\u0131ndan v\u0259 \u00e7oxvektorlu xarici siyas\u0259timizi n\u0259z\u0259r\u0259 ald\u0131qda, \u00c7ini diqq\u0259td\u0259n k\u0259narda saxlamaq m\u00fcmk\u00fcn deyil. Bu \u00e7\u0259r\u00e7iv\u0259d\u0259 2025-ci ild\u0259 v\u0259 sonrak\u0131 ill\u0259rd\u0259 d\u0259 Az\u0259rbaycanla \u00c7in aras\u0131nda m\u00fcnasib\u0259tl\u0259rin inki\u015faf ed\u0259c\u0259yini d\u00fc\u015f\u00fcn\u00fcr\u00fck.<br \/>\nB\u00fct\u00f6vl\u00fckd\u0259, Az\u0259rbaycan-\u00c7in \u0259laq\u0259l\u0259rinin inki\u015faf\u0131nda d\u00f6vl\u0259t ba\u015f\u00e7\u0131lar\u0131n\u0131n \u015f\u0259xsi dostluq m\u00fcnasib\u0259tl\u0259ri d\u0259 m\u00fch\u00fcm rol oynay\u0131r. T\u0259sad\u00fcfi deyil ki, \u00c7in Xalq Respublikas\u0131n\u0131n S\u0259dri Si Szinpin Az\u0259rbaycan Prezidenti \u0130lham \u018fliyevi \u00c7inin \u201cb\u00f6y\u00fck dostu\u201d adland\u0131r\u0131b. B\u00fct\u00fcn bunlar g\u00f6st\u0259rir ki, \u00f6lk\u0259l\u0259rimiz aras\u0131nda siyasi<br \/>\n\u0259laq\u0259l\u0259rin s\u0259viyy\u0259si \u00e7ox y\u00fcks\u0259kdir. El\u0259c\u0259 d\u0259, iqtisadi-ticar\u0259t m\u00fcnasib\u0259tl\u0259ri d\u0259 q\u0259na\u0259tb\u0259x\u015fdir. Bundan ba\u015fqa, \u00c7in COP29-un \u00f6lk\u0259mizd\u0259 ke\u00e7irilm\u0259sini d\u0259 y\u00fcks\u0259k s\u0259viyy\u0259d\u0259 d\u0259st\u0259kl\u0259y\u0259n d\u00f6vl\u0259tl\u0259r s\u0131ras\u0131nda olub. \u00c7in Xalq Respublikas\u0131n\u0131n da b\u00f6y\u00fck n\u00fcmay\u0259nd\u0259 hey\u0259ti il\u0259 i\u015ftirak\u0131 \u00f6lk\u0259mizin iqlim d\u0259yi\u015fiklikl\u0259ri il\u0259 qlobal m\u00fcbariz\u0259d\u0259 m\u00f6vqeyinin g\u00f6st\u0259ricisi olmaqla yana\u015f\u0131, Az\u0259rbaycana olan isti m\u00fcnasib\u0259tinin ifad\u0259sidir. Bu m\u00fcnasib\u0259tl\u0259r beyn\u0259lxalq<br \/>\nplatformalar \u00e7\u0259r\u00e7iv\u0259sind\u0259 d\u0259 u\u011furludur. H\u0259r iki \u00f6lk\u0259 beyn\u0259lxalq m\u00fcst\u0259vid\u0259 bir- birinin \u0259razi b\u00fct\u00f6vl\u00fcy\u00fcn\u00fc d\u0259st\u0259kl\u0259yib v\u0259 bu g\u00fcn d\u0259 d\u0259st\u0259kl\u0259yir. \u00dcmid edirik ki, Az\u0259rbaycan d\u00f6vl\u0259ti il\u0259 \u00c7in d\u00f6vl\u0259ti aras\u0131nda \u0259m\u0259kda\u015fl\u0131q bundan sonra da y\u00fcks\u0259l\u0259n x\u0259tl\u0259 inki\u015faf ed\u0259c\u0259kdir. Az\u0259rbaycan v\u0259 \u00c7in dostlu\u011fu ill\u0259r \u00f6ts\u0259 d\u0259 davam ed\u0259c\u0259k v\u0259 daha da geni\u015fl\u0259n\u0259c\u0259k.<\/p>\n<p>Xan\u0131m B\u0259hr\u0259mova.- B\u0259rd\u0259 \u015f\u0259h\u0259ri E.K\u0259rimov ad\u0131na 4 n\u00f6mr\u0259li tam orta m\u0259kt\u0259bin Az\u0259rbaycan dili v\u0259 \u0259d\u0259biyyat m\u00fc\u0259llimi<\/p>\n","protected":false},"excerpt":{"rendered":"<p>2024-ci ild\u0259 Az\u0259rbaycan\u0131n bir s\u0131ra d\u00f6vl\u0259tl\u0259rl\u0259 m\u00fcnasib\u0259tl\u0259ri artan dinamika il\u0259 inki\u015faf etdi v\u0259 \u0259laq\u0259l\u0259r daha da g\u00fccl\u0259ndi. Bel\u0259 d\u00f6vl\u0259tl\u0259rd\u0259n biri d\u0259 \u00c7in Xalq Respublikas\u0131d\u0131r. Az\u0259rbaycan \u00c7in il\u0259 m\u00fcnasib\u0259tl\u0259r\u0259 h\u0259r zaman x\u00fcsusi \u00f6n\u0259m verib, burada h\u0259m q\u0259dim tarix\u0259 malik ba\u011flar, h\u0259m m\u00fcst\u0259qillik d\u00f6vr\u00fcnd\u0259n bu yana dostlu\u011fa, t\u0259r\u0259fda\u015fl\u0131\u011fa \u0259saslanan m\u00fcnasib\u0259tl\u0259r m\u00fch\u00fcm rol oynay\u0131r. Tarixi q\u0259dim \u0130p\u0259k yolu d\u00f6vr\u00fcn\u0259 gedib \u00e7\u0131xan Az\u0259rbaycan-\u00c7in m\u00fcnasib\u0259tl\u0259ri \u00f6lk\u0259miz m\u00fcst\u0259qilliyini b\u0259rpa etdikd\u0259n sonra yeni m\u0259rh\u0259l\u0259y\u0259 q\u0259d\u0259m qoyub. Bu il \u00c7in Az\u0259rbaycan m\u00fcnasib\u0259tl\u0259ri \u00fc\u00e7\u00fcn x\u00fcsusil\u0259 \u00f6n\u0259mli oldu. Bel\u0259 ki, cari ilin 3 iyul tarixind\u0259 \u015eanxay \u018fm\u0259kda\u015fl\u0131q T\u0259\u015fkilat\u0131n\u0131n Astanada ke\u00e7iril\u0259n&hellip;<\/p>\n","protected":false},"author":2,"featured_media":788152,"comment_status":"closed","ping_status":"closed","sticky":false,"template":"","format":"standard","meta":{"om_disable_all_campaigns":false,"_monsterinsights_skip_tracking":false,"_monsterinsights_sitenote_active":false,"_monsterinsights_sitenote_note":"","_monsterinsights_sitenote_category":0},"categories":[19],"tags":[],"aioseo_notices":[],"gutentor_comment":0,"rttpg_featured_image_url":{"full":["https:\/\/arantv.az\/wp-content\/uploads\/2025\/02\/cb1fae66-28a0-49c6-93f5-9ffada82712e.jpg",850,530,false],"landscape":["https:\/\/arantv.az\/wp-content\/uploads\/2025\/02\/cb1fae66-28a0-49c6-93f5-9ffada82712e.jpg",850,530,false],"portraits":["https:\/\/arantv.az\/wp-content\/uploads\/2025\/02\/cb1fae66-28a0-49c6-93f5-9ffada82712e.jpg",850,530,false],"thumbnail":["https:\/\/arantv.az\/wp-content\/uploads\/2025\/02\/cb1fae66-28a0-49c6-93f5-9ffada82712e-500x280.jpg",500,280,true],"medium":["https:\/\/arantv.az\/wp-content\/uploads\/2025\/02\/cb1fae66-28a0-49c6-93f5-9ffada82712e-585x365.jpg",585,365,true],"large":["https:\/\/arantv.az\/wp-content\/uploads\/2025\/02\/cb1fae66-28a0-49c6-93f5-9ffada82712e-840x524.jpg",640,399,true],"1536x1536":["https:\/\/arantv.az\/wp-content\/uploads\/2025\/02\/cb1fae66-28a0-49c6-93f5-9ffada82712e.jpg",850,530,false],"2048x2048":["https:\/\/arantv.az\/wp-content\/uploads\/2025\/02\/cb1fae66-28a0-49c6-93f5-9ffada82712e.jpg",850,530,false],"post-thumbnail":["https:\/\/arantv.az\/wp-content\/uploads\/2025\/02\/cb1fae66-28a0-49c6-93f5-9ffada82712e-240x172.jpg",240,172,true],"advps-thumb-one":["https:\/\/arantv.az\/wp-content\/uploads\/2025\/02\/cb1fae66-28a0-49c6-93f5-9ffada82712e.jpg",850,530,false]},"rttpg_author":{"display_name":"V\u00fcsal Rafiqo\u011flu","author_link":"https:\/\/arantv.az\/?author=2"},"rttpg_comment":0,"rttpg_category":"<a href=\"https:\/\/arantv.az\/?cat=19\" rel=\"category\">G\u00fcnd\u0259m<\/a>","rttpg_excerpt":"2024-ci ild\u0259 Az\u0259rbaycan\u0131n bir s\u0131ra d\u00f6vl\u0259tl\u0259rl\u0259 m\u00fcnasib\u0259tl\u0259ri artan dinamika il\u0259 inki\u015faf etdi v\u0259 \u0259laq\u0259l\u0259r daha da g\u00fccl\u0259ndi. Bel\u0259 d\u00f6vl\u0259tl\u0259rd\u0259n biri d\u0259 \u00c7in Xalq Respublikas\u0131d\u0131r. Az\u0259rbaycan \u00c7in il\u0259 m\u00fcnasib\u0259tl\u0259r\u0259 h\u0259r zaman x\u00fcsusi \u00f6n\u0259m verib, burada h\u0259m q\u0259dim tarix\u0259 malik ba\u011flar, h\u0259m m\u00fcst\u0259qillik d\u00f6vr\u00fcnd\u0259n bu yana dostlu\u011fa, t\u0259r\u0259fda\u015fl\u0131\u011fa \u0259saslanan m\u00fcnasib\u0259tl\u0259r m\u00fch\u00fcm rol oynay\u0131r. Tarixi q\u0259dim \u0130p\u0259k yolu&hellip;","_links":{"self":[{"href":"https:\/\/arantv.az\/index.php?rest_route=\/wp\/v2\/posts\/787843"}],"collection":[{"href":"https:\/\/arantv.az\/index.php?rest_route=\/wp\/v2\/posts"}],"about":[{"href":"https:\/\/arantv.az\/index.php?rest_route=\/wp\/v2\/types\/post"}],"author":[{"embeddable":true,"href":"https:\/\/arantv.az\/index.php?rest_route=\/wp\/v2\/users\/2"}],"replies":[{"embeddable":true,"href":"https:\/\/arantv.az\/index.php?rest_route=%2Fwp%2Fv2%2Fcomments&post=787843"}],"version-history":[{"count":3,"href":"https:\/\/arantv.az\/index.php?rest_route=\/wp\/v2\/posts\/787843\/revisions"}],"predecessor-version":[{"id":788153,"href":"https:\/\/arantv.az\/index.php?rest_route=\/wp\/v2\/posts\/787843\/revisions\/788153"}],"wp:featuredmedia":[{"embeddable":true,"href":"https:\/\/arantv.az\/index.php?rest_route=\/wp\/v2\/media\/788152"}],"wp:attachment":[{"href":"https:\/\/arantv.az\/index.php?rest_route=%2Fwp%2Fv2%2Fmedia&parent=787843"}],"wp:term":[{"taxonomy":"category","embeddable":true,"href":"https:\/\/arantv.az\/index.php?rest_route=%2Fwp%2Fv2%2Fcategories&post=787843"},{"taxonomy":"post_tag","embeddable":true,"href":"https:\/\/arantv.az\/index.php?rest_route=%2Fwp%2Fv2%2Ftags&post=787843"}],"curies":[{"name":"wp","href":"https:\/\/api.w.org\/{rel}","templated":true}]}}