{"id":787854,"date":"2025-02-14T18:01:29","date_gmt":"2025-02-14T14:01:29","guid":{"rendered":"https:\/\/arantv.az\/?p=787854"},"modified":"2025-02-14T18:01:29","modified_gmt":"2025-02-14T14:01:29","slug":"mina-qurbanlarina-h%c9%99sr-olunan-elektron-fotokitab-hazirlanib","status":"publish","type":"post","link":"https:\/\/arantv.az\/?p=787854","title":{"rendered":"Mina qurbanlar\u0131na h\u0259sr olunan elektron fotokitab haz\u0131rlan\u0131b"},"content":{"rendered":"<p>Az\u0259rbaycanda mina terrorunun qurbanlar\u0131 haqq\u0131nda elektron fotokitab haz\u0131rlan\u0131b. \u201cGilavar Foto Klubu\u201d \u0130ctimai Birliyi t\u0259r\u0259find\u0259n \u201cD\u00fcym\u0259ni s\u0131xan ayaqlar\u201d adl\u0131 n\u0259\u015fr bu m\u00f6vzuda haz\u0131rlanan v\u0259 m\u00fch\u00fcm \u0259h\u0259miyy\u0259t\u0259 malik v\u0259saitl\u0259rd\u0259n biridir.<\/p>\n<p>\u0130ctimai Birlikd\u0259n\u00a0<a class=\"azertac-link\" href=\"https:\/\/azertag.az\/\" target=\"_blank\" rel=\"noopener\">AZ\u018fRTAC<\/a>-a veril\u0259n m\u0259lumata g\u00f6r\u0259, Az\u0259rbaycan v\u0259 ingilis dill\u0259rind\u0259 haz\u0131rlanan kitab \u00f6n s\u00f6z, mina qurbanlar\u0131, xronologiya v\u0259 statistik m\u0259lumatlardan ibar\u0259tdir.<\/p>\n<p>Mina v\u0259 partlamam\u0131\u015f h\u0259rbi sursatlar\u0131n t\u00f6r\u0259tdiyi f\u0259sadlar haqq\u0131nda m\u00fcf\u0259ss\u0259l m\u0259lumat ver\u0259n kitab\u0131n \u00f6n s\u00f6z\u00fcn\u00fcn m\u00fc\u0259llifl\u0259ri Az\u0259rbaycan Respublikas\u0131n\u0131n Qeyri-H\u00f6kum\u0259t T\u0259\u015fkilatlar\u0131na D\u00f6vl\u0259t D\u0259st\u0259yi Agentliyinin icra\u00e7\u0131 direktoru Ayg\u00fcn \u018fliyeva v\u0259 Az\u0259rbaycan Respublikas\u0131 Minat\u0259mizl\u0259m\u0259 Agentliyinin \u0130dar\u0259 Hey\u0259tinin (ANAMA) s\u0259dri V\u00fcqar S\u00fcleymanovdur.<\/p>\n<p>Fotokitabda 30 ild\u0259n art\u0131q d\u00f6vrd\u0259 mina v\u0259 partlamam\u0131\u015f h\u0259rbi sursatlar\u0131n partlamas\u0131 n\u0259tic\u0259sind\u0259 x\u0259sar\u0259t alan v\u0259 h\u0259lak olanlar\u0131n fotolar\u0131, onlar\u0131n ac\u0131 h\u0259yat hekay\u0259l\u0259ri \u0259ks olunub. Hekay\u0259 q\u0259hr\u0259manlar\u0131 h\u0259min hadis\u0259 g\u00fcn\u00fcn\u00fc bir daha xat\u0131rlayaraq, onu \u00f6z dill\u0259rind\u0259n dan\u0131\u015f\u0131rlar.<\/p>\n<p>V\u0259t\u0259n m\u00fcharib\u0259sind\u0259n ba\u015flayaraq 2024-c\u00fc ilin dekabr\u0131na kimi olan d\u00f6vrd\u0259 ba\u015f ver\u0259n mina partlay\u0131\u015f\u0131 hadis\u0259l\u0259ri xronoloji ard\u0131c\u0131ll\u0131qla qeyd olunub. Statistika hiss\u0259sind\u0259 son d\u00f6rd ild\u0259 \u0259n \u00e7ox mina hadis\u0259si ba\u015f ver\u0259n \u0259razil\u0259rin, k\u0259ndl\u0259rin siyah\u0131s\u0131, ANAMA t\u0259r\u0259find\u0259n t\u0259qdim olunan r\u0259q\u0259ml\u0259r verilib. 1991-ci ild\u0259n indiy\u0259 kimi, 3400-d\u0259n art\u0131q mina qurban\u0131 var. Onlardan 359-u u\u015faq, 38-i qad\u0131nd\u0131r. 2020-ci ilin noyabr\u0131ndan sonra ba\u015f ver\u0259n mina hadis\u0259l\u0259ri zaman\u0131 qurbanlar\u0131n say\u0131 382 n\u0259f\u0259r t\u0259\u015fkil edir. Onlardan 70-i h\u0259lak olub, 312-si is\u0259 x\u0259sar\u0259t al\u0131b.<\/p>\n<p>Layih\u0259nin r\u0259hb\u0259ri R\u0259\u015fad Mehdiyev, fotokitab\u0131n ba\u015f redaktoru Dilav\u0259r N\u0259c\u0259fov, Az\u0259rbaycan dili \u00fczr\u0259 redaktoru Ayg\u00fcn \u018fhm\u0259dova, ingilis dili \u00fczr\u0259 redaktoru Esmira \u018fliyeva, fotoredaktoru is\u0259 Roman \u0130smay\u0131lovdur. Kitab\u0131n i\u00e7\u0259risind\u0259 \u0259ks olunan fotolar\u0131n m\u00fc\u0259llifi m\u00fcharib\u0259 fotoqraf\u0131 Famil Mahmudb\u0259ylidir.<\/p>\n<p>Qeyd ed\u0259k ki, fotokitab \u201cGilavar Foto Klubu\u201d \u0130ctimai Birliyinin \u201cT\u0259hl\u00fck\u0259nin kulM\u0130NAsiya n\u00f6qt\u0259si\u201d layih\u0259si \u00e7\u0259r\u00e7iv\u0259sind\u0259 haz\u0131rlan\u0131b. Layih\u0259 Az\u0259rbaycan Respublikas\u0131n\u0131n Qeyri-H\u00f6kum\u0259t T\u0259\u015fkilatlar\u0131na D\u00f6vl\u0259t D\u0259st\u0259yi Agentliyinin maliyy\u0259 d\u0259st\u0259yi il\u0259 h\u0259yata ke\u00e7irilib.<\/p>\n","protected":false},"excerpt":{"rendered":"<p>Az\u0259rbaycanda mina terrorunun qurbanlar\u0131 haqq\u0131nda elektron fotokitab haz\u0131rlan\u0131b. \u201cGilavar Foto Klubu\u201d \u0130ctimai Birliyi t\u0259r\u0259find\u0259n \u201cD\u00fcym\u0259ni s\u0131xan ayaqlar\u201d adl\u0131 n\u0259\u015fr bu m\u00f6vzuda haz\u0131rlanan v\u0259 m\u00fch\u00fcm \u0259h\u0259miyy\u0259t\u0259 malik v\u0259saitl\u0259rd\u0259n biridir. \u0130ctimai Birlikd\u0259n\u00a0AZ\u018fRTAC-a veril\u0259n m\u0259lumata g\u00f6r\u0259, Az\u0259rbaycan v\u0259 ingilis dill\u0259rind\u0259 haz\u0131rlanan kitab \u00f6n s\u00f6z, mina qurbanlar\u0131, xronologiya v\u0259 statistik m\u0259lumatlardan ibar\u0259tdir. Mina v\u0259 partlamam\u0131\u015f h\u0259rbi sursatlar\u0131n t\u00f6r\u0259tdiyi f\u0259sadlar haqq\u0131nda m\u00fcf\u0259ss\u0259l m\u0259lumat ver\u0259n kitab\u0131n \u00f6n s\u00f6z\u00fcn\u00fcn m\u00fc\u0259llifl\u0259ri Az\u0259rbaycan Respublikas\u0131n\u0131n Qeyri-H\u00f6kum\u0259t T\u0259\u015fkilatlar\u0131na D\u00f6vl\u0259t D\u0259st\u0259yi Agentliyinin icra\u00e7\u0131 direktoru Ayg\u00fcn \u018fliyeva v\u0259 Az\u0259rbaycan Respublikas\u0131 Minat\u0259mizl\u0259m\u0259 Agentliyinin \u0130dar\u0259 Hey\u0259tinin (ANAMA) s\u0259dri V\u00fcqar S\u00fcleymanovdur. Fotokitabda 30 ild\u0259n art\u0131q d\u00f6vrd\u0259&hellip;<\/p>\n","protected":false},"author":2,"featured_media":787855,"comment_status":"closed","ping_status":"closed","sticky":false,"template":"","format":"standard","meta":{"om_disable_all_campaigns":false,"_monsterinsights_skip_tracking":false,"_monsterinsights_sitenote_active":false,"_monsterinsights_sitenote_note":"","_monsterinsights_sitenote_category":0},"categories":[1],"tags":[],"aioseo_notices":[],"gutentor_comment":0,"rttpg_featured_image_url":{"full":["https:\/\/arantv.az\/wp-content\/uploads\/2025\/02\/1739540595120718368_1200x630.jpeg",923,630,false],"landscape":["https:\/\/arantv.az\/wp-content\/uploads\/2025\/02\/1739540595120718368_1200x630.jpeg",923,630,false],"portraits":["https:\/\/arantv.az\/wp-content\/uploads\/2025\/02\/1739540595120718368_1200x630.jpeg",923,630,false],"thumbnail":["https:\/\/arantv.az\/wp-content\/uploads\/2025\/02\/1739540595120718368_1200x630-500x280.jpeg",500,280,true],"medium":["https:\/\/arantv.az\/wp-content\/uploads\/2025\/02\/1739540595120718368_1200x630-535x365.jpeg",535,365,true],"large":["https:\/\/arantv.az\/wp-content\/uploads\/2025\/02\/1739540595120718368_1200x630-840x573.jpeg",640,437,true],"1536x1536":["https:\/\/arantv.az\/wp-content\/uploads\/2025\/02\/1739540595120718368_1200x630.jpeg",923,630,false],"2048x2048":["https:\/\/arantv.az\/wp-content\/uploads\/2025\/02\/1739540595120718368_1200x630.jpeg",923,630,false],"post-thumbnail":["https:\/\/arantv.az\/wp-content\/uploads\/2025\/02\/1739540595120718368_1200x630-240x172.jpeg",240,172,true],"advps-thumb-one":["https:\/\/arantv.az\/wp-content\/uploads\/2025\/02\/1739540595120718368_1200x630-923x620.jpeg",923,620,true]},"rttpg_author":{"display_name":"V\u00fcsal Rafiqo\u011flu","author_link":"https:\/\/arantv.az\/?author=2"},"rttpg_comment":0,"rttpg_category":"<a href=\"https:\/\/arantv.az\/?cat=1\" rel=\"category\">C\u0259miyy\u0259t<\/a>","rttpg_excerpt":"Az\u0259rbaycanda mina terrorunun qurbanlar\u0131 haqq\u0131nda elektron fotokitab haz\u0131rlan\u0131b. \u201cGilavar Foto Klubu\u201d \u0130ctimai Birliyi t\u0259r\u0259find\u0259n \u201cD\u00fcym\u0259ni s\u0131xan ayaqlar\u201d adl\u0131 n\u0259\u015fr bu m\u00f6vzuda haz\u0131rlanan v\u0259 m\u00fch\u00fcm \u0259h\u0259miyy\u0259t\u0259 malik v\u0259saitl\u0259rd\u0259n biridir. \u0130ctimai Birlikd\u0259n\u00a0AZ\u018fRTAC-a veril\u0259n m\u0259lumata g\u00f6r\u0259, Az\u0259rbaycan v\u0259 ingilis dill\u0259rind\u0259 haz\u0131rlanan kitab \u00f6n s\u00f6z, mina qurbanlar\u0131, xronologiya v\u0259 statistik m\u0259lumatlardan ibar\u0259tdir. Mina v\u0259 partlamam\u0131\u015f h\u0259rbi sursatlar\u0131n t\u00f6r\u0259tdiyi f\u0259sadlar&hellip;","_links":{"self":[{"href":"https:\/\/arantv.az\/index.php?rest_route=\/wp\/v2\/posts\/787854"}],"collection":[{"href":"https:\/\/arantv.az\/index.php?rest_route=\/wp\/v2\/posts"}],"about":[{"href":"https:\/\/arantv.az\/index.php?rest_route=\/wp\/v2\/types\/post"}],"author":[{"embeddable":true,"href":"https:\/\/arantv.az\/index.php?rest_route=\/wp\/v2\/users\/2"}],"replies":[{"embeddable":true,"href":"https:\/\/arantv.az\/index.php?rest_route=%2Fwp%2Fv2%2Fcomments&post=787854"}],"version-history":[{"count":1,"href":"https:\/\/arantv.az\/index.php?rest_route=\/wp\/v2\/posts\/787854\/revisions"}],"predecessor-version":[{"id":787856,"href":"https:\/\/arantv.az\/index.php?rest_route=\/wp\/v2\/posts\/787854\/revisions\/787856"}],"wp:featuredmedia":[{"embeddable":true,"href":"https:\/\/arantv.az\/index.php?rest_route=\/wp\/v2\/media\/787855"}],"wp:attachment":[{"href":"https:\/\/arantv.az\/index.php?rest_route=%2Fwp%2Fv2%2Fmedia&parent=787854"}],"wp:term":[{"taxonomy":"category","embeddable":true,"href":"https:\/\/arantv.az\/index.php?rest_route=%2Fwp%2Fv2%2Fcategories&post=787854"},{"taxonomy":"post_tag","embeddable":true,"href":"https:\/\/arantv.az\/index.php?rest_route=%2Fwp%2Fv2%2Ftags&post=787854"}],"curies":[{"name":"wp","href":"https:\/\/api.w.org\/{rel}","templated":true}]}}