{"id":787857,"date":"2025-02-14T21:39:25","date_gmt":"2025-02-14T17:39:25","guid":{"rendered":"https:\/\/arantv.az\/?p=787857"},"modified":"2025-02-14T21:39:25","modified_gmt":"2025-02-14T17:39:25","slug":"ceyhun-bayramov-avropa-surasinin-bas-katibi-il%c9%99-ikit%c9%99r%c9%99fli-m%c9%99s%c9%99l%c9%99l%c9%99ri-muzakir%c9%99-edib","status":"publish","type":"post","link":"https:\/\/arantv.az\/?p=787857","title":{"rendered":"Ceyhun Bayramov Avropa \u015euras\u0131n\u0131n Ba\u015f katibi il\u0259 ikit\u0259r\u0259fli m\u0259s\u0259l\u0259l\u0259ri m\u00fczakir\u0259 edib"},"content":{"rendered":"<div class=\"text-content\" data-id=\"\" data-url=\"\">\n<p>Az\u0259rbaycan\u0131n xarici i\u015fl\u0259r naziri Ceyhun Bayramov M\u00fcnxen T\u0259hl\u00fck\u0259sizlik Konfrans\u0131 \u00e7\u0259r\u00e7iv\u0259sind\u0259 Avropa \u015euras\u0131n\u0131n Ba\u015f katibi Al\u0435n Bersetl\u0259 g\u00f6r\u00fc\u015f\u00fcb.<\/p>\n<p><strong>ARANTV.AZ\u00a0<\/strong> x\u0259b\u0259r verir ki, bu bar\u0259d\u0259 nazirliyin &#8220;X&#8221; hesab\u0131nda bildirilir.<\/p>\n<p>Qeyd olunub ki, g\u00f6r\u00fc\u015f zaman\u0131 t\u0259r\u0259fl\u0259r qar\u015f\u0131l\u0131ql\u0131 maraq do\u011furan m\u0259s\u0259l\u0259l\u0259r, m\u00f6vcud \u0259m\u0259kda\u015fl\u0131\u011f\u0131n davam etdirilm\u0259si il\u0259 ba\u011fl\u0131 m\u00fczakir\u0259l\u0259r apar\u0131blar.<\/p>\n<\/div>\n<div><\/div>\n<div><\/div>\n<div class=\"inner-social-box\">\n<div class=\"subs-in-social subs-whatsapp\"><\/div>\n<\/div>\n","protected":false},"excerpt":{"rendered":"<p>Az\u0259rbaycan\u0131n xarici i\u015fl\u0259r naziri Ceyhun Bayramov M\u00fcnxen T\u0259hl\u00fck\u0259sizlik Konfrans\u0131 \u00e7\u0259r\u00e7iv\u0259sind\u0259 Avropa \u015euras\u0131n\u0131n Ba\u015f katibi Al\u0435n Bersetl\u0259 g\u00f6r\u00fc\u015f\u00fcb. ARANTV.AZ\u00a0 x\u0259b\u0259r verir ki, bu bar\u0259d\u0259 nazirliyin &#8220;X&#8221; hesab\u0131nda bildirilir. Qeyd olunub ki, g\u00f6r\u00fc\u015f zaman\u0131 t\u0259r\u0259fl\u0259r qar\u015f\u0131l\u0131ql\u0131 maraq do\u011furan m\u0259s\u0259l\u0259l\u0259r, m\u00f6vcud \u0259m\u0259kda\u015fl\u0131\u011f\u0131n davam etdirilm\u0259si il\u0259 ba\u011fl\u0131 m\u00fczakir\u0259l\u0259r apar\u0131blar.<\/p>\n","protected":false},"author":2,"featured_media":787858,"comment_status":"closed","ping_status":"closed","sticky":false,"template":"","format":"standard","meta":{"om_disable_all_campaigns":false,"_monsterinsights_skip_tracking":false,"_monsterinsights_sitenote_active":false,"_monsterinsights_sitenote_note":"","_monsterinsights_sitenote_category":0},"categories":[4],"tags":[],"aioseo_notices":[],"gutentor_comment":0,"rttpg_featured_image_url":{"full":["https:\/\/arantv.az\/wp-content\/uploads\/2025\/02\/d54c18e0f93f9d37565bc765db9153be.jpg",850,500,false],"landscape":["https:\/\/arantv.az\/wp-content\/uploads\/2025\/02\/d54c18e0f93f9d37565bc765db9153be.jpg",850,500,false],"portraits":["https:\/\/arantv.az\/wp-content\/uploads\/2025\/02\/d54c18e0f93f9d37565bc765db9153be.jpg",850,500,false],"thumbnail":["https:\/\/arantv.az\/wp-content\/uploads\/2025\/02\/d54c18e0f93f9d37565bc765db9153be-500x280.jpg",500,280,true],"medium":["https:\/\/arantv.az\/wp-content\/uploads\/2025\/02\/d54c18e0f93f9d37565bc765db9153be-621x365.jpg",621,365,true],"large":["https:\/\/arantv.az\/wp-content\/uploads\/2025\/02\/d54c18e0f93f9d37565bc765db9153be-840x494.jpg",640,376,true],"1536x1536":["https:\/\/arantv.az\/wp-content\/uploads\/2025\/02\/d54c18e0f93f9d37565bc765db9153be.jpg",850,500,false],"2048x2048":["https:\/\/arantv.az\/wp-content\/uploads\/2025\/02\/d54c18e0f93f9d37565bc765db9153be.jpg",850,500,false],"post-thumbnail":["https:\/\/arantv.az\/wp-content\/uploads\/2025\/02\/d54c18e0f93f9d37565bc765db9153be-240x172.jpg",240,172,true],"advps-thumb-one":["https:\/\/arantv.az\/wp-content\/uploads\/2025\/02\/d54c18e0f93f9d37565bc765db9153be.jpg",850,500,false]},"rttpg_author":{"display_name":"V\u00fcsal Rafiqo\u011flu","author_link":"https:\/\/arantv.az\/?author=2"},"rttpg_comment":0,"rttpg_category":"<a href=\"https:\/\/arantv.az\/?cat=4\" rel=\"category\">Siyas\u0259t<\/a>","rttpg_excerpt":"Az\u0259rbaycan\u0131n xarici i\u015fl\u0259r naziri Ceyhun Bayramov M\u00fcnxen T\u0259hl\u00fck\u0259sizlik Konfrans\u0131 \u00e7\u0259r\u00e7iv\u0259sind\u0259 Avropa \u015euras\u0131n\u0131n Ba\u015f katibi Al\u0435n Bersetl\u0259 g\u00f6r\u00fc\u015f\u00fcb. ARANTV.AZ\u00a0 x\u0259b\u0259r verir ki, bu bar\u0259d\u0259 nazirliyin &#8220;X&#8221; hesab\u0131nda bildirilir. Qeyd olunub ki, g\u00f6r\u00fc\u015f zaman\u0131 t\u0259r\u0259fl\u0259r qar\u015f\u0131l\u0131ql\u0131 maraq do\u011furan m\u0259s\u0259l\u0259l\u0259r, m\u00f6vcud \u0259m\u0259kda\u015fl\u0131\u011f\u0131n davam etdirilm\u0259si il\u0259 ba\u011fl\u0131 m\u00fczakir\u0259l\u0259r apar\u0131blar.","_links":{"self":[{"href":"https:\/\/arantv.az\/index.php?rest_route=\/wp\/v2\/posts\/787857"}],"collection":[{"href":"https:\/\/arantv.az\/index.php?rest_route=\/wp\/v2\/posts"}],"about":[{"href":"https:\/\/arantv.az\/index.php?rest_route=\/wp\/v2\/types\/post"}],"author":[{"embeddable":true,"href":"https:\/\/arantv.az\/index.php?rest_route=\/wp\/v2\/users\/2"}],"replies":[{"embeddable":true,"href":"https:\/\/arantv.az\/index.php?rest_route=%2Fwp%2Fv2%2Fcomments&post=787857"}],"version-history":[{"count":1,"href":"https:\/\/arantv.az\/index.php?rest_route=\/wp\/v2\/posts\/787857\/revisions"}],"predecessor-version":[{"id":787859,"href":"https:\/\/arantv.az\/index.php?rest_route=\/wp\/v2\/posts\/787857\/revisions\/787859"}],"wp:featuredmedia":[{"embeddable":true,"href":"https:\/\/arantv.az\/index.php?rest_route=\/wp\/v2\/media\/787858"}],"wp:attachment":[{"href":"https:\/\/arantv.az\/index.php?rest_route=%2Fwp%2Fv2%2Fmedia&parent=787857"}],"wp:term":[{"taxonomy":"category","embeddable":true,"href":"https:\/\/arantv.az\/index.php?rest_route=%2Fwp%2Fv2%2Fcategories&post=787857"},{"taxonomy":"post_tag","embeddable":true,"href":"https:\/\/arantv.az\/index.php?rest_route=%2Fwp%2Fv2%2Ftags&post=787857"}],"curies":[{"name":"wp","href":"https:\/\/api.w.org\/{rel}","templated":true}]}}