{"id":787863,"date":"2025-02-14T21:45:30","date_gmt":"2025-02-14T17:45:30","guid":{"rendered":"https:\/\/arantv.az\/?p=787863"},"modified":"2025-02-14T21:45:30","modified_gmt":"2025-02-14T17:45:30","slug":"ceyhun-bayramov-israilli-h%c9%99mkari-il%c9%99-yaxin-s%c9%99rqd%c9%99ki-v%c9%99ziyy%c9%99ti-muzakir%c9%99-edibfoto","status":"publish","type":"post","link":"https:\/\/arantv.az\/?p=787863","title":{"rendered":"Ceyhun Bayramov israilli h\u0259mkar\u0131 il\u0259 Yax\u0131n \u015e\u0259rqd\u0259ki v\u0259ziyy\u0259ti m\u00fczakir\u0259 edibFOTO"},"content":{"rendered":"<div class=\"text-content\" data-id=\"\" data-url=\"\">\n<p><em><strong>Az\u0259rbaycan xarici i\u015fl\u0259r naziri Ceyhun Bayramov M\u00fcnxen T\u0259hl\u00fck\u0259sizlik Konfrans\u0131nda i\u015ftirak\u0131 \u00e7\u0259r\u00e7iv\u0259sind\u0259 \u0130srail D\u00f6vl\u0259tinin xarici i\u015fl\u0259r naziri Gideon Saar il\u0259 g\u00f6r\u00fc\u015f\u00fcb.<\/strong><\/em><\/p>\n<p><strong>ARANTV.AZ<\/strong> x\u0259b\u0259r verir ki, bu bar\u0259d\u0259 Az\u0259rbaycan Xarici \u0130\u015fl\u0259r Nazirliyind\u0259n bildirilib.<\/p>\n<p>Qeyd olunub ki, g\u00f6r\u00fc\u015f zaman\u0131 t\u0259r\u0259fl\u0259r Az\u0259rbaycan v\u0259 \u0130srail aras\u0131nda m\u00f6vcud \u0259m\u0259kda\u015fl\u0131\u011f\u0131n haz\u0131rk\u0131 v\u0259ziyy\u0259ti v\u0259 perspektivl\u0259ri, regionda ba\u015f ver\u0259n son hadis\u0259l\u0259r, habel\u0259 Q\u0259zza zola\u011f\u0131nda v\u0259ziyy\u0259t \u0259traf\u0131nda fikir m\u00fcbadil\u0259si apar\u0131blar.<\/p>\n<p>T\u0259r\u0259fl\u0259r Az\u0259rbaycan v\u0259 \u0130srail aras\u0131nda t\u0259hl\u00fck\u0259sizlik, y\u00fcks\u0259k texnologiyalar, aerokosmik s\u0259naye, qar\u015f\u0131l\u0131ql\u0131 investisiyalar, enerji v\u0259 dig\u0259r sah\u0259l\u0259rd\u0259 \u0259m\u0259kda\u015fl\u0131q m\u0259s\u0259l\u0259l\u0259rini m\u00fczakir\u0259 edib.<\/p>\n<p>C.Bayramov Q\u0259zza zola\u011f\u0131nda \u0259ld\u0259 edilmi\u015f at\u0259\u015fk\u0259sin qorunmas\u0131n\u0131n vacibliyini vur\u011fulay\u0131b.<\/p>\n<p>G\u00f6r\u00fc\u015f zaman\u0131, habel\u0259 qar\u015f\u0131l\u0131ql\u0131 maraq do\u011furan dig\u0259r ikit\u0259r\u0259fli v\u0259 \u00e7oxt\u0259r\u0259fli m\u0259s\u0259l\u0259l\u0259r \u0259traf\u0131nda fikir m\u00fcbadil\u0259si apar\u0131l\u0131b.<\/p>\n<p>***<\/p>\n<p>Az\u0259rbaycan\u0131n xarici i\u015fl\u0259r iaziri Ceyhun Bayramov M\u00fcnxen T\u0259hl\u00fck\u0259sizlik Konfrans\u0131 \u00e7\u0259r\u00e7iv\u0259sind\u0259 israilli h\u0259mkar\u0131 Gideon Saar il\u0259 g\u00f6r\u00fc\u015f\u00fcb.<\/p>\n<p>Musavat.com\u00a0x\u0259b\u0259r verir ki, bu bar\u0259d\u0259 nazirliyin X hesab\u0131nda payla\u015f\u0131m edilib.<\/p>\n<p>Nazirl\u0259r qar\u015f\u0131l\u0131ql\u0131 maraq do\u011furan ikit\u0259r\u0259fli v\u0259 \u00e7oxt\u0259r\u0259fli m\u0259s\u0259l\u0259l\u0259ri, t\u0259hl\u00fck\u0259sizlik v\u0259ziyy\u0259tini v\u0259 Yax\u0131n \u015e\u0259rqd\u0259 m\u00f6vcud probleml\u0259ri m\u00fczakir\u0259 edibl\u0259r.<\/p>\n<\/div>\n<div>\n<div class=\"form-group\"><img class=\"img-responsive\" src=\"https:\/\/cdn.musavat.com\/news\/images\/Gugu\/gugu\/ggt\/hhh\/8aa0b28e-ac11-3a22-8876-05a78e79470a.jpg\" \/><\/div>\n<div class=\"form-group\"><img class=\"img-responsive\" src=\"https:\/\/cdn.musavat.com\/news\/images\/Gugu\/gugu\/ggt\/hhh\/81220818-5f2a-353d-8286-52cc3bdd1ef1.jpg\" \/><\/div>\n<div class=\"form-group\"><img class=\"img-responsive\" src=\"https:\/\/cdn.musavat.com\/news\/images\/Gugu\/gugu\/ggt\/hhh\/a99f8b06-efd0-3f68-8734-e54bd30a281a.jpg\" \/><\/div>\n<\/div>\n<div><\/div>\n<div class=\"inner-social-box\">\n<div class=\"subs-in-social subs-whatsapp\"><\/div>\n<\/div>\n","protected":false},"excerpt":{"rendered":"<p>Az\u0259rbaycan xarici i\u015fl\u0259r naziri Ceyhun Bayramov M\u00fcnxen T\u0259hl\u00fck\u0259sizlik Konfrans\u0131nda i\u015ftirak\u0131 \u00e7\u0259r\u00e7iv\u0259sind\u0259 \u0130srail D\u00f6vl\u0259tinin xarici i\u015fl\u0259r naziri Gideon Saar il\u0259 g\u00f6r\u00fc\u015f\u00fcb. ARANTV.AZ x\u0259b\u0259r verir ki, bu bar\u0259d\u0259 Az\u0259rbaycan Xarici \u0130\u015fl\u0259r Nazirliyind\u0259n bildirilib. Qeyd olunub ki, g\u00f6r\u00fc\u015f zaman\u0131 t\u0259r\u0259fl\u0259r Az\u0259rbaycan v\u0259 \u0130srail aras\u0131nda m\u00f6vcud \u0259m\u0259kda\u015fl\u0131\u011f\u0131n haz\u0131rk\u0131 v\u0259ziyy\u0259ti v\u0259 perspektivl\u0259ri, regionda ba\u015f ver\u0259n son hadis\u0259l\u0259r, habel\u0259 Q\u0259zza zola\u011f\u0131nda v\u0259ziyy\u0259t \u0259traf\u0131nda fikir m\u00fcbadil\u0259si apar\u0131blar. T\u0259r\u0259fl\u0259r Az\u0259rbaycan v\u0259 \u0130srail aras\u0131nda t\u0259hl\u00fck\u0259sizlik, y\u00fcks\u0259k texnologiyalar, aerokosmik s\u0259naye, qar\u015f\u0131l\u0131ql\u0131 investisiyalar, enerji v\u0259 dig\u0259r sah\u0259l\u0259rd\u0259 \u0259m\u0259kda\u015fl\u0131q m\u0259s\u0259l\u0259l\u0259rini m\u00fczakir\u0259 edib. C.Bayramov Q\u0259zza zola\u011f\u0131nda \u0259ld\u0259 edilmi\u015f at\u0259\u015fk\u0259sin qorunmas\u0131n\u0131n vacibliyini vur\u011fulay\u0131b. G\u00f6r\u00fc\u015f&hellip;<\/p>\n","protected":false},"author":2,"featured_media":787864,"comment_status":"closed","ping_status":"closed","sticky":false,"template":"","format":"standard","meta":{"om_disable_all_campaigns":false,"_monsterinsights_skip_tracking":false,"_monsterinsights_sitenote_active":false,"_monsterinsights_sitenote_note":"","_monsterinsights_sitenote_category":0},"categories":[4],"tags":[],"aioseo_notices":[],"gutentor_comment":0,"rttpg_featured_image_url":{"full":["https:\/\/arantv.az\/wp-content\/uploads\/2025\/02\/f14b6778261760ea3001e8917432d170.jpg",850,500,false],"landscape":["https:\/\/arantv.az\/wp-content\/uploads\/2025\/02\/f14b6778261760ea3001e8917432d170.jpg",850,500,false],"portraits":["https:\/\/arantv.az\/wp-content\/uploads\/2025\/02\/f14b6778261760ea3001e8917432d170.jpg",850,500,false],"thumbnail":["https:\/\/arantv.az\/wp-content\/uploads\/2025\/02\/f14b6778261760ea3001e8917432d170-500x280.jpg",500,280,true],"medium":["https:\/\/arantv.az\/wp-content\/uploads\/2025\/02\/f14b6778261760ea3001e8917432d170-621x365.jpg",621,365,true],"large":["https:\/\/arantv.az\/wp-content\/uploads\/2025\/02\/f14b6778261760ea3001e8917432d170-840x494.jpg",640,376,true],"1536x1536":["https:\/\/arantv.az\/wp-content\/uploads\/2025\/02\/f14b6778261760ea3001e8917432d170.jpg",850,500,false],"2048x2048":["https:\/\/arantv.az\/wp-content\/uploads\/2025\/02\/f14b6778261760ea3001e8917432d170.jpg",850,500,false],"post-thumbnail":["https:\/\/arantv.az\/wp-content\/uploads\/2025\/02\/f14b6778261760ea3001e8917432d170-240x172.jpg",240,172,true],"advps-thumb-one":["https:\/\/arantv.az\/wp-content\/uploads\/2025\/02\/f14b6778261760ea3001e8917432d170.jpg",850,500,false]},"rttpg_author":{"display_name":"V\u00fcsal Rafiqo\u011flu","author_link":"https:\/\/arantv.az\/?author=2"},"rttpg_comment":0,"rttpg_category":"<a href=\"https:\/\/arantv.az\/?cat=4\" rel=\"category\">Siyas\u0259t<\/a>","rttpg_excerpt":"Az\u0259rbaycan xarici i\u015fl\u0259r naziri Ceyhun Bayramov M\u00fcnxen T\u0259hl\u00fck\u0259sizlik Konfrans\u0131nda i\u015ftirak\u0131 \u00e7\u0259r\u00e7iv\u0259sind\u0259 \u0130srail D\u00f6vl\u0259tinin xarici i\u015fl\u0259r naziri Gideon Saar il\u0259 g\u00f6r\u00fc\u015f\u00fcb. ARANTV.AZ x\u0259b\u0259r verir ki, bu bar\u0259d\u0259 Az\u0259rbaycan Xarici \u0130\u015fl\u0259r Nazirliyind\u0259n bildirilib. Qeyd olunub ki, g\u00f6r\u00fc\u015f zaman\u0131 t\u0259r\u0259fl\u0259r Az\u0259rbaycan v\u0259 \u0130srail aras\u0131nda m\u00f6vcud \u0259m\u0259kda\u015fl\u0131\u011f\u0131n haz\u0131rk\u0131 v\u0259ziyy\u0259ti v\u0259 perspektivl\u0259ri, regionda ba\u015f ver\u0259n son hadis\u0259l\u0259r, habel\u0259 Q\u0259zza zola\u011f\u0131nda&hellip;","_links":{"self":[{"href":"https:\/\/arantv.az\/index.php?rest_route=\/wp\/v2\/posts\/787863"}],"collection":[{"href":"https:\/\/arantv.az\/index.php?rest_route=\/wp\/v2\/posts"}],"about":[{"href":"https:\/\/arantv.az\/index.php?rest_route=\/wp\/v2\/types\/post"}],"author":[{"embeddable":true,"href":"https:\/\/arantv.az\/index.php?rest_route=\/wp\/v2\/users\/2"}],"replies":[{"embeddable":true,"href":"https:\/\/arantv.az\/index.php?rest_route=%2Fwp%2Fv2%2Fcomments&post=787863"}],"version-history":[{"count":1,"href":"https:\/\/arantv.az\/index.php?rest_route=\/wp\/v2\/posts\/787863\/revisions"}],"predecessor-version":[{"id":787865,"href":"https:\/\/arantv.az\/index.php?rest_route=\/wp\/v2\/posts\/787863\/revisions\/787865"}],"wp:featuredmedia":[{"embeddable":true,"href":"https:\/\/arantv.az\/index.php?rest_route=\/wp\/v2\/media\/787864"}],"wp:attachment":[{"href":"https:\/\/arantv.az\/index.php?rest_route=%2Fwp%2Fv2%2Fmedia&parent=787863"}],"wp:term":[{"taxonomy":"category","embeddable":true,"href":"https:\/\/arantv.az\/index.php?rest_route=%2Fwp%2Fv2%2Fcategories&post=787863"},{"taxonomy":"post_tag","embeddable":true,"href":"https:\/\/arantv.az\/index.php?rest_route=%2Fwp%2Fv2%2Ftags&post=787863"}],"curies":[{"name":"wp","href":"https:\/\/api.w.org\/{rel}","templated":true}]}}