{"id":787876,"date":"2025-02-15T10:20:47","date_gmt":"2025-02-15T06:20:47","guid":{"rendered":"https:\/\/arantv.az\/?p=787876"},"modified":"2025-02-15T10:20:47","modified_gmt":"2025-02-15T06:20:47","slug":"xarici-siyas%c9%99timizin-liderlik-formulu","status":"publish","type":"post","link":"https:\/\/arantv.az\/?p=787876","title":{"rendered":"Xarici siyas\u0259timizin liderlik formulu"},"content":{"rendered":"<p>\u00d6lk\u0259mizd\u0259 s\u0259f\u0259rd\u0259 olark\u0259n Az\u0259rbaycanla ikit\u0259r\u0259fli m\u00fcnasib\u0259tl\u0259rin inki\u015faf\u0131n\u0131 y\u00fcks\u0259k d\u0259y\u0259rl\u0259ndir\u0259n, bunu islam h\u0259mr\u0259yliyinin n\u00fcmun\u0259si adland\u0131ran \u0130raq Prezidenti \u018fbd\u00fcll\u0259tif Camal R\u0259\u015fidin d\u00f6vl\u0259t ba\u015f\u00e7\u0131m\u0131z \u0130lham \u018fliyev\u0259 xitab\u0259n s\u00f6yl\u0259diyi \u00abSizin t\u0259cr\u00fcb\u0259nizd\u0259n faydalanma\u011fa haz\u0131r\u0131q!\u00bb s\u00f6zl\u0259ri art\u0131q ictimail\u0259\u015fib. H\u0259mkarlar\u0131 aras\u0131nda bel\u0259 q\u0259tiyy\u0259ti, siyasi irad\u0259si, v\u0259din\u0259 sadiqliyi il\u0259 h\u00f6rm\u0259t qazanan, d\u00fcnya birliyind\u0259 n\u00fcfuzu artan Prezident \u0130lham \u018fliyevin siyasi, \u015f\u0259xsi xarakterind\u0259 Hun h\u00f6kmdar\u0131 Attilaya xas keyfiyy\u0259tl\u0259rin formala\u015fd\u0131\u011f\u0131n\u0131 t\u0259sdiql\u0259m\u0259k \u00fc\u00e7\u00fcn d\u00f6vl\u0259t ba\u015f\u00e7\u0131m\u0131z\u0131n son ill\u0259rd\u0259ki f\u0259aliyy\u0259tin\u0259 n\u0259z\u0259r salmaq kifay\u0259tdir. \u00abBa\u015f\u00e7\u0131 h\u00f6km\u0259n, ruh\u0259n q\u0259l\u0259b\u0259y\u0259 can atmal\u0131d\u0131r. He\u00e7 d\u0259 m\u0259cburi deyil ki, h\u0259r d\u0259f\u0259 qalib g\u0259l\u0259s\u0259n, amma \u0259n vacib d\u00f6y\u00fc\u015fl\u0259ri udmaq laz\u0131md\u0131r\u00bb aforizminin m\u00fc\u0259llifi Attila liderliyin formulunu da d\u0259qiqliyi il\u0259 t\u0259nziml\u0259yir: \u00ab Ba\u015f\u00e7\u0131lar\u0131n ham\u0131s\u0131 bilm\u0259lidir ki, q\u0259l\u0259b\u0259 yaln\u0131z n\u0259yin edilm\u0259li oldu\u011funu bil\u0259nl\u0259r\u0259 yox, h\u0259m d\u0259 n\u0259 vaxt etm\u0259yi bil\u0259nl\u0259r\u0259 qism\u0259t olur\u2026 M\u00fcdrik ba\u015f\u00e7\u0131 xalqa xidm\u0259tini v\u0259 qabiliyy\u0259tini yaln\u0131z s\u0259lahiyy\u0259tl\u0259rin verilm\u0259si m\u0259har\u0259ti il\u0259 genil\u0259ndirir.\u00bb<\/p>\n<p>\u00abN\u0259yin, nec\u0259, n\u0259 vaxt\u00bb edilm\u0259li oldu\u011funu liderlik q\u0259tiyy\u0259ti il\u0259 planla\u015fd\u0131ran Prezident \u0130lham \u018fliyevin u\u011fur diplomatiyas\u0131n\u0131n \u0259sas\u0131n\u0131 da hadis\u0259l\u0259ri zaman\u0131n h\u00f6km\u00fc, t\u0259l\u0259bi il\u0259 d\u0259y\u0259rl\u0259ndirm\u0259k , g\u0259l\u0259c\u0259yi s\u0131naqdan \u00e7\u0131xm\u0131\u015f t\u0259cr\u00fcb\u0259l\u0259r \u0259sas\u0131nda m\u00fc\u0259yy\u0259nl\u0259\u015fdirm\u0259k bacar\u0131\u011f\u0131 t\u0259\u015fkil edir. Son g\u00fcnl\u0259rd\u0259 Az\u0259rbaycan\u0131n diplomatiya sah\u0259sind\u0259 qazand\u0131\u011f\u0131 u\u011furlar\u0131 t\u0259sdiql\u0259y\u0259n b\u0259zi m\u0259qamlara n\u0259z\u0259r salmaqla deyil\u0259nl\u0259r\u0259 ayd\u0131nl\u0131q g\u0259tirm\u0259k olar.<\/p>\n<p><em><strong>\u00c7oxq\u00fctbl\u00fc d\u00fcnyada Az\u0259rbaycan\u0131n m\u00f6hk\u0259ml\u0259n\u0259n m\u00f6vqeyi, artan n\u00fcfuzu<\/strong><\/em><\/p>\n<p>Prezident \u0130lham \u018fliyevin yanvar\u0131n 20-d\u0259 Davosda \u00c7inin CGTN (China Global Television Network) telekanal\u0131na m\u00fcsahib\u0259sini d\u00fcnya hadis\u0259l\u0259rin\u0259 bax\u0131\u015f adland\u0131rmaq olar. \u00abLiderlik, \u0259lb\u0259tt\u0259 ki, b\u00f6y\u00fck bir m\u0259suliyy\u0259tdir v\u0259 \u0259n \u00f6n\u0259mlisi ondan ibar\u0259tdir ki, lider h\u0259mi\u015f\u0259 \u00f6z xalq\u0131na, \u00f6z \u0259halisin\u0259 m\u00fcnasib\u0259td\u0259 \u0259dal\u0259tli olmal\u0131d\u0131r. He\u00e7 vaxt xalq\u0131na yalan dan\u0131\u015fmamal\u0131san v\u0259 xalq bunu y\u00fcks\u0259k qiym\u0259tl\u0259ndir\u0259c\u0259k. B\u0259z\u0259n m\u00fc\u0259yy\u0259n siyasi s\u0259b\u0259bl\u0259r \u00fcz\u00fcnd\u0259n hakimiyy\u0259t\u0259 can atan liderl\u0259r \u00e7oxlu v\u0259dl\u0259r verir v\u0259 sonra onlar\u0131 yerin\u0259 yetirmir v\u0259 bu da m\u0259yuslu\u011fa, inams\u0131zl\u0131\u011fa g\u0259tirib \u00e7\u0131xar\u0131r. Bu, d\u00fcnyan\u0131n m\u00fcxt\u0259lif yerl\u0259rind\u0259 siyasi b\u00f6hrana g\u0259tirib \u00e7\u0131xar\u0131r\u00bb s\u00f6yl\u0259y\u0259n Prezident \u0130lham \u018fliyev m\u00fcsahib\u0259sind\u0259 h\u0259qiq\u0259tin m\u0259nfi v\u0259 m\u00fcsb\u0259t c\u0259h\u0259tl\u0259rini \u00f6z\u00fcn\u0259xas t\u0259rzd\u0259 t\u0259hlil edir, qiym\u0259tl\u0259ndirir, fikrl\u0259rini reall\u0131\u011fa istinad\u0259n \u0259sasland\u0131r\u0131r. Xalqa h\u0259mi\u015f\u0259 h\u0259qiq\u0259ti s\u00f6yl\u0259y\u0259n, ictimaiyy\u0259tin d\u0259st\u0259yin\u0259 arxalanaraq s\u00fcverenliyimizi, beyn\u0259lxalq t\u0259zyiq v\u0259 t\u0259hdidl\u0259r\u0259 baxmayaraq \u0259dal\u0259ti b\u0259rpa ed\u0259n Prezident \u0130lham \u018fliyev d\u00fcnyada ba\u015f ver\u0259n siyasi prosesl\u0259r\u0259 beyn\u0259lxalq auditoriyan\u0131 d\u00fc\u015f\u00fcnd\u00fcr\u0259n a\u00e7\u0131qlamalar\u0131 il\u0259 ayd\u0131nl\u0131q g\u0259tirmi\u015fdir.<\/p>\n<p>Jurnalistin suallar\u0131n\u0131 \u0259razi b\u00fct\u00f6vl\u00fcy\u00fcm\u00fcz\u00fcn v\u0259 v\u0259 suverenliyimizin tam b\u0259rpas\u0131 aspektind\u0259 cavabland\u0131ran Prezident \u0130lham \u018fliyev diplomatik u\u011furlar\u0131m\u0131z\u0131 milli ideyam\u0131z\u0131n t\u0259nt\u0259n\u0259si, h\u0259d\u0259fimiz\u0259 nail olmaq q\u0259tiyy\u0259ti, \u0259dal\u0259tin b\u0259rpas\u0131 namin\u0259 s\u0259yl\u0259rimizin s\u0259f\u0259rb\u0259r edilm\u0259si kimi d\u0259y\u0259rl\u0259ndirmi\u015fdir. Beyn\u0259lxalq t\u0259\u015fkilatlar t\u0259r\u0259find\u0259n q\u0259bul edilmi\u015f q\u0259tnam\u0259l\u0259rin sad\u0259c\u0259, ka\u011f\u0131z \u00fcz\u0259rind\u0259 qald\u0131\u011f\u0131 bir m\u0259qamda<br \/>\n\u00e7oxq\u00fctbl\u00fc d\u00fcnyada Az\u0259rbaycan\u0131n yerini lider q\u0259tiyy\u0259ti il\u0259 m\u00f6hk\u0259ml\u0259ndir\u0259n Prezident \u0130lham \u018fliyevin s\u0259yi n\u0259tic\u0259sind\u0259 Az\u0259rbaycan<br \/>\nC\u0259nubi Qafqaz v\u0259 X\u0259z\u0259r regionunda apar\u0131c\u0131 faktor oldu\u011funu t\u0259sdiql\u0259mi\u015f, milli maraqlar\u0131m\u0131z\u0131n, h\u0259yat t\u0259rzimizin v\u0259 m\u00fcst\u0259qil siyas\u0259timizin d\u0259yi\u015film\u0259zliyini b\u00fct\u00fcn d\u00fcnyaya b\u0259yan etmi\u015fdir. \u00d6lk\u0259mizin daxili v\u0259 xarici siyas\u0259tini d\u00fc\u015f\u00fcn\u00fclm\u00fc\u015f konsepsiya \u0259sas\u0131nda t\u0259kmill\u0259\u015fdir\u0259n, qon\u015fularla s\u0259mimi m\u00fcnasib\u0259tl\u0259r quran, b\u00f6lg\u0259d\u0259 sabitliyi, birliyi t\u0259min ed\u0259n, t\u0259xmin\u0259n 200 \u00f6lk\u0259ni bir araya g\u0259tir\u0259n \u0130qlim konfrans\u0131na ev sahibliyi ed\u0259n Az\u0259rbaycan h\u0259min t\u0259dbird\u0259 \u015fax\u0259l\u0259nmi\u015f xarici siyas\u0259tini bir daha n\u00fcmayi\u015f etdirdi. BMT Ba\u015f Assambleyas\u0131ndan sonra ikinci b\u00f6y\u00fck beyn\u0259lxalq t\u0259sisat olan Qo\u015fulmama H\u0259r\u0259kat\u0131na 4 il \u0259rzind\u0259 u\u011furlu s\u0259drliyi d\u00f6vr\u00fcnd\u0259 d\u0259st\u0259kl\u0259n\u0259n t\u0259\u015f\u0259bb\u00fcsl\u0259rini , qazand\u0131\u011f\u0131 t\u0259cr\u00fcb\u0259ni daha da t\u0259kmill\u0259\u015fdirdi. Xarici siyas\u0259timizin konturlar\u0131n\u0131 d\u0259qiqlikl\u0259 t\u0259nziml\u0259y\u0259n d\u00f6vl\u0259t ba\u015f\u00e7\u0131m\u0131z \u0130lham \u018fliyev \u00abBel\u0259likl\u0259, bazarlar\u0131n\u0131 b\u00fct\u00fcn d\u00fcnyaya a\u00e7maqla \u00dcmumd\u00fcnya Ticar\u0259t T\u0259\u015fkilat\u0131na \u00fczv \u00f6lk\u0259l\u0259r r\u0259qab\u0259ti art\u0131racaq. Lakin, eyni zamanda, onlar yerli istehsal\u00e7\u0131lar\u0131n maraqlar\u0131na ziyan vura bil\u0259rl\u0259r. Bel\u0259likl\u0259, biz bu prosesi balansla\u015fd\u0131r\u0131r\u0131q v\u0259 g\u0259l\u0259c\u0259k dan\u0131\u015f\u0131qlar prosesind\u0259 maksimum m\u00fcsb\u0259t \u015f\u0259rtl\u0259ri \u0259ld\u0259 etm\u0259y\u0259 \u00e7al\u0131\u015f\u0131r\u0131q. M\u0259n art\u0131q demi\u015f\u0259m ki, Az\u0259rbaycan\u0131n iqtisadiyyat\u0131 \u00f6z\u00fcn\u00fc t\u0259min edir\u00bb s\u00f6zl\u0259ri il\u0259 bir daha bildirmi\u015fdir ki, \u00f6lk\u0259mizin hans\u0131 t\u0259\u015fkilatda, nec\u0259 t\u0259msil olunmas\u0131n\u0131 yax\u015f\u0131 bilirik.<\/p>\n<p>D\u00fcnyada siyasi, iqtisadi n\u00fcfuzu getdikc\u0259 artan \u00c7in-Az\u0259rbaycan m\u00fcnasib\u0259tl\u0259rinin h\u0259r iki \u00f6lk\u0259nin maraqlar\u0131na uy\u011fun inki\u015faf\u0131n\u0131 strateji t\u0259r\u0259fda\u015fl\u0131q kimi d\u0259y\u0259rl\u0259ndir\u0259n Prezident \u0130lham \u018fliyev \u00f6lk\u0259mizin \u015eanxay \u018fm\u0259kda\u015fl\u0131q T\u0259\u015fkilat\u0131nda dialoq \u00fczr\u0259 t\u0259r\u0259fda\u015f oldu\u011funu g\u00fccl\u00fc qar\u015f\u0131l\u0131ql\u0131 irad\u0259nin n\u00fcmayi\u015fi adland\u0131rm\u0131\u015fd\u0131r. C\u0259nubi Qafqaz v\u0259 X\u0259z\u0259r regionunda vahid m\u0259qs\u0259dl\u0259r\u0259 t\u00f6hf\u0259 ver\u0259n \u00f6lk\u0259mizin m\u00fcasir beyn\u0259lxalq n\u0259qliyyat infrastrukturu il\u0259 \u015e\u0259rqd\u0259n Q\u0259rb\u0259 ged\u0259n yol \u00fcz\u0259rind\u0259 yerl\u0259\u015fm\u0259sini Qlobal C\u0259nubun maraqlar\u0131 bax\u0131m\u0131ndan \u00ab\u2026Bizim ideyalar\u0131m\u0131zdan biri Qlobal C\u0259nubla Qlobal \u015eimal aras\u0131nda daha m\u00f6hk\u0259m k\u00f6rp\u00fcl\u0259r qurmaq idi\u00bb s\u00f6zl\u0259ri il\u0259 d\u0259y\u0259rl\u0259ndir\u0259n Prezident \u0130lham \u018fliyev bu k\u00f6rp\u00fcl\u0259rin istiqam\u0259tl\u0259rinin \u015fax\u0259l\u0259ndirilm\u0259si \u00fc\u00e7\u00fcn t\u0259\u015f\u0259bb\u00fcskarl\u0131\u011f\u0131n\u0131 daha da art\u0131r\u0131r.<br \/>\n\u00c7inl\u0259 strateji t\u0259r\u0259fda\u015f olan Az\u0259rbaycan t\u0259kc\u0259 M\u0259rk\u0259zi Asiya, X\u0259z\u0259r v\u0259 C\u0259nubi Qafqazda deyil, daha geni\u015f co\u011frafiyada regional sabitliy\u0259, regional s\u00fclh\u0259 t\u00f6hf\u0259 ver\u0259n \u00f6lk\u0259 oldu\u011funu art\u0131q t\u0259sdiql\u0259yib. \u00d6lk\u0259mizi xarici m\u00fcdaxil\u0259l\u0259rd\u0259n qoruyan q\u0259tiyy\u0259tli Lider \u0130lham \u018fliyev ideologiya, iqtisadiyyat v\u0259 milli ideyalar v\u0259hd\u0259tind\u0259 inki\u015faf etdirdiyi Az\u0259rbaycan\u0131 layiq oldu\u011fu yer\u0259 y\u00fcks\u0259ldib.<br \/>\nJurnalistin d\u00fcnyan\u0131n diqq\u0259t m\u0259rk\u0259zind\u0259 olan Va\u015finqtondak\u0131 administrasiya d\u0259yi\u015fikliyi il\u0259 \u0259laq\u0259dar sual\u0131n\u0131 da \u00f6z\u00fcn\u0259m\u0259xsus m\u0259ntiql\u0259 cavabland\u0131ran Prezident \u0130lham \u018fliyev AB\u015e Prezidenti Donald Trampla birg\u0259 i\u015fl\u0259m\u0259kl\u0259 ba\u011fl\u0131 \u0259vv\u0259lki t\u0259cr\u00fcb\u0259ni y\u00fcks\u0259k d\u0259y\u0259rl\u0259ndirmi\u015f, proqnozlar\u0131 d\u00fcnya hadis\u0259l\u0259rin\u0259, b\u0259zi siyasi \u015f\u0259rh\u00e7il\u0259rin f\u0259rqli yana\u015fmalar\u0131 kontekstind\u0259 t\u0259hlil etmi\u015fdir: \u00abLakin m\u0259n AB\u015e-da d\u0259yi\u015fiklikl\u0259 ba\u011fl\u0131 narahat olmaq \u00fc\u00e7\u00fcn ba\u015fqa ciddi s\u0259b\u0259b g\u00f6rm\u00fcr\u0259m. D\u00fc\u015f\u00fcn\u00fcr\u0259m ki, d\u00fcnya daha t\u0259hl\u00fck\u0259siz ola bil\u0259r. Donald Tramp\u0131n ilk prezidentliyi d\u00f6vr\u00fcnd\u0259 AB\u015e he\u00e7 bir m\u00fcharib\u0259y\u0259 ba\u015flamad\u0131. \u018fg\u0259r AB\u015e-\u0131n \u0259n az\u0131 bir ne\u00e7\u0259 onillikl\u0259r \u0259rzind\u0259 tarixin\u0259 n\u0259z\u0259r salsaq, bu, nadir bir t\u0259cr\u00fcb\u0259 idi. Az\u0259rbaycana g\u0259linc\u0259, biz \u0259minik v\u0259 nikbin fikird\u0259yik.\u00bb<\/p>\n<p>M\u00fcsahib\u0259sind\u0259 Az\u0259rbaycan\u0131n Orta D\u0259hlizl\u0259 ba\u011fl\u0131 m\u00f6vqeyini \u00ab\u018fmin\u0259m ki, S\u0259dr Si Cinpinin \u00abBir k\u0259m\u0259r, bir yol\u00bb\u201d t\u0259\u015f\u0259bb\u00fcs\u00fc b\u00fct\u00fcn \u00f6lk\u0259l\u0259r \u00fc\u00e7\u00fcn \u0259lav\u0259 imkanlar yaradacaq\u00bb s\u00f6zl\u0259ri il\u0259 ifad\u0259 etmi\u015fdir. COP29-da Az\u0259rbaycan, Qazax\u0131stan v\u0259 \u00d6zb\u0259kistan aras\u0131nda X\u0259z\u0259r d\u0259nizinin dibi il\u0259 enerji kabelinin \u00e7\u0259kilm\u0259si bar\u0259d\u0259 imzalanan m\u00fcqavil\u0259ni potensial g\u00fcc\u0259 malik n\u0259h\u0259ng layih\u0259 adland\u0131rm\u0131\u015fd\u0131.<\/p>\n<p><em><strong>Afrikaya uzanan \u0259laq\u0259l\u0259r geni\u015fl\u0259nir<\/strong><\/em><\/p>\n<p>Xarici siyas\u0259timizin daha bir u\u011furu Somali Federativ Respublikas\u0131n\u0131n Prezidenti Hasan \u015eeyx Mahmudun Az\u0259rbaycana s\u0259f\u0259ri zaman\u0131 \u00f6lk\u0259miz bar\u0259d\u0259 s\u00f6yl\u0259diyi s\u0259mimi s\u00f6zl\u0259r oldu. Fevral\u0131n 12-d\u0259 Prezident \u0130lham \u018fliyevin v\u0259 onun somalili h\u0259mkar\u0131 Hasan \u015eeyx Mahmudun m\u0259tbuata b\u0259yanatlar\u0131 \u00f6lk\u0259mizin Afrika xalqlar\u0131 il\u0259 \u0259m\u0259kda\u015fl\u0131\u011f\u0131n\u0131n geni\u015fl\u0259ndirilm\u0259sin\u0259 daha bir n\u00fcmun\u0259 idi.<\/p>\n<p>H\u0259r iki regiondak\u0131 geosiyasi v\u0259ziyy\u0259t, siyasi sabitliyin qorunmas\u0131 namin\u0259 g\u00f6st\u0259ril\u0259n q\u0259tiyy\u0259tl\u0259 ba\u011fl\u0131 fikirl\u0259rini b\u00f6l\u00fc\u015f\u0259n d\u00f6vl\u0259t ba\u015f\u00e7\u0131lar\u0131 iqtisadi \u0259m\u0259kda\u015fl\u0131\u011f\u0131n geni\u015fl\u0259ndirilm\u0259si, s\u0259rmay\u0259 m\u00fchitinin formala\u015fmas\u0131 bar\u0259d\u0259 imzalanan s\u0259n\u0259dl\u0259rin \u0259h\u0259miyy\u0259tini g\u0259l\u0259c\u0259k strateji t\u0259r\u0259fda\u015fl\u0131q \u00fc\u00e7\u00fcn t\u0259m\u0259l adland\u0131rm\u0131\u015flar. Somalid\u0259n olan g\u0259ncl\u0259rin Heyd\u0259r \u018fliyev ad\u0131na t\u0259qa\u00fcd \u0259sas\u0131nda t\u0259hsil almalar\u0131 v\u0259 onlar\u0131n g\u0259l\u0259c\u0259kd\u0259 saylar\u0131n\u0131n art\u0131r\u0131lmas\u0131 qar\u015f\u0131l\u0131ql\u0131 \u0259m\u0259kda\u015fl\u0131\u011f\u0131n, diplomatik \u0259laq\u0259l\u0259rin geni\u015fl\u0259ndirilm\u0259sini t\u0259min ed\u0259c\u0259k. H\u0259r iki \u00f6lk\u0259 aras\u0131nda infrastruktur, liman qur\u011fular\u0131 v\u0259 k\u0259nd t\u0259s\u0259rr\u00fcfat\u0131 sah\u0259sind\u0259ki \u0259m\u0259kda\u015fl\u0131\u011f\u0131n perspektivl\u0259rinin u\u011furla n\u0259tic\u0259l\u0259n\u0259c\u0259yini \u0259minlikl\u0259 ifad\u0259 olunmu\u015fdur. M\u00fcdafi\u0259 sah\u0259sind\u0259ki kadr haz\u0131rl\u0131\u011f\u0131 il\u0259 ba\u011fl\u0131 \u0259m\u0259kda\u015fl\u0131\u011f\u0131n, h\u0259rbi avadanl\u0131qlar\u0131n ixrac\u0131 il\u0259 \u0259laq\u0259dar olunan raz\u0131l\u0131qlar\u0131n, terrora qar\u015f\u0131 birg\u0259 m\u00fcbariz\u0259nin d\u0259st\u0259kl\u0259nm\u0259si iki \u00f6lk\u0259 aras\u0131ndak\u0131 t\u0259r\u0259fda\u015fl\u0131\u011f\u0131m\u0131z\u0131n m\u00fch\u00fcm sah\u0259si kimi d\u0259y\u0259rl\u0259ndirilmi\u015fdir.<\/p>\n<p>Bak\u0131ya s\u0259f\u0259rini Somali-Az\u0259rbaycan m\u00fcnasib\u0259tl\u0259rind\u0259 strateji \u0259m\u0259kda\u015fl\u0131\u011f\u0131n ba\u015flan\u011f\u0131c\u0131 adland\u0131ran Hasan \u015eeyx Mahmudun bildirdiyi kimi, inki\u015faf, t\u0259hl\u00fck\u0259sizlik v\u0259 t\u0259r\u0259qqi il\u0259 ba\u011fl\u0131 bax\u0131\u015flar\u0131 \u00fcst-\u00fcst\u0259 d\u00fc\u015f\u0259n, z\u0259ngin potensiala malik h\u0259r iki \u00f6lk\u0259nin xalqlar\u0131 aras\u0131nda daha yax\u015f\u0131 g\u0259l\u0259c\u0259k yaratmaq namin\u0259 q\u0259tiyy\u0259t v\u0259 ambisiya ruhu b\u00f6y\u00fckd\u00fcr: \u00abEynil\u0259, Az\u0259rbaycan Somaliy\u0259 Afrikan\u0131n inki\u015faf ed\u0259n bazarlar\u0131na, x\u00fcsusil\u0259 d\u0259 ticar\u0259t v\u0259 logistika sah\u0259l\u0259rind\u0259 qap\u0131 kimi baxa bil\u0259r. Somalinin Hind okean\u0131nda v\u0259 Q\u0131rm\u0131z\u0131 d\u0259nizd\u0259 strateji olaraq yerl\u0259\u015fm\u0259si \u00f6lk\u0259l\u0259rimiz \u00fc\u00e7\u00fcn iqtisadi faydalar\u0131n payla\u015f\u0131la v\u0259 ara\u015fd\u0131r\u0131la bil\u0259c\u0259yi qiym\u0259tli strateji \u0259razidir.\u00bb<\/p>\n<p><em><strong>Az\u0259rbaycan\u0131n SPECA sammiti v\u0259 COP29 il\u0259 ba\u011fl\u0131 t\u0259klifi regionun ehtiyaclar\u0131na \u00f6n\u0259mli cavab idi<\/strong><\/em><\/p>\n<p>2023-cu ilin noyabr\u0131nda Bak\u0131da BMT-nin M\u0259rk\u0259zi Asiya \u00d6lk\u0259l\u0259rinin \u0130qtisadiyyatlar\u0131 \u00fc\u00e7\u00fcn X\u00fcsusi Proqram\u0131n\u0131n \u2013 SPECA-n\u0131n Zirv\u0259 g\u00f6r\u00fc\u015f\u00fcnd\u0259 \u00e7\u0131x\u0131\u015f ed\u0259n \u0130lham \u018fliyev bildirmi\u015fdi ki, Az\u0259rbaycan, Qazax\u0131stan, Q\u0131r\u011f\u0131z\u0131stan, Tacikistan, T\u00fcrkm\u0259nistan v\u0259 \u00d6zb\u0259kistan \u00e7oxt\u0259r\u0259fli formatlarda u\u011furla \u0259m\u0259kda\u015fl\u0131q edirl\u0259r. Zirv\u0259 g\u00f6r\u00fc\u015f\u00fcnd\u0259 f\u0259xri qonaq kimi G\u00fcrc\u00fcstan\u0131n v\u0259 Macar\u0131stan\u0131n Ba\u015f nazirl\u0259rinin, K\u00f6rf\u0259z \u018fm\u0259kda\u015fl\u0131q \u015euras\u0131n\u0131n Ba\u015f katibinin i\u015ftirak\u0131 qurumun daha n\u00fcfuzlu \u0259m\u0259kda\u015fl\u0131q t\u0259\u015fkilat\u0131 kimi tan\u0131td\u0131rd\u0131.<br \/>\n\u00abD\u00fcnyada u\u011fursuz, as\u0131l\u0131, iki v\u0259 ya daha \u00e7ox stulda oturmaq ist\u0259y\u0259n, bir ne\u00e7\u0259 a\u011faya xidm\u0259t ed\u0259n, \u00f6z\u00fcn\u00fc daha b\u00f6y\u00fck d\u00f6vl\u0259tl\u0259rin qar\u015f\u0131durma arenas\u0131na \u00e7evir\u0259n \u00f6lk\u0259l\u0259rin say\u0131 az deyil. Onlardan biri Az\u0259rbaycan\u0131n qon\u015fusu Erm\u0259nistand\u0131r. Bel\u0259 \u00f6lk\u0259l\u0259r\u0259, s\u00f6z\u00fcn \u0259sl m\u0259nas\u0131nda, m\u00fcst\u0259qil \u00f6lk\u0259 dem\u0259k olmaz. Bel\u0259 \u00f6lk\u0259l\u0259rin siyas\u0259ti xalqlar\u0131n\u0131n irad\u0259sin\u0259 \u0259saslanm\u0131r, onlar\u0131n taleyi xarici sponsorlar\u0131n \u0259lind\u0259dir. SPECA-ya \u00fczv d\u00f6vl\u0259tl\u0259r is\u0259 \u0259sl m\u00fcst\u0259qil \u00f6lk\u0259l\u0259rdir, \u00e7\u00fcnki m\u00fcst\u0259qil xarici v\u0259 daxili siyas\u0259t apar\u0131rlar\u00bb s\u00f6zl\u0259ri il\u0259 iqtisadi forumu \u00f6lk\u0259l\u0259rimiz aras\u0131ndak\u0131 biznes \u0259laq\u0259l\u0259rinin inki\u015faf\u0131na t\u00f6hf\u0259 adland\u0131ran Prezident \u0130lham \u018fliyev M\u0259rk\u0259zi Asiya \u00f6lk\u0259l\u0259ri il\u0259 \u00e7ox\u0259srlik tarixi v\u0259 m\u0259d\u0259ni \u0259laq\u0259l\u0259ri y\u00fcks\u0259k d\u0259y\u0259rl\u0259ndirmi\u015fdir. Son ill\u0259rd\u0259 beyn\u0259lxalq n\u0259qliyyat infrastrukturunun ayr\u0131lmaz t\u0259rkib hiss\u0259si olan Az\u0259rbaycan\u0131n Avrasiyan\u0131n \u015e\u0259rq-Q\u0259rb v\u0259 \u015eimal-C\u0259nub n\u0259qliyyat d\u0259hlizl\u0259ri \u00fcz\u0259rind\u0259 yerl\u0259\u015f\u0259n n\u0259qliyyat v\u0259 logistika m\u0259rk\u0259zl\u0259rind\u0259n birin\u0259 \u00e7evrilm\u0259si \u0259m\u0259kda\u015fl\u0131\u011f\u0131 daha da geni\u015fl\u0259ndirib.<\/p>\n<p>Bu g\u00fcnl\u0259rd\u0259 AZ\u018fRTAC-a ekskl\u00fcziv m\u00fcsahib\u0259sind\u0259 \u00f6lk\u0259mizl\u0259 ba\u011fl\u0131 xo\u015f niyy\u0259tl\u0259rini a\u00e7\u0131qlayan BMT-nin Ba\u015f katibinin m\u00fcavini, qurumun Asiya v\u0259 Sakit okean \u00fczr\u0259 \u0130qtisadi v\u0259 Sosial Komissiyas\u0131n\u0131n icra\u00e7\u0131 katibi Armida Salsiya Ali\u015fahbanan\u0131n s\u00f6yl\u0259diyi d\u0259y\u0259rli s\u00f6zl\u0259r Az\u0259rbaycan\u0131n xarici siyas\u0259tinin beyn\u0259lxalq al\u0259md\u0259 d\u0259st\u0259kl\u0259nm\u0259sinin daha bir ifad\u0259sidir. BMT-nin inki\u015faf sisteminin t\u0259\u015fkilatlar\u0131, \u00e7oxt\u0259r\u0259fli inki\u015faf banklar\u0131, akademik dair\u0259l\u0259r, beyin m\u0259rk\u0259zl\u0259ri, v\u0259t\u0259nda\u015f c\u0259miyy\u0259ti v\u0259 \u00f6z\u0259l sektor da daxil olmaqla geni\u015f spektrli maraql\u0131 t\u0259r\u0259fl\u0259rl\u0259 \u0259m\u0259kda\u015fl\u0131q ed\u0259n qurumun f\u0259aliyy\u0259tind\u0259n b\u0259hs ed\u0259n xan\u0131m Ali\u015fahbana bildirmi\u015fdir ki, UNESCAP-\u0131n M\u0259rk\u0259zi Asiya subregionuna \u0259sas t\u00f6hf\u0259l\u0259rind\u0259n biri \u0259laq\u0259nin t\u0259min edilm\u0259sidir: \u00abX\u00fcsusil\u0259, qurum Asiya Avtomobil Yollar\u0131 \u015e\u0259b\u0259k\u0259si haqq\u0131nda Beyn\u0259lxalq Sazi\u015f, Trans-Asiya D\u0259mir Yolu \u015e\u0259b\u0259k\u0259si haqq\u0131nda H\u00f6kum\u0259tl\u0259raras\u0131 Sazi\u015f v\u0259 Quru Limanlar \u00fczr\u0259 H\u00f6kum\u0259tl\u0259raras\u0131 Sazi\u015f vasit\u0259sil\u0259 n\u0259qliyyat infrastrukturunun v\u0259 \u0259m\u0259kda\u015fl\u0131\u011f\u0131n inki\u015faf\u0131na k\u00f6m\u0259k edir. Quru limanlar sazi\u015fi regionda bu c\u00fcr obyektl\u0259rin inki\u015faf\u0131nda maraql\u0131 olan Az\u0259rbaycan \u00fc\u00e7\u00fcn x\u00fcsusi \u0259h\u0259miyy\u0259t k\u0259sb edir.\u00bb<\/p>\n<p>\u00abBMT-nin M\u0259rk\u0259zi Asiya \u00d6lk\u0259l\u0259rinin \u0130qtisadiyyatlar\u0131 \u00fc\u00e7\u00fcn X\u00fcsusi Proqram\u0131 (SPECA) \u00e7\u0259r\u00e7iv\u0259sind\u0259 Az\u0259rbaycan v\u0259 M\u0259rk\u0259zi Asiya aras\u0131nda \u0259m\u0259kda\u015fl\u0131\u011f\u0131n daha da inki\u015faf etdirilm\u0259si istiqam\u0259tind\u0259 at\u0131lan \u0259sas add\u0131mlar hans\u0131lard\u0131r\u00bb sual\u0131n\u0131 cavabland\u0131ran Sosial Komissiyan\u0131n icra\u00e7\u0131 katibi Az\u0259rbaycan\u0131n 2023-c\u00fc ild\u0259 \u0130dar\u0259 Hey\u0259tinin 18-ci Toplant\u0131s\u0131na v\u0259 \u0130qtisadi Foruma ev sahibliyini SPECA-n\u0131n inki\u015faf\u0131na, geni\u015fl\u0259nm\u0259sin\u0259 m\u00fch\u00fcm v\u0259 t\u0259qdir\u0259layiq t\u00f6hf\u0259 adland\u0131rm\u0131\u015fd\u0131r. Bildirilmi\u015fdir ki, Az\u0259rbaycan SPECA \u00fc\u00e7\u00fcn iki yeni t\u0259\u015f\u0259bb\u00fcs\u00fcn\u00fc &#8211; \u0130qlim v\u0259 \u0130nnovasiya Dialoqu v\u0259 \u0130qlim A\u011f\u0131ll\u0131 \u015e\u0259h\u0259rl\u0259r Forumunun haz\u0131rlanmas\u0131nda \u00fczv d\u00f6vl\u0259tl\u0259ri v\u0259 BMT t\u0259\u015fkilatlar\u0131n\u0131 f\u0259al \u015f\u0259kild\u0259 d\u0259st\u0259kl\u0259yib. Dialoqun iqlim, enerji v\u0259 dig\u0259r \u0259sas sektorlar, el\u0259c\u0259 d\u0259 ya\u015f\u0131l biznesin inki\u015faf\u0131 sah\u0259l\u0259rind\u0259 milli f\u0259aliyy\u0259t planlar\u0131 \u0259m\u0259kda\u015fl\u0131\u011fa yard\u0131m ed\u0259c\u0259k platformad\u0131r. \u015e\u0259h\u0259rl\u0259r Forumu \u015f\u0259h\u0259rsalma, \u015f\u0259h\u0259r ya\u015f\u0131lla\u015fd\u0131rma, n\u0259qliyyat, enerji, tikinti, dair\u0259vi iqtisadiyyat v\u0259 k\u0259nd t\u0259s\u0259rr\u00fcfat\u0131 sah\u0259l\u0259rind\u0259 qar\u015f\u0131l\u0131ql\u0131 \u0259laq\u0259ni d\u0259st\u0259kl\u0259y\u0259c\u0259k. Bu t\u0259\u015f\u0259bb\u00fcsl\u0259r sosial-iqtisadi z\u0259ifliyi azaltmaq v\u0259 a\u015fa\u011f\u0131 karbonlu iqtisadiyyata ke\u00e7id istiqam\u0259tind\u0259 birg\u0259 i\u015fl\u0259m\u0259k \u00fc\u00e7\u00fcn h\u00f6kum\u0259tl\u0259ri v\u0259 m\u00fcxt\u0259lif maraql\u0131 t\u0259r\u0259fl\u0259ri bir araya g\u0259tirir. Az\u0259rbaycan\u0131n SPECA sammiti v\u0259 COP29 il\u0259 ba\u011fl\u0131 t\u0259klifl\u0259ri regionun ehtiyaclar\u0131na vaxt\u0131nda olan cavab\u0131 idi. Prezident \u0130lham \u018fliyevin b\u0259yan etdiyi kimi, Az\u0259rbaycan fonda ay\u0131rd\u0131\u011f\u0131 3,5 milyon dollar 2025-ci ild\u0259 m\u00fch\u00fcm layih\u0259l\u0259rin icras\u0131na y\u00f6n\u0259ldil\u0259c\u0259k. \u00d6lk\u0259miz, h\u0259m\u00e7inin Dayan\u0131ql\u0131 N\u0259qliyyat, Tranzit v\u0259 Ba\u011flant\u0131 \u00fczr\u0259 SPECA Tematik \u0130\u015f\u00e7i Qrupunun (TWG-STTC) i\u015find\u0259 f\u0259al i\u015ftirak edir. Bu platforma M\u0259rk\u0259zi Asiyada n\u0259qliyyat\u0131n dayan\u0131ql\u0131 inki\u015faf\u0131 \u00fc\u00e7\u00fcn yeni imkanlar yarad\u0131r. N\u0259tic\u0259d\u0259 X\u0259z\u0259r d\u0259nizi-Qara d\u0259niz enerji d\u0259hlizi M\u0259rk\u0259zi Asiya, Az\u0259rbaycan, G\u00fcrc\u00fcstan v\u0259 Avropa aras\u0131nda daha s\u0131x inteqrasiya t\u0259min edilir. Az\u0259rbaycan v\u0259 M\u0259rk\u0259zi Asiya \u00f6lk\u0259l\u0259ri Trans-X\u0259z\u0259r Beyn\u0259lxalq N\u0259qliyyat Mar\u015frutunun (Orta D\u0259hliz) geni\u015fl\u0259ndirilm\u0259si v\u0259 modernl\u0259\u015fdirilm\u0259sind\u0259 davam ed\u0259n \u0259m\u0259kda\u015fl\u0131q b\u00fct\u00fcn t\u0259r\u0259fl\u0259r \u00fc\u00e7\u00fcn faydal\u0131 olacaq. Az\u0259rbaycan, eyni zamanda, \u00ab\u015eimali v\u0259 M\u0259rk\u0259zi Asiyada daha dayan\u0131ql\u0131 v\u0259 r\u0259qab\u0259tli d\u0259mir yolu \u0259m\u0259liyyatlar\u0131n\u0131n d\u0259st\u0259kl\u0259nm\u0259si \u00fc\u00e7\u00fcn yeni texnologiyalar v\u0259 r\u0259q\u0259msal transformasiya\u201d (2022-2024)\u00bb layih\u0259sinin t\u0259\u015f\u0259bb\u00fcskar\u0131 olub. Az\u0259rbaycanla M\u0259rk\u0259zi Asiya \u00f6lk\u0259l\u0259ri aras\u0131nda iqtisadi infrastrukturun inteqrasiyas\u0131n\u0131 s\u00fcr\u0259tl\u0259ndirm\u0259kl\u0259 ba\u011fl\u0131 konkret layih\u0259l\u0259r d\u0259 aktual m\u0259s\u0259l\u0259l\u0259rd\u0259ndir.<br \/>\nB\u0259hs olunan, sadalanan arqumentl\u0259r b\u00fct\u00fcnl\u00fckd\u0259 Az\u0259rbaycan\u0131n xarici siyas\u0259tinin u\u011furlar\u0131, \u00f6lk\u0259mizin d\u00fcnyaya t\u0259qdimat\u0131, Prezident \u0130lham \u018fliyevin u\u011fur diplomatiyas\u0131n\u0131n \u0259yani t\u0259zah\u00fcr\u00fcd\u00fcr.<\/p>\n<p><strong>Xuraman \u0130smay\u0131lq\u0131z\u0131, \u00ab\u0130ki sahil\u00bb<\/strong><\/p>\n","protected":false},"excerpt":{"rendered":"<p>\u00d6lk\u0259mizd\u0259 s\u0259f\u0259rd\u0259 olark\u0259n Az\u0259rbaycanla ikit\u0259r\u0259fli m\u00fcnasib\u0259tl\u0259rin inki\u015faf\u0131n\u0131 y\u00fcks\u0259k d\u0259y\u0259rl\u0259ndir\u0259n, bunu islam h\u0259mr\u0259yliyinin n\u00fcmun\u0259si adland\u0131ran \u0130raq Prezidenti \u018fbd\u00fcll\u0259tif Camal R\u0259\u015fidin d\u00f6vl\u0259t ba\u015f\u00e7\u0131m\u0131z \u0130lham \u018fliyev\u0259 xitab\u0259n s\u00f6yl\u0259diyi \u00abSizin t\u0259cr\u00fcb\u0259nizd\u0259n faydalanma\u011fa haz\u0131r\u0131q!\u00bb s\u00f6zl\u0259ri art\u0131q ictimail\u0259\u015fib. H\u0259mkarlar\u0131 aras\u0131nda bel\u0259 q\u0259tiyy\u0259ti, siyasi irad\u0259si, v\u0259din\u0259 sadiqliyi il\u0259 h\u00f6rm\u0259t qazanan, d\u00fcnya birliyind\u0259 n\u00fcfuzu artan Prezident \u0130lham \u018fliyevin siyasi, \u015f\u0259xsi xarakterind\u0259 Hun h\u00f6kmdar\u0131 Attilaya xas keyfiyy\u0259tl\u0259rin formala\u015fd\u0131\u011f\u0131n\u0131 t\u0259sdiql\u0259m\u0259k \u00fc\u00e7\u00fcn d\u00f6vl\u0259t ba\u015f\u00e7\u0131m\u0131z\u0131n son ill\u0259rd\u0259ki f\u0259aliyy\u0259tin\u0259 n\u0259z\u0259r salmaq kifay\u0259tdir. \u00abBa\u015f\u00e7\u0131 h\u00f6km\u0259n, ruh\u0259n q\u0259l\u0259b\u0259y\u0259 can atmal\u0131d\u0131r. He\u00e7 d\u0259 m\u0259cburi deyil ki, h\u0259r d\u0259f\u0259 qalib g\u0259l\u0259s\u0259n, amma \u0259n vacib d\u00f6y\u00fc\u015fl\u0259ri udmaq laz\u0131md\u0131r\u00bb&hellip;<\/p>\n","protected":false},"author":2,"featured_media":787877,"comment_status":"closed","ping_status":"closed","sticky":false,"template":"","format":"standard","meta":{"om_disable_all_campaigns":false,"_monsterinsights_skip_tracking":false,"_monsterinsights_sitenote_active":false,"_monsterinsights_sitenote_note":"","_monsterinsights_sitenote_category":0},"categories":[19],"tags":[],"aioseo_notices":[],"gutentor_comment":0,"rttpg_featured_image_url":{"full":["https:\/\/arantv.az\/wp-content\/uploads\/2025\/02\/dc49dfeb169953046115817294110805654.jpeg",975,540,false],"landscape":["https:\/\/arantv.az\/wp-content\/uploads\/2025\/02\/dc49dfeb169953046115817294110805654.jpeg",975,540,false],"portraits":["https:\/\/arantv.az\/wp-content\/uploads\/2025\/02\/dc49dfeb169953046115817294110805654.jpeg",975,540,false],"thumbnail":["https:\/\/arantv.az\/wp-content\/uploads\/2025\/02\/dc49dfeb169953046115817294110805654-500x280.jpeg",500,280,true],"medium":["https:\/\/arantv.az\/wp-content\/uploads\/2025\/02\/dc49dfeb169953046115817294110805654-660x365.jpeg",660,365,true],"large":["https:\/\/arantv.az\/wp-content\/uploads\/2025\/02\/dc49dfeb169953046115817294110805654-840x465.jpeg",640,354,true],"1536x1536":["https:\/\/arantv.az\/wp-content\/uploads\/2025\/02\/dc49dfeb169953046115817294110805654.jpeg",975,540,false],"2048x2048":["https:\/\/arantv.az\/wp-content\/uploads\/2025\/02\/dc49dfeb169953046115817294110805654.jpeg",975,540,false],"post-thumbnail":["https:\/\/arantv.az\/wp-content\/uploads\/2025\/02\/dc49dfeb169953046115817294110805654-240x172.jpeg",240,172,true],"advps-thumb-one":["https:\/\/arantv.az\/wp-content\/uploads\/2025\/02\/dc49dfeb169953046115817294110805654.jpeg",975,540,false]},"rttpg_author":{"display_name":"V\u00fcsal Rafiqo\u011flu","author_link":"https:\/\/arantv.az\/?author=2"},"rttpg_comment":0,"rttpg_category":"<a href=\"https:\/\/arantv.az\/?cat=19\" rel=\"category\">G\u00fcnd\u0259m<\/a>","rttpg_excerpt":"\u00d6lk\u0259mizd\u0259 s\u0259f\u0259rd\u0259 olark\u0259n Az\u0259rbaycanla ikit\u0259r\u0259fli m\u00fcnasib\u0259tl\u0259rin inki\u015faf\u0131n\u0131 y\u00fcks\u0259k d\u0259y\u0259rl\u0259ndir\u0259n, bunu islam h\u0259mr\u0259yliyinin n\u00fcmun\u0259si adland\u0131ran \u0130raq Prezidenti \u018fbd\u00fcll\u0259tif Camal R\u0259\u015fidin d\u00f6vl\u0259t ba\u015f\u00e7\u0131m\u0131z \u0130lham \u018fliyev\u0259 xitab\u0259n s\u00f6yl\u0259diyi \u00abSizin t\u0259cr\u00fcb\u0259nizd\u0259n faydalanma\u011fa haz\u0131r\u0131q!\u00bb s\u00f6zl\u0259ri art\u0131q ictimail\u0259\u015fib. H\u0259mkarlar\u0131 aras\u0131nda bel\u0259 q\u0259tiyy\u0259ti, siyasi irad\u0259si, v\u0259din\u0259 sadiqliyi il\u0259 h\u00f6rm\u0259t qazanan, d\u00fcnya birliyind\u0259 n\u00fcfuzu artan Prezident \u0130lham \u018fliyevin siyasi, \u015f\u0259xsi xarakterind\u0259 Hun h\u00f6kmdar\u0131&hellip;","_links":{"self":[{"href":"https:\/\/arantv.az\/index.php?rest_route=\/wp\/v2\/posts\/787876"}],"collection":[{"href":"https:\/\/arantv.az\/index.php?rest_route=\/wp\/v2\/posts"}],"about":[{"href":"https:\/\/arantv.az\/index.php?rest_route=\/wp\/v2\/types\/post"}],"author":[{"embeddable":true,"href":"https:\/\/arantv.az\/index.php?rest_route=\/wp\/v2\/users\/2"}],"replies":[{"embeddable":true,"href":"https:\/\/arantv.az\/index.php?rest_route=%2Fwp%2Fv2%2Fcomments&post=787876"}],"version-history":[{"count":1,"href":"https:\/\/arantv.az\/index.php?rest_route=\/wp\/v2\/posts\/787876\/revisions"}],"predecessor-version":[{"id":787878,"href":"https:\/\/arantv.az\/index.php?rest_route=\/wp\/v2\/posts\/787876\/revisions\/787878"}],"wp:featuredmedia":[{"embeddable":true,"href":"https:\/\/arantv.az\/index.php?rest_route=\/wp\/v2\/media\/787877"}],"wp:attachment":[{"href":"https:\/\/arantv.az\/index.php?rest_route=%2Fwp%2Fv2%2Fmedia&parent=787876"}],"wp:term":[{"taxonomy":"category","embeddable":true,"href":"https:\/\/arantv.az\/index.php?rest_route=%2Fwp%2Fv2%2Fcategories&post=787876"},{"taxonomy":"post_tag","embeddable":true,"href":"https:\/\/arantv.az\/index.php?rest_route=%2Fwp%2Fv2%2Ftags&post=787876"}],"curies":[{"name":"wp","href":"https:\/\/api.w.org\/{rel}","templated":true}]}}