{"id":788891,"date":"2025-02-20T12:07:55","date_gmt":"2025-02-20T08:07:55","guid":{"rendered":"https:\/\/arantv.az\/?p=788891"},"modified":"2025-02-20T12:07:55","modified_gmt":"2025-02-20T08:07:55","slug":"agdamda-imar%c9%99t-tarix-memarliq-muzey-kompleksi-yaradilir","status":"publish","type":"post","link":"https:\/\/arantv.az\/?p=788891","title":{"rendered":"A\u011fdamda \u201c\u0130mar\u0259t\u201d Tarix-Memarl\u0131q Muzey Kompleksi yarad\u0131l\u0131r"},"content":{"rendered":"<p><strong>A\u011fdam \u015f\u0259h\u0259rind\u0259 \u201c\u0130mar\u0259t\u201d Tarix-Memarl\u0131q Muzey Kompleksi yarad\u0131l\u0131r.<\/strong><\/p>\n<p><strong>Musavat.com<\/strong>-un m\u0259lumat\u0131na g\u00f6r\u0259, Prezident \u0130lham \u018fliyev bununla ba\u011fl\u0131 S\u0259r\u0259ncam imzalay\u0131b.<\/p>\n<p>S\u0259r\u0259ncam Qaraba\u011f tarixinin v\u0259 m\u0259d\u0259ni irsinin d\u0259rind\u0259n \u00f6yr\u0259nilm\u0259si, P\u0259nah\u0259li xan t\u0259r\u0259find\u0259n \u0259sas\u0131 qoyulan Qaraba\u011f xanl\u0131\u011f\u0131 bar\u0259d\u0259 tarixi faktlar\u0131n t\u0259bli\u011fi v\u0259 g\u0259l\u0259c\u0259k n\u0259sill\u0259r\u0259 \u00f6t\u00fcr\u00fclm\u0259si m\u0259qs\u0259di da\u015f\u0131y\u0131r.<\/p>\n","protected":false},"excerpt":{"rendered":"<p>A\u011fdam \u015f\u0259h\u0259rind\u0259 \u201c\u0130mar\u0259t\u201d Tarix-Memarl\u0131q Muzey Kompleksi yarad\u0131l\u0131r. Musavat.com-un m\u0259lumat\u0131na g\u00f6r\u0259, Prezident \u0130lham \u018fliyev bununla ba\u011fl\u0131 S\u0259r\u0259ncam imzalay\u0131b. S\u0259r\u0259ncam Qaraba\u011f tarixinin v\u0259 m\u0259d\u0259ni irsinin d\u0259rind\u0259n \u00f6yr\u0259nilm\u0259si, P\u0259nah\u0259li xan t\u0259r\u0259find\u0259n \u0259sas\u0131 qoyulan Qaraba\u011f xanl\u0131\u011f\u0131 bar\u0259d\u0259 tarixi faktlar\u0131n t\u0259bli\u011fi v\u0259 g\u0259l\u0259c\u0259k n\u0259sill\u0259r\u0259 \u00f6t\u00fcr\u00fclm\u0259si m\u0259qs\u0259di da\u015f\u0131y\u0131r.<\/p>\n","protected":false},"author":2,"featured_media":788894,"comment_status":"closed","ping_status":"closed","sticky":false,"template":"","format":"standard","meta":{"om_disable_all_campaigns":false,"_monsterinsights_skip_tracking":false,"_monsterinsights_sitenote_active":false,"_monsterinsights_sitenote_note":"","_monsterinsights_sitenote_category":0},"categories":[4],"tags":[],"aioseo_notices":[],"gutentor_comment":0,"rttpg_featured_image_url":{"full":["https:\/\/arantv.az\/wp-content\/uploads\/2025\/02\/a2ed3bf33eec662b87f97f71542af5d4.jpg",850,500,false],"landscape":["https:\/\/arantv.az\/wp-content\/uploads\/2025\/02\/a2ed3bf33eec662b87f97f71542af5d4.jpg",850,500,false],"portraits":["https:\/\/arantv.az\/wp-content\/uploads\/2025\/02\/a2ed3bf33eec662b87f97f71542af5d4.jpg",850,500,false],"thumbnail":["https:\/\/arantv.az\/wp-content\/uploads\/2025\/02\/a2ed3bf33eec662b87f97f71542af5d4-500x280.jpg",500,280,true],"medium":["https:\/\/arantv.az\/wp-content\/uploads\/2025\/02\/a2ed3bf33eec662b87f97f71542af5d4-621x365.jpg",621,365,true],"large":["https:\/\/arantv.az\/wp-content\/uploads\/2025\/02\/a2ed3bf33eec662b87f97f71542af5d4-840x494.jpg",640,376,true],"1536x1536":["https:\/\/arantv.az\/wp-content\/uploads\/2025\/02\/a2ed3bf33eec662b87f97f71542af5d4.jpg",850,500,false],"2048x2048":["https:\/\/arantv.az\/wp-content\/uploads\/2025\/02\/a2ed3bf33eec662b87f97f71542af5d4.jpg",850,500,false],"post-thumbnail":["https:\/\/arantv.az\/wp-content\/uploads\/2025\/02\/a2ed3bf33eec662b87f97f71542af5d4-240x172.jpg",240,172,true],"advps-thumb-one":["https:\/\/arantv.az\/wp-content\/uploads\/2025\/02\/a2ed3bf33eec662b87f97f71542af5d4.jpg",850,500,false]},"rttpg_author":{"display_name":"V\u00fcsal Rafiqo\u011flu","author_link":"https:\/\/arantv.az\/?author=2"},"rttpg_comment":0,"rttpg_category":"<a href=\"https:\/\/arantv.az\/?cat=4\" rel=\"category\">Siyas\u0259t<\/a>","rttpg_excerpt":"A\u011fdam \u015f\u0259h\u0259rind\u0259 \u201c\u0130mar\u0259t\u201d Tarix-Memarl\u0131q Muzey Kompleksi yarad\u0131l\u0131r. Musavat.com-un m\u0259lumat\u0131na g\u00f6r\u0259, Prezident \u0130lham \u018fliyev bununla ba\u011fl\u0131 S\u0259r\u0259ncam imzalay\u0131b. S\u0259r\u0259ncam Qaraba\u011f tarixinin v\u0259 m\u0259d\u0259ni irsinin d\u0259rind\u0259n \u00f6yr\u0259nilm\u0259si, P\u0259nah\u0259li xan t\u0259r\u0259find\u0259n \u0259sas\u0131 qoyulan Qaraba\u011f xanl\u0131\u011f\u0131 bar\u0259d\u0259 tarixi faktlar\u0131n t\u0259bli\u011fi v\u0259 g\u0259l\u0259c\u0259k n\u0259sill\u0259r\u0259 \u00f6t\u00fcr\u00fclm\u0259si m\u0259qs\u0259di da\u015f\u0131y\u0131r.","_links":{"self":[{"href":"https:\/\/arantv.az\/index.php?rest_route=\/wp\/v2\/posts\/788891"}],"collection":[{"href":"https:\/\/arantv.az\/index.php?rest_route=\/wp\/v2\/posts"}],"about":[{"href":"https:\/\/arantv.az\/index.php?rest_route=\/wp\/v2\/types\/post"}],"author":[{"embeddable":true,"href":"https:\/\/arantv.az\/index.php?rest_route=\/wp\/v2\/users\/2"}],"replies":[{"embeddable":true,"href":"https:\/\/arantv.az\/index.php?rest_route=%2Fwp%2Fv2%2Fcomments&post=788891"}],"version-history":[{"count":1,"href":"https:\/\/arantv.az\/index.php?rest_route=\/wp\/v2\/posts\/788891\/revisions"}],"predecessor-version":[{"id":788895,"href":"https:\/\/arantv.az\/index.php?rest_route=\/wp\/v2\/posts\/788891\/revisions\/788895"}],"wp:featuredmedia":[{"embeddable":true,"href":"https:\/\/arantv.az\/index.php?rest_route=\/wp\/v2\/media\/788894"}],"wp:attachment":[{"href":"https:\/\/arantv.az\/index.php?rest_route=%2Fwp%2Fv2%2Fmedia&parent=788891"}],"wp:term":[{"taxonomy":"category","embeddable":true,"href":"https:\/\/arantv.az\/index.php?rest_route=%2Fwp%2Fv2%2Fcategories&post=788891"},{"taxonomy":"post_tag","embeddable":true,"href":"https:\/\/arantv.az\/index.php?rest_route=%2Fwp%2Fv2%2Ftags&post=788891"}],"curies":[{"name":"wp","href":"https:\/\/api.w.org\/{rel}","templated":true}]}}