{"id":788896,"date":"2025-02-20T12:08:56","date_gmt":"2025-02-20T08:08:56","guid":{"rendered":"https:\/\/arantv.az\/?p=788896"},"modified":"2025-02-20T12:08:56","modified_gmt":"2025-02-20T08:08:56","slug":"bakida-ayi-%c9%99ti-satan-magaza-sahibi-onlari-gor%c9%99n-kimi-qacdi-video","status":"publish","type":"post","link":"https:\/\/arantv.az\/?p=788896","title":{"rendered":"Bak\u0131da ay\u0131 \u0259ti satan ma\u011faza sahibi onlar\u0131 g\u00f6r\u0259n kimi qa\u00e7d\u0131 &#8211; V\u0130DEO"},"content":{"rendered":"<p><strong>Bak\u0131da apar\u0131lan yoxlamalar zaman\u0131 qeyri-adi \u0259t m\u0259hsullar\u0131 \u00fcz\u0259 \u00e7\u0131x\u0131b.<\/strong><\/p>\n<p>Az\u0259rbaycan Qida T\u0259hl\u00fck\u0259sizliyi Agentliyi (AQTA) \u0259m\u0259kda\u015flar\u0131 N\u0259rimanov rayonundak\u0131 bir ma\u011fazada ay\u0131, dov\u015fan v\u0259 maral \u0259tind\u0259n haz\u0131rlanm\u0131\u015f konservl\u0259r a\u015fkarlay\u0131blar.<\/p>\n<p>Maraql\u0131s\u0131 odur ki, yoxlama zaman\u0131 ma\u011faza sahibi AQTA n\u00fcmay\u0259nd\u0259l\u0259rini g\u00f6r\u0259n kimi d\u00fckan\u0131 ba\u011flayaraq \u0259razid\u0259n uzaqla\u015f\u0131b. Haz\u0131rda m\u0259s\u0259l\u0259 il\u0259 ba\u011fl\u0131 ara\u015fd\u0131rmalar davam etdirilir.<\/p>\n<p><iframe loading=\"lazy\" src=\"https:\/\/player.bax.tv\/embed\/205719.html?utm_source=playerden&amp;utm_medium=paylasim&amp;utm_campaign=son-xeberler\" width=\"100%\" height=\"480\" frameborder=\"0\" allowfullscreen=\"allowfullscreen\" data-mce-fragment=\"1\"><\/iframe><\/p>\n<p>Yenisabah.az<\/p>\n","protected":false},"excerpt":{"rendered":"<p>Bak\u0131da apar\u0131lan yoxlamalar zaman\u0131 qeyri-adi \u0259t m\u0259hsullar\u0131 \u00fcz\u0259 \u00e7\u0131x\u0131b. Az\u0259rbaycan Qida T\u0259hl\u00fck\u0259sizliyi Agentliyi (AQTA) \u0259m\u0259kda\u015flar\u0131 N\u0259rimanov rayonundak\u0131 bir ma\u011fazada ay\u0131, dov\u015fan v\u0259 maral \u0259tind\u0259n haz\u0131rlanm\u0131\u015f konservl\u0259r a\u015fkarlay\u0131blar. Maraql\u0131s\u0131 odur ki, yoxlama zaman\u0131 ma\u011faza sahibi AQTA n\u00fcmay\u0259nd\u0259l\u0259rini g\u00f6r\u0259n kimi d\u00fckan\u0131 ba\u011flayaraq \u0259razid\u0259n uzaqla\u015f\u0131b. Haz\u0131rda m\u0259s\u0259l\u0259 il\u0259 ba\u011fl\u0131 ara\u015fd\u0131rmalar davam etdirilir. Yenisabah.az<\/p>\n","protected":false},"author":2,"featured_media":788897,"comment_status":"closed","ping_status":"closed","sticky":false,"template":"","format":"standard","meta":{"om_disable_all_campaigns":false,"_monsterinsights_skip_tracking":false,"_monsterinsights_sitenote_active":false,"_monsterinsights_sitenote_note":"","_monsterinsights_sitenote_category":0},"categories":[1],"tags":[],"aioseo_notices":[],"gutentor_comment":0,"rttpg_featured_image_url":{"full":["https:\/\/arantv.az\/wp-content\/uploads\/2025\/02\/2302e103027a7e57a6ce3af4be548a16.jpg",750,422,false],"landscape":["https:\/\/arantv.az\/wp-content\/uploads\/2025\/02\/2302e103027a7e57a6ce3af4be548a16.jpg",750,422,false],"portraits":["https:\/\/arantv.az\/wp-content\/uploads\/2025\/02\/2302e103027a7e57a6ce3af4be548a16.jpg",750,422,false],"thumbnail":["https:\/\/arantv.az\/wp-content\/uploads\/2025\/02\/2302e103027a7e57a6ce3af4be548a16-500x280.jpg",500,280,true],"medium":["https:\/\/arantv.az\/wp-content\/uploads\/2025\/02\/2302e103027a7e57a6ce3af4be548a16-649x365.jpg",649,365,true],"large":["https:\/\/arantv.az\/wp-content\/uploads\/2025\/02\/2302e103027a7e57a6ce3af4be548a16.jpg",640,360,false],"1536x1536":["https:\/\/arantv.az\/wp-content\/uploads\/2025\/02\/2302e103027a7e57a6ce3af4be548a16.jpg",750,422,false],"2048x2048":["https:\/\/arantv.az\/wp-content\/uploads\/2025\/02\/2302e103027a7e57a6ce3af4be548a16.jpg",750,422,false],"post-thumbnail":["https:\/\/arantv.az\/wp-content\/uploads\/2025\/02\/2302e103027a7e57a6ce3af4be548a16-240x172.jpg",240,172,true],"advps-thumb-one":["https:\/\/arantv.az\/wp-content\/uploads\/2025\/02\/2302e103027a7e57a6ce3af4be548a16.jpg",750,422,false]},"rttpg_author":{"display_name":"V\u00fcsal Rafiqo\u011flu","author_link":"https:\/\/arantv.az\/?author=2"},"rttpg_comment":0,"rttpg_category":"<a href=\"https:\/\/arantv.az\/?cat=1\" rel=\"category\">C\u0259miyy\u0259t<\/a>","rttpg_excerpt":"Bak\u0131da apar\u0131lan yoxlamalar zaman\u0131 qeyri-adi \u0259t m\u0259hsullar\u0131 \u00fcz\u0259 \u00e7\u0131x\u0131b. Az\u0259rbaycan Qida T\u0259hl\u00fck\u0259sizliyi Agentliyi (AQTA) \u0259m\u0259kda\u015flar\u0131 N\u0259rimanov rayonundak\u0131 bir ma\u011fazada ay\u0131, dov\u015fan v\u0259 maral \u0259tind\u0259n haz\u0131rlanm\u0131\u015f konservl\u0259r a\u015fkarlay\u0131blar. Maraql\u0131s\u0131 odur ki, yoxlama zaman\u0131 ma\u011faza sahibi AQTA n\u00fcmay\u0259nd\u0259l\u0259rini g\u00f6r\u0259n kimi d\u00fckan\u0131 ba\u011flayaraq \u0259razid\u0259n uzaqla\u015f\u0131b. Haz\u0131rda m\u0259s\u0259l\u0259 il\u0259 ba\u011fl\u0131 ara\u015fd\u0131rmalar davam etdirilir. Yenisabah.az","_links":{"self":[{"href":"https:\/\/arantv.az\/index.php?rest_route=\/wp\/v2\/posts\/788896"}],"collection":[{"href":"https:\/\/arantv.az\/index.php?rest_route=\/wp\/v2\/posts"}],"about":[{"href":"https:\/\/arantv.az\/index.php?rest_route=\/wp\/v2\/types\/post"}],"author":[{"embeddable":true,"href":"https:\/\/arantv.az\/index.php?rest_route=\/wp\/v2\/users\/2"}],"replies":[{"embeddable":true,"href":"https:\/\/arantv.az\/index.php?rest_route=%2Fwp%2Fv2%2Fcomments&post=788896"}],"version-history":[{"count":1,"href":"https:\/\/arantv.az\/index.php?rest_route=\/wp\/v2\/posts\/788896\/revisions"}],"predecessor-version":[{"id":788898,"href":"https:\/\/arantv.az\/index.php?rest_route=\/wp\/v2\/posts\/788896\/revisions\/788898"}],"wp:featuredmedia":[{"embeddable":true,"href":"https:\/\/arantv.az\/index.php?rest_route=\/wp\/v2\/media\/788897"}],"wp:attachment":[{"href":"https:\/\/arantv.az\/index.php?rest_route=%2Fwp%2Fv2%2Fmedia&parent=788896"}],"wp:term":[{"taxonomy":"category","embeddable":true,"href":"https:\/\/arantv.az\/index.php?rest_route=%2Fwp%2Fv2%2Fcategories&post=788896"},{"taxonomy":"post_tag","embeddable":true,"href":"https:\/\/arantv.az\/index.php?rest_route=%2Fwp%2Fv2%2Ftags&post=788896"}],"curies":[{"name":"wp","href":"https:\/\/api.w.org\/{rel}","templated":true}]}}