{"id":788905,"date":"2025-02-20T12:13:40","date_gmt":"2025-02-20T08:13:40","guid":{"rendered":"https:\/\/arantv.az\/?p=788905"},"modified":"2025-02-20T12:13:40","modified_gmt":"2025-02-20T08:13:40","slug":"20-fevral-aviasiya-q%c9%99zasi-qurbanlari-v%c9%99-ail%c9%99l%c9%99rinin-beyn%c9%99lxalq-anim-gunudur","status":"publish","type":"post","link":"https:\/\/arantv.az\/?p=788905","title":{"rendered":"20 fevral &#8211; Aviasiya Q\u0259zas\u0131 Qurbanlar\u0131 v\u0259 Ail\u0259l\u0259rinin Beyn\u0259lxalq An\u0131m G\u00fcn\u00fcd\u00fcr"},"content":{"rendered":"<p>2021-ci ild\u0259 Beyn\u0259lxalq M\u00fclki Aviasiya T\u0259\u015fkilat\u0131 (ICAO) fevral\u0131n 20-ni Aviasiya Q\u0259zas\u0131 Qurbanlar\u0131 v\u0259 Ail\u0259l\u0259rinin Beyn\u0259lxalq An\u0131m G\u00fcn\u00fc elan edib.<\/p>\n<p><a class=\"azertac-link\" href=\"https:\/\/azertag.az\/\" target=\"_blank\" rel=\"noopener\">AZ\u018fRTAC<\/a>\u00a0R\u0259q\u0259msal \u0130nki\u015faf v\u0259 N\u0259qliyyat Nazirliyinin m\u0259lumat\u0131na istinadla x\u0259b\u0259r verir ki, bu g\u00fcn insanlar\u0131n h\u0259yat\u0131na son qoyan v\u0259 yax\u0131nlar\u0131n\u0131n q\u0259lbind\u0259 d\u0259rin izl\u0259r buraxan aviasiya faci\u0259l\u0259ri bar\u0259d\u0259 m\u00fch\u00fcm bir xat\u0131rlatmad\u0131r. ICAO-nun t\u0259\u015f\u0259bb\u00fcs\u00fc t\u0259kc\u0259 h\u0259lak olanlar\u0131n xatir\u0259sini ehtiramla yad etm\u0259y\u0259 y\u00f6n\u0259lm\u0259yib, o h\u0259m d\u0259 bu c\u00fcr hadis\u0259l\u0259rd\u0259n sonra fiziki, emosional v\u0259 m\u0259n\u0259vi \u00e7\u0259tinlikl\u0259rl\u0259 \u00fczl\u0259\u015f\u0259n ail\u0259l\u0259r\u0259 d\u0259st\u0259k verilm\u0259sinin z\u0259ruriliyin\u0259 diqq\u0259ti c\u0259lb etm\u0259k m\u0259qs\u0259di da\u015f\u0131y\u0131r.<\/p>\n<p>H\u0259r il ICAO t\u0259yyar\u0259 q\u0259zas\u0131 qurbanlar\u0131 v\u0259 onlar\u0131n yax\u0131nlar\u0131n\u0131n q\u0259zadan sonra ehtiyac duyduqlar\u0131 d\u0259st\u0259k, resurslar v\u0259 h\u0259rt\u0259r\u0259fli m\u0259lumatla t\u0259minatlar\u0131n\u0131 yax\u015f\u0131la\u015fd\u0131rmaq \u00fczr\u0259 \u00f6hd\u0259likl\u0259rini h\u00f6kum\u0259tl\u0259r\u0259 v\u0259 aviasiya s\u0259nayesin\u0259 xat\u0131rlatmaq \u00fc\u00e7\u00fcn t\u0259dbirl\u0259r ke\u00e7irir.<\/p>\n<p>Dekabr\u0131n 25-d\u0259 \u201cAz\u0259rbaycan Hava Yollar\u0131\u201d QSC-nin \u201cEmbraer 190\u201d tipli s\u0259rni\u015fin t\u0259yyar\u0259sinin q\u0259zaya u\u011framas\u0131 n\u0259tic\u0259sind\u0259 ba\u015f vermi\u015f faci\u0259 hava n\u0259qliyyat\u0131 il\u0259 ba\u011fl\u0131 k\u0259d\u0259rli hadis\u0259dir. Q\u0259za ekipaj \u00fczvl\u0259ri v\u0259 s\u0259rni\u015finl\u0259r d\u0259 daxil olmaqla 38 n\u0259f\u0259rin h\u0259yat\u0131na son qoysa da, pilotlar\u0131n v\u0259 bort b\u0259l\u0259d\u00e7il\u0259rinin q\u0259hr\u0259manl\u0131\u011f\u0131 n\u0259tic\u0259sind\u0259 29 n\u0259f\u0259r xilas edilib. Bu, kritik v\u0259ziyy\u0259tl\u0259rd\u0259 pe\u015f\u0259karl\u0131\u011f\u0131n v\u0259 f\u0259dakarl\u0131\u011f\u0131n vacibliyini vur\u011fulay\u0131r.<\/p>\n<p>Bu faci\u0259 aviasiyada t\u0259hl\u00fck\u0259sizlik t\u0259dbirl\u0259rinin daha da t\u0259kmill\u0259\u015fdirilm\u0259sinin vacibliyini \u00f6n\u0259 \u00e7\u0131xar\u0131r. ICAO v\u0259 ona \u00fczv \u00f6lk\u0259l\u0259r, o c\u00fcml\u0259d\u0259n Az\u0259rbaycan g\u0259l\u0259c\u0259kd\u0259 ox\u015far hadis\u0259l\u0259rin qar\u015f\u0131s\u0131n\u0131n al\u0131nmas\u0131na y\u00f6n\u0259lmi\u015f qanunvericilik t\u0259\u015f\u0259bb\u00fcsl\u0259rinin ir\u0259li s\u00fcr\u00fclm\u0259si istiqam\u0259tind\u0259 f\u0259aliyy\u0259tini davam etdirir.<\/p>\n","protected":false},"excerpt":{"rendered":"<p>2021-ci ild\u0259 Beyn\u0259lxalq M\u00fclki Aviasiya T\u0259\u015fkilat\u0131 (ICAO) fevral\u0131n 20-ni Aviasiya Q\u0259zas\u0131 Qurbanlar\u0131 v\u0259 Ail\u0259l\u0259rinin Beyn\u0259lxalq An\u0131m G\u00fcn\u00fc elan edib. AZ\u018fRTAC\u00a0R\u0259q\u0259msal \u0130nki\u015faf v\u0259 N\u0259qliyyat Nazirliyinin m\u0259lumat\u0131na istinadla x\u0259b\u0259r verir ki, bu g\u00fcn insanlar\u0131n h\u0259yat\u0131na son qoyan v\u0259 yax\u0131nlar\u0131n\u0131n q\u0259lbind\u0259 d\u0259rin izl\u0259r buraxan aviasiya faci\u0259l\u0259ri bar\u0259d\u0259 m\u00fch\u00fcm bir xat\u0131rlatmad\u0131r. ICAO-nun t\u0259\u015f\u0259bb\u00fcs\u00fc t\u0259kc\u0259 h\u0259lak olanlar\u0131n xatir\u0259sini ehtiramla yad etm\u0259y\u0259 y\u00f6n\u0259lm\u0259yib, o h\u0259m d\u0259 bu c\u00fcr hadis\u0259l\u0259rd\u0259n sonra fiziki, emosional v\u0259 m\u0259n\u0259vi \u00e7\u0259tinlikl\u0259rl\u0259 \u00fczl\u0259\u015f\u0259n ail\u0259l\u0259r\u0259 d\u0259st\u0259k verilm\u0259sinin z\u0259ruriliyin\u0259 diqq\u0259ti c\u0259lb etm\u0259k m\u0259qs\u0259di da\u015f\u0131y\u0131r. H\u0259r il ICAO t\u0259yyar\u0259 q\u0259zas\u0131 qurbanlar\u0131 v\u0259 onlar\u0131n yax\u0131nlar\u0131n\u0131n q\u0259zadan sonra&hellip;<\/p>\n","protected":false},"author":2,"featured_media":788906,"comment_status":"closed","ping_status":"closed","sticky":false,"template":"","format":"standard","meta":{"om_disable_all_campaigns":false,"_monsterinsights_skip_tracking":false,"_monsterinsights_sitenote_active":false,"_monsterinsights_sitenote_note":"","_monsterinsights_sitenote_category":0},"categories":[1],"tags":[],"aioseo_notices":[],"gutentor_comment":0,"rttpg_featured_image_url":{"full":["https:\/\/arantv.az\/wp-content\/uploads\/2025\/02\/17400376106336618434_1200x630.jpg",923,630,false],"landscape":["https:\/\/arantv.az\/wp-content\/uploads\/2025\/02\/17400376106336618434_1200x630.jpg",923,630,false],"portraits":["https:\/\/arantv.az\/wp-content\/uploads\/2025\/02\/17400376106336618434_1200x630.jpg",923,630,false],"thumbnail":["https:\/\/arantv.az\/wp-content\/uploads\/2025\/02\/17400376106336618434_1200x630-500x280.jpg",500,280,true],"medium":["https:\/\/arantv.az\/wp-content\/uploads\/2025\/02\/17400376106336618434_1200x630-535x365.jpg",535,365,true],"large":["https:\/\/arantv.az\/wp-content\/uploads\/2025\/02\/17400376106336618434_1200x630-840x573.jpg",640,437,true],"1536x1536":["https:\/\/arantv.az\/wp-content\/uploads\/2025\/02\/17400376106336618434_1200x630.jpg",923,630,false],"2048x2048":["https:\/\/arantv.az\/wp-content\/uploads\/2025\/02\/17400376106336618434_1200x630.jpg",923,630,false],"post-thumbnail":["https:\/\/arantv.az\/wp-content\/uploads\/2025\/02\/17400376106336618434_1200x630-240x172.jpg",240,172,true],"advps-thumb-one":["https:\/\/arantv.az\/wp-content\/uploads\/2025\/02\/17400376106336618434_1200x630-923x620.jpg",923,620,true]},"rttpg_author":{"display_name":"V\u00fcsal Rafiqo\u011flu","author_link":"https:\/\/arantv.az\/?author=2"},"rttpg_comment":0,"rttpg_category":"<a href=\"https:\/\/arantv.az\/?cat=1\" rel=\"category\">C\u0259miyy\u0259t<\/a>","rttpg_excerpt":"2021-ci ild\u0259 Beyn\u0259lxalq M\u00fclki Aviasiya T\u0259\u015fkilat\u0131 (ICAO) fevral\u0131n 20-ni Aviasiya Q\u0259zas\u0131 Qurbanlar\u0131 v\u0259 Ail\u0259l\u0259rinin Beyn\u0259lxalq An\u0131m G\u00fcn\u00fc elan edib. AZ\u018fRTAC\u00a0R\u0259q\u0259msal \u0130nki\u015faf v\u0259 N\u0259qliyyat Nazirliyinin m\u0259lumat\u0131na istinadla x\u0259b\u0259r verir ki, bu g\u00fcn insanlar\u0131n h\u0259yat\u0131na son qoyan v\u0259 yax\u0131nlar\u0131n\u0131n q\u0259lbind\u0259 d\u0259rin izl\u0259r buraxan aviasiya faci\u0259l\u0259ri bar\u0259d\u0259 m\u00fch\u00fcm bir xat\u0131rlatmad\u0131r. ICAO-nun t\u0259\u015f\u0259bb\u00fcs\u00fc t\u0259kc\u0259 h\u0259lak olanlar\u0131n xatir\u0259sini ehtiramla yad&hellip;","_links":{"self":[{"href":"https:\/\/arantv.az\/index.php?rest_route=\/wp\/v2\/posts\/788905"}],"collection":[{"href":"https:\/\/arantv.az\/index.php?rest_route=\/wp\/v2\/posts"}],"about":[{"href":"https:\/\/arantv.az\/index.php?rest_route=\/wp\/v2\/types\/post"}],"author":[{"embeddable":true,"href":"https:\/\/arantv.az\/index.php?rest_route=\/wp\/v2\/users\/2"}],"replies":[{"embeddable":true,"href":"https:\/\/arantv.az\/index.php?rest_route=%2Fwp%2Fv2%2Fcomments&post=788905"}],"version-history":[{"count":1,"href":"https:\/\/arantv.az\/index.php?rest_route=\/wp\/v2\/posts\/788905\/revisions"}],"predecessor-version":[{"id":788907,"href":"https:\/\/arantv.az\/index.php?rest_route=\/wp\/v2\/posts\/788905\/revisions\/788907"}],"wp:featuredmedia":[{"embeddable":true,"href":"https:\/\/arantv.az\/index.php?rest_route=\/wp\/v2\/media\/788906"}],"wp:attachment":[{"href":"https:\/\/arantv.az\/index.php?rest_route=%2Fwp%2Fv2%2Fmedia&parent=788905"}],"wp:term":[{"taxonomy":"category","embeddable":true,"href":"https:\/\/arantv.az\/index.php?rest_route=%2Fwp%2Fv2%2Fcategories&post=788905"},{"taxonomy":"post_tag","embeddable":true,"href":"https:\/\/arantv.az\/index.php?rest_route=%2Fwp%2Fv2%2Ftags&post=788905"}],"curies":[{"name":"wp","href":"https:\/\/api.w.org\/{rel}","templated":true}]}}