{"id":788922,"date":"2025-02-20T13:16:46","date_gmt":"2025-02-20T09:16:46","guid":{"rendered":"https:\/\/arantv.az\/?p=788922"},"modified":"2025-02-20T13:16:46","modified_gmt":"2025-02-20T09:16:46","slug":"az%c9%99rbaycan-milli-m%c9%99tbuatinin-150-illiyi-medali-t%c9%99sis-edildifoto","status":"publish","type":"post","link":"https:\/\/arantv.az\/?p=788922","title":{"rendered":"\u201cAz\u0259rbaycan milli m\u0259tbuat\u0131n\u0131n 150 illiyi\u201d medal\u0131 t\u0259sis edildiFOTO"},"content":{"rendered":"<p><strong>\u201cAz\u0259rbaycan milli m\u0259tbuat\u0131n\u0131n 150 illiyi (1875\u20132025)\u201d Az\u0259rbaycan\u0131n yubiley medal\u0131 t\u0259sis edilib.<\/strong><\/p>\n<p><strong>ARANTV.AZ <\/strong>\u00a0x\u0259b\u0259r verir ki, bununla ba\u011fl\u0131 Prezident \u0130lham \u018fliyev m\u00fcvafiq F\u0259rman imzalay\u0131b.<\/p>\n<p>\u201cAz\u0259rbaycan milli m\u0259tbuat\u0131n\u0131n 150 illiyi (1875\u20132025)\u201d Az\u0259rbaycan\u0131n yubiley medal\u0131 il\u0259 t\u0259ltif etm\u0259k s\u0259lahiyy\u0259ti Median\u0131n \u0130nki\u015faf\u0131 Agentliyinin \u0130cra\u00e7\u0131 direktoruna verilib.<\/p>\n<p><img src=\"https:\/\/apa.az\/storage\/news\/2025\/february\/20\/big\/67b6ed54b651167b6ed54b6512174004155667b6ed54b650f67b6ed54b6510.png\" alt=\"\u201cAz\u0259rbaycan milli m\u0259tbuat\u0131n\u0131n 150 illiyi (1875\u20132025)\u201d yubiley medal\u0131 t\u0259sis edilib\" \/><\/p>\n","protected":false},"excerpt":{"rendered":"<p>\u201cAz\u0259rbaycan milli m\u0259tbuat\u0131n\u0131n 150 illiyi (1875\u20132025)\u201d Az\u0259rbaycan\u0131n yubiley medal\u0131 t\u0259sis edilib. ARANTV.AZ \u00a0x\u0259b\u0259r verir ki, bununla ba\u011fl\u0131 Prezident \u0130lham \u018fliyev m\u00fcvafiq F\u0259rman imzalay\u0131b. \u201cAz\u0259rbaycan milli m\u0259tbuat\u0131n\u0131n 150 illiyi (1875\u20132025)\u201d Az\u0259rbaycan\u0131n yubiley medal\u0131 il\u0259 t\u0259ltif etm\u0259k s\u0259lahiyy\u0259ti Median\u0131n \u0130nki\u015faf\u0131 Agentliyinin \u0130cra\u00e7\u0131 direktoruna verilib.<\/p>\n","protected":false},"author":2,"featured_media":788923,"comment_status":"closed","ping_status":"closed","sticky":false,"template":"","format":"standard","meta":{"om_disable_all_campaigns":false,"_monsterinsights_skip_tracking":false,"_monsterinsights_sitenote_active":false,"_monsterinsights_sitenote_note":"","_monsterinsights_sitenote_category":0},"categories":[19],"tags":[],"aioseo_notices":[],"gutentor_comment":0,"rttpg_featured_image_url":{"full":["https:\/\/arantv.az\/wp-content\/uploads\/2025\/02\/69eaf6130f6aa78b0b8d1f3b12e57969.png",592,372,false],"landscape":["https:\/\/arantv.az\/wp-content\/uploads\/2025\/02\/69eaf6130f6aa78b0b8d1f3b12e57969.png",592,372,false],"portraits":["https:\/\/arantv.az\/wp-content\/uploads\/2025\/02\/69eaf6130f6aa78b0b8d1f3b12e57969.png",592,372,false],"thumbnail":["https:\/\/arantv.az\/wp-content\/uploads\/2025\/02\/69eaf6130f6aa78b0b8d1f3b12e57969-500x280.png",500,280,true],"medium":["https:\/\/arantv.az\/wp-content\/uploads\/2025\/02\/69eaf6130f6aa78b0b8d1f3b12e57969-581x365.png",581,365,true],"large":["https:\/\/arantv.az\/wp-content\/uploads\/2025\/02\/69eaf6130f6aa78b0b8d1f3b12e57969.png",592,372,false],"1536x1536":["https:\/\/arantv.az\/wp-content\/uploads\/2025\/02\/69eaf6130f6aa78b0b8d1f3b12e57969.png",592,372,false],"2048x2048":["https:\/\/arantv.az\/wp-content\/uploads\/2025\/02\/69eaf6130f6aa78b0b8d1f3b12e57969.png",592,372,false],"post-thumbnail":["https:\/\/arantv.az\/wp-content\/uploads\/2025\/02\/69eaf6130f6aa78b0b8d1f3b12e57969-240x172.png",240,172,true],"advps-thumb-one":["https:\/\/arantv.az\/wp-content\/uploads\/2025\/02\/69eaf6130f6aa78b0b8d1f3b12e57969.png",592,372,false]},"rttpg_author":{"display_name":"V\u00fcsal Rafiqo\u011flu","author_link":"https:\/\/arantv.az\/?author=2"},"rttpg_comment":0,"rttpg_category":"<a href=\"https:\/\/arantv.az\/?cat=19\" rel=\"category\">G\u00fcnd\u0259m<\/a>","rttpg_excerpt":"\u201cAz\u0259rbaycan milli m\u0259tbuat\u0131n\u0131n 150 illiyi (1875\u20132025)\u201d Az\u0259rbaycan\u0131n yubiley medal\u0131 t\u0259sis edilib. ARANTV.AZ \u00a0x\u0259b\u0259r verir ki, bununla ba\u011fl\u0131 Prezident \u0130lham \u018fliyev m\u00fcvafiq F\u0259rman imzalay\u0131b. \u201cAz\u0259rbaycan milli m\u0259tbuat\u0131n\u0131n 150 illiyi (1875\u20132025)\u201d Az\u0259rbaycan\u0131n yubiley medal\u0131 il\u0259 t\u0259ltif etm\u0259k s\u0259lahiyy\u0259ti Median\u0131n \u0130nki\u015faf\u0131 Agentliyinin \u0130cra\u00e7\u0131 direktoruna verilib.","_links":{"self":[{"href":"https:\/\/arantv.az\/index.php?rest_route=\/wp\/v2\/posts\/788922"}],"collection":[{"href":"https:\/\/arantv.az\/index.php?rest_route=\/wp\/v2\/posts"}],"about":[{"href":"https:\/\/arantv.az\/index.php?rest_route=\/wp\/v2\/types\/post"}],"author":[{"embeddable":true,"href":"https:\/\/arantv.az\/index.php?rest_route=\/wp\/v2\/users\/2"}],"replies":[{"embeddable":true,"href":"https:\/\/arantv.az\/index.php?rest_route=%2Fwp%2Fv2%2Fcomments&post=788922"}],"version-history":[{"count":1,"href":"https:\/\/arantv.az\/index.php?rest_route=\/wp\/v2\/posts\/788922\/revisions"}],"predecessor-version":[{"id":788924,"href":"https:\/\/arantv.az\/index.php?rest_route=\/wp\/v2\/posts\/788922\/revisions\/788924"}],"wp:featuredmedia":[{"embeddable":true,"href":"https:\/\/arantv.az\/index.php?rest_route=\/wp\/v2\/media\/788923"}],"wp:attachment":[{"href":"https:\/\/arantv.az\/index.php?rest_route=%2Fwp%2Fv2%2Fmedia&parent=788922"}],"wp:term":[{"taxonomy":"category","embeddable":true,"href":"https:\/\/arantv.az\/index.php?rest_route=%2Fwp%2Fv2%2Fcategories&post=788922"},{"taxonomy":"post_tag","embeddable":true,"href":"https:\/\/arantv.az\/index.php?rest_route=%2Fwp%2Fv2%2Ftags&post=788922"}],"curies":[{"name":"wp","href":"https:\/\/api.w.org\/{rel}","templated":true}]}}