{"id":788929,"date":"2025-02-20T13:18:48","date_gmt":"2025-02-20T09:18:48","guid":{"rendered":"https:\/\/arantv.az\/?p=788929"},"modified":"2025-02-20T13:18:48","modified_gmt":"2025-02-20T09:18:48","slug":"axundov-kitabxanasinda-xaos-yasanir-direktor-muavinind%c9%99n-aciqlama","status":"publish","type":"post","link":"https:\/\/arantv.az\/?p=788929","title":{"rendered":"Axundov kitabxanas\u0131nda xaos ya\u015fan\u0131r?- Direktor m\u00fcavinind\u0259n A\u00c7IQLAMA"},"content":{"rendered":"<p><strong>Axundov ad\u0131na Milli kitabxanan\u0131n \u0259m\u0259kda\u015flar\u0131ndan redaksiyam\u0131za \u015fikay\u0259t daxil olub. \u00a0\u015eikay\u0259t ed\u0259n \u0259m\u0259kda\u015flar bildirirl\u0259r ki, kitabxana r\u0259hb\u0259rliyi K\u0259rim Tahirov v\u0259 m\u00fcavini \u018fdib\u0259 \u0130smay\u0131lova iclas zaman\u0131 i\u015f\u00e7il\u0259ri t\u0259hqir edir, \u0259lav\u0259 i\u015fl\u0259 y\u00fckl\u0259yirl\u0259r.<\/strong><\/p>\n<p>Onlar qeyd edir ki, kitabxanada ali t\u0259hsilli ixtisasl\u0131 kadrlar f\u0259hl\u0259 \u0259v\u0259zi i\u015fl\u0259dilir, kitab da\u015f\u0131d\u0131l\u0131r, normadan art\u0131q i\u015fl\u0259dilirl\u0259r.<\/p>\n<p>Onu da qeyd ed\u0259k ki, bu bar\u0259d\u0259 sosial \u015f\u0259b\u0259k\u0259d\u0259 bir ne\u00e7\u0259 b\u00f6y\u00fck s\u0259hif\u0259 t\u0259r\u0259find\u0259n ox\u015far \u015fikay\u0259t m\u0259ktublar\u0131 payla\u015f\u0131l\u0131b.<\/p>\n<p>M\u0259lumat \u00fc\u00e7\u00fcn bildir\u0259k ki, K\u0259rim Tahirov 20 ildir kitabxanan\u0131n direktorudur.<\/p>\n<p><img src=\"https:\/\/www.millikitabxana.az\/upload\/news\/thumbs\/-o306nw8nYdXOpiBeWsXO144lOBQ_kOu.jpeg\" alt=\"\u018fdib\u0259 \u0130smay\u0131lova: Milli Kitabxana 100 illik f\u0259aliyy\u0259ti d\u00f6vr\u00fcnd\u0259 Az\u0259rbaycan  xalq\u0131n\u0131n elm m\u0259b\u0259dgah\u0131na \u00e7evrilib - m\u00fcsahib\u0259 | Az\u0259rbaycan Milli Kitabxanas\u0131\" \/><\/p>\n<p><strong>Musavat.com<\/strong>-un \u0259m\u0259kda\u015f\u0131 \u015fikay\u0259tl\u0259 ba\u011fl\u0131 m\u00f6vqe almaq \u00fc\u00e7\u00fcn ad\u0131 hallanan \u018fdib\u0259 \u0130smay\u0131lova il\u0259 \u0259laq\u0259 saxlay\u0131b.<\/p>\n<p>O, yay\u0131lan m\u0259lumatlar\u0131 t\u0259kzib edib. \u018f. \u0130smay\u0131lova bildirib ki, onlarda el\u0259 iclas olmay\u0131b:<\/p>\n<p>\u201cB\u0259lk\u0259 kims\u0259 q\u0259r\u0259zli yaz\u0131b. Bu bar\u0259d\u0259 direktora da m\u0259lumat ver\u0259c\u0259y\u0259m. Ola bilsin ki, kims\u0259 q\u0259sd\u0259n bel\u0259 bir i\u015f tutub. Biz kimi f\u0259hl\u0259 kimi i\u015fl\u0259dirik ki? Burada ham\u0131 ali t\u0259hsilli kitabxana\u00e7\u0131lard\u0131r, kabinetind\u0259 oturub i\u015fl\u0259rini g\u00f6r\u00fcrl\u0259r. Hesab edir\u0259m ki, \u015fikay\u0259tl\u0259r anonim oldu\u011funa g\u00f6r\u0259 q\u0259r\u0259zlidir\u201d.<\/p>\n<p>Onu da qeyd ed\u0259k ki, kitabxanan\u0131n \u0259m\u0259kda\u015flar\u0131n\u0131n bu kimi \u015fikay\u0259tl\u0259ri daha \u00f6nc\u0259 d\u0259 \u00f6lk\u0259 m\u0259tbuat\u0131nda d\u0259rc olunub.<\/p>\n","protected":false},"excerpt":{"rendered":"<p>Axundov ad\u0131na Milli kitabxanan\u0131n \u0259m\u0259kda\u015flar\u0131ndan redaksiyam\u0131za \u015fikay\u0259t daxil olub. \u00a0\u015eikay\u0259t ed\u0259n \u0259m\u0259kda\u015flar bildirirl\u0259r ki, kitabxana r\u0259hb\u0259rliyi K\u0259rim Tahirov v\u0259 m\u00fcavini \u018fdib\u0259 \u0130smay\u0131lova iclas zaman\u0131 i\u015f\u00e7il\u0259ri t\u0259hqir edir, \u0259lav\u0259 i\u015fl\u0259 y\u00fckl\u0259yirl\u0259r. Onlar qeyd edir ki, kitabxanada ali t\u0259hsilli ixtisasl\u0131 kadrlar f\u0259hl\u0259 \u0259v\u0259zi i\u015fl\u0259dilir, kitab da\u015f\u0131d\u0131l\u0131r, normadan art\u0131q i\u015fl\u0259dilirl\u0259r. Onu da qeyd ed\u0259k ki, bu bar\u0259d\u0259 sosial \u015f\u0259b\u0259k\u0259d\u0259 bir ne\u00e7\u0259 b\u00f6y\u00fck s\u0259hif\u0259 t\u0259r\u0259find\u0259n ox\u015far \u015fikay\u0259t m\u0259ktublar\u0131 payla\u015f\u0131l\u0131b. M\u0259lumat \u00fc\u00e7\u00fcn bildir\u0259k ki, K\u0259rim Tahirov 20 ildir kitabxanan\u0131n direktorudur. Musavat.com-un \u0259m\u0259kda\u015f\u0131 \u015fikay\u0259tl\u0259 ba\u011fl\u0131 m\u00f6vqe almaq \u00fc\u00e7\u00fcn ad\u0131 hallanan \u018fdib\u0259 \u0130smay\u0131lova il\u0259 \u0259laq\u0259 saxlay\u0131b. O,&hellip;<\/p>\n","protected":false},"author":2,"featured_media":788930,"comment_status":"closed","ping_status":"closed","sticky":false,"template":"","format":"standard","meta":{"om_disable_all_campaigns":false,"_monsterinsights_skip_tracking":false,"_monsterinsights_sitenote_active":false,"_monsterinsights_sitenote_note":"","_monsterinsights_sitenote_category":0},"categories":[1],"tags":[],"aioseo_notices":[],"gutentor_comment":0,"rttpg_featured_image_url":{"full":["https:\/\/arantv.az\/wp-content\/uploads\/2025\/02\/d227928774cfa376a927595f97a702f5.jpg",870,500,false],"landscape":["https:\/\/arantv.az\/wp-content\/uploads\/2025\/02\/d227928774cfa376a927595f97a702f5.jpg",870,500,false],"portraits":["https:\/\/arantv.az\/wp-content\/uploads\/2025\/02\/d227928774cfa376a927595f97a702f5.jpg",870,500,false],"thumbnail":["https:\/\/arantv.az\/wp-content\/uploads\/2025\/02\/d227928774cfa376a927595f97a702f5-500x280.jpg",500,280,true],"medium":["https:\/\/arantv.az\/wp-content\/uploads\/2025\/02\/d227928774cfa376a927595f97a702f5-635x365.jpg",635,365,true],"large":["https:\/\/arantv.az\/wp-content\/uploads\/2025\/02\/d227928774cfa376a927595f97a702f5-840x483.jpg",640,368,true],"1536x1536":["https:\/\/arantv.az\/wp-content\/uploads\/2025\/02\/d227928774cfa376a927595f97a702f5.jpg",870,500,false],"2048x2048":["https:\/\/arantv.az\/wp-content\/uploads\/2025\/02\/d227928774cfa376a927595f97a702f5.jpg",870,500,false],"post-thumbnail":["https:\/\/arantv.az\/wp-content\/uploads\/2025\/02\/d227928774cfa376a927595f97a702f5-240x172.jpg",240,172,true],"advps-thumb-one":["https:\/\/arantv.az\/wp-content\/uploads\/2025\/02\/d227928774cfa376a927595f97a702f5.jpg",870,500,false]},"rttpg_author":{"display_name":"V\u00fcsal Rafiqo\u011flu","author_link":"https:\/\/arantv.az\/?author=2"},"rttpg_comment":0,"rttpg_category":"<a href=\"https:\/\/arantv.az\/?cat=1\" rel=\"category\">C\u0259miyy\u0259t<\/a>","rttpg_excerpt":"Axundov ad\u0131na Milli kitabxanan\u0131n \u0259m\u0259kda\u015flar\u0131ndan redaksiyam\u0131za \u015fikay\u0259t daxil olub. \u00a0\u015eikay\u0259t ed\u0259n \u0259m\u0259kda\u015flar bildirirl\u0259r ki, kitabxana r\u0259hb\u0259rliyi K\u0259rim Tahirov v\u0259 m\u00fcavini \u018fdib\u0259 \u0130smay\u0131lova iclas zaman\u0131 i\u015f\u00e7il\u0259ri t\u0259hqir edir, \u0259lav\u0259 i\u015fl\u0259 y\u00fckl\u0259yirl\u0259r. Onlar qeyd edir ki, kitabxanada ali t\u0259hsilli ixtisasl\u0131 kadrlar f\u0259hl\u0259 \u0259v\u0259zi i\u015fl\u0259dilir, kitab da\u015f\u0131d\u0131l\u0131r, normadan art\u0131q i\u015fl\u0259dilirl\u0259r. Onu da qeyd ed\u0259k ki, bu bar\u0259d\u0259 sosial&hellip;","_links":{"self":[{"href":"https:\/\/arantv.az\/index.php?rest_route=\/wp\/v2\/posts\/788929"}],"collection":[{"href":"https:\/\/arantv.az\/index.php?rest_route=\/wp\/v2\/posts"}],"about":[{"href":"https:\/\/arantv.az\/index.php?rest_route=\/wp\/v2\/types\/post"}],"author":[{"embeddable":true,"href":"https:\/\/arantv.az\/index.php?rest_route=\/wp\/v2\/users\/2"}],"replies":[{"embeddable":true,"href":"https:\/\/arantv.az\/index.php?rest_route=%2Fwp%2Fv2%2Fcomments&post=788929"}],"version-history":[{"count":1,"href":"https:\/\/arantv.az\/index.php?rest_route=\/wp\/v2\/posts\/788929\/revisions"}],"predecessor-version":[{"id":788931,"href":"https:\/\/arantv.az\/index.php?rest_route=\/wp\/v2\/posts\/788929\/revisions\/788931"}],"wp:featuredmedia":[{"embeddable":true,"href":"https:\/\/arantv.az\/index.php?rest_route=\/wp\/v2\/media\/788930"}],"wp:attachment":[{"href":"https:\/\/arantv.az\/index.php?rest_route=%2Fwp%2Fv2%2Fmedia&parent=788929"}],"wp:term":[{"taxonomy":"category","embeddable":true,"href":"https:\/\/arantv.az\/index.php?rest_route=%2Fwp%2Fv2%2Fcategories&post=788929"},{"taxonomy":"post_tag","embeddable":true,"href":"https:\/\/arantv.az\/index.php?rest_route=%2Fwp%2Fv2%2Ftags&post=788929"}],"curies":[{"name":"wp","href":"https:\/\/api.w.org\/{rel}","templated":true}]}}