{"id":788932,"date":"2025-02-20T13:20:10","date_gmt":"2025-02-20T09:20:10","guid":{"rendered":"https:\/\/arantv.az\/?p=788932"},"modified":"2025-02-20T13:20:10","modified_gmt":"2025-02-20T09:20:10","slug":"prezident-iqtisadi-%c9%99m%c9%99kdasliq-t%c9%99skilatinin-t%c9%99miz-enerji-m%c9%99rk%c9%99zinin-nizamnam%c9%99sini-t%c9%99sdiq-etdi","status":"publish","type":"post","link":"https:\/\/arantv.az\/?p=788932","title":{"rendered":"Prezident \u201c\u0130qtisadi \u018fm\u0259kda\u015fl\u0131q T\u0259\u015fkilat\u0131n\u0131n T\u0259miz Enerji M\u0259rk\u0259zinin Nizamnam\u0259si\u201dni t\u0259sdiq etdi"},"content":{"rendered":"<p>2021-ci il noyabr\u0131n 27-d\u0259 A\u015fqabad \u015f\u0259h\u0259rind\u0259 imzalanm\u0131\u015f &#8220;\u0130qtisadi \u018fm\u0259kda\u015fl\u0131q T\u0259\u015fkilat\u0131n\u0131n T\u0259miz Enerji M\u0259rk\u0259zinin Nizamnam\u0259si&#8221; t\u0259sdiq edilib.<\/p>\n<p><strong>ARANTV.AZ<\/strong> x\u0259b\u0259r verir ki, Prezident \u0130lham \u018fliyev bununla ba\u011fl\u0131 qanun imzalay\u0131b.<\/p>\n<p>Qeyd ed\u0259k ki, fevral\u0131n 3-d\u0259 Milli M\u0259clisd\u0259 &#8220;\u0130qtisadi \u018fm\u0259kda\u015fl\u0131q T\u0259\u015fkilat\u0131n\u0131n T\u0259miz Enerji M\u0259rk\u0259zinin Nizamnam\u0259si&#8221; ratifikasiya edilib.<\/p>\n<p>\u0130\u018fT T\u0259miz Enerji M\u0259rk\u0259zi \u0130qtisadi \u018fm\u0259kda\u015fl\u0131q T\u0259\u015fkilat\u0131 (ECO) \u00e7\u0259r\u00e7iv\u0259sind\u0259 yarad\u0131lan regional qurumdur. M\u0259rk\u0259zin \u0259sas v\u0259zif\u0259l\u0259ri enerji t\u0259hl\u00fck\u0259sizliyi, enerjiy\u0259 \u00e7\u0131x\u0131\u015f v\u0259 iqlim d\u0259yi\u015fiklikl\u0259rinin t\u0259sirl\u0259rinin azald\u0131lmas\u0131 istiqam\u0259tind\u0259 \u00fczv d\u00f6vl\u0259tl\u0259r aras\u0131nda b\u0259rpaolunan enerji v\u0259 enerji s\u0259m\u0259r\u0259liliyinin t\u0259\u015fviq edilm\u0259sidir. M\u0259rk\u0259zin \u0259sas v\u0259zif\u0259l\u0259ri regional \u0259m\u0259kda\u015fl\u0131\u011f\u0131 inki\u015faf etdirm\u0259k, dayan\u0131ql\u0131 enerji layih\u0259l\u0259rini h\u0259yata ke\u00e7irm\u0259k, texniki d\u0259st\u0259k g\u00f6st\u0259rm\u0259k v\u0259 qlobal enerji m\u0259s\u0259l\u0259l\u0259ri il\u0259 ba\u011fl\u0131 bilik v\u0259 m\u0259lumatl\u0131l\u0131\u011f\u0131 art\u0131rmaqd\u0131r. Q\u0259rargah\u0131 Bak\u0131 \u015f\u0259h\u0259rind\u0259 yerl\u0259\u015f\u0259n M\u0259rk\u0259z, R\u0259hb\u0259rl\u0259r \u015euras\u0131, \u0130cra\u00e7\u0131 \u015eura, Katiblik v\u0259 Texniki Komit\u0259nin d\u0259st\u0259yi il\u0259 f\u0259aliyy\u0259t g\u00f6st\u0259rir.<\/p>\n<p>\u0130\u018fT T\u0259miz Enerji M\u0259rk\u0259zinin yarad\u0131lmas\u0131 \u00fczv d\u00f6vl\u0259tl\u0259rin b\u0259rpaolunan enerji v\u0259 enerji s\u0259m\u0259r\u0259liliyinin t\u0259\u015fviqi, iqlim d\u0259yi\u015fikliyinin t\u0259sirl\u0259rinin azald\u0131lmas\u0131 v\u0259 davaml\u0131 enerji h\u0259ll\u0259rinin inki\u015faf\u0131 sah\u0259sind\u0259ki kollektiv s\u0259yl\u0259rini \u0259ks etdirir. X\u00fcsusil\u0259 Az\u0259rbaycan\u0131n M\u0259rk\u0259z\u0259 ev sahibliyi etm\u0259si onun regional enerji t\u0259\u015f\u0259bb\u00fcsl\u0259rind\u0259 strateji rolunu vur\u011fulay\u0131r. Nizamnam\u0259nin 27 noyabr 2021-ci il tarixind\u0259 ke\u00e7iril\u0259n \u0130\u018fT Nazirl\u0259r \u015euras\u0131n\u0131n 28-ci iclas\u0131nda imzalanmas\u0131 \u0259traf m\u00fchit probleml\u0259rinin kollektiv \u015f\u0259kild\u0259 h\u0259lli v\u0259 t\u0259miz enerji layih\u0259l\u0259rinin h\u0259yata ke\u00e7irilm\u0259si sah\u0259sind\u0259 \u00fczv d\u00f6vl\u0259tl\u0259rin n\u00fcmay\u0259nd\u0259l\u0259rinin imzalar\u0131 il\u0259 t\u0259sdiql\u0259n\u0259r\u0259k M\u0259rk\u0259zin m\u0259qs\u0259d v\u0259 v\u0259zif\u0259l\u0259rin\u0259 sadiqliyini n\u00fcmayi\u015f etdirir.<\/p>\n<p>M\u0259rk\u0259z f\u0259aliyy\u0259tl\u0259rini a\u015fa\u011f\u0131dak\u0131 istiqam\u0259tl\u0259r \u00fczr\u0259 ixtisasla\u015fm\u0131\u015f Tematik M\u0259rk\u0259zl\u0259r vasit\u0259sil\u0259 h\u0259yata ke\u00e7irir:<\/p>\n<p>B\u0259rpa olunan enerji;<br \/>\n\u0130qlim d\u0259yi\u015fikliyi;<br \/>\nPotensial\u0131n art\u0131r\u0131lmas\u0131;<br \/>\nT\u0259dqiqat v\u0259 inki\u015faf;<br \/>\nMaliyy\u0259.<\/p>\n","protected":false},"excerpt":{"rendered":"<p>2021-ci il noyabr\u0131n 27-d\u0259 A\u015fqabad \u015f\u0259h\u0259rind\u0259 imzalanm\u0131\u015f &#8220;\u0130qtisadi \u018fm\u0259kda\u015fl\u0131q T\u0259\u015fkilat\u0131n\u0131n T\u0259miz Enerji M\u0259rk\u0259zinin Nizamnam\u0259si&#8221; t\u0259sdiq edilib. ARANTV.AZ x\u0259b\u0259r verir ki, Prezident \u0130lham \u018fliyev bununla ba\u011fl\u0131 qanun imzalay\u0131b. Qeyd ed\u0259k ki, fevral\u0131n 3-d\u0259 Milli M\u0259clisd\u0259 &#8220;\u0130qtisadi \u018fm\u0259kda\u015fl\u0131q T\u0259\u015fkilat\u0131n\u0131n T\u0259miz Enerji M\u0259rk\u0259zinin Nizamnam\u0259si&#8221; ratifikasiya edilib. \u0130\u018fT T\u0259miz Enerji M\u0259rk\u0259zi \u0130qtisadi \u018fm\u0259kda\u015fl\u0131q T\u0259\u015fkilat\u0131 (ECO) \u00e7\u0259r\u00e7iv\u0259sind\u0259 yarad\u0131lan regional qurumdur. M\u0259rk\u0259zin \u0259sas v\u0259zif\u0259l\u0259ri enerji t\u0259hl\u00fck\u0259sizliyi, enerjiy\u0259 \u00e7\u0131x\u0131\u015f v\u0259 iqlim d\u0259yi\u015fiklikl\u0259rinin t\u0259sirl\u0259rinin azald\u0131lmas\u0131 istiqam\u0259tind\u0259 \u00fczv d\u00f6vl\u0259tl\u0259r aras\u0131nda b\u0259rpaolunan enerji v\u0259 enerji s\u0259m\u0259r\u0259liliyinin t\u0259\u015fviq edilm\u0259sidir. M\u0259rk\u0259zin \u0259sas v\u0259zif\u0259l\u0259ri regional \u0259m\u0259kda\u015fl\u0131\u011f\u0131 inki\u015faf etdirm\u0259k, dayan\u0131ql\u0131 enerji layih\u0259l\u0259rini h\u0259yata ke\u00e7irm\u0259k,&hellip;<\/p>\n","protected":false},"author":2,"featured_media":788933,"comment_status":"closed","ping_status":"closed","sticky":false,"template":"","format":"standard","meta":{"om_disable_all_campaigns":false,"_monsterinsights_skip_tracking":false,"_monsterinsights_sitenote_active":false,"_monsterinsights_sitenote_note":"","_monsterinsights_sitenote_category":0},"categories":[4],"tags":[],"aioseo_notices":[],"gutentor_comment":0,"rttpg_featured_image_url":{"full":["https:\/\/arantv.az\/wp-content\/uploads\/2025\/02\/cf7eff08c533915f6e2128b01cc13239.jpg",800,500,false],"landscape":["https:\/\/arantv.az\/wp-content\/uploads\/2025\/02\/cf7eff08c533915f6e2128b01cc13239.jpg",800,500,false],"portraits":["https:\/\/arantv.az\/wp-content\/uploads\/2025\/02\/cf7eff08c533915f6e2128b01cc13239.jpg",800,500,false],"thumbnail":["https:\/\/arantv.az\/wp-content\/uploads\/2025\/02\/cf7eff08c533915f6e2128b01cc13239-500x280.jpg",500,280,true],"medium":["https:\/\/arantv.az\/wp-content\/uploads\/2025\/02\/cf7eff08c533915f6e2128b01cc13239-584x365.jpg",584,365,true],"large":["https:\/\/arantv.az\/wp-content\/uploads\/2025\/02\/cf7eff08c533915f6e2128b01cc13239.jpg",640,400,false],"1536x1536":["https:\/\/arantv.az\/wp-content\/uploads\/2025\/02\/cf7eff08c533915f6e2128b01cc13239.jpg",800,500,false],"2048x2048":["https:\/\/arantv.az\/wp-content\/uploads\/2025\/02\/cf7eff08c533915f6e2128b01cc13239.jpg",800,500,false],"post-thumbnail":["https:\/\/arantv.az\/wp-content\/uploads\/2025\/02\/cf7eff08c533915f6e2128b01cc13239-240x172.jpg",240,172,true],"advps-thumb-one":["https:\/\/arantv.az\/wp-content\/uploads\/2025\/02\/cf7eff08c533915f6e2128b01cc13239.jpg",800,500,false]},"rttpg_author":{"display_name":"V\u00fcsal Rafiqo\u011flu","author_link":"https:\/\/arantv.az\/?author=2"},"rttpg_comment":0,"rttpg_category":"<a href=\"https:\/\/arantv.az\/?cat=4\" rel=\"category\">Siyas\u0259t<\/a>","rttpg_excerpt":"2021-ci il noyabr\u0131n 27-d\u0259 A\u015fqabad \u015f\u0259h\u0259rind\u0259 imzalanm\u0131\u015f &#8220;\u0130qtisadi \u018fm\u0259kda\u015fl\u0131q T\u0259\u015fkilat\u0131n\u0131n T\u0259miz Enerji M\u0259rk\u0259zinin Nizamnam\u0259si&#8221; t\u0259sdiq edilib. ARANTV.AZ x\u0259b\u0259r verir ki, Prezident \u0130lham \u018fliyev bununla ba\u011fl\u0131 qanun imzalay\u0131b. Qeyd ed\u0259k ki, fevral\u0131n 3-d\u0259 Milli M\u0259clisd\u0259 &#8220;\u0130qtisadi \u018fm\u0259kda\u015fl\u0131q T\u0259\u015fkilat\u0131n\u0131n T\u0259miz Enerji M\u0259rk\u0259zinin Nizamnam\u0259si&#8221; ratifikasiya edilib. \u0130\u018fT T\u0259miz Enerji M\u0259rk\u0259zi \u0130qtisadi \u018fm\u0259kda\u015fl\u0131q T\u0259\u015fkilat\u0131 (ECO) \u00e7\u0259r\u00e7iv\u0259sind\u0259 yarad\u0131lan regional qurumdur.&hellip;","_links":{"self":[{"href":"https:\/\/arantv.az\/index.php?rest_route=\/wp\/v2\/posts\/788932"}],"collection":[{"href":"https:\/\/arantv.az\/index.php?rest_route=\/wp\/v2\/posts"}],"about":[{"href":"https:\/\/arantv.az\/index.php?rest_route=\/wp\/v2\/types\/post"}],"author":[{"embeddable":true,"href":"https:\/\/arantv.az\/index.php?rest_route=\/wp\/v2\/users\/2"}],"replies":[{"embeddable":true,"href":"https:\/\/arantv.az\/index.php?rest_route=%2Fwp%2Fv2%2Fcomments&post=788932"}],"version-history":[{"count":1,"href":"https:\/\/arantv.az\/index.php?rest_route=\/wp\/v2\/posts\/788932\/revisions"}],"predecessor-version":[{"id":788934,"href":"https:\/\/arantv.az\/index.php?rest_route=\/wp\/v2\/posts\/788932\/revisions\/788934"}],"wp:featuredmedia":[{"embeddable":true,"href":"https:\/\/arantv.az\/index.php?rest_route=\/wp\/v2\/media\/788933"}],"wp:attachment":[{"href":"https:\/\/arantv.az\/index.php?rest_route=%2Fwp%2Fv2%2Fmedia&parent=788932"}],"wp:term":[{"taxonomy":"category","embeddable":true,"href":"https:\/\/arantv.az\/index.php?rest_route=%2Fwp%2Fv2%2Fcategories&post=788932"},{"taxonomy":"post_tag","embeddable":true,"href":"https:\/\/arantv.az\/index.php?rest_route=%2Fwp%2Fv2%2Ftags&post=788932"}],"curies":[{"name":"wp","href":"https:\/\/api.w.org\/{rel}","templated":true}]}}