{"id":788935,"date":"2025-02-20T13:21:17","date_gmt":"2025-02-20T09:21:17","guid":{"rendered":"https:\/\/arantv.az\/?p=788935"},"modified":"2025-02-20T13:21:17","modified_gmt":"2025-02-20T09:21:17","slug":"ilham-%c9%99liyev-az%c9%99rbaycan-qazaxistan-v%c9%99-ozb%c9%99kistan-arasindaki-sazisi-t%c9%99sdiq-etdi","status":"publish","type":"post","link":"https:\/\/arantv.az\/?p=788935","title":{"rendered":"\u0130lham \u018fliyev Az\u0259rbaycan, Qazax\u0131stan v\u0259 \u00d6zb\u0259kistan aras\u0131ndak\u0131 Sazi\u015fi t\u0259sdiq etdi"},"content":{"rendered":"<p>2024-c\u00fc il noyabr\u0131n 13-d\u0259 Bak\u0131 \u015f\u0259h\u0259rind\u0259 imzalanm\u0131\u015f &#8220;Az\u0259rbaycan Respublikas\u0131, Qazax\u0131stan Respublikas\u0131 v\u0259 \u00d6zb\u0259kistan Respublikas\u0131 aras\u0131nda ya\u015f\u0131l enerjinin inki\u015faf\u0131 v\u0259 \u00f6t\u00fcr\u00fclm\u0259si sah\u0259sind\u0259 strateji t\u0259r\u0259fda\u015fl\u0131q haqq\u0131nda Sazi\u015f&#8221; t\u0259sdiq edilib.<\/p>\n<p><strong>ARANTV.AZ <\/strong>\u00a0x\u0259b\u0259r verir ki, Prezident \u0130lham \u018fliyev bununla ba\u011fl\u0131 Qanun imzalay\u0131b.<\/p>\n","protected":false},"excerpt":{"rendered":"<p>2024-c\u00fc il noyabr\u0131n 13-d\u0259 Bak\u0131 \u015f\u0259h\u0259rind\u0259 imzalanm\u0131\u015f &#8220;Az\u0259rbaycan Respublikas\u0131, Qazax\u0131stan Respublikas\u0131 v\u0259 \u00d6zb\u0259kistan Respublikas\u0131 aras\u0131nda ya\u015f\u0131l enerjinin inki\u015faf\u0131 v\u0259 \u00f6t\u00fcr\u00fclm\u0259si sah\u0259sind\u0259 strateji t\u0259r\u0259fda\u015fl\u0131q haqq\u0131nda Sazi\u015f&#8221; t\u0259sdiq edilib. ARANTV.AZ \u00a0x\u0259b\u0259r verir ki, Prezident \u0130lham \u018fliyev bununla ba\u011fl\u0131 Qanun imzalay\u0131b.<\/p>\n","protected":false},"author":2,"featured_media":788936,"comment_status":"closed","ping_status":"closed","sticky":false,"template":"","format":"standard","meta":{"om_disable_all_campaigns":false,"_monsterinsights_skip_tracking":false,"_monsterinsights_sitenote_active":false,"_monsterinsights_sitenote_note":"","_monsterinsights_sitenote_category":0},"categories":[4],"tags":[],"aioseo_notices":[],"gutentor_comment":0,"rttpg_featured_image_url":{"full":["https:\/\/arantv.az\/wp-content\/uploads\/2025\/02\/c2f428f9f4f8cd62273e48b11eed8b20.jpg",800,500,false],"landscape":["https:\/\/arantv.az\/wp-content\/uploads\/2025\/02\/c2f428f9f4f8cd62273e48b11eed8b20.jpg",800,500,false],"portraits":["https:\/\/arantv.az\/wp-content\/uploads\/2025\/02\/c2f428f9f4f8cd62273e48b11eed8b20.jpg",800,500,false],"thumbnail":["https:\/\/arantv.az\/wp-content\/uploads\/2025\/02\/c2f428f9f4f8cd62273e48b11eed8b20-500x280.jpg",500,280,true],"medium":["https:\/\/arantv.az\/wp-content\/uploads\/2025\/02\/c2f428f9f4f8cd62273e48b11eed8b20-584x365.jpg",584,365,true],"large":["https:\/\/arantv.az\/wp-content\/uploads\/2025\/02\/c2f428f9f4f8cd62273e48b11eed8b20.jpg",640,400,false],"1536x1536":["https:\/\/arantv.az\/wp-content\/uploads\/2025\/02\/c2f428f9f4f8cd62273e48b11eed8b20.jpg",800,500,false],"2048x2048":["https:\/\/arantv.az\/wp-content\/uploads\/2025\/02\/c2f428f9f4f8cd62273e48b11eed8b20.jpg",800,500,false],"post-thumbnail":["https:\/\/arantv.az\/wp-content\/uploads\/2025\/02\/c2f428f9f4f8cd62273e48b11eed8b20-240x172.jpg",240,172,true],"advps-thumb-one":["https:\/\/arantv.az\/wp-content\/uploads\/2025\/02\/c2f428f9f4f8cd62273e48b11eed8b20.jpg",800,500,false]},"rttpg_author":{"display_name":"V\u00fcsal Rafiqo\u011flu","author_link":"https:\/\/arantv.az\/?author=2"},"rttpg_comment":0,"rttpg_category":"<a href=\"https:\/\/arantv.az\/?cat=4\" rel=\"category\">Siyas\u0259t<\/a>","rttpg_excerpt":"2024-c\u00fc il noyabr\u0131n 13-d\u0259 Bak\u0131 \u015f\u0259h\u0259rind\u0259 imzalanm\u0131\u015f &#8220;Az\u0259rbaycan Respublikas\u0131, Qazax\u0131stan Respublikas\u0131 v\u0259 \u00d6zb\u0259kistan Respublikas\u0131 aras\u0131nda ya\u015f\u0131l enerjinin inki\u015faf\u0131 v\u0259 \u00f6t\u00fcr\u00fclm\u0259si sah\u0259sind\u0259 strateji t\u0259r\u0259fda\u015fl\u0131q haqq\u0131nda Sazi\u015f&#8221; t\u0259sdiq edilib. ARANTV.AZ \u00a0x\u0259b\u0259r verir ki, Prezident \u0130lham \u018fliyev bununla ba\u011fl\u0131 Qanun imzalay\u0131b.","_links":{"self":[{"href":"https:\/\/arantv.az\/index.php?rest_route=\/wp\/v2\/posts\/788935"}],"collection":[{"href":"https:\/\/arantv.az\/index.php?rest_route=\/wp\/v2\/posts"}],"about":[{"href":"https:\/\/arantv.az\/index.php?rest_route=\/wp\/v2\/types\/post"}],"author":[{"embeddable":true,"href":"https:\/\/arantv.az\/index.php?rest_route=\/wp\/v2\/users\/2"}],"replies":[{"embeddable":true,"href":"https:\/\/arantv.az\/index.php?rest_route=%2Fwp%2Fv2%2Fcomments&post=788935"}],"version-history":[{"count":1,"href":"https:\/\/arantv.az\/index.php?rest_route=\/wp\/v2\/posts\/788935\/revisions"}],"predecessor-version":[{"id":788937,"href":"https:\/\/arantv.az\/index.php?rest_route=\/wp\/v2\/posts\/788935\/revisions\/788937"}],"wp:featuredmedia":[{"embeddable":true,"href":"https:\/\/arantv.az\/index.php?rest_route=\/wp\/v2\/media\/788936"}],"wp:attachment":[{"href":"https:\/\/arantv.az\/index.php?rest_route=%2Fwp%2Fv2%2Fmedia&parent=788935"}],"wp:term":[{"taxonomy":"category","embeddable":true,"href":"https:\/\/arantv.az\/index.php?rest_route=%2Fwp%2Fv2%2Fcategories&post=788935"},{"taxonomy":"post_tag","embeddable":true,"href":"https:\/\/arantv.az\/index.php?rest_route=%2Fwp%2Fv2%2Ftags&post=788935"}],"curies":[{"name":"wp","href":"https:\/\/api.w.org\/{rel}","templated":true}]}}